{"id":19803,"date":"2013-12-31T00:00:00","date_gmt":"2013-12-30T23:00:00","guid":{"rendered":"https:\/\/www.guineediversite.com\/index.php\/2013\/12\/31\/la-journee-mondiale-de-la-radio-sera-celebree-ce-jeudi\/"},"modified":"2013-12-31T00:00:00","modified_gmt":"2013-12-30T23:00:00","slug":"la-journee-mondiale-de-la-radio-sera-celebree-ce-jeudi","status":"publish","type":"post","link":"https:\/\/guineediversite.com\/index.php\/2013\/12\/31\/la-journee-mondiale-de-la-radio-sera-celebree-ce-jeudi\/","title":{"rendered":"La journ\u00e9e mondiale de la radio sera c\u00e9l\u00e9br\u00e9e ce jeudi"},"content":{"rendered":"<p>Le 13 f\u00e9vrier c\u2019est la Journ\u00e9e mondiale de la radio, un jour pour c\u00e9l\u00e9brer la radio en tant que m\u00e9dia, pour am\u00e9liorer la coop\u00e9ration internationale entre les radiodiffuseurs et pour encourager les grands r\u00e9seaux et les radios communautaires \u00e0 promouvoir \u00e0 travers les ondes, l\u2019acc\u00e8s \u00e0 l\u2019information, la libert\u00e9 d\u2019expression et l\u2019\u00e9galit\u00e9 des genres.<br \/>\nLa radio continue d\u2019\u00e9voluer dans l\u2019\u00e8re num\u00e9rique, et c\u2019est le m\u00e9dia qui continue \u00e0 toucher le plus large public dans le monde entier. C\u2019est essentiel d\u2019impulser l\u2019engagement de l\u2019UNESCO dans la promotion de l\u2019\u00e9galit\u00e9 des genres et de l\u2019autonomisation des femmes. Institu\u00e9e depuis le 13 f\u00e9vrier 1946 par l\u2019UNESCO, cette journ\u00e9e est c\u00e9l\u00e9br\u00e9e chaque ann\u00e9e \u00e0 travers le monde. \u00abAvec une couverture qui peut atteindre 95% de la population mondiale, la radio est le medium le plus accessible et le plus universelle qui existe. La radio est aussi, un medium peu cout\u00e9e qui requi\u00e8re une technologie relativement simple et atteint des collectivit\u00e9s \u00e9loign\u00e9es et des groupes marginalis\u00e9s \u00bb. Cette Journ\u00e9e mondiale de la radio a pour but de rendre hommage \u00e0 la radio en tant que moyen de communication, d&rsquo;am\u00e9liorer la collaboration entre les diffuseurs et d&rsquo;encourager aussi bien les grands m\u00e9dias que les radios communautaires \u00e0 s&rsquo;engager pour l&rsquo;acc\u00e8s \u00e0 l&rsquo;information et la libert\u00e9 d&rsquo;expression sur les ondes. Ces \u00e9crits sont de l\u2019organisation des nations unies pour l\u2019\u00e9ducation, la science et la culture(UNESCO), et c\u2019est en faveur de la journ\u00e9e mondiale de la radio. Des id\u00e9es soutenues par l\u2019union internationale de t\u00e9l\u00e9communication (l\u2019UIT).Selon cette organisation, plus de 75 % des foyers de pays en d\u00e9veloppement poss\u00e8dent au moins une radio. La journ\u00e9e du 13 f\u00e9vrier marque la cr\u00e9ation de la radio de l\u2019UNESCO. Une innovation qui a pour objectif, de favoriser la coop\u00e9ration internationale entre les diffuseurs, encourager les d\u00e9cideurs \u00e0 cr\u00e9er et \u00e0 fournir un acc\u00e8s \u00e0 l\u2019information par le biais de la radio. Promouvoir aussi, la libert\u00e9 d\u2019expression et l\u2019\u00e9galit\u00e9 du genre sur les ondes. C\u2019est pourquoi d\u2019ailleurs, cette ann\u00e9e, le th\u00e8me choisi pour la c\u00e9l\u00e9bration de cette f\u00eate est \u2018\u2019homme, femme partageons le micro pour l\u2019\u00e9dition 2014\u2019\u2019. A l\u2019UNESCO on explique ce choix par la n\u00e9cessit\u00e9 de renforcement des comp\u00e9tences pour la production radiophonique pour la jeunesse. En mettant surtout l\u2019accent sur les filles comme productrices, animatrices et journalistes. Cette ann\u00e9e plusieurs sous th\u00e8mes seront \u00e0 l\u2019ordre du jour. Notamment, \u2018\u2019la radio pour les jeunes\u2019\u2019 ;\u2019\u2019les menaces sur les journalistes des radios\u2019\u2019 et \u2018\u2019le plan d\u2019action des nations unies sur la s\u00e9curit\u00e9 des journalistes\u2019\u2019. Dans moins de 24 h de la c\u00e9l\u00e9bration de cette f\u00eate, les citoyens constatent peu d\u2019engouement tant au niveau de l\u2019UNESCO, mais aussi du cot\u00e9 des autorit\u00e9s guin\u00e9ennes et responsables des radios. Et pourtant les radios jouent un r\u00f4le primordial dans l\u2019essor politique, \u00e9conomique et social de notre pays.<br \/>\nThierno Abdoul Bald\u00e9 :<br \/>\n+224 664 295 032<\/p>\n","protected":false},"excerpt":{"rendered":"<p>Le 13 f\u00e9vrier c\u2019est la Journ\u00e9e mondiale de la radio, un jour pour c\u00e9l\u00e9brer la radio en tant que m\u00e9dia, pour am\u00e9liorer la coop\u00e9ration internationale entre les radiodiffuseurs et pour encourager les grands r\u00e9seaux et les radios communautaires \u00e0 promouvoir \u00e0 travers les ondes, l\u2019acc\u00e8s \u00e0 l\u2019information, la libert\u00e9 d\u2019expression et l\u2019\u00e9galit\u00e9 des genres. La [&hellip;]<\/p>\n","protected":false},"author":12,"featured_media":0,"comment_status":"open","ping_status":"open","sticky":false,"template":"","format":"standard","meta":{"_exactmetrics_skip_tracking":false,"_exactmetrics_sitenote_active":false,"_exactmetrics_sitenote_note":"","_exactmetrics_sitenote_category":0,"tdm_status":"","tdm_grid_status":"","footnotes":""},"categories":[28],"tags":[],"class_list":{"0":"post-19803","1":"post","2":"type-post","3":"status-publish","4":"format-standard","6":"category-archives"},"yoast_head":"<!-- This site is optimized with the Yoast SEO plugin v24.2 - https:\/\/yoast.com\/wordpress\/plugins\/seo\/ -->\n<title>La journ\u00e9e mondiale de la radio sera c\u00e9l\u00e9br\u00e9e ce jeudi | Guin\u00e9e Diversit\u00e9<\/title>\n<meta name=\"robots\" content=\"index, follow, max-snippet:-1, max-image-preview:large, max-video-preview:-1\" \/>\n<link rel=\"canonical\" href=\"https:\/\/guineediversite.com\/index.php\/2013\/12\/31\/la-journee-mondiale-de-la-radio-sera-celebree-ce-jeudi\/\" \/>\n<meta property=\"og:locale\" content=\"fr_FR\" \/>\n<meta property=\"og:type\" content=\"article\" \/>\n<meta property=\"og:title\" content=\"La journ\u00e9e mondiale de la radio sera c\u00e9l\u00e9br\u00e9e ce jeudi | Guin\u00e9e Diversit\u00e9\" \/>\n<meta property=\"og:description\" content=\"Le 13 f\u00e9vrier c\u2019est la Journ\u00e9e mondiale de la radio, un jour pour c\u00e9l\u00e9brer la radio en tant que m\u00e9dia, pour am\u00e9liorer la coop\u00e9ration internationale entre les radiodiffuseurs et pour encourager les grands r\u00e9seaux et les radios communautaires \u00e0 promouvoir \u00e0 travers les ondes, l\u2019acc\u00e8s \u00e0 l\u2019information, la libert\u00e9 d\u2019expression et l\u2019\u00e9galit\u00e9 des genres. La [&hellip;]\" \/>\n<meta property=\"og:url\" content=\"https:\/\/guineediversite.com\/index.php\/2013\/12\/31\/la-journee-mondiale-de-la-radio-sera-celebree-ce-jeudi\/\" \/>\n<meta property=\"og:site_name\" content=\"Guin\u00e9e Diversit\u00e9\" \/>\n<meta property=\"article:publisher\" content=\"https:\/\/www.facebook.com\/guineediversite\/\" \/>\n<meta property=\"article:published_time\" content=\"2013-12-30T23:00:00+00:00\" \/>\n<meta name=\"author\" content=\"Guin\u00e9e Diversit\u00e9\" \/>\n<meta name=\"twitter:card\" content=\"summary_large_image\" \/>\n<meta name=\"twitter:creator\" content=\"@GuineeDiversite\" \/>\n<meta name=\"twitter:site\" content=\"@GuineeDiversite\" \/>\n<meta name=\"twitter:label1\" content=\"\u00c9crit par\" \/>\n\t<meta name=\"twitter:data1\" content=\"Guin\u00e9e Diversit\u00e9\" \/>\n\t<meta name=\"twitter:label2\" content=\"Dur\u00e9e de lecture estim\u00e9e\" \/>\n\t<meta name=\"twitter:data2\" content=\"3 minutes\" \/>\n<script type=\"application\/ld+json\" class=\"yoast-schema-graph\">{\"@context\":\"https:\/\/schema.org\",\"@graph\":[{\"@type\":\"Article\",\"@id\":\"https:\/\/guineediversite.com\/index.php\/2013\/12\/31\/la-journee-mondiale-de-la-radio-sera-celebree-ce-jeudi\/#article\",\"isPartOf\":{\"@id\":\"https:\/\/guineediversite.com\/index.php\/2013\/12\/31\/la-journee-mondiale-de-la-radio-sera-celebree-ce-jeudi\/\"},\"author\":{\"name\":\"Guin\u00e9e Diversit\u00e9\",\"@id\":\"https:\/\/guineediversite.com\/#\/schema\/person\/afa08fb34e7fc6e1feafc892612bc836\"},\"headline\":\"La journ\u00e9e mondiale de la radio sera c\u00e9l\u00e9br\u00e9e ce jeudi\",\"datePublished\":\"2013-12-30T23:00:00+00:00\",\"dateModified\":\"2013-12-30T23:00:00+00:00\",\"mainEntityOfPage\":{\"@id\":\"https:\/\/guineediversite.com\/index.php\/2013\/12\/31\/la-journee-mondiale-de-la-radio-sera-celebree-ce-jeudi\/\"},\"wordCount\":554,\"commentCount\":0,\"publisher\":{\"@id\":\"https:\/\/guineediversite.com\/#organization\"},\"articleSection\":[\"Archives\"],\"inLanguage\":\"fr-FR\",\"potentialAction\":[{\"@type\":\"CommentAction\",\"name\":\"Comment\",\"target\":[\"https:\/\/guineediversite.com\/index.php\/2013\/12\/31\/la-journee-mondiale-de-la-radio-sera-celebree-ce-jeudi\/#respond\"]}]},{\"@type\":\"WebPage\",\"@id\":\"https:\/\/guineediversite.com\/index.php\/2013\/12\/31\/la-journee-mondiale-de-la-radio-sera-celebree-ce-jeudi\/\",\"url\":\"https:\/\/guineediversite.com\/index.php\/2013\/12\/31\/la-journee-mondiale-de-la-radio-sera-celebree-ce-jeudi\/\",\"name\":\"La journ\u00e9e mondiale de la radio sera c\u00e9l\u00e9br\u00e9e ce jeudi | Guin\u00e9e Diversit\u00e9\",\"isPartOf\":{\"@id\":\"https:\/\/guineediversite.com\/#website\"},\"datePublished\":\"2013-12-30T23:00:00+00:00\",\"dateModified\":\"2013-12-30T23:00:00+00:00\",\"breadcrumb\":{\"@id\":\"https:\/\/guineediversite.com\/index.php\/2013\/12\/31\/la-journee-mondiale-de-la-radio-sera-celebree-ce-jeudi\/#breadcrumb\"},\"inLanguage\":\"fr-FR\",\"potentialAction\":[{\"@type\":\"ReadAction\",\"target\":[\"https:\/\/guineediversite.com\/index.php\/2013\/12\/31\/la-journee-mondiale-de-la-radio-sera-celebree-ce-jeudi\/\"]}]},{\"@type\":\"BreadcrumbList\",\"@id\":\"https:\/\/guineediversite.com\/index.php\/2013\/12\/31\/la-journee-mondiale-de-la-radio-sera-celebree-ce-jeudi\/#breadcrumb\",\"itemListElement\":[{\"@type\":\"ListItem\",\"position\":1,\"name\":\"Accueil\",\"item\":\"https:\/\/guineediversite.com\/\"},{\"@type\":\"ListItem\",\"position\":2,\"name\":\"La journ\u00e9e mondiale de la radio sera c\u00e9l\u00e9br\u00e9e ce jeudi\"}]},{\"@type\":\"WebSite\",\"@id\":\"https:\/\/guineediversite.com\/#website\",\"url\":\"https:\/\/guineediversite.com\/\",\"name\":\"Guin\u00e9e Diversit\u00e9\",\"description\":\"L&#039;Info dans toute sa diversit\u00e9\",\"publisher\":{\"@id\":\"https:\/\/guineediversite.com\/#organization\"},\"potentialAction\":[{\"@type\":\"SearchAction\",\"target\":{\"@type\":\"EntryPoint\",\"urlTemplate\":\"https:\/\/guineediversite.com\/?s={search_term_string}\"},\"query-input\":{\"@type\":\"PropertyValueSpecification\",\"valueRequired\":true,\"valueName\":\"search_term_string\"}}],\"inLanguage\":\"fr-FR\"},{\"@type\":\"Organization\",\"@id\":\"https:\/\/guineediversite.com\/#organization\",\"name\":\"Guin\u00e9e Diversit\u00e9\",\"url\":\"https:\/\/guineediversite.com\/\",\"logo\":{\"@type\":\"ImageObject\",\"inLanguage\":\"fr-FR\",\"@id\":\"https:\/\/guineediversite.com\/#\/schema\/logo\/image\/\",\"url\":\"https:\/\/guineediversite.com\/wp-content\/uploads\/2017\/04\/cropped-1jojlxEOMkX9Wyqfhe43D6kjPOGqBBKmx3EwWJqZ0cMrFF54yM49.png\",\"contentUrl\":\"https:\/\/guineediversite.com\/wp-content\/uploads\/2017\/04\/cropped-1jojlxEOMkX9Wyqfhe43D6kjPOGqBBKmx3EwWJqZ0cMrFF54yM49.png\",\"width\":186,\"height\":112,\"caption\":\"Guin\u00e9e Diversit\u00e9\"},\"image\":{\"@id\":\"https:\/\/guineediversite.com\/#\/schema\/logo\/image\/\"},\"sameAs\":[\"https:\/\/www.facebook.com\/guineediversite\/\",\"https:\/\/x.com\/GuineeDiversite\",\"https:\/\/www.youtube.com\/channel\/UC8sUY16qelG5ge6_D5SB83g\"]},{\"@type\":\"Person\",\"@id\":\"https:\/\/guineediversite.com\/#\/schema\/person\/afa08fb34e7fc6e1feafc892612bc836\",\"name\":\"Guin\u00e9e Diversit\u00e9\",\"image\":{\"@type\":\"ImageObject\",\"inLanguage\":\"fr-FR\",\"@id\":\"https:\/\/guineediversite.com\/#\/schema\/person\/image\/\",\"url\":\"https:\/\/secure.gravatar.com\/avatar\/50d5eb5b390f8b65ac30ac6f898eb83a?s=96&d=mm&r=g\",\"contentUrl\":\"https:\/\/secure.gravatar.com\/avatar\/50d5eb5b390f8b65ac30ac6f898eb83a?s=96&d=mm&r=g\",\"caption\":\"Guin\u00e9e Diversit\u00e9\"},\"url\":\"https:\/\/guineediversite.com\/index.php\/author\/guineediversite\/\"}]}<\/script>\n<!-- \/ Yoast SEO plugin. -->","yoast_head_json":{"title":"La journ\u00e9e mondiale de la radio sera c\u00e9l\u00e9br\u00e9e ce jeudi | Guin\u00e9e Diversit\u00e9","robots":{"index":"index","follow":"follow","max-snippet":"max-snippet:-1","max-image-preview":"max-image-preview:large","max-video-preview":"max-video-preview:-1"},"canonical":"https:\/\/guineediversite.com\/index.php\/2013\/12\/31\/la-journee-mondiale-de-la-radio-sera-celebree-ce-jeudi\/","og_locale":"fr_FR","og_type":"article","og_title":"La journ\u00e9e mondiale de la radio sera c\u00e9l\u00e9br\u00e9e ce jeudi | Guin\u00e9e Diversit\u00e9","og_description":"Le 13 f\u00e9vrier c\u2019est la Journ\u00e9e mondiale de la radio, un jour pour c\u00e9l\u00e9brer la radio en tant que m\u00e9dia, pour am\u00e9liorer la coop\u00e9ration internationale entre les radiodiffuseurs et pour encourager les grands r\u00e9seaux et les radios communautaires \u00e0 promouvoir \u00e0 travers les ondes, l\u2019acc\u00e8s \u00e0 l\u2019information, la libert\u00e9 d\u2019expression et l\u2019\u00e9galit\u00e9 des genres. La [&hellip;]","og_url":"https:\/\/guineediversite.com\/index.php\/2013\/12\/31\/la-journee-mondiale-de-la-radio-sera-celebree-ce-jeudi\/","og_site_name":"Guin\u00e9e Diversit\u00e9","article_publisher":"https:\/\/www.facebook.com\/guineediversite\/","article_published_time":"2013-12-30T23:00:00+00:00","author":"Guin\u00e9e Diversit\u00e9","twitter_card":"summary_large_image","twitter_creator":"@GuineeDiversite","twitter_site":"@GuineeDiversite","twitter_misc":{"\u00c9crit par":"Guin\u00e9e Diversit\u00e9","Dur\u00e9e de lecture estim\u00e9e":"3 minutes"},"schema":{"@context":"https:\/\/schema.org","@graph":[{"@type":"Article","@id":"https:\/\/guineediversite.com\/index.php\/2013\/12\/31\/la-journee-mondiale-de-la-radio-sera-celebree-ce-jeudi\/#article","isPartOf":{"@id":"https:\/\/guineediversite.com\/index.php\/2013\/12\/31\/la-journee-mondiale-de-la-radio-sera-celebree-ce-jeudi\/"},"author":{"name":"Guin\u00e9e Diversit\u00e9","@id":"https:\/\/guineediversite.com\/#\/schema\/person\/afa08fb34e7fc6e1feafc892612bc836"},"headline":"La journ\u00e9e mondiale de la radio sera c\u00e9l\u00e9br\u00e9e ce jeudi","datePublished":"2013-12-30T23:00:00+00:00","dateModified":"2013-12-30T23:00:00+00:00","mainEntityOfPage":{"@id":"https:\/\/guineediversite.com\/index.php\/2013\/12\/31\/la-journee-mondiale-de-la-radio-sera-celebree-ce-jeudi\/"},"wordCount":554,"commentCount":0,"publisher":{"@id":"https:\/\/guineediversite.com\/#organization"},"articleSection":["Archives"],"inLanguage":"fr-FR","potentialAction":[{"@type":"CommentAction","name":"Comment","target":["https:\/\/guineediversite.com\/index.php\/2013\/12\/31\/la-journee-mondiale-de-la-radio-sera-celebree-ce-jeudi\/#respond"]}]},{"@type":"WebPage","@id":"https:\/\/guineediversite.com\/index.php\/2013\/12\/31\/la-journee-mondiale-de-la-radio-sera-celebree-ce-jeudi\/","url":"https:\/\/guineediversite.com\/index.php\/2013\/12\/31\/la-journee-mondiale-de-la-radio-sera-celebree-ce-jeudi\/","name":"La journ\u00e9e mondiale de la radio sera c\u00e9l\u00e9br\u00e9e ce jeudi | Guin\u00e9e Diversit\u00e9","isPartOf":{"@id":"https:\/\/guineediversite.com\/#website"},"datePublished":"2013-12-30T23:00:00+00:00","dateModified":"2013-12-30T23:00:00+00:00","breadcrumb":{"@id":"https:\/\/guineediversite.com\/index.php\/2013\/12\/31\/la-journee-mondiale-de-la-radio-sera-celebree-ce-jeudi\/#breadcrumb"},"inLanguage":"fr-FR","potentialAction":[{"@type":"ReadAction","target":["https:\/\/guineediversite.com\/index.php\/2013\/12\/31\/la-journee-mondiale-de-la-radio-sera-celebree-ce-jeudi\/"]}]},{"@type":"BreadcrumbList","@id":"https:\/\/guineediversite.com\/index.php\/2013\/12\/31\/la-journee-mondiale-de-la-radio-sera-celebree-ce-jeudi\/#breadcrumb","itemListElement":[{"@type":"ListItem","position":1,"name":"Accueil","item":"https:\/\/guineediversite.com\/"},{"@type":"ListItem","position":2,"name":"La journ\u00e9e mondiale de la radio sera c\u00e9l\u00e9br\u00e9e ce jeudi"}]},{"@type":"WebSite","@id":"https:\/\/guineediversite.com\/#website","url":"https:\/\/guineediversite.com\/","name":"Guin\u00e9e Diversit\u00e9","description":"L&#039;Info dans toute sa diversit\u00e9","publisher":{"@id":"https:\/\/guineediversite.com\/#organization"},"potentialAction":[{"@type":"SearchAction","target":{"@type":"EntryPoint","urlTemplate":"https:\/\/guineediversite.com\/?s={search_term_string}"},"query-input":{"@type":"PropertyValueSpecification","valueRequired":true,"valueName":"search_term_string"}}],"inLanguage":"fr-FR"},{"@type":"Organization","@id":"https:\/\/guineediversite.com\/#organization","name":"Guin\u00e9e Diversit\u00e9","url":"https:\/\/guineediversite.com\/","logo":{"@type":"ImageObject","inLanguage":"fr-FR","@id":"https:\/\/guineediversite.com\/#\/schema\/logo\/image\/","url":"https:\/\/guineediversite.com\/wp-content\/uploads\/2017\/04\/cropped-1jojlxEOMkX9Wyqfhe43D6kjPOGqBBKmx3EwWJqZ0cMrFF54yM49.png","contentUrl":"https:\/\/guineediversite.com\/wp-content\/uploads\/2017\/04\/cropped-1jojlxEOMkX9Wyqfhe43D6kjPOGqBBKmx3EwWJqZ0cMrFF54yM49.png","width":186,"height":112,"caption":"Guin\u00e9e Diversit\u00e9"},"image":{"@id":"https:\/\/guineediversite.com\/#\/schema\/logo\/image\/"},"sameAs":["https:\/\/www.facebook.com\/guineediversite\/","https:\/\/x.com\/GuineeDiversite","https:\/\/www.youtube.com\/channel\/UC8sUY16qelG5ge6_D5SB83g"]},{"@type":"Person","@id":"https:\/\/guineediversite.com\/#\/schema\/person\/afa08fb34e7fc6e1feafc892612bc836","name":"Guin\u00e9e Diversit\u00e9","image":{"@type":"ImageObject","inLanguage":"fr-FR","@id":"https:\/\/guineediversite.com\/#\/schema\/person\/image\/","url":"https:\/\/secure.gravatar.com\/avatar\/50d5eb5b390f8b65ac30ac6f898eb83a?s=96&d=mm&r=g","contentUrl":"https:\/\/secure.gravatar.com\/avatar\/50d5eb5b390f8b65ac30ac6f898eb83a?s=96&d=mm&r=g","caption":"Guin\u00e9e Diversit\u00e9"},"url":"https:\/\/guineediversite.com\/index.php\/author\/guineediversite\/"}]}},"_links":{"self":[{"href":"https:\/\/guineediversite.com\/index.php\/wp-json\/wp\/v2\/posts\/19803"}],"collection":[{"href":"https:\/\/guineediversite.com\/index.php\/wp-json\/wp\/v2\/posts"}],"about":[{"href":"https:\/\/guineediversite.com\/index.php\/wp-json\/wp\/v2\/types\/post"}],"author":[{"embeddable":true,"href":"https:\/\/guineediversite.com\/index.php\/wp-json\/wp\/v2\/users\/12"}],"replies":[{"embeddable":true,"href":"https:\/\/guineediversite.com\/index.php\/wp-json\/wp\/v2\/comments?post=19803"}],"version-history":[{"count":0,"href":"https:\/\/guineediversite.com\/index.php\/wp-json\/wp\/v2\/posts\/19803\/revisions"}],"wp:attachment":[{"href":"https:\/\/guineediversite.com\/index.php\/wp-json\/wp\/v2\/media?parent=19803"}],"wp:term":[{"taxonomy":"category","embeddable":true,"href":"https:\/\/guineediversite.com\/index.php\/wp-json\/wp\/v2\/categories?post=19803"},{"taxonomy":"post_tag","embeddable":true,"href":"https:\/\/guineediversite.com\/index.php\/wp-json\/wp\/v2\/tags?post=19803"}],"curies":[{"name":"wp","href":"https:\/\/api.w.org\/{rel}","templated":true}]}}