{"id":19798,"date":"2013-12-31T00:00:00","date_gmt":"2013-12-30T23:00:00","guid":{"rendered":"https:\/\/www.guineediversite.com\/index.php\/2013\/12\/31\/manque-deau-et-delectricite-a-conakry-le-gouverneur-en-tournee-de-sensibilisation\/"},"modified":"2013-12-31T00:00:00","modified_gmt":"2013-12-30T23:00:00","slug":"manque-deau-et-delectricite-a-conakry-le-gouverneur-en-tournee-de-sensibilisation","status":"publish","type":"post","link":"https:\/\/guineediversite.com\/index.php\/2013\/12\/31\/manque-deau-et-delectricite-a-conakry-le-gouverneur-en-tournee-de-sensibilisation\/","title":{"rendered":"Manque d\u2019eau et d\u2019\u00e9lectricit\u00e9 \u00e0 Conakry, le Gouverneur en tourn\u00e9e de sensibilisation"},"content":{"rendered":"<p>Depuis le weekend dernier le gouverneur de la ville de Conakry a entam\u00e9 une tourn\u00e9e de sensibilisation des citoyens  des quartiers en manque d\u2019\u00e9lectricit\u00e9 et d\u2019eau dans certains quartiers de la capitale. C\u2019est notamment dans les communes de Ratoma et Matoto. Ces quartiers sont plong\u00e9s dans l\u2019obscurit\u00e9 depuis plus des 6 mois, et l\u2019eau coule dans les robinets trois fois par semaine. Pour tenter de calmer les ardeurs des citoyens, le commandant S\u00e9kou Resco Camara s\u2019est fait accompagn\u00e9 par quelques membres de la soci\u00e9t\u00e9 d\u2019Electricit\u00e9 de Guin\u00e9e (EDG) et de la soci\u00e9t\u00e9 des eaux de Guin\u00e9e(SEG). Le lundi 10 f\u00e9vrier 2014, Resco et sa suite \u00e9taient dans le quartier Hamdallaye. Dans ce quartier, les citoyens sont en col\u00e8re contre la r\u00e9partition ill\u00e9gale du courant. \u00ab A Hamdallaye ici, il ya plus de 6 mois, on ne gagne pas le courant, et puis, de l\u2019autre cot\u00e9 de Hamdallaye plaque, nous voyons le courant tout les jours, pourquoi cette diff\u00e9rence ? C\u2019est ce qui provoque la col\u00e8re de jeunes \u00bb, a lanc\u00e9 un citoyen en col\u00e8re. Devant le commandant Sekou Resco Camara, une dame d\u00e9clare : \u00abl\u2019eau vient trois fois dans les robinets ici pendant les sept jours de la semaine. Nous vivons comme \u00e7a depuis 6 mois. Nous r\u00e9clamons d\u2019abord le courant et l\u2019eau \u00e0 l\u2019imm\u00e9diat avant de parler de probl\u00e8me des routes \u00bb. Pour les responsables des deux soci\u00e9t\u00e9s \u00e9tatiques, \u00ab cette raret\u00e9 d\u2019\u00e9lectricit\u00e9 et d\u2019eau est due \u00e0 la surcharge et le manque d\u2019investissement sur les diff\u00e9rents r\u00e9seaux qui fournissent l\u2019eau dans la capitale. Il n\u2019est un secret pour personne que la demande est sup\u00e9rieur \u00e0 l\u2019offre actuellement \u00e0 Conakry. Les installations de la SEG ont \u00e9t\u00e9 faites pour une population d\u2019un million d\u2019habitant. Pendant plusieurs d\u00e9cennies aucun n\u2019investissement n\u2019a \u00e9t\u00e9 fait et nous sommes environ 4 millions d\u2019habitants aujourd\u2019hui, selon un technicien de la soci\u00e9t\u00e9 des eaux de Guin\u00e9e. \u00ab Les zones de hamdallaye, Concasseur et mini\u00e8re sont aliment\u00e9es en courant par deux d\u00e9parts : le d\u00e9part Koloma et le d\u00e9part de la mini\u00e8re, donc \u00e0 cause de ses facteurs, on a des probl\u00e8mes pour alimenter les d\u00e9parts \u00bb, d\u00e9noncent les intervenants des deux soci\u00e9t\u00e9s.<br \/>\nDe son cot\u00e9, le gouverneur a pour la circonstance demand\u00e9 aux citoyens de pr\u00e9server la paix et la qui\u00e9tude sociale, avant de menacer les gens qui tenteront de semer des troubles sociaux \u00e0 Conakry.<br \/>\nThierno Abdoul Bald\u00e9<\/p>\n","protected":false},"excerpt":{"rendered":"<p>Depuis le weekend dernier le gouverneur de la ville de Conakry a entam\u00e9 une tourn\u00e9e de sensibilisation des citoyens des quartiers en manque d\u2019\u00e9lectricit\u00e9 et d\u2019eau dans certains quartiers de la capitale. C\u2019est notamment dans les communes de Ratoma et Matoto. Ces quartiers sont plong\u00e9s dans l\u2019obscurit\u00e9 depuis plus des 6 mois, et l\u2019eau coule [&hellip;]<\/p>\n","protected":false},"author":12,"featured_media":0,"comment_status":"open","ping_status":"open","sticky":false,"template":"","format":"standard","meta":{"_exactmetrics_skip_tracking":false,"_exactmetrics_sitenote_active":false,"_exactmetrics_sitenote_note":"","_exactmetrics_sitenote_category":0,"tdm_status":"","tdm_grid_status":"","footnotes":""},"categories":[28],"tags":[],"class_list":{"0":"post-19798","1":"post","2":"type-post","3":"status-publish","4":"format-standard","6":"category-archives"},"yoast_head":"<!-- This site is optimized with the Yoast SEO plugin v24.2 - https:\/\/yoast.com\/wordpress\/plugins\/seo\/ -->\n<title>Manque d\u2019eau et d\u2019\u00e9lectricit\u00e9 \u00e0 Conakry, le Gouverneur en tourn\u00e9e de sensibilisation | Guin\u00e9e Diversit\u00e9<\/title>\n<meta name=\"robots\" content=\"index, follow, max-snippet:-1, max-image-preview:large, max-video-preview:-1\" \/>\n<link rel=\"canonical\" href=\"https:\/\/guineediversite.com\/index.php\/2013\/12\/31\/manque-deau-et-delectricite-a-conakry-le-gouverneur-en-tournee-de-sensibilisation\/\" \/>\n<meta property=\"og:locale\" content=\"fr_FR\" \/>\n<meta property=\"og:type\" content=\"article\" \/>\n<meta property=\"og:title\" content=\"Manque d\u2019eau et d\u2019\u00e9lectricit\u00e9 \u00e0 Conakry, le Gouverneur en tourn\u00e9e de sensibilisation | Guin\u00e9e Diversit\u00e9\" \/>\n<meta property=\"og:description\" content=\"Depuis le weekend dernier le gouverneur de la ville de Conakry a entam\u00e9 une tourn\u00e9e de sensibilisation des citoyens des quartiers en manque d\u2019\u00e9lectricit\u00e9 et d\u2019eau dans certains quartiers de la capitale. C\u2019est notamment dans les communes de Ratoma et Matoto. Ces quartiers sont plong\u00e9s dans l\u2019obscurit\u00e9 depuis plus des 6 mois, et l\u2019eau coule [&hellip;]\" \/>\n<meta property=\"og:url\" content=\"https:\/\/guineediversite.com\/index.php\/2013\/12\/31\/manque-deau-et-delectricite-a-conakry-le-gouverneur-en-tournee-de-sensibilisation\/\" \/>\n<meta property=\"og:site_name\" content=\"Guin\u00e9e Diversit\u00e9\" \/>\n<meta property=\"article:publisher\" content=\"https:\/\/www.facebook.com\/guineediversite\/\" \/>\n<meta property=\"article:published_time\" content=\"2013-12-30T23:00:00+00:00\" \/>\n<meta name=\"author\" content=\"Guin\u00e9e Diversit\u00e9\" \/>\n<meta name=\"twitter:card\" content=\"summary_large_image\" \/>\n<meta name=\"twitter:creator\" content=\"@GuineeDiversite\" \/>\n<meta name=\"twitter:site\" content=\"@GuineeDiversite\" \/>\n<meta name=\"twitter:label1\" content=\"\u00c9crit par\" \/>\n\t<meta name=\"twitter:data1\" content=\"Guin\u00e9e Diversit\u00e9\" \/>\n\t<meta name=\"twitter:label2\" content=\"Dur\u00e9e de lecture estim\u00e9e\" \/>\n\t<meta name=\"twitter:data2\" content=\"2 minutes\" \/>\n<script type=\"application\/ld+json\" class=\"yoast-schema-graph\">{\"@context\":\"https:\/\/schema.org\",\"@graph\":[{\"@type\":\"Article\",\"@id\":\"https:\/\/guineediversite.com\/index.php\/2013\/12\/31\/manque-deau-et-delectricite-a-conakry-le-gouverneur-en-tournee-de-sensibilisation\/#article\",\"isPartOf\":{\"@id\":\"https:\/\/guineediversite.com\/index.php\/2013\/12\/31\/manque-deau-et-delectricite-a-conakry-le-gouverneur-en-tournee-de-sensibilisation\/\"},\"author\":{\"name\":\"Guin\u00e9e Diversit\u00e9\",\"@id\":\"https:\/\/guineediversite.com\/#\/schema\/person\/afa08fb34e7fc6e1feafc892612bc836\"},\"headline\":\"Manque d\u2019eau et d\u2019\u00e9lectricit\u00e9 \u00e0 Conakry, le Gouverneur en tourn\u00e9e de sensibilisation\",\"datePublished\":\"2013-12-30T23:00:00+00:00\",\"dateModified\":\"2013-12-30T23:00:00+00:00\",\"mainEntityOfPage\":{\"@id\":\"https:\/\/guineediversite.com\/index.php\/2013\/12\/31\/manque-deau-et-delectricite-a-conakry-le-gouverneur-en-tournee-de-sensibilisation\/\"},\"wordCount\":452,\"commentCount\":0,\"publisher\":{\"@id\":\"https:\/\/guineediversite.com\/#organization\"},\"articleSection\":[\"Archives\"],\"inLanguage\":\"fr-FR\",\"potentialAction\":[{\"@type\":\"CommentAction\",\"name\":\"Comment\",\"target\":[\"https:\/\/guineediversite.com\/index.php\/2013\/12\/31\/manque-deau-et-delectricite-a-conakry-le-gouverneur-en-tournee-de-sensibilisation\/#respond\"]}]},{\"@type\":\"WebPage\",\"@id\":\"https:\/\/guineediversite.com\/index.php\/2013\/12\/31\/manque-deau-et-delectricite-a-conakry-le-gouverneur-en-tournee-de-sensibilisation\/\",\"url\":\"https:\/\/guineediversite.com\/index.php\/2013\/12\/31\/manque-deau-et-delectricite-a-conakry-le-gouverneur-en-tournee-de-sensibilisation\/\",\"name\":\"Manque d\u2019eau et d\u2019\u00e9lectricit\u00e9 \u00e0 Conakry, le Gouverneur en tourn\u00e9e de sensibilisation | Guin\u00e9e Diversit\u00e9\",\"isPartOf\":{\"@id\":\"https:\/\/guineediversite.com\/#website\"},\"datePublished\":\"2013-12-30T23:00:00+00:00\",\"dateModified\":\"2013-12-30T23:00:00+00:00\",\"breadcrumb\":{\"@id\":\"https:\/\/guineediversite.com\/index.php\/2013\/12\/31\/manque-deau-et-delectricite-a-conakry-le-gouverneur-en-tournee-de-sensibilisation\/#breadcrumb\"},\"inLanguage\":\"fr-FR\",\"potentialAction\":[{\"@type\":\"ReadAction\",\"target\":[\"https:\/\/guineediversite.com\/index.php\/2013\/12\/31\/manque-deau-et-delectricite-a-conakry-le-gouverneur-en-tournee-de-sensibilisation\/\"]}]},{\"@type\":\"BreadcrumbList\",\"@id\":\"https:\/\/guineediversite.com\/index.php\/2013\/12\/31\/manque-deau-et-delectricite-a-conakry-le-gouverneur-en-tournee-de-sensibilisation\/#breadcrumb\",\"itemListElement\":[{\"@type\":\"ListItem\",\"position\":1,\"name\":\"Accueil\",\"item\":\"https:\/\/guineediversite.com\/\"},{\"@type\":\"ListItem\",\"position\":2,\"name\":\"Manque d\u2019eau et d\u2019\u00e9lectricit\u00e9 \u00e0 Conakry, le Gouverneur en tourn\u00e9e de sensibilisation\"}]},{\"@type\":\"WebSite\",\"@id\":\"https:\/\/guineediversite.com\/#website\",\"url\":\"https:\/\/guineediversite.com\/\",\"name\":\"Guin\u00e9e Diversit\u00e9\",\"description\":\"L&#039;Info dans toute sa diversit\u00e9\",\"publisher\":{\"@id\":\"https:\/\/guineediversite.com\/#organization\"},\"potentialAction\":[{\"@type\":\"SearchAction\",\"target\":{\"@type\":\"EntryPoint\",\"urlTemplate\":\"https:\/\/guineediversite.com\/?s={search_term_string}\"},\"query-input\":{\"@type\":\"PropertyValueSpecification\",\"valueRequired\":true,\"valueName\":\"search_term_string\"}}],\"inLanguage\":\"fr-FR\"},{\"@type\":\"Organization\",\"@id\":\"https:\/\/guineediversite.com\/#organization\",\"name\":\"Guin\u00e9e Diversit\u00e9\",\"url\":\"https:\/\/guineediversite.com\/\",\"logo\":{\"@type\":\"ImageObject\",\"inLanguage\":\"fr-FR\",\"@id\":\"https:\/\/guineediversite.com\/#\/schema\/logo\/image\/\",\"url\":\"https:\/\/guineediversite.com\/wp-content\/uploads\/2017\/04\/cropped-1jojlxEOMkX9Wyqfhe43D6kjPOGqBBKmx3EwWJqZ0cMrFF54yM49.png\",\"contentUrl\":\"https:\/\/guineediversite.com\/wp-content\/uploads\/2017\/04\/cropped-1jojlxEOMkX9Wyqfhe43D6kjPOGqBBKmx3EwWJqZ0cMrFF54yM49.png\",\"width\":186,\"height\":112,\"caption\":\"Guin\u00e9e Diversit\u00e9\"},\"image\":{\"@id\":\"https:\/\/guineediversite.com\/#\/schema\/logo\/image\/\"},\"sameAs\":[\"https:\/\/www.facebook.com\/guineediversite\/\",\"https:\/\/x.com\/GuineeDiversite\",\"https:\/\/www.youtube.com\/channel\/UC8sUY16qelG5ge6_D5SB83g\"]},{\"@type\":\"Person\",\"@id\":\"https:\/\/guineediversite.com\/#\/schema\/person\/afa08fb34e7fc6e1feafc892612bc836\",\"name\":\"Guin\u00e9e Diversit\u00e9\",\"image\":{\"@type\":\"ImageObject\",\"inLanguage\":\"fr-FR\",\"@id\":\"https:\/\/guineediversite.com\/#\/schema\/person\/image\/\",\"url\":\"https:\/\/secure.gravatar.com\/avatar\/50d5eb5b390f8b65ac30ac6f898eb83a?s=96&d=mm&r=g\",\"contentUrl\":\"https:\/\/secure.gravatar.com\/avatar\/50d5eb5b390f8b65ac30ac6f898eb83a?s=96&d=mm&r=g\",\"caption\":\"Guin\u00e9e Diversit\u00e9\"},\"url\":\"https:\/\/guineediversite.com\/index.php\/author\/guineediversite\/\"}]}<\/script>\n<!-- \/ Yoast SEO plugin. -->","yoast_head_json":{"title":"Manque d\u2019eau et d\u2019\u00e9lectricit\u00e9 \u00e0 Conakry, le Gouverneur en tourn\u00e9e de sensibilisation | Guin\u00e9e Diversit\u00e9","robots":{"index":"index","follow":"follow","max-snippet":"max-snippet:-1","max-image-preview":"max-image-preview:large","max-video-preview":"max-video-preview:-1"},"canonical":"https:\/\/guineediversite.com\/index.php\/2013\/12\/31\/manque-deau-et-delectricite-a-conakry-le-gouverneur-en-tournee-de-sensibilisation\/","og_locale":"fr_FR","og_type":"article","og_title":"Manque d\u2019eau et d\u2019\u00e9lectricit\u00e9 \u00e0 Conakry, le Gouverneur en tourn\u00e9e de sensibilisation | Guin\u00e9e Diversit\u00e9","og_description":"Depuis le weekend dernier le gouverneur de la ville de Conakry a entam\u00e9 une tourn\u00e9e de sensibilisation des citoyens des quartiers en manque d\u2019\u00e9lectricit\u00e9 et d\u2019eau dans certains quartiers de la capitale. C\u2019est notamment dans les communes de Ratoma et Matoto. Ces quartiers sont plong\u00e9s dans l\u2019obscurit\u00e9 depuis plus des 6 mois, et l\u2019eau coule [&hellip;]","og_url":"https:\/\/guineediversite.com\/index.php\/2013\/12\/31\/manque-deau-et-delectricite-a-conakry-le-gouverneur-en-tournee-de-sensibilisation\/","og_site_name":"Guin\u00e9e Diversit\u00e9","article_publisher":"https:\/\/www.facebook.com\/guineediversite\/","article_published_time":"2013-12-30T23:00:00+00:00","author":"Guin\u00e9e Diversit\u00e9","twitter_card":"summary_large_image","twitter_creator":"@GuineeDiversite","twitter_site":"@GuineeDiversite","twitter_misc":{"\u00c9crit par":"Guin\u00e9e Diversit\u00e9","Dur\u00e9e de lecture estim\u00e9e":"2 minutes"},"schema":{"@context":"https:\/\/schema.org","@graph":[{"@type":"Article","@id":"https:\/\/guineediversite.com\/index.php\/2013\/12\/31\/manque-deau-et-delectricite-a-conakry-le-gouverneur-en-tournee-de-sensibilisation\/#article","isPartOf":{"@id":"https:\/\/guineediversite.com\/index.php\/2013\/12\/31\/manque-deau-et-delectricite-a-conakry-le-gouverneur-en-tournee-de-sensibilisation\/"},"author":{"name":"Guin\u00e9e Diversit\u00e9","@id":"https:\/\/guineediversite.com\/#\/schema\/person\/afa08fb34e7fc6e1feafc892612bc836"},"headline":"Manque d\u2019eau et d\u2019\u00e9lectricit\u00e9 \u00e0 Conakry, le Gouverneur en tourn\u00e9e de sensibilisation","datePublished":"2013-12-30T23:00:00+00:00","dateModified":"2013-12-30T23:00:00+00:00","mainEntityOfPage":{"@id":"https:\/\/guineediversite.com\/index.php\/2013\/12\/31\/manque-deau-et-delectricite-a-conakry-le-gouverneur-en-tournee-de-sensibilisation\/"},"wordCount":452,"commentCount":0,"publisher":{"@id":"https:\/\/guineediversite.com\/#organization"},"articleSection":["Archives"],"inLanguage":"fr-FR","potentialAction":[{"@type":"CommentAction","name":"Comment","target":["https:\/\/guineediversite.com\/index.php\/2013\/12\/31\/manque-deau-et-delectricite-a-conakry-le-gouverneur-en-tournee-de-sensibilisation\/#respond"]}]},{"@type":"WebPage","@id":"https:\/\/guineediversite.com\/index.php\/2013\/12\/31\/manque-deau-et-delectricite-a-conakry-le-gouverneur-en-tournee-de-sensibilisation\/","url":"https:\/\/guineediversite.com\/index.php\/2013\/12\/31\/manque-deau-et-delectricite-a-conakry-le-gouverneur-en-tournee-de-sensibilisation\/","name":"Manque d\u2019eau et d\u2019\u00e9lectricit\u00e9 \u00e0 Conakry, le Gouverneur en tourn\u00e9e de sensibilisation | Guin\u00e9e Diversit\u00e9","isPartOf":{"@id":"https:\/\/guineediversite.com\/#website"},"datePublished":"2013-12-30T23:00:00+00:00","dateModified":"2013-12-30T23:00:00+00:00","breadcrumb":{"@id":"https:\/\/guineediversite.com\/index.php\/2013\/12\/31\/manque-deau-et-delectricite-a-conakry-le-gouverneur-en-tournee-de-sensibilisation\/#breadcrumb"},"inLanguage":"fr-FR","potentialAction":[{"@type":"ReadAction","target":["https:\/\/guineediversite.com\/index.php\/2013\/12\/31\/manque-deau-et-delectricite-a-conakry-le-gouverneur-en-tournee-de-sensibilisation\/"]}]},{"@type":"BreadcrumbList","@id":"https:\/\/guineediversite.com\/index.php\/2013\/12\/31\/manque-deau-et-delectricite-a-conakry-le-gouverneur-en-tournee-de-sensibilisation\/#breadcrumb","itemListElement":[{"@type":"ListItem","position":1,"name":"Accueil","item":"https:\/\/guineediversite.com\/"},{"@type":"ListItem","position":2,"name":"Manque d\u2019eau et d\u2019\u00e9lectricit\u00e9 \u00e0 Conakry, le Gouverneur en tourn\u00e9e de sensibilisation"}]},{"@type":"WebSite","@id":"https:\/\/guineediversite.com\/#website","url":"https:\/\/guineediversite.com\/","name":"Guin\u00e9e Diversit\u00e9","description":"L&#039;Info dans toute sa diversit\u00e9","publisher":{"@id":"https:\/\/guineediversite.com\/#organization"},"potentialAction":[{"@type":"SearchAction","target":{"@type":"EntryPoint","urlTemplate":"https:\/\/guineediversite.com\/?s={search_term_string}"},"query-input":{"@type":"PropertyValueSpecification","valueRequired":true,"valueName":"search_term_string"}}],"inLanguage":"fr-FR"},{"@type":"Organization","@id":"https:\/\/guineediversite.com\/#organization","name":"Guin\u00e9e Diversit\u00e9","url":"https:\/\/guineediversite.com\/","logo":{"@type":"ImageObject","inLanguage":"fr-FR","@id":"https:\/\/guineediversite.com\/#\/schema\/logo\/image\/","url":"https:\/\/guineediversite.com\/wp-content\/uploads\/2017\/04\/cropped-1jojlxEOMkX9Wyqfhe43D6kjPOGqBBKmx3EwWJqZ0cMrFF54yM49.png","contentUrl":"https:\/\/guineediversite.com\/wp-content\/uploads\/2017\/04\/cropped-1jojlxEOMkX9Wyqfhe43D6kjPOGqBBKmx3EwWJqZ0cMrFF54yM49.png","width":186,"height":112,"caption":"Guin\u00e9e Diversit\u00e9"},"image":{"@id":"https:\/\/guineediversite.com\/#\/schema\/logo\/image\/"},"sameAs":["https:\/\/www.facebook.com\/guineediversite\/","https:\/\/x.com\/GuineeDiversite","https:\/\/www.youtube.com\/channel\/UC8sUY16qelG5ge6_D5SB83g"]},{"@type":"Person","@id":"https:\/\/guineediversite.com\/#\/schema\/person\/afa08fb34e7fc6e1feafc892612bc836","name":"Guin\u00e9e Diversit\u00e9","image":{"@type":"ImageObject","inLanguage":"fr-FR","@id":"https:\/\/guineediversite.com\/#\/schema\/person\/image\/","url":"https:\/\/secure.gravatar.com\/avatar\/50d5eb5b390f8b65ac30ac6f898eb83a?s=96&d=mm&r=g","contentUrl":"https:\/\/secure.gravatar.com\/avatar\/50d5eb5b390f8b65ac30ac6f898eb83a?s=96&d=mm&r=g","caption":"Guin\u00e9e Diversit\u00e9"},"url":"https:\/\/guineediversite.com\/index.php\/author\/guineediversite\/"}]}},"_links":{"self":[{"href":"https:\/\/guineediversite.com\/index.php\/wp-json\/wp\/v2\/posts\/19798"}],"collection":[{"href":"https:\/\/guineediversite.com\/index.php\/wp-json\/wp\/v2\/posts"}],"about":[{"href":"https:\/\/guineediversite.com\/index.php\/wp-json\/wp\/v2\/types\/post"}],"author":[{"embeddable":true,"href":"https:\/\/guineediversite.com\/index.php\/wp-json\/wp\/v2\/users\/12"}],"replies":[{"embeddable":true,"href":"https:\/\/guineediversite.com\/index.php\/wp-json\/wp\/v2\/comments?post=19798"}],"version-history":[{"count":0,"href":"https:\/\/guineediversite.com\/index.php\/wp-json\/wp\/v2\/posts\/19798\/revisions"}],"wp:attachment":[{"href":"https:\/\/guineediversite.com\/index.php\/wp-json\/wp\/v2\/media?parent=19798"}],"wp:term":[{"taxonomy":"category","embeddable":true,"href":"https:\/\/guineediversite.com\/index.php\/wp-json\/wp\/v2\/categories?post=19798"},{"taxonomy":"post_tag","embeddable":true,"href":"https:\/\/guineediversite.com\/index.php\/wp-json\/wp\/v2\/tags?post=19798"}],"curies":[{"name":"wp","href":"https:\/\/api.w.org\/{rel}","templated":true}]}}