{"id":19797,"date":"2013-12-31T00:00:00","date_gmt":"2013-12-30T23:00:00","guid":{"rendered":"https:\/\/www.guineediversite.com\/index.php\/2013\/12\/31\/le-nouveau-ministre-de-la-jeunesse-et-le-pnud-se-concertent-sur-lemploi-jeune-en-guinee\/"},"modified":"2013-12-31T00:00:00","modified_gmt":"2013-12-30T23:00:00","slug":"le-nouveau-ministre-de-la-jeunesse-et-le-pnud-se-concertent-sur-lemploi-jeune-en-guinee","status":"publish","type":"post","link":"https:\/\/guineediversite.com\/index.php\/2013\/12\/31\/le-nouveau-ministre-de-la-jeunesse-et-le-pnud-se-concertent-sur-lemploi-jeune-en-guinee\/","title":{"rendered":"Le nouveau ministre de la jeunesse et le PNUD se concertent sur l\u2019emploi jeune en Guin\u00e9e"},"content":{"rendered":"<p>Le Programme des Nations Unis pour le D\u00e9veloppement PNUD s\u2019est entretenu  avec le nouveau ministre de la Jeunesse ce lundi 10 f\u00e9vrier 2014 au minist\u00e8re de la jeunesse et de l\u2019emploi de jeune. L\u2019objectif de cette rencontre est d\u2019accompagner le minist\u00e8re dans la mise en place de sa politique nationale de la jeunesse, en vue de son \u00e9panouissement. Au cours de cette rencontre, le PNUD et le Ministre Moustapha Nait\u00e9 se sont mis d\u2019accord sur un certains nombres des points strat\u00e9giques pour la jeunesse guin\u00e9enne. C\u2019est entre autres : l\u2019emploi de jeunes et la promotion de la cr\u00e9ation d\u2019emploi, La jeunesse et les activit\u00e9s socio-\u00e9conomiques. Toujours est-il que, la cr\u00e9ation de l\u2019emploi d\u00e9passe les pr\u00e9rogatives d\u2019un gouvernement. C\u2019est pourquoi, le PNUD par la voix de sa repr\u00e9sente en Guin\u00e9e estime que \u00ab les autres partenaires doivent s\u2019activer dans ce domaine. Surtout les entreprises priv\u00e9es et partenaires au d\u00e9veloppement. Un seul partenaire ne peu pas r\u00e9soudre la probl\u00e9matique de l\u2019emploi dans un pays\u00bb. Par ailleurs, le ministre  Moustapha Nait\u00e9 a pris des engagements fermes sur la cr\u00e9ation de l\u2019emploi jeune en Guin\u00e9e. \u00ab D\u00e8s aujourd\u2019hui, nos services techniques vont commencer le travail avec quelques experts du PNUD pour m\u00e8tre en \u0153uvre cette politique. De l\u2019emploi jeune, il y en aura en Guin\u00e9e, je vous promets \u00bb, a d\u00e9clar\u00e9 en substance le tout nouveau ministre de la jeunesse.<br \/>\nThierno Abdoul Bald\u00e9 :<br \/>\n+224 664 295 032<\/p>\n","protected":false},"excerpt":{"rendered":"<p>Le Programme des Nations Unis pour le D\u00e9veloppement PNUD s\u2019est entretenu avec le nouveau ministre de la Jeunesse ce lundi 10 f\u00e9vrier 2014 au minist\u00e8re de la jeunesse et de l\u2019emploi de jeune. L\u2019objectif de cette rencontre est d\u2019accompagner le minist\u00e8re dans la mise en place de sa politique nationale de la jeunesse, en vue [&hellip;]<\/p>\n","protected":false},"author":12,"featured_media":0,"comment_status":"open","ping_status":"open","sticky":false,"template":"","format":"standard","meta":{"_exactmetrics_skip_tracking":false,"_exactmetrics_sitenote_active":false,"_exactmetrics_sitenote_note":"","_exactmetrics_sitenote_category":0,"tdm_status":"","tdm_grid_status":"","footnotes":""},"categories":[28],"tags":[],"class_list":{"0":"post-19797","1":"post","2":"type-post","3":"status-publish","4":"format-standard","6":"category-archives"},"yoast_head":"<!-- This site is optimized with the Yoast SEO plugin v24.2 - https:\/\/yoast.com\/wordpress\/plugins\/seo\/ -->\n<title>Le nouveau ministre de la jeunesse et le PNUD se concertent sur l\u2019emploi jeune en Guin\u00e9e | Guin\u00e9e Diversit\u00e9<\/title>\n<meta name=\"robots\" content=\"index, follow, max-snippet:-1, max-image-preview:large, max-video-preview:-1\" \/>\n<link rel=\"canonical\" href=\"https:\/\/guineediversite.com\/index.php\/2013\/12\/31\/le-nouveau-ministre-de-la-jeunesse-et-le-pnud-se-concertent-sur-lemploi-jeune-en-guinee\/\" \/>\n<meta property=\"og:locale\" content=\"fr_FR\" \/>\n<meta property=\"og:type\" content=\"article\" \/>\n<meta property=\"og:title\" content=\"Le nouveau ministre de la jeunesse et le PNUD se concertent sur l\u2019emploi jeune en Guin\u00e9e | Guin\u00e9e Diversit\u00e9\" \/>\n<meta property=\"og:description\" content=\"Le Programme des Nations Unis pour le D\u00e9veloppement PNUD s\u2019est entretenu avec le nouveau ministre de la Jeunesse ce lundi 10 f\u00e9vrier 2014 au minist\u00e8re de la jeunesse et de l\u2019emploi de jeune. L\u2019objectif de cette rencontre est d\u2019accompagner le minist\u00e8re dans la mise en place de sa politique nationale de la jeunesse, en vue [&hellip;]\" \/>\n<meta property=\"og:url\" content=\"https:\/\/guineediversite.com\/index.php\/2013\/12\/31\/le-nouveau-ministre-de-la-jeunesse-et-le-pnud-se-concertent-sur-lemploi-jeune-en-guinee\/\" \/>\n<meta property=\"og:site_name\" content=\"Guin\u00e9e Diversit\u00e9\" \/>\n<meta property=\"article:publisher\" content=\"https:\/\/www.facebook.com\/guineediversite\/\" \/>\n<meta property=\"article:published_time\" content=\"2013-12-30T23:00:00+00:00\" \/>\n<meta name=\"author\" content=\"Guin\u00e9e Diversit\u00e9\" \/>\n<meta name=\"twitter:card\" content=\"summary_large_image\" \/>\n<meta name=\"twitter:creator\" content=\"@GuineeDiversite\" \/>\n<meta name=\"twitter:site\" content=\"@GuineeDiversite\" \/>\n<meta name=\"twitter:label1\" content=\"\u00c9crit par\" \/>\n\t<meta name=\"twitter:data1\" content=\"Guin\u00e9e Diversit\u00e9\" \/>\n\t<meta name=\"twitter:label2\" content=\"Dur\u00e9e de lecture estim\u00e9e\" \/>\n\t<meta name=\"twitter:data2\" content=\"1 minute\" \/>\n<script type=\"application\/ld+json\" class=\"yoast-schema-graph\">{\"@context\":\"https:\/\/schema.org\",\"@graph\":[{\"@type\":\"Article\",\"@id\":\"https:\/\/guineediversite.com\/index.php\/2013\/12\/31\/le-nouveau-ministre-de-la-jeunesse-et-le-pnud-se-concertent-sur-lemploi-jeune-en-guinee\/#article\",\"isPartOf\":{\"@id\":\"https:\/\/guineediversite.com\/index.php\/2013\/12\/31\/le-nouveau-ministre-de-la-jeunesse-et-le-pnud-se-concertent-sur-lemploi-jeune-en-guinee\/\"},\"author\":{\"name\":\"Guin\u00e9e Diversit\u00e9\",\"@id\":\"https:\/\/guineediversite.com\/#\/schema\/person\/afa08fb34e7fc6e1feafc892612bc836\"},\"headline\":\"Le nouveau ministre de la jeunesse et le PNUD se concertent sur l\u2019emploi jeune en Guin\u00e9e\",\"datePublished\":\"2013-12-30T23:00:00+00:00\",\"dateModified\":\"2013-12-30T23:00:00+00:00\",\"mainEntityOfPage\":{\"@id\":\"https:\/\/guineediversite.com\/index.php\/2013\/12\/31\/le-nouveau-ministre-de-la-jeunesse-et-le-pnud-se-concertent-sur-lemploi-jeune-en-guinee\/\"},\"wordCount\":281,\"commentCount\":0,\"publisher\":{\"@id\":\"https:\/\/guineediversite.com\/#organization\"},\"articleSection\":[\"Archives\"],\"inLanguage\":\"fr-FR\",\"potentialAction\":[{\"@type\":\"CommentAction\",\"name\":\"Comment\",\"target\":[\"https:\/\/guineediversite.com\/index.php\/2013\/12\/31\/le-nouveau-ministre-de-la-jeunesse-et-le-pnud-se-concertent-sur-lemploi-jeune-en-guinee\/#respond\"]}]},{\"@type\":\"WebPage\",\"@id\":\"https:\/\/guineediversite.com\/index.php\/2013\/12\/31\/le-nouveau-ministre-de-la-jeunesse-et-le-pnud-se-concertent-sur-lemploi-jeune-en-guinee\/\",\"url\":\"https:\/\/guineediversite.com\/index.php\/2013\/12\/31\/le-nouveau-ministre-de-la-jeunesse-et-le-pnud-se-concertent-sur-lemploi-jeune-en-guinee\/\",\"name\":\"Le nouveau ministre de la jeunesse et le PNUD se concertent sur l\u2019emploi jeune en Guin\u00e9e | Guin\u00e9e Diversit\u00e9\",\"isPartOf\":{\"@id\":\"https:\/\/guineediversite.com\/#website\"},\"datePublished\":\"2013-12-30T23:00:00+00:00\",\"dateModified\":\"2013-12-30T23:00:00+00:00\",\"breadcrumb\":{\"@id\":\"https:\/\/guineediversite.com\/index.php\/2013\/12\/31\/le-nouveau-ministre-de-la-jeunesse-et-le-pnud-se-concertent-sur-lemploi-jeune-en-guinee\/#breadcrumb\"},\"inLanguage\":\"fr-FR\",\"potentialAction\":[{\"@type\":\"ReadAction\",\"target\":[\"https:\/\/guineediversite.com\/index.php\/2013\/12\/31\/le-nouveau-ministre-de-la-jeunesse-et-le-pnud-se-concertent-sur-lemploi-jeune-en-guinee\/\"]}]},{\"@type\":\"BreadcrumbList\",\"@id\":\"https:\/\/guineediversite.com\/index.php\/2013\/12\/31\/le-nouveau-ministre-de-la-jeunesse-et-le-pnud-se-concertent-sur-lemploi-jeune-en-guinee\/#breadcrumb\",\"itemListElement\":[{\"@type\":\"ListItem\",\"position\":1,\"name\":\"Accueil\",\"item\":\"https:\/\/guineediversite.com\/\"},{\"@type\":\"ListItem\",\"position\":2,\"name\":\"Le nouveau ministre de la jeunesse et le PNUD se concertent sur l\u2019emploi jeune en Guin\u00e9e\"}]},{\"@type\":\"WebSite\",\"@id\":\"https:\/\/guineediversite.com\/#website\",\"url\":\"https:\/\/guineediversite.com\/\",\"name\":\"Guin\u00e9e Diversit\u00e9\",\"description\":\"L&#039;Info dans toute sa diversit\u00e9\",\"publisher\":{\"@id\":\"https:\/\/guineediversite.com\/#organization\"},\"potentialAction\":[{\"@type\":\"SearchAction\",\"target\":{\"@type\":\"EntryPoint\",\"urlTemplate\":\"https:\/\/guineediversite.com\/?s={search_term_string}\"},\"query-input\":{\"@type\":\"PropertyValueSpecification\",\"valueRequired\":true,\"valueName\":\"search_term_string\"}}],\"inLanguage\":\"fr-FR\"},{\"@type\":\"Organization\",\"@id\":\"https:\/\/guineediversite.com\/#organization\",\"name\":\"Guin\u00e9e Diversit\u00e9\",\"url\":\"https:\/\/guineediversite.com\/\",\"logo\":{\"@type\":\"ImageObject\",\"inLanguage\":\"fr-FR\",\"@id\":\"https:\/\/guineediversite.com\/#\/schema\/logo\/image\/\",\"url\":\"https:\/\/guineediversite.com\/wp-content\/uploads\/2017\/04\/cropped-1jojlxEOMkX9Wyqfhe43D6kjPOGqBBKmx3EwWJqZ0cMrFF54yM49.png\",\"contentUrl\":\"https:\/\/guineediversite.com\/wp-content\/uploads\/2017\/04\/cropped-1jojlxEOMkX9Wyqfhe43D6kjPOGqBBKmx3EwWJqZ0cMrFF54yM49.png\",\"width\":186,\"height\":112,\"caption\":\"Guin\u00e9e Diversit\u00e9\"},\"image\":{\"@id\":\"https:\/\/guineediversite.com\/#\/schema\/logo\/image\/\"},\"sameAs\":[\"https:\/\/www.facebook.com\/guineediversite\/\",\"https:\/\/x.com\/GuineeDiversite\",\"https:\/\/www.youtube.com\/channel\/UC8sUY16qelG5ge6_D5SB83g\"]},{\"@type\":\"Person\",\"@id\":\"https:\/\/guineediversite.com\/#\/schema\/person\/afa08fb34e7fc6e1feafc892612bc836\",\"name\":\"Guin\u00e9e Diversit\u00e9\",\"image\":{\"@type\":\"ImageObject\",\"inLanguage\":\"fr-FR\",\"@id\":\"https:\/\/guineediversite.com\/#\/schema\/person\/image\/\",\"url\":\"https:\/\/secure.gravatar.com\/avatar\/50d5eb5b390f8b65ac30ac6f898eb83a?s=96&d=mm&r=g\",\"contentUrl\":\"https:\/\/secure.gravatar.com\/avatar\/50d5eb5b390f8b65ac30ac6f898eb83a?s=96&d=mm&r=g\",\"caption\":\"Guin\u00e9e Diversit\u00e9\"},\"url\":\"https:\/\/guineediversite.com\/index.php\/author\/guineediversite\/\"}]}<\/script>\n<!-- \/ Yoast SEO plugin. -->","yoast_head_json":{"title":"Le nouveau ministre de la jeunesse et le PNUD se concertent sur l\u2019emploi jeune en Guin\u00e9e | Guin\u00e9e Diversit\u00e9","robots":{"index":"index","follow":"follow","max-snippet":"max-snippet:-1","max-image-preview":"max-image-preview:large","max-video-preview":"max-video-preview:-1"},"canonical":"https:\/\/guineediversite.com\/index.php\/2013\/12\/31\/le-nouveau-ministre-de-la-jeunesse-et-le-pnud-se-concertent-sur-lemploi-jeune-en-guinee\/","og_locale":"fr_FR","og_type":"article","og_title":"Le nouveau ministre de la jeunesse et le PNUD se concertent sur l\u2019emploi jeune en Guin\u00e9e | Guin\u00e9e Diversit\u00e9","og_description":"Le Programme des Nations Unis pour le D\u00e9veloppement PNUD s\u2019est entretenu avec le nouveau ministre de la Jeunesse ce lundi 10 f\u00e9vrier 2014 au minist\u00e8re de la jeunesse et de l\u2019emploi de jeune. L\u2019objectif de cette rencontre est d\u2019accompagner le minist\u00e8re dans la mise en place de sa politique nationale de la jeunesse, en vue [&hellip;]","og_url":"https:\/\/guineediversite.com\/index.php\/2013\/12\/31\/le-nouveau-ministre-de-la-jeunesse-et-le-pnud-se-concertent-sur-lemploi-jeune-en-guinee\/","og_site_name":"Guin\u00e9e Diversit\u00e9","article_publisher":"https:\/\/www.facebook.com\/guineediversite\/","article_published_time":"2013-12-30T23:00:00+00:00","author":"Guin\u00e9e Diversit\u00e9","twitter_card":"summary_large_image","twitter_creator":"@GuineeDiversite","twitter_site":"@GuineeDiversite","twitter_misc":{"\u00c9crit par":"Guin\u00e9e Diversit\u00e9","Dur\u00e9e de lecture estim\u00e9e":"1 minute"},"schema":{"@context":"https:\/\/schema.org","@graph":[{"@type":"Article","@id":"https:\/\/guineediversite.com\/index.php\/2013\/12\/31\/le-nouveau-ministre-de-la-jeunesse-et-le-pnud-se-concertent-sur-lemploi-jeune-en-guinee\/#article","isPartOf":{"@id":"https:\/\/guineediversite.com\/index.php\/2013\/12\/31\/le-nouveau-ministre-de-la-jeunesse-et-le-pnud-se-concertent-sur-lemploi-jeune-en-guinee\/"},"author":{"name":"Guin\u00e9e Diversit\u00e9","@id":"https:\/\/guineediversite.com\/#\/schema\/person\/afa08fb34e7fc6e1feafc892612bc836"},"headline":"Le nouveau ministre de la jeunesse et le PNUD se concertent sur l\u2019emploi jeune en Guin\u00e9e","datePublished":"2013-12-30T23:00:00+00:00","dateModified":"2013-12-30T23:00:00+00:00","mainEntityOfPage":{"@id":"https:\/\/guineediversite.com\/index.php\/2013\/12\/31\/le-nouveau-ministre-de-la-jeunesse-et-le-pnud-se-concertent-sur-lemploi-jeune-en-guinee\/"},"wordCount":281,"commentCount":0,"publisher":{"@id":"https:\/\/guineediversite.com\/#organization"},"articleSection":["Archives"],"inLanguage":"fr-FR","potentialAction":[{"@type":"CommentAction","name":"Comment","target":["https:\/\/guineediversite.com\/index.php\/2013\/12\/31\/le-nouveau-ministre-de-la-jeunesse-et-le-pnud-se-concertent-sur-lemploi-jeune-en-guinee\/#respond"]}]},{"@type":"WebPage","@id":"https:\/\/guineediversite.com\/index.php\/2013\/12\/31\/le-nouveau-ministre-de-la-jeunesse-et-le-pnud-se-concertent-sur-lemploi-jeune-en-guinee\/","url":"https:\/\/guineediversite.com\/index.php\/2013\/12\/31\/le-nouveau-ministre-de-la-jeunesse-et-le-pnud-se-concertent-sur-lemploi-jeune-en-guinee\/","name":"Le nouveau ministre de la jeunesse et le PNUD se concertent sur l\u2019emploi jeune en Guin\u00e9e | Guin\u00e9e Diversit\u00e9","isPartOf":{"@id":"https:\/\/guineediversite.com\/#website"},"datePublished":"2013-12-30T23:00:00+00:00","dateModified":"2013-12-30T23:00:00+00:00","breadcrumb":{"@id":"https:\/\/guineediversite.com\/index.php\/2013\/12\/31\/le-nouveau-ministre-de-la-jeunesse-et-le-pnud-se-concertent-sur-lemploi-jeune-en-guinee\/#breadcrumb"},"inLanguage":"fr-FR","potentialAction":[{"@type":"ReadAction","target":["https:\/\/guineediversite.com\/index.php\/2013\/12\/31\/le-nouveau-ministre-de-la-jeunesse-et-le-pnud-se-concertent-sur-lemploi-jeune-en-guinee\/"]}]},{"@type":"BreadcrumbList","@id":"https:\/\/guineediversite.com\/index.php\/2013\/12\/31\/le-nouveau-ministre-de-la-jeunesse-et-le-pnud-se-concertent-sur-lemploi-jeune-en-guinee\/#breadcrumb","itemListElement":[{"@type":"ListItem","position":1,"name":"Accueil","item":"https:\/\/guineediversite.com\/"},{"@type":"ListItem","position":2,"name":"Le nouveau ministre de la jeunesse et le PNUD se concertent sur l\u2019emploi jeune en Guin\u00e9e"}]},{"@type":"WebSite","@id":"https:\/\/guineediversite.com\/#website","url":"https:\/\/guineediversite.com\/","name":"Guin\u00e9e Diversit\u00e9","description":"L&#039;Info dans toute sa diversit\u00e9","publisher":{"@id":"https:\/\/guineediversite.com\/#organization"},"potentialAction":[{"@type":"SearchAction","target":{"@type":"EntryPoint","urlTemplate":"https:\/\/guineediversite.com\/?s={search_term_string}"},"query-input":{"@type":"PropertyValueSpecification","valueRequired":true,"valueName":"search_term_string"}}],"inLanguage":"fr-FR"},{"@type":"Organization","@id":"https:\/\/guineediversite.com\/#organization","name":"Guin\u00e9e Diversit\u00e9","url":"https:\/\/guineediversite.com\/","logo":{"@type":"ImageObject","inLanguage":"fr-FR","@id":"https:\/\/guineediversite.com\/#\/schema\/logo\/image\/","url":"https:\/\/guineediversite.com\/wp-content\/uploads\/2017\/04\/cropped-1jojlxEOMkX9Wyqfhe43D6kjPOGqBBKmx3EwWJqZ0cMrFF54yM49.png","contentUrl":"https:\/\/guineediversite.com\/wp-content\/uploads\/2017\/04\/cropped-1jojlxEOMkX9Wyqfhe43D6kjPOGqBBKmx3EwWJqZ0cMrFF54yM49.png","width":186,"height":112,"caption":"Guin\u00e9e Diversit\u00e9"},"image":{"@id":"https:\/\/guineediversite.com\/#\/schema\/logo\/image\/"},"sameAs":["https:\/\/www.facebook.com\/guineediversite\/","https:\/\/x.com\/GuineeDiversite","https:\/\/www.youtube.com\/channel\/UC8sUY16qelG5ge6_D5SB83g"]},{"@type":"Person","@id":"https:\/\/guineediversite.com\/#\/schema\/person\/afa08fb34e7fc6e1feafc892612bc836","name":"Guin\u00e9e Diversit\u00e9","image":{"@type":"ImageObject","inLanguage":"fr-FR","@id":"https:\/\/guineediversite.com\/#\/schema\/person\/image\/","url":"https:\/\/secure.gravatar.com\/avatar\/50d5eb5b390f8b65ac30ac6f898eb83a?s=96&d=mm&r=g","contentUrl":"https:\/\/secure.gravatar.com\/avatar\/50d5eb5b390f8b65ac30ac6f898eb83a?s=96&d=mm&r=g","caption":"Guin\u00e9e Diversit\u00e9"},"url":"https:\/\/guineediversite.com\/index.php\/author\/guineediversite\/"}]}},"_links":{"self":[{"href":"https:\/\/guineediversite.com\/index.php\/wp-json\/wp\/v2\/posts\/19797"}],"collection":[{"href":"https:\/\/guineediversite.com\/index.php\/wp-json\/wp\/v2\/posts"}],"about":[{"href":"https:\/\/guineediversite.com\/index.php\/wp-json\/wp\/v2\/types\/post"}],"author":[{"embeddable":true,"href":"https:\/\/guineediversite.com\/index.php\/wp-json\/wp\/v2\/users\/12"}],"replies":[{"embeddable":true,"href":"https:\/\/guineediversite.com\/index.php\/wp-json\/wp\/v2\/comments?post=19797"}],"version-history":[{"count":0,"href":"https:\/\/guineediversite.com\/index.php\/wp-json\/wp\/v2\/posts\/19797\/revisions"}],"wp:attachment":[{"href":"https:\/\/guineediversite.com\/index.php\/wp-json\/wp\/v2\/media?parent=19797"}],"wp:term":[{"taxonomy":"category","embeddable":true,"href":"https:\/\/guineediversite.com\/index.php\/wp-json\/wp\/v2\/categories?post=19797"},{"taxonomy":"post_tag","embeddable":true,"href":"https:\/\/guineediversite.com\/index.php\/wp-json\/wp\/v2\/tags?post=19797"}],"curies":[{"name":"wp","href":"https:\/\/api.w.org\/{rel}","templated":true}]}}