{"id":19794,"date":"2013-12-31T00:00:00","date_gmt":"2013-12-30T23:00:00","guid":{"rendered":"https:\/\/www.guineediversite.com\/index.php\/2013\/12\/31\/boke-la-loi-sera-appliquee-desormais-sur-toute-personne-fauteuse-de-trouble-dixit-mohamed-said-fofana\/"},"modified":"2013-12-31T00:00:00","modified_gmt":"2013-12-30T23:00:00","slug":"boke-la-loi-sera-appliquee-desormais-sur-toute-personne-fauteuse-de-trouble-dixit-mohamed-said-fofana","status":"publish","type":"post","link":"https:\/\/guineediversite.com\/index.php\/2013\/12\/31\/boke-la-loi-sera-appliquee-desormais-sur-toute-personne-fauteuse-de-trouble-dixit-mohamed-said-fofana\/","title":{"rendered":"Bok\u00e9 : \u00ab La loi sera appliqu\u00e9e d\u00e9sormais sur toute personne fauteuse de trouble \u00bb dixit Mohamed Sa\u00efd Fofana"},"content":{"rendered":"<p>Les 3 et 4 f\u00e9vrier 2014 des incidents ont \u00e9maill\u00e9 la ville de Bok\u00e9. Des  Incidents qui se sont  sold\u00e9 par des casses et de pillages d\u2019\u00e9difices priv\u00e9s.<br \/>\nPour rassurer la population de Bok\u00e9 face \u00e0 cette situation qui risque de compromettre l\u2019unit\u00e9 nationale dans la pr\u00e9fecture, le chef de l\u2019Etat, le professeur Alpha Cond\u00e9 a d\u00e9p\u00each\u00e9 son premier ministre dans le Kakand\u00e9 ce week-end dernier.<br \/>\nA son arriv\u00e9e Mohamed Sa\u00efd Fofana a tout d\u2019abord rencontre le patriarche de la localit\u00e9 avant de s\u2019entretenir avec la communaut\u00e9 diakank\u00e9 et les populations de la ville de Bok\u00e9 \u00e0 la maison des jeunes.<br \/>\nPartout, le Premier ministre \u00e0 traduit comme d\u2019habitude le message de paix, de concorde et de l\u2019unit\u00e9 nationale aux populations de Kakand\u00e9. Il a insist\u00e9 ensuite sur la rigueur de la loi qui va s\u2019imposer d\u00e9sormais sur toutes les personnes impliqu\u00e9es dans la mort du jeune conducteur de moto taxi, \u00e9l\u00e9ment d\u00e9clencheur des \u00e9v\u00e9nements des 3 et 4 f\u00e9vrier dernier \u00e0 Bok\u00e9. Pour le premier ministre,  d\u00e9sormais rien ne sera comme avant. La justice jouera son r\u00f4le et tous les fautifs seront sanctionn\u00e9s \u00e0 la rigueur de la loi.<\/p>\n<p>Selon le procureur du  tribunal de premi\u00e8re instance de Bok\u00e9 Sidiki Kant\u00e9, les autorit\u00e9s sont \u00e0 pied d\u2019\u0153uvre pour mettre toute la lumi\u00e8re sur la situation. \u00ab Des enqu\u00eates ont \u00e9t\u00e9 lanc\u00e9es, des pr\u00e9sum\u00e9s coupables ont \u00e9t\u00e9 arr\u00eat\u00e9s \u00bb annonce t-il.<\/p>\n<p>LEBEHOYE SOUARE<br \/>\n664858638<\/p>\n","protected":false},"excerpt":{"rendered":"<p>Les 3 et 4 f\u00e9vrier 2014 des incidents ont \u00e9maill\u00e9 la ville de Bok\u00e9. Des Incidents qui se sont sold\u00e9 par des casses et de pillages d\u2019\u00e9difices priv\u00e9s. Pour rassurer la population de Bok\u00e9 face \u00e0 cette situation qui risque de compromettre l\u2019unit\u00e9 nationale dans la pr\u00e9fecture, le chef de l\u2019Etat, le professeur Alpha Cond\u00e9 [&hellip;]<\/p>\n","protected":false},"author":12,"featured_media":0,"comment_status":"open","ping_status":"open","sticky":false,"template":"","format":"standard","meta":{"_exactmetrics_skip_tracking":false,"_exactmetrics_sitenote_active":false,"_exactmetrics_sitenote_note":"","_exactmetrics_sitenote_category":0,"tdm_status":"","tdm_grid_status":"","footnotes":""},"categories":[28],"tags":[],"class_list":{"0":"post-19794","1":"post","2":"type-post","3":"status-publish","4":"format-standard","6":"category-archives"},"yoast_head":"<!-- This site is optimized with the Yoast SEO plugin v24.2 - https:\/\/yoast.com\/wordpress\/plugins\/seo\/ -->\n<title>Bok\u00e9 : \u00ab La loi sera appliqu\u00e9e d\u00e9sormais sur toute personne fauteuse de trouble \u00bb dixit Mohamed Sa\u00efd Fofana | Guin\u00e9e Diversit\u00e9<\/title>\n<meta name=\"robots\" content=\"index, follow, max-snippet:-1, max-image-preview:large, max-video-preview:-1\" \/>\n<link rel=\"canonical\" href=\"https:\/\/guineediversite.com\/index.php\/2013\/12\/31\/boke-la-loi-sera-appliquee-desormais-sur-toute-personne-fauteuse-de-trouble-dixit-mohamed-said-fofana\/\" \/>\n<meta property=\"og:locale\" content=\"fr_FR\" \/>\n<meta property=\"og:type\" content=\"article\" \/>\n<meta property=\"og:title\" content=\"Bok\u00e9 : \u00ab La loi sera appliqu\u00e9e d\u00e9sormais sur toute personne fauteuse de trouble \u00bb dixit Mohamed Sa\u00efd Fofana | Guin\u00e9e Diversit\u00e9\" \/>\n<meta property=\"og:description\" content=\"Les 3 et 4 f\u00e9vrier 2014 des incidents ont \u00e9maill\u00e9 la ville de Bok\u00e9. Des Incidents qui se sont sold\u00e9 par des casses et de pillages d\u2019\u00e9difices priv\u00e9s. Pour rassurer la population de Bok\u00e9 face \u00e0 cette situation qui risque de compromettre l\u2019unit\u00e9 nationale dans la pr\u00e9fecture, le chef de l\u2019Etat, le professeur Alpha Cond\u00e9 [&hellip;]\" \/>\n<meta property=\"og:url\" content=\"https:\/\/guineediversite.com\/index.php\/2013\/12\/31\/boke-la-loi-sera-appliquee-desormais-sur-toute-personne-fauteuse-de-trouble-dixit-mohamed-said-fofana\/\" \/>\n<meta property=\"og:site_name\" content=\"Guin\u00e9e Diversit\u00e9\" \/>\n<meta property=\"article:publisher\" content=\"https:\/\/www.facebook.com\/guineediversite\/\" \/>\n<meta property=\"article:published_time\" content=\"2013-12-30T23:00:00+00:00\" \/>\n<meta name=\"author\" content=\"Guin\u00e9e Diversit\u00e9\" \/>\n<meta name=\"twitter:card\" content=\"summary_large_image\" \/>\n<meta name=\"twitter:creator\" content=\"@GuineeDiversite\" \/>\n<meta name=\"twitter:site\" content=\"@GuineeDiversite\" \/>\n<meta name=\"twitter:label1\" content=\"\u00c9crit par\" \/>\n\t<meta name=\"twitter:data1\" content=\"Guin\u00e9e Diversit\u00e9\" \/>\n\t<meta name=\"twitter:label2\" content=\"Dur\u00e9e de lecture estim\u00e9e\" \/>\n\t<meta name=\"twitter:data2\" content=\"1 minute\" \/>\n<script type=\"application\/ld+json\" class=\"yoast-schema-graph\">{\"@context\":\"https:\/\/schema.org\",\"@graph\":[{\"@type\":\"Article\",\"@id\":\"https:\/\/guineediversite.com\/index.php\/2013\/12\/31\/boke-la-loi-sera-appliquee-desormais-sur-toute-personne-fauteuse-de-trouble-dixit-mohamed-said-fofana\/#article\",\"isPartOf\":{\"@id\":\"https:\/\/guineediversite.com\/index.php\/2013\/12\/31\/boke-la-loi-sera-appliquee-desormais-sur-toute-personne-fauteuse-de-trouble-dixit-mohamed-said-fofana\/\"},\"author\":{\"name\":\"Guin\u00e9e Diversit\u00e9\",\"@id\":\"https:\/\/guineediversite.com\/#\/schema\/person\/afa08fb34e7fc6e1feafc892612bc836\"},\"headline\":\"Bok\u00e9 : \u00ab La loi sera appliqu\u00e9e d\u00e9sormais sur toute personne fauteuse de trouble \u00bb dixit Mohamed Sa\u00efd Fofana\",\"datePublished\":\"2013-12-30T23:00:00+00:00\",\"dateModified\":\"2013-12-30T23:00:00+00:00\",\"mainEntityOfPage\":{\"@id\":\"https:\/\/guineediversite.com\/index.php\/2013\/12\/31\/boke-la-loi-sera-appliquee-desormais-sur-toute-personne-fauteuse-de-trouble-dixit-mohamed-said-fofana\/\"},\"wordCount\":273,\"commentCount\":0,\"publisher\":{\"@id\":\"https:\/\/guineediversite.com\/#organization\"},\"articleSection\":[\"Archives\"],\"inLanguage\":\"fr-FR\",\"potentialAction\":[{\"@type\":\"CommentAction\",\"name\":\"Comment\",\"target\":[\"https:\/\/guineediversite.com\/index.php\/2013\/12\/31\/boke-la-loi-sera-appliquee-desormais-sur-toute-personne-fauteuse-de-trouble-dixit-mohamed-said-fofana\/#respond\"]}]},{\"@type\":\"WebPage\",\"@id\":\"https:\/\/guineediversite.com\/index.php\/2013\/12\/31\/boke-la-loi-sera-appliquee-desormais-sur-toute-personne-fauteuse-de-trouble-dixit-mohamed-said-fofana\/\",\"url\":\"https:\/\/guineediversite.com\/index.php\/2013\/12\/31\/boke-la-loi-sera-appliquee-desormais-sur-toute-personne-fauteuse-de-trouble-dixit-mohamed-said-fofana\/\",\"name\":\"Bok\u00e9 : \u00ab La loi sera appliqu\u00e9e d\u00e9sormais sur toute personne fauteuse de trouble \u00bb dixit Mohamed Sa\u00efd Fofana | Guin\u00e9e Diversit\u00e9\",\"isPartOf\":{\"@id\":\"https:\/\/guineediversite.com\/#website\"},\"datePublished\":\"2013-12-30T23:00:00+00:00\",\"dateModified\":\"2013-12-30T23:00:00+00:00\",\"breadcrumb\":{\"@id\":\"https:\/\/guineediversite.com\/index.php\/2013\/12\/31\/boke-la-loi-sera-appliquee-desormais-sur-toute-personne-fauteuse-de-trouble-dixit-mohamed-said-fofana\/#breadcrumb\"},\"inLanguage\":\"fr-FR\",\"potentialAction\":[{\"@type\":\"ReadAction\",\"target\":[\"https:\/\/guineediversite.com\/index.php\/2013\/12\/31\/boke-la-loi-sera-appliquee-desormais-sur-toute-personne-fauteuse-de-trouble-dixit-mohamed-said-fofana\/\"]}]},{\"@type\":\"BreadcrumbList\",\"@id\":\"https:\/\/guineediversite.com\/index.php\/2013\/12\/31\/boke-la-loi-sera-appliquee-desormais-sur-toute-personne-fauteuse-de-trouble-dixit-mohamed-said-fofana\/#breadcrumb\",\"itemListElement\":[{\"@type\":\"ListItem\",\"position\":1,\"name\":\"Accueil\",\"item\":\"https:\/\/guineediversite.com\/\"},{\"@type\":\"ListItem\",\"position\":2,\"name\":\"Bok\u00e9 : \u00ab La loi sera appliqu\u00e9e d\u00e9sormais sur toute personne fauteuse de trouble \u00bb dixit Mohamed Sa\u00efd Fofana\"}]},{\"@type\":\"WebSite\",\"@id\":\"https:\/\/guineediversite.com\/#website\",\"url\":\"https:\/\/guineediversite.com\/\",\"name\":\"Guin\u00e9e Diversit\u00e9\",\"description\":\"L&#039;Info dans toute sa diversit\u00e9\",\"publisher\":{\"@id\":\"https:\/\/guineediversite.com\/#organization\"},\"potentialAction\":[{\"@type\":\"SearchAction\",\"target\":{\"@type\":\"EntryPoint\",\"urlTemplate\":\"https:\/\/guineediversite.com\/?s={search_term_string}\"},\"query-input\":{\"@type\":\"PropertyValueSpecification\",\"valueRequired\":true,\"valueName\":\"search_term_string\"}}],\"inLanguage\":\"fr-FR\"},{\"@type\":\"Organization\",\"@id\":\"https:\/\/guineediversite.com\/#organization\",\"name\":\"Guin\u00e9e Diversit\u00e9\",\"url\":\"https:\/\/guineediversite.com\/\",\"logo\":{\"@type\":\"ImageObject\",\"inLanguage\":\"fr-FR\",\"@id\":\"https:\/\/guineediversite.com\/#\/schema\/logo\/image\/\",\"url\":\"https:\/\/guineediversite.com\/wp-content\/uploads\/2017\/04\/cropped-1jojlxEOMkX9Wyqfhe43D6kjPOGqBBKmx3EwWJqZ0cMrFF54yM49.png\",\"contentUrl\":\"https:\/\/guineediversite.com\/wp-content\/uploads\/2017\/04\/cropped-1jojlxEOMkX9Wyqfhe43D6kjPOGqBBKmx3EwWJqZ0cMrFF54yM49.png\",\"width\":186,\"height\":112,\"caption\":\"Guin\u00e9e Diversit\u00e9\"},\"image\":{\"@id\":\"https:\/\/guineediversite.com\/#\/schema\/logo\/image\/\"},\"sameAs\":[\"https:\/\/www.facebook.com\/guineediversite\/\",\"https:\/\/x.com\/GuineeDiversite\",\"https:\/\/www.youtube.com\/channel\/UC8sUY16qelG5ge6_D5SB83g\"]},{\"@type\":\"Person\",\"@id\":\"https:\/\/guineediversite.com\/#\/schema\/person\/afa08fb34e7fc6e1feafc892612bc836\",\"name\":\"Guin\u00e9e Diversit\u00e9\",\"image\":{\"@type\":\"ImageObject\",\"inLanguage\":\"fr-FR\",\"@id\":\"https:\/\/guineediversite.com\/#\/schema\/person\/image\/\",\"url\":\"https:\/\/secure.gravatar.com\/avatar\/50d5eb5b390f8b65ac30ac6f898eb83a?s=96&d=mm&r=g\",\"contentUrl\":\"https:\/\/secure.gravatar.com\/avatar\/50d5eb5b390f8b65ac30ac6f898eb83a?s=96&d=mm&r=g\",\"caption\":\"Guin\u00e9e Diversit\u00e9\"},\"url\":\"https:\/\/guineediversite.com\/index.php\/author\/guineediversite\/\"}]}<\/script>\n<!-- \/ Yoast SEO plugin. -->","yoast_head_json":{"title":"Bok\u00e9 : \u00ab La loi sera appliqu\u00e9e d\u00e9sormais sur toute personne fauteuse de trouble \u00bb dixit Mohamed Sa\u00efd Fofana | Guin\u00e9e Diversit\u00e9","robots":{"index":"index","follow":"follow","max-snippet":"max-snippet:-1","max-image-preview":"max-image-preview:large","max-video-preview":"max-video-preview:-1"},"canonical":"https:\/\/guineediversite.com\/index.php\/2013\/12\/31\/boke-la-loi-sera-appliquee-desormais-sur-toute-personne-fauteuse-de-trouble-dixit-mohamed-said-fofana\/","og_locale":"fr_FR","og_type":"article","og_title":"Bok\u00e9 : \u00ab La loi sera appliqu\u00e9e d\u00e9sormais sur toute personne fauteuse de trouble \u00bb dixit Mohamed Sa\u00efd Fofana | Guin\u00e9e Diversit\u00e9","og_description":"Les 3 et 4 f\u00e9vrier 2014 des incidents ont \u00e9maill\u00e9 la ville de Bok\u00e9. Des Incidents qui se sont sold\u00e9 par des casses et de pillages d\u2019\u00e9difices priv\u00e9s. Pour rassurer la population de Bok\u00e9 face \u00e0 cette situation qui risque de compromettre l\u2019unit\u00e9 nationale dans la pr\u00e9fecture, le chef de l\u2019Etat, le professeur Alpha Cond\u00e9 [&hellip;]","og_url":"https:\/\/guineediversite.com\/index.php\/2013\/12\/31\/boke-la-loi-sera-appliquee-desormais-sur-toute-personne-fauteuse-de-trouble-dixit-mohamed-said-fofana\/","og_site_name":"Guin\u00e9e Diversit\u00e9","article_publisher":"https:\/\/www.facebook.com\/guineediversite\/","article_published_time":"2013-12-30T23:00:00+00:00","author":"Guin\u00e9e Diversit\u00e9","twitter_card":"summary_large_image","twitter_creator":"@GuineeDiversite","twitter_site":"@GuineeDiversite","twitter_misc":{"\u00c9crit par":"Guin\u00e9e Diversit\u00e9","Dur\u00e9e de lecture estim\u00e9e":"1 minute"},"schema":{"@context":"https:\/\/schema.org","@graph":[{"@type":"Article","@id":"https:\/\/guineediversite.com\/index.php\/2013\/12\/31\/boke-la-loi-sera-appliquee-desormais-sur-toute-personne-fauteuse-de-trouble-dixit-mohamed-said-fofana\/#article","isPartOf":{"@id":"https:\/\/guineediversite.com\/index.php\/2013\/12\/31\/boke-la-loi-sera-appliquee-desormais-sur-toute-personne-fauteuse-de-trouble-dixit-mohamed-said-fofana\/"},"author":{"name":"Guin\u00e9e Diversit\u00e9","@id":"https:\/\/guineediversite.com\/#\/schema\/person\/afa08fb34e7fc6e1feafc892612bc836"},"headline":"Bok\u00e9 : \u00ab La loi sera appliqu\u00e9e d\u00e9sormais sur toute personne fauteuse de trouble \u00bb dixit Mohamed Sa\u00efd Fofana","datePublished":"2013-12-30T23:00:00+00:00","dateModified":"2013-12-30T23:00:00+00:00","mainEntityOfPage":{"@id":"https:\/\/guineediversite.com\/index.php\/2013\/12\/31\/boke-la-loi-sera-appliquee-desormais-sur-toute-personne-fauteuse-de-trouble-dixit-mohamed-said-fofana\/"},"wordCount":273,"commentCount":0,"publisher":{"@id":"https:\/\/guineediversite.com\/#organization"},"articleSection":["Archives"],"inLanguage":"fr-FR","potentialAction":[{"@type":"CommentAction","name":"Comment","target":["https:\/\/guineediversite.com\/index.php\/2013\/12\/31\/boke-la-loi-sera-appliquee-desormais-sur-toute-personne-fauteuse-de-trouble-dixit-mohamed-said-fofana\/#respond"]}]},{"@type":"WebPage","@id":"https:\/\/guineediversite.com\/index.php\/2013\/12\/31\/boke-la-loi-sera-appliquee-desormais-sur-toute-personne-fauteuse-de-trouble-dixit-mohamed-said-fofana\/","url":"https:\/\/guineediversite.com\/index.php\/2013\/12\/31\/boke-la-loi-sera-appliquee-desormais-sur-toute-personne-fauteuse-de-trouble-dixit-mohamed-said-fofana\/","name":"Bok\u00e9 : \u00ab La loi sera appliqu\u00e9e d\u00e9sormais sur toute personne fauteuse de trouble \u00bb dixit Mohamed Sa\u00efd Fofana | Guin\u00e9e Diversit\u00e9","isPartOf":{"@id":"https:\/\/guineediversite.com\/#website"},"datePublished":"2013-12-30T23:00:00+00:00","dateModified":"2013-12-30T23:00:00+00:00","breadcrumb":{"@id":"https:\/\/guineediversite.com\/index.php\/2013\/12\/31\/boke-la-loi-sera-appliquee-desormais-sur-toute-personne-fauteuse-de-trouble-dixit-mohamed-said-fofana\/#breadcrumb"},"inLanguage":"fr-FR","potentialAction":[{"@type":"ReadAction","target":["https:\/\/guineediversite.com\/index.php\/2013\/12\/31\/boke-la-loi-sera-appliquee-desormais-sur-toute-personne-fauteuse-de-trouble-dixit-mohamed-said-fofana\/"]}]},{"@type":"BreadcrumbList","@id":"https:\/\/guineediversite.com\/index.php\/2013\/12\/31\/boke-la-loi-sera-appliquee-desormais-sur-toute-personne-fauteuse-de-trouble-dixit-mohamed-said-fofana\/#breadcrumb","itemListElement":[{"@type":"ListItem","position":1,"name":"Accueil","item":"https:\/\/guineediversite.com\/"},{"@type":"ListItem","position":2,"name":"Bok\u00e9 : \u00ab La loi sera appliqu\u00e9e d\u00e9sormais sur toute personne fauteuse de trouble \u00bb dixit Mohamed Sa\u00efd Fofana"}]},{"@type":"WebSite","@id":"https:\/\/guineediversite.com\/#website","url":"https:\/\/guineediversite.com\/","name":"Guin\u00e9e Diversit\u00e9","description":"L&#039;Info dans toute sa diversit\u00e9","publisher":{"@id":"https:\/\/guineediversite.com\/#organization"},"potentialAction":[{"@type":"SearchAction","target":{"@type":"EntryPoint","urlTemplate":"https:\/\/guineediversite.com\/?s={search_term_string}"},"query-input":{"@type":"PropertyValueSpecification","valueRequired":true,"valueName":"search_term_string"}}],"inLanguage":"fr-FR"},{"@type":"Organization","@id":"https:\/\/guineediversite.com\/#organization","name":"Guin\u00e9e Diversit\u00e9","url":"https:\/\/guineediversite.com\/","logo":{"@type":"ImageObject","inLanguage":"fr-FR","@id":"https:\/\/guineediversite.com\/#\/schema\/logo\/image\/","url":"https:\/\/guineediversite.com\/wp-content\/uploads\/2017\/04\/cropped-1jojlxEOMkX9Wyqfhe43D6kjPOGqBBKmx3EwWJqZ0cMrFF54yM49.png","contentUrl":"https:\/\/guineediversite.com\/wp-content\/uploads\/2017\/04\/cropped-1jojlxEOMkX9Wyqfhe43D6kjPOGqBBKmx3EwWJqZ0cMrFF54yM49.png","width":186,"height":112,"caption":"Guin\u00e9e Diversit\u00e9"},"image":{"@id":"https:\/\/guineediversite.com\/#\/schema\/logo\/image\/"},"sameAs":["https:\/\/www.facebook.com\/guineediversite\/","https:\/\/x.com\/GuineeDiversite","https:\/\/www.youtube.com\/channel\/UC8sUY16qelG5ge6_D5SB83g"]},{"@type":"Person","@id":"https:\/\/guineediversite.com\/#\/schema\/person\/afa08fb34e7fc6e1feafc892612bc836","name":"Guin\u00e9e Diversit\u00e9","image":{"@type":"ImageObject","inLanguage":"fr-FR","@id":"https:\/\/guineediversite.com\/#\/schema\/person\/image\/","url":"https:\/\/secure.gravatar.com\/avatar\/50d5eb5b390f8b65ac30ac6f898eb83a?s=96&d=mm&r=g","contentUrl":"https:\/\/secure.gravatar.com\/avatar\/50d5eb5b390f8b65ac30ac6f898eb83a?s=96&d=mm&r=g","caption":"Guin\u00e9e Diversit\u00e9"},"url":"https:\/\/guineediversite.com\/index.php\/author\/guineediversite\/"}]}},"_links":{"self":[{"href":"https:\/\/guineediversite.com\/index.php\/wp-json\/wp\/v2\/posts\/19794"}],"collection":[{"href":"https:\/\/guineediversite.com\/index.php\/wp-json\/wp\/v2\/posts"}],"about":[{"href":"https:\/\/guineediversite.com\/index.php\/wp-json\/wp\/v2\/types\/post"}],"author":[{"embeddable":true,"href":"https:\/\/guineediversite.com\/index.php\/wp-json\/wp\/v2\/users\/12"}],"replies":[{"embeddable":true,"href":"https:\/\/guineediversite.com\/index.php\/wp-json\/wp\/v2\/comments?post=19794"}],"version-history":[{"count":0,"href":"https:\/\/guineediversite.com\/index.php\/wp-json\/wp\/v2\/posts\/19794\/revisions"}],"wp:attachment":[{"href":"https:\/\/guineediversite.com\/index.php\/wp-json\/wp\/v2\/media?parent=19794"}],"wp:term":[{"taxonomy":"category","embeddable":true,"href":"https:\/\/guineediversite.com\/index.php\/wp-json\/wp\/v2\/categories?post=19794"},{"taxonomy":"post_tag","embeddable":true,"href":"https:\/\/guineediversite.com\/index.php\/wp-json\/wp\/v2\/tags?post=19794"}],"curies":[{"name":"wp","href":"https:\/\/api.w.org\/{rel}","templated":true}]}}