{"id":19791,"date":"2013-12-31T00:00:00","date_gmt":"2013-12-30T23:00:00","guid":{"rendered":"https:\/\/www.guineediversite.com\/index.php\/2013\/12\/31\/education-les-eleves-de-lecole-nationale-dinstituteur-en-colere\/"},"modified":"2013-12-31T00:00:00","modified_gmt":"2013-12-30T23:00:00","slug":"education-les-eleves-de-lecole-nationale-dinstituteur-en-colere","status":"publish","type":"post","link":"https:\/\/guineediversite.com\/index.php\/2013\/12\/31\/education-les-eleves-de-lecole-nationale-dinstituteur-en-colere\/","title":{"rendered":"Education : les \u00e9l\u00e8ves de l\u2019\u00e9cole nationale d\u2019instituteur en col\u00e8re"},"content":{"rendered":"<p>Ce lundi 10 f\u00e9vrier 2014, les \u00e9l\u00e8ves de l\u2019\u00e9cole nationale d\u2019instituteur ont boud\u00e9 leur classe pour r\u00e9clamer le paiement de leurs primes de transport.  Selon nos informations, le montant s\u2019\u00e9l\u00e8ve \u00e0 150 milles francs guin\u00e9ens par mois. <\/p>\n<p>Depuis cinq mois, les futurs formateurs  r\u00e9clament  le paiement de ce montant. Et pourtant, dans le pass\u00e9 le gouvernement avait promis de r\u00e9soudre le probl\u00e8me. Chose  qui n\u2019a pas encore vu le jour  nous informe un \u00e9l\u00e8ve. De l\u2019ENI de Conakry, sise au quartier T\u00e9m\u00e9n\u00e9taye dans la commune de Kaloum, les \u00e9l\u00e8ves de l\u2019ENI ont organis\u00e9 une marche pacifique jusqu\u2019au minist\u00e8re de l\u2019enseignement technique et de la formation professionnel pour exprimer leur col\u00e8re.  \u00ab Pas d\u2019argent, pas de cours sur toute l\u2019\u00e9tendue du territoire national \u00bb, disait \u2013ils. <\/p>\n<p>Au micro de guin\u00e9ediversite.com, le vice pr\u00e9sident  de la commission de l\u2019ENI de Conakry  Sylla Alseny, explique : \u00ab en 2013, nous avons fait cinq mois sans percevoir nos primes, il a fallut  que nous partons en gr\u00e8ve pour obtenir gain de cause. Cette fois-ci encore, c\u2019est pourquoi nous r\u00e9clamons notre argent \u00e0 travers un setting devant notre minist\u00e8re de tutelle \u00bb, avant d\u2019ajouter : \u00ab On ne va pas baisser les bras, tant qu\u2019ils n\u2019arrangent pas notre situation, il n\u2019y aura pas cours. D\u2019ailleurs nous demandons au pr\u00e9sident Alpha Cond\u00e9 de s\u2019impliquer  pour nous satisfaire. Comme on sait que la formation de  jeunes et leurs emplois font partir de ses  priorit\u00e9s\u00bb. <\/p>\n<p>Il faut dire que, ce lundi matin les services de s\u00e9curit\u00e9s \u00e9taient visibles au niveau du pont 8 novembre, juste \u00e0 l\u2019entr\u00e9e de la presqu\u2019\u00eele de Kaloum o\u00f9 se trouve le Minist\u00e8re de l\u2019enseignement technique et de la formation professionnelle<br \/>\nThierno Abdoul Bald\u00e9<\/p>\n","protected":false},"excerpt":{"rendered":"<p>Ce lundi 10 f\u00e9vrier 2014, les \u00e9l\u00e8ves de l\u2019\u00e9cole nationale d\u2019instituteur ont boud\u00e9 leur classe pour r\u00e9clamer le paiement de leurs primes de transport. Selon nos informations, le montant s\u2019\u00e9l\u00e8ve \u00e0 150 milles francs guin\u00e9ens par mois. Depuis cinq mois, les futurs formateurs r\u00e9clament le paiement de ce montant. Et pourtant, dans le pass\u00e9 le [&hellip;]<\/p>\n","protected":false},"author":12,"featured_media":0,"comment_status":"open","ping_status":"open","sticky":false,"template":"","format":"standard","meta":{"_exactmetrics_skip_tracking":false,"_exactmetrics_sitenote_active":false,"_exactmetrics_sitenote_note":"","_exactmetrics_sitenote_category":0,"tdm_status":"","tdm_grid_status":"","footnotes":""},"categories":[28],"tags":[],"class_list":{"0":"post-19791","1":"post","2":"type-post","3":"status-publish","4":"format-standard","6":"category-archives"},"yoast_head":"<!-- This site is optimized with the Yoast SEO plugin v24.2 - https:\/\/yoast.com\/wordpress\/plugins\/seo\/ -->\n<title>Education : les \u00e9l\u00e8ves de l\u2019\u00e9cole nationale d\u2019instituteur en col\u00e8re | Guin\u00e9e Diversit\u00e9<\/title>\n<meta name=\"robots\" content=\"index, follow, max-snippet:-1, max-image-preview:large, max-video-preview:-1\" \/>\n<link rel=\"canonical\" href=\"https:\/\/guineediversite.com\/index.php\/2013\/12\/31\/education-les-eleves-de-lecole-nationale-dinstituteur-en-colere\/\" \/>\n<meta property=\"og:locale\" content=\"fr_FR\" \/>\n<meta property=\"og:type\" content=\"article\" \/>\n<meta property=\"og:title\" content=\"Education : les \u00e9l\u00e8ves de l\u2019\u00e9cole nationale d\u2019instituteur en col\u00e8re | Guin\u00e9e Diversit\u00e9\" \/>\n<meta property=\"og:description\" content=\"Ce lundi 10 f\u00e9vrier 2014, les \u00e9l\u00e8ves de l\u2019\u00e9cole nationale d\u2019instituteur ont boud\u00e9 leur classe pour r\u00e9clamer le paiement de leurs primes de transport. Selon nos informations, le montant s\u2019\u00e9l\u00e8ve \u00e0 150 milles francs guin\u00e9ens par mois. Depuis cinq mois, les futurs formateurs r\u00e9clament le paiement de ce montant. Et pourtant, dans le pass\u00e9 le [&hellip;]\" \/>\n<meta property=\"og:url\" content=\"https:\/\/guineediversite.com\/index.php\/2013\/12\/31\/education-les-eleves-de-lecole-nationale-dinstituteur-en-colere\/\" \/>\n<meta property=\"og:site_name\" content=\"Guin\u00e9e Diversit\u00e9\" \/>\n<meta property=\"article:publisher\" content=\"https:\/\/www.facebook.com\/guineediversite\/\" \/>\n<meta property=\"article:published_time\" content=\"2013-12-30T23:00:00+00:00\" \/>\n<meta name=\"author\" content=\"Guin\u00e9e Diversit\u00e9\" \/>\n<meta name=\"twitter:card\" content=\"summary_large_image\" \/>\n<meta name=\"twitter:creator\" content=\"@GuineeDiversite\" \/>\n<meta name=\"twitter:site\" content=\"@GuineeDiversite\" \/>\n<meta name=\"twitter:label1\" content=\"\u00c9crit par\" \/>\n\t<meta name=\"twitter:data1\" content=\"Guin\u00e9e Diversit\u00e9\" \/>\n\t<meta name=\"twitter:label2\" content=\"Dur\u00e9e de lecture estim\u00e9e\" \/>\n\t<meta name=\"twitter:data2\" content=\"2 minutes\" \/>\n<script type=\"application\/ld+json\" class=\"yoast-schema-graph\">{\"@context\":\"https:\/\/schema.org\",\"@graph\":[{\"@type\":\"Article\",\"@id\":\"https:\/\/guineediversite.com\/index.php\/2013\/12\/31\/education-les-eleves-de-lecole-nationale-dinstituteur-en-colere\/#article\",\"isPartOf\":{\"@id\":\"https:\/\/guineediversite.com\/index.php\/2013\/12\/31\/education-les-eleves-de-lecole-nationale-dinstituteur-en-colere\/\"},\"author\":{\"name\":\"Guin\u00e9e Diversit\u00e9\",\"@id\":\"https:\/\/guineediversite.com\/#\/schema\/person\/afa08fb34e7fc6e1feafc892612bc836\"},\"headline\":\"Education : les \u00e9l\u00e8ves de l\u2019\u00e9cole nationale d\u2019instituteur en col\u00e8re\",\"datePublished\":\"2013-12-30T23:00:00+00:00\",\"dateModified\":\"2013-12-30T23:00:00+00:00\",\"mainEntityOfPage\":{\"@id\":\"https:\/\/guineediversite.com\/index.php\/2013\/12\/31\/education-les-eleves-de-lecole-nationale-dinstituteur-en-colere\/\"},\"wordCount\":326,\"commentCount\":0,\"publisher\":{\"@id\":\"https:\/\/guineediversite.com\/#organization\"},\"articleSection\":[\"Archives\"],\"inLanguage\":\"fr-FR\",\"potentialAction\":[{\"@type\":\"CommentAction\",\"name\":\"Comment\",\"target\":[\"https:\/\/guineediversite.com\/index.php\/2013\/12\/31\/education-les-eleves-de-lecole-nationale-dinstituteur-en-colere\/#respond\"]}]},{\"@type\":\"WebPage\",\"@id\":\"https:\/\/guineediversite.com\/index.php\/2013\/12\/31\/education-les-eleves-de-lecole-nationale-dinstituteur-en-colere\/\",\"url\":\"https:\/\/guineediversite.com\/index.php\/2013\/12\/31\/education-les-eleves-de-lecole-nationale-dinstituteur-en-colere\/\",\"name\":\"Education : les \u00e9l\u00e8ves de l\u2019\u00e9cole nationale d\u2019instituteur en col\u00e8re | Guin\u00e9e Diversit\u00e9\",\"isPartOf\":{\"@id\":\"https:\/\/guineediversite.com\/#website\"},\"datePublished\":\"2013-12-30T23:00:00+00:00\",\"dateModified\":\"2013-12-30T23:00:00+00:00\",\"breadcrumb\":{\"@id\":\"https:\/\/guineediversite.com\/index.php\/2013\/12\/31\/education-les-eleves-de-lecole-nationale-dinstituteur-en-colere\/#breadcrumb\"},\"inLanguage\":\"fr-FR\",\"potentialAction\":[{\"@type\":\"ReadAction\",\"target\":[\"https:\/\/guineediversite.com\/index.php\/2013\/12\/31\/education-les-eleves-de-lecole-nationale-dinstituteur-en-colere\/\"]}]},{\"@type\":\"BreadcrumbList\",\"@id\":\"https:\/\/guineediversite.com\/index.php\/2013\/12\/31\/education-les-eleves-de-lecole-nationale-dinstituteur-en-colere\/#breadcrumb\",\"itemListElement\":[{\"@type\":\"ListItem\",\"position\":1,\"name\":\"Accueil\",\"item\":\"https:\/\/guineediversite.com\/\"},{\"@type\":\"ListItem\",\"position\":2,\"name\":\"Education : les \u00e9l\u00e8ves de l\u2019\u00e9cole nationale d\u2019instituteur en col\u00e8re\"}]},{\"@type\":\"WebSite\",\"@id\":\"https:\/\/guineediversite.com\/#website\",\"url\":\"https:\/\/guineediversite.com\/\",\"name\":\"Guin\u00e9e Diversit\u00e9\",\"description\":\"L&#039;Info dans toute sa diversit\u00e9\",\"publisher\":{\"@id\":\"https:\/\/guineediversite.com\/#organization\"},\"potentialAction\":[{\"@type\":\"SearchAction\",\"target\":{\"@type\":\"EntryPoint\",\"urlTemplate\":\"https:\/\/guineediversite.com\/?s={search_term_string}\"},\"query-input\":{\"@type\":\"PropertyValueSpecification\",\"valueRequired\":true,\"valueName\":\"search_term_string\"}}],\"inLanguage\":\"fr-FR\"},{\"@type\":\"Organization\",\"@id\":\"https:\/\/guineediversite.com\/#organization\",\"name\":\"Guin\u00e9e Diversit\u00e9\",\"url\":\"https:\/\/guineediversite.com\/\",\"logo\":{\"@type\":\"ImageObject\",\"inLanguage\":\"fr-FR\",\"@id\":\"https:\/\/guineediversite.com\/#\/schema\/logo\/image\/\",\"url\":\"https:\/\/guineediversite.com\/wp-content\/uploads\/2017\/04\/cropped-1jojlxEOMkX9Wyqfhe43D6kjPOGqBBKmx3EwWJqZ0cMrFF54yM49.png\",\"contentUrl\":\"https:\/\/guineediversite.com\/wp-content\/uploads\/2017\/04\/cropped-1jojlxEOMkX9Wyqfhe43D6kjPOGqBBKmx3EwWJqZ0cMrFF54yM49.png\",\"width\":186,\"height\":112,\"caption\":\"Guin\u00e9e Diversit\u00e9\"},\"image\":{\"@id\":\"https:\/\/guineediversite.com\/#\/schema\/logo\/image\/\"},\"sameAs\":[\"https:\/\/www.facebook.com\/guineediversite\/\",\"https:\/\/x.com\/GuineeDiversite\",\"https:\/\/www.youtube.com\/channel\/UC8sUY16qelG5ge6_D5SB83g\"]},{\"@type\":\"Person\",\"@id\":\"https:\/\/guineediversite.com\/#\/schema\/person\/afa08fb34e7fc6e1feafc892612bc836\",\"name\":\"Guin\u00e9e Diversit\u00e9\",\"image\":{\"@type\":\"ImageObject\",\"inLanguage\":\"fr-FR\",\"@id\":\"https:\/\/guineediversite.com\/#\/schema\/person\/image\/\",\"url\":\"https:\/\/secure.gravatar.com\/avatar\/50d5eb5b390f8b65ac30ac6f898eb83a?s=96&d=mm&r=g\",\"contentUrl\":\"https:\/\/secure.gravatar.com\/avatar\/50d5eb5b390f8b65ac30ac6f898eb83a?s=96&d=mm&r=g\",\"caption\":\"Guin\u00e9e Diversit\u00e9\"},\"url\":\"https:\/\/guineediversite.com\/index.php\/author\/guineediversite\/\"}]}<\/script>\n<!-- \/ Yoast SEO plugin. -->","yoast_head_json":{"title":"Education : les \u00e9l\u00e8ves de l\u2019\u00e9cole nationale d\u2019instituteur en col\u00e8re | Guin\u00e9e Diversit\u00e9","robots":{"index":"index","follow":"follow","max-snippet":"max-snippet:-1","max-image-preview":"max-image-preview:large","max-video-preview":"max-video-preview:-1"},"canonical":"https:\/\/guineediversite.com\/index.php\/2013\/12\/31\/education-les-eleves-de-lecole-nationale-dinstituteur-en-colere\/","og_locale":"fr_FR","og_type":"article","og_title":"Education : les \u00e9l\u00e8ves de l\u2019\u00e9cole nationale d\u2019instituteur en col\u00e8re | Guin\u00e9e Diversit\u00e9","og_description":"Ce lundi 10 f\u00e9vrier 2014, les \u00e9l\u00e8ves de l\u2019\u00e9cole nationale d\u2019instituteur ont boud\u00e9 leur classe pour r\u00e9clamer le paiement de leurs primes de transport. Selon nos informations, le montant s\u2019\u00e9l\u00e8ve \u00e0 150 milles francs guin\u00e9ens par mois. Depuis cinq mois, les futurs formateurs r\u00e9clament le paiement de ce montant. Et pourtant, dans le pass\u00e9 le [&hellip;]","og_url":"https:\/\/guineediversite.com\/index.php\/2013\/12\/31\/education-les-eleves-de-lecole-nationale-dinstituteur-en-colere\/","og_site_name":"Guin\u00e9e Diversit\u00e9","article_publisher":"https:\/\/www.facebook.com\/guineediversite\/","article_published_time":"2013-12-30T23:00:00+00:00","author":"Guin\u00e9e Diversit\u00e9","twitter_card":"summary_large_image","twitter_creator":"@GuineeDiversite","twitter_site":"@GuineeDiversite","twitter_misc":{"\u00c9crit par":"Guin\u00e9e Diversit\u00e9","Dur\u00e9e de lecture estim\u00e9e":"2 minutes"},"schema":{"@context":"https:\/\/schema.org","@graph":[{"@type":"Article","@id":"https:\/\/guineediversite.com\/index.php\/2013\/12\/31\/education-les-eleves-de-lecole-nationale-dinstituteur-en-colere\/#article","isPartOf":{"@id":"https:\/\/guineediversite.com\/index.php\/2013\/12\/31\/education-les-eleves-de-lecole-nationale-dinstituteur-en-colere\/"},"author":{"name":"Guin\u00e9e Diversit\u00e9","@id":"https:\/\/guineediversite.com\/#\/schema\/person\/afa08fb34e7fc6e1feafc892612bc836"},"headline":"Education : les \u00e9l\u00e8ves de l\u2019\u00e9cole nationale d\u2019instituteur en col\u00e8re","datePublished":"2013-12-30T23:00:00+00:00","dateModified":"2013-12-30T23:00:00+00:00","mainEntityOfPage":{"@id":"https:\/\/guineediversite.com\/index.php\/2013\/12\/31\/education-les-eleves-de-lecole-nationale-dinstituteur-en-colere\/"},"wordCount":326,"commentCount":0,"publisher":{"@id":"https:\/\/guineediversite.com\/#organization"},"articleSection":["Archives"],"inLanguage":"fr-FR","potentialAction":[{"@type":"CommentAction","name":"Comment","target":["https:\/\/guineediversite.com\/index.php\/2013\/12\/31\/education-les-eleves-de-lecole-nationale-dinstituteur-en-colere\/#respond"]}]},{"@type":"WebPage","@id":"https:\/\/guineediversite.com\/index.php\/2013\/12\/31\/education-les-eleves-de-lecole-nationale-dinstituteur-en-colere\/","url":"https:\/\/guineediversite.com\/index.php\/2013\/12\/31\/education-les-eleves-de-lecole-nationale-dinstituteur-en-colere\/","name":"Education : les \u00e9l\u00e8ves de l\u2019\u00e9cole nationale d\u2019instituteur en col\u00e8re | Guin\u00e9e Diversit\u00e9","isPartOf":{"@id":"https:\/\/guineediversite.com\/#website"},"datePublished":"2013-12-30T23:00:00+00:00","dateModified":"2013-12-30T23:00:00+00:00","breadcrumb":{"@id":"https:\/\/guineediversite.com\/index.php\/2013\/12\/31\/education-les-eleves-de-lecole-nationale-dinstituteur-en-colere\/#breadcrumb"},"inLanguage":"fr-FR","potentialAction":[{"@type":"ReadAction","target":["https:\/\/guineediversite.com\/index.php\/2013\/12\/31\/education-les-eleves-de-lecole-nationale-dinstituteur-en-colere\/"]}]},{"@type":"BreadcrumbList","@id":"https:\/\/guineediversite.com\/index.php\/2013\/12\/31\/education-les-eleves-de-lecole-nationale-dinstituteur-en-colere\/#breadcrumb","itemListElement":[{"@type":"ListItem","position":1,"name":"Accueil","item":"https:\/\/guineediversite.com\/"},{"@type":"ListItem","position":2,"name":"Education : les \u00e9l\u00e8ves de l\u2019\u00e9cole nationale d\u2019instituteur en col\u00e8re"}]},{"@type":"WebSite","@id":"https:\/\/guineediversite.com\/#website","url":"https:\/\/guineediversite.com\/","name":"Guin\u00e9e Diversit\u00e9","description":"L&#039;Info dans toute sa diversit\u00e9","publisher":{"@id":"https:\/\/guineediversite.com\/#organization"},"potentialAction":[{"@type":"SearchAction","target":{"@type":"EntryPoint","urlTemplate":"https:\/\/guineediversite.com\/?s={search_term_string}"},"query-input":{"@type":"PropertyValueSpecification","valueRequired":true,"valueName":"search_term_string"}}],"inLanguage":"fr-FR"},{"@type":"Organization","@id":"https:\/\/guineediversite.com\/#organization","name":"Guin\u00e9e Diversit\u00e9","url":"https:\/\/guineediversite.com\/","logo":{"@type":"ImageObject","inLanguage":"fr-FR","@id":"https:\/\/guineediversite.com\/#\/schema\/logo\/image\/","url":"https:\/\/guineediversite.com\/wp-content\/uploads\/2017\/04\/cropped-1jojlxEOMkX9Wyqfhe43D6kjPOGqBBKmx3EwWJqZ0cMrFF54yM49.png","contentUrl":"https:\/\/guineediversite.com\/wp-content\/uploads\/2017\/04\/cropped-1jojlxEOMkX9Wyqfhe43D6kjPOGqBBKmx3EwWJqZ0cMrFF54yM49.png","width":186,"height":112,"caption":"Guin\u00e9e Diversit\u00e9"},"image":{"@id":"https:\/\/guineediversite.com\/#\/schema\/logo\/image\/"},"sameAs":["https:\/\/www.facebook.com\/guineediversite\/","https:\/\/x.com\/GuineeDiversite","https:\/\/www.youtube.com\/channel\/UC8sUY16qelG5ge6_D5SB83g"]},{"@type":"Person","@id":"https:\/\/guineediversite.com\/#\/schema\/person\/afa08fb34e7fc6e1feafc892612bc836","name":"Guin\u00e9e Diversit\u00e9","image":{"@type":"ImageObject","inLanguage":"fr-FR","@id":"https:\/\/guineediversite.com\/#\/schema\/person\/image\/","url":"https:\/\/secure.gravatar.com\/avatar\/50d5eb5b390f8b65ac30ac6f898eb83a?s=96&d=mm&r=g","contentUrl":"https:\/\/secure.gravatar.com\/avatar\/50d5eb5b390f8b65ac30ac6f898eb83a?s=96&d=mm&r=g","caption":"Guin\u00e9e Diversit\u00e9"},"url":"https:\/\/guineediversite.com\/index.php\/author\/guineediversite\/"}]}},"_links":{"self":[{"href":"https:\/\/guineediversite.com\/index.php\/wp-json\/wp\/v2\/posts\/19791"}],"collection":[{"href":"https:\/\/guineediversite.com\/index.php\/wp-json\/wp\/v2\/posts"}],"about":[{"href":"https:\/\/guineediversite.com\/index.php\/wp-json\/wp\/v2\/types\/post"}],"author":[{"embeddable":true,"href":"https:\/\/guineediversite.com\/index.php\/wp-json\/wp\/v2\/users\/12"}],"replies":[{"embeddable":true,"href":"https:\/\/guineediversite.com\/index.php\/wp-json\/wp\/v2\/comments?post=19791"}],"version-history":[{"count":0,"href":"https:\/\/guineediversite.com\/index.php\/wp-json\/wp\/v2\/posts\/19791\/revisions"}],"wp:attachment":[{"href":"https:\/\/guineediversite.com\/index.php\/wp-json\/wp\/v2\/media?parent=19791"}],"wp:term":[{"taxonomy":"category","embeddable":true,"href":"https:\/\/guineediversite.com\/index.php\/wp-json\/wp\/v2\/categories?post=19791"},{"taxonomy":"post_tag","embeddable":true,"href":"https:\/\/guineediversite.com\/index.php\/wp-json\/wp\/v2\/tags?post=19791"}],"curies":[{"name":"wp","href":"https:\/\/api.w.org\/{rel}","templated":true}]}}