{"id":19790,"date":"2013-12-31T00:00:00","date_gmt":"2013-12-30T23:00:00","guid":{"rendered":"https:\/\/www.guineediversite.com\/index.php\/2013\/12\/31\/lassociation-des-jeunes-pour-leducation-et-la-culture-renouvelle-ses-instances-dirigeantes\/"},"modified":"2013-12-31T00:00:00","modified_gmt":"2013-12-30T23:00:00","slug":"lassociation-des-jeunes-pour-leducation-et-la-culture-renouvelle-ses-instances-dirigeantes","status":"publish","type":"post","link":"https:\/\/guineediversite.com\/index.php\/2013\/12\/31\/lassociation-des-jeunes-pour-leducation-et-la-culture-renouvelle-ses-instances-dirigeantes\/","title":{"rendered":"L\u2019Association des jeunes pour l\u2019Education et la Culture renouvelle ses instances dirigeantes"},"content":{"rendered":"<p>L\u2019Association des jeunes pour l\u2019\u00e9ducation  et la culture a un nouveau conseil d\u2019administration et une nouvelle coordination. Ces deux instances dirigeantes ont \u00e9t\u00e9 \u00e9lues ce dimanche 09 f\u00e9vrier 2014 lors d\u2019une assembl\u00e9e g\u00e9n\u00e9rale de l\u2019Association, organis\u00e9e \u00e0 cet effet. <\/p>\n<p>Cette occasion a \u00e9galement permis \u00e0 l\u2019\u00e9quipe sortante de faire le bilan de sa gestion. Un bilan satisfaisant selon le coordinateur g\u00e9n\u00e9ral sortant,  Alpha Oumar Tour\u00e9, qui d\u2019ailleurs compte parmi les r\u00e9alisations de son \u00e9quipe entre autres,  le projet \u00e9trange rencontre qui a regroup\u00e9 en 2011 plus de 15 pays africain en Guin\u00e9e ;  le projet vie associative au service des communaut\u00e9s qui a permis de former des jeunes dans la vie associative ou encore l\u2019observation domestique des \u00e9lections en guin\u00e9e \u00e0 laquelle, l\u2019AJEC a activement particip\u00e9 selon Alpha Oumar Tour\u00e9.<\/p>\n<p>Apr\u00e8s le poste  de coordinateur g\u00e9n\u00e9ral, Alpha Oumar Tour\u00e9 a \u00e9t\u00e9 \u00e9lu pr\u00e9sident du conseil d\u2019Administration  de la m\u00eame association et s\u2019envole d\u00e9j\u00e0 pour le Canada pour 4 mois pour une formation en renforcement des capacit\u00e9s  entant que d\u00e9l\u00e9gu\u00e9 officiel de la Guin\u00e9e \u00e0 l\u2019UNESCO.<br \/>\nDe son cot\u00e9, le Coordinateur entrant de l\u2019AJEC,  annonce des nouvelles perspectives et une nouvelle vision pour l\u2019ONG.  Selon Alpha Ciss\u00e9, dans les prochains jours, son \u00e9quipe et lui vont s\u2019atteler \u00e0 donner une nouvelle orientation  et une nouvelle direction pour faire de l\u2019AJEC une association phare en Guin\u00e9e.<\/p>\n<p>Parmi les priorit\u00e9s de son mandat, Alpha Ciss\u00e9 cite la conception d\u2019un site web pour  l\u2019association qui, selon lui, pourra h\u00e9berger pr\u00e8s de 500 associations. Il ya aussi dit \u2013il, la r\u00e9alisation de la cinqui\u00e8me \u00e9dition de l\u2019\u00e9trange rencontre. <\/p>\n<p>Pour rappel, l\u2019AJEC a \u00e9t\u00e9 cr\u00e9e en 2002, elle a pour objectif  entre autres, la promotion de l\u2019\u00e9ducation et la culture en Guin\u00e9e,  la fraternit\u00e9 entre les jeunes guin\u00e9ens, la promotion du leadership f\u00e9minin, la lutter contre la d\u00e9linquance juv\u00e9nile  ou encore la lutte contre l\u2019abandon scolaire des jeunes filles.<br \/>\nThierno Moussa Bah<br \/>\n+224622494526<\/p>\n","protected":false},"excerpt":{"rendered":"<p>L\u2019Association des jeunes pour l\u2019\u00e9ducation et la culture a un nouveau conseil d\u2019administration et une nouvelle coordination. Ces deux instances dirigeantes ont \u00e9t\u00e9 \u00e9lues ce dimanche 09 f\u00e9vrier 2014 lors d\u2019une assembl\u00e9e g\u00e9n\u00e9rale de l\u2019Association, organis\u00e9e \u00e0 cet effet. Cette occasion a \u00e9galement permis \u00e0 l\u2019\u00e9quipe sortante de faire le bilan de sa gestion. Un [&hellip;]<\/p>\n","protected":false},"author":12,"featured_media":0,"comment_status":"open","ping_status":"open","sticky":false,"template":"","format":"standard","meta":{"_exactmetrics_skip_tracking":false,"_exactmetrics_sitenote_active":false,"_exactmetrics_sitenote_note":"","_exactmetrics_sitenote_category":0,"tdm_status":"","tdm_grid_status":"","footnotes":""},"categories":[28],"tags":[],"class_list":{"0":"post-19790","1":"post","2":"type-post","3":"status-publish","4":"format-standard","6":"category-archives"},"yoast_head":"<!-- This site is optimized with the Yoast SEO plugin v24.2 - https:\/\/yoast.com\/wordpress\/plugins\/seo\/ -->\n<title>L\u2019Association des jeunes pour l\u2019Education et la Culture renouvelle ses instances dirigeantes | Guin\u00e9e Diversit\u00e9<\/title>\n<meta name=\"robots\" content=\"index, follow, max-snippet:-1, max-image-preview:large, max-video-preview:-1\" \/>\n<link rel=\"canonical\" href=\"https:\/\/guineediversite.com\/index.php\/2013\/12\/31\/lassociation-des-jeunes-pour-leducation-et-la-culture-renouvelle-ses-instances-dirigeantes\/\" \/>\n<meta property=\"og:locale\" content=\"fr_FR\" \/>\n<meta property=\"og:type\" content=\"article\" \/>\n<meta property=\"og:title\" content=\"L\u2019Association des jeunes pour l\u2019Education et la Culture renouvelle ses instances dirigeantes | Guin\u00e9e Diversit\u00e9\" \/>\n<meta property=\"og:description\" content=\"L\u2019Association des jeunes pour l\u2019\u00e9ducation et la culture a un nouveau conseil d\u2019administration et une nouvelle coordination. Ces deux instances dirigeantes ont \u00e9t\u00e9 \u00e9lues ce dimanche 09 f\u00e9vrier 2014 lors d\u2019une assembl\u00e9e g\u00e9n\u00e9rale de l\u2019Association, organis\u00e9e \u00e0 cet effet. Cette occasion a \u00e9galement permis \u00e0 l\u2019\u00e9quipe sortante de faire le bilan de sa gestion. Un [&hellip;]\" \/>\n<meta property=\"og:url\" content=\"https:\/\/guineediversite.com\/index.php\/2013\/12\/31\/lassociation-des-jeunes-pour-leducation-et-la-culture-renouvelle-ses-instances-dirigeantes\/\" \/>\n<meta property=\"og:site_name\" content=\"Guin\u00e9e Diversit\u00e9\" \/>\n<meta property=\"article:publisher\" content=\"https:\/\/www.facebook.com\/guineediversite\/\" \/>\n<meta property=\"article:published_time\" content=\"2013-12-30T23:00:00+00:00\" \/>\n<meta name=\"author\" content=\"Guin\u00e9e Diversit\u00e9\" \/>\n<meta name=\"twitter:card\" content=\"summary_large_image\" \/>\n<meta name=\"twitter:creator\" content=\"@GuineeDiversite\" \/>\n<meta name=\"twitter:site\" content=\"@GuineeDiversite\" \/>\n<meta name=\"twitter:label1\" content=\"\u00c9crit par\" \/>\n\t<meta name=\"twitter:data1\" content=\"Guin\u00e9e Diversit\u00e9\" \/>\n\t<meta name=\"twitter:label2\" content=\"Dur\u00e9e de lecture estim\u00e9e\" \/>\n\t<meta name=\"twitter:data2\" content=\"2 minutes\" \/>\n<script type=\"application\/ld+json\" class=\"yoast-schema-graph\">{\"@context\":\"https:\/\/schema.org\",\"@graph\":[{\"@type\":\"Article\",\"@id\":\"https:\/\/guineediversite.com\/index.php\/2013\/12\/31\/lassociation-des-jeunes-pour-leducation-et-la-culture-renouvelle-ses-instances-dirigeantes\/#article\",\"isPartOf\":{\"@id\":\"https:\/\/guineediversite.com\/index.php\/2013\/12\/31\/lassociation-des-jeunes-pour-leducation-et-la-culture-renouvelle-ses-instances-dirigeantes\/\"},\"author\":{\"name\":\"Guin\u00e9e Diversit\u00e9\",\"@id\":\"https:\/\/guineediversite.com\/#\/schema\/person\/afa08fb34e7fc6e1feafc892612bc836\"},\"headline\":\"L\u2019Association des jeunes pour l\u2019Education et la Culture renouvelle ses instances dirigeantes\",\"datePublished\":\"2013-12-30T23:00:00+00:00\",\"dateModified\":\"2013-12-30T23:00:00+00:00\",\"mainEntityOfPage\":{\"@id\":\"https:\/\/guineediversite.com\/index.php\/2013\/12\/31\/lassociation-des-jeunes-pour-leducation-et-la-culture-renouvelle-ses-instances-dirigeantes\/\"},\"wordCount\":372,\"commentCount\":0,\"publisher\":{\"@id\":\"https:\/\/guineediversite.com\/#organization\"},\"articleSection\":[\"Archives\"],\"inLanguage\":\"fr-FR\",\"potentialAction\":[{\"@type\":\"CommentAction\",\"name\":\"Comment\",\"target\":[\"https:\/\/guineediversite.com\/index.php\/2013\/12\/31\/lassociation-des-jeunes-pour-leducation-et-la-culture-renouvelle-ses-instances-dirigeantes\/#respond\"]}]},{\"@type\":\"WebPage\",\"@id\":\"https:\/\/guineediversite.com\/index.php\/2013\/12\/31\/lassociation-des-jeunes-pour-leducation-et-la-culture-renouvelle-ses-instances-dirigeantes\/\",\"url\":\"https:\/\/guineediversite.com\/index.php\/2013\/12\/31\/lassociation-des-jeunes-pour-leducation-et-la-culture-renouvelle-ses-instances-dirigeantes\/\",\"name\":\"L\u2019Association des jeunes pour l\u2019Education et la Culture renouvelle ses instances dirigeantes | Guin\u00e9e Diversit\u00e9\",\"isPartOf\":{\"@id\":\"https:\/\/guineediversite.com\/#website\"},\"datePublished\":\"2013-12-30T23:00:00+00:00\",\"dateModified\":\"2013-12-30T23:00:00+00:00\",\"breadcrumb\":{\"@id\":\"https:\/\/guineediversite.com\/index.php\/2013\/12\/31\/lassociation-des-jeunes-pour-leducation-et-la-culture-renouvelle-ses-instances-dirigeantes\/#breadcrumb\"},\"inLanguage\":\"fr-FR\",\"potentialAction\":[{\"@type\":\"ReadAction\",\"target\":[\"https:\/\/guineediversite.com\/index.php\/2013\/12\/31\/lassociation-des-jeunes-pour-leducation-et-la-culture-renouvelle-ses-instances-dirigeantes\/\"]}]},{\"@type\":\"BreadcrumbList\",\"@id\":\"https:\/\/guineediversite.com\/index.php\/2013\/12\/31\/lassociation-des-jeunes-pour-leducation-et-la-culture-renouvelle-ses-instances-dirigeantes\/#breadcrumb\",\"itemListElement\":[{\"@type\":\"ListItem\",\"position\":1,\"name\":\"Accueil\",\"item\":\"https:\/\/guineediversite.com\/\"},{\"@type\":\"ListItem\",\"position\":2,\"name\":\"L\u2019Association des jeunes pour l\u2019Education et la Culture renouvelle ses instances dirigeantes\"}]},{\"@type\":\"WebSite\",\"@id\":\"https:\/\/guineediversite.com\/#website\",\"url\":\"https:\/\/guineediversite.com\/\",\"name\":\"Guin\u00e9e Diversit\u00e9\",\"description\":\"L&#039;Info dans toute sa diversit\u00e9\",\"publisher\":{\"@id\":\"https:\/\/guineediversite.com\/#organization\"},\"potentialAction\":[{\"@type\":\"SearchAction\",\"target\":{\"@type\":\"EntryPoint\",\"urlTemplate\":\"https:\/\/guineediversite.com\/?s={search_term_string}\"},\"query-input\":{\"@type\":\"PropertyValueSpecification\",\"valueRequired\":true,\"valueName\":\"search_term_string\"}}],\"inLanguage\":\"fr-FR\"},{\"@type\":\"Organization\",\"@id\":\"https:\/\/guineediversite.com\/#organization\",\"name\":\"Guin\u00e9e Diversit\u00e9\",\"url\":\"https:\/\/guineediversite.com\/\",\"logo\":{\"@type\":\"ImageObject\",\"inLanguage\":\"fr-FR\",\"@id\":\"https:\/\/guineediversite.com\/#\/schema\/logo\/image\/\",\"url\":\"https:\/\/guineediversite.com\/wp-content\/uploads\/2017\/04\/cropped-1jojlxEOMkX9Wyqfhe43D6kjPOGqBBKmx3EwWJqZ0cMrFF54yM49.png\",\"contentUrl\":\"https:\/\/guineediversite.com\/wp-content\/uploads\/2017\/04\/cropped-1jojlxEOMkX9Wyqfhe43D6kjPOGqBBKmx3EwWJqZ0cMrFF54yM49.png\",\"width\":186,\"height\":112,\"caption\":\"Guin\u00e9e Diversit\u00e9\"},\"image\":{\"@id\":\"https:\/\/guineediversite.com\/#\/schema\/logo\/image\/\"},\"sameAs\":[\"https:\/\/www.facebook.com\/guineediversite\/\",\"https:\/\/x.com\/GuineeDiversite\",\"https:\/\/www.youtube.com\/channel\/UC8sUY16qelG5ge6_D5SB83g\"]},{\"@type\":\"Person\",\"@id\":\"https:\/\/guineediversite.com\/#\/schema\/person\/afa08fb34e7fc6e1feafc892612bc836\",\"name\":\"Guin\u00e9e Diversit\u00e9\",\"image\":{\"@type\":\"ImageObject\",\"inLanguage\":\"fr-FR\",\"@id\":\"https:\/\/guineediversite.com\/#\/schema\/person\/image\/\",\"url\":\"https:\/\/secure.gravatar.com\/avatar\/50d5eb5b390f8b65ac30ac6f898eb83a?s=96&d=mm&r=g\",\"contentUrl\":\"https:\/\/secure.gravatar.com\/avatar\/50d5eb5b390f8b65ac30ac6f898eb83a?s=96&d=mm&r=g\",\"caption\":\"Guin\u00e9e Diversit\u00e9\"},\"url\":\"https:\/\/guineediversite.com\/index.php\/author\/guineediversite\/\"}]}<\/script>\n<!-- \/ Yoast SEO plugin. -->","yoast_head_json":{"title":"L\u2019Association des jeunes pour l\u2019Education et la Culture renouvelle ses instances dirigeantes | Guin\u00e9e Diversit\u00e9","robots":{"index":"index","follow":"follow","max-snippet":"max-snippet:-1","max-image-preview":"max-image-preview:large","max-video-preview":"max-video-preview:-1"},"canonical":"https:\/\/guineediversite.com\/index.php\/2013\/12\/31\/lassociation-des-jeunes-pour-leducation-et-la-culture-renouvelle-ses-instances-dirigeantes\/","og_locale":"fr_FR","og_type":"article","og_title":"L\u2019Association des jeunes pour l\u2019Education et la Culture renouvelle ses instances dirigeantes | Guin\u00e9e Diversit\u00e9","og_description":"L\u2019Association des jeunes pour l\u2019\u00e9ducation et la culture a un nouveau conseil d\u2019administration et une nouvelle coordination. Ces deux instances dirigeantes ont \u00e9t\u00e9 \u00e9lues ce dimanche 09 f\u00e9vrier 2014 lors d\u2019une assembl\u00e9e g\u00e9n\u00e9rale de l\u2019Association, organis\u00e9e \u00e0 cet effet. Cette occasion a \u00e9galement permis \u00e0 l\u2019\u00e9quipe sortante de faire le bilan de sa gestion. Un [&hellip;]","og_url":"https:\/\/guineediversite.com\/index.php\/2013\/12\/31\/lassociation-des-jeunes-pour-leducation-et-la-culture-renouvelle-ses-instances-dirigeantes\/","og_site_name":"Guin\u00e9e Diversit\u00e9","article_publisher":"https:\/\/www.facebook.com\/guineediversite\/","article_published_time":"2013-12-30T23:00:00+00:00","author":"Guin\u00e9e Diversit\u00e9","twitter_card":"summary_large_image","twitter_creator":"@GuineeDiversite","twitter_site":"@GuineeDiversite","twitter_misc":{"\u00c9crit par":"Guin\u00e9e Diversit\u00e9","Dur\u00e9e de lecture estim\u00e9e":"2 minutes"},"schema":{"@context":"https:\/\/schema.org","@graph":[{"@type":"Article","@id":"https:\/\/guineediversite.com\/index.php\/2013\/12\/31\/lassociation-des-jeunes-pour-leducation-et-la-culture-renouvelle-ses-instances-dirigeantes\/#article","isPartOf":{"@id":"https:\/\/guineediversite.com\/index.php\/2013\/12\/31\/lassociation-des-jeunes-pour-leducation-et-la-culture-renouvelle-ses-instances-dirigeantes\/"},"author":{"name":"Guin\u00e9e Diversit\u00e9","@id":"https:\/\/guineediversite.com\/#\/schema\/person\/afa08fb34e7fc6e1feafc892612bc836"},"headline":"L\u2019Association des jeunes pour l\u2019Education et la Culture renouvelle ses instances dirigeantes","datePublished":"2013-12-30T23:00:00+00:00","dateModified":"2013-12-30T23:00:00+00:00","mainEntityOfPage":{"@id":"https:\/\/guineediversite.com\/index.php\/2013\/12\/31\/lassociation-des-jeunes-pour-leducation-et-la-culture-renouvelle-ses-instances-dirigeantes\/"},"wordCount":372,"commentCount":0,"publisher":{"@id":"https:\/\/guineediversite.com\/#organization"},"articleSection":["Archives"],"inLanguage":"fr-FR","potentialAction":[{"@type":"CommentAction","name":"Comment","target":["https:\/\/guineediversite.com\/index.php\/2013\/12\/31\/lassociation-des-jeunes-pour-leducation-et-la-culture-renouvelle-ses-instances-dirigeantes\/#respond"]}]},{"@type":"WebPage","@id":"https:\/\/guineediversite.com\/index.php\/2013\/12\/31\/lassociation-des-jeunes-pour-leducation-et-la-culture-renouvelle-ses-instances-dirigeantes\/","url":"https:\/\/guineediversite.com\/index.php\/2013\/12\/31\/lassociation-des-jeunes-pour-leducation-et-la-culture-renouvelle-ses-instances-dirigeantes\/","name":"L\u2019Association des jeunes pour l\u2019Education et la Culture renouvelle ses instances dirigeantes | Guin\u00e9e Diversit\u00e9","isPartOf":{"@id":"https:\/\/guineediversite.com\/#website"},"datePublished":"2013-12-30T23:00:00+00:00","dateModified":"2013-12-30T23:00:00+00:00","breadcrumb":{"@id":"https:\/\/guineediversite.com\/index.php\/2013\/12\/31\/lassociation-des-jeunes-pour-leducation-et-la-culture-renouvelle-ses-instances-dirigeantes\/#breadcrumb"},"inLanguage":"fr-FR","potentialAction":[{"@type":"ReadAction","target":["https:\/\/guineediversite.com\/index.php\/2013\/12\/31\/lassociation-des-jeunes-pour-leducation-et-la-culture-renouvelle-ses-instances-dirigeantes\/"]}]},{"@type":"BreadcrumbList","@id":"https:\/\/guineediversite.com\/index.php\/2013\/12\/31\/lassociation-des-jeunes-pour-leducation-et-la-culture-renouvelle-ses-instances-dirigeantes\/#breadcrumb","itemListElement":[{"@type":"ListItem","position":1,"name":"Accueil","item":"https:\/\/guineediversite.com\/"},{"@type":"ListItem","position":2,"name":"L\u2019Association des jeunes pour l\u2019Education et la Culture renouvelle ses instances dirigeantes"}]},{"@type":"WebSite","@id":"https:\/\/guineediversite.com\/#website","url":"https:\/\/guineediversite.com\/","name":"Guin\u00e9e Diversit\u00e9","description":"L&#039;Info dans toute sa diversit\u00e9","publisher":{"@id":"https:\/\/guineediversite.com\/#organization"},"potentialAction":[{"@type":"SearchAction","target":{"@type":"EntryPoint","urlTemplate":"https:\/\/guineediversite.com\/?s={search_term_string}"},"query-input":{"@type":"PropertyValueSpecification","valueRequired":true,"valueName":"search_term_string"}}],"inLanguage":"fr-FR"},{"@type":"Organization","@id":"https:\/\/guineediversite.com\/#organization","name":"Guin\u00e9e Diversit\u00e9","url":"https:\/\/guineediversite.com\/","logo":{"@type":"ImageObject","inLanguage":"fr-FR","@id":"https:\/\/guineediversite.com\/#\/schema\/logo\/image\/","url":"https:\/\/guineediversite.com\/wp-content\/uploads\/2017\/04\/cropped-1jojlxEOMkX9Wyqfhe43D6kjPOGqBBKmx3EwWJqZ0cMrFF54yM49.png","contentUrl":"https:\/\/guineediversite.com\/wp-content\/uploads\/2017\/04\/cropped-1jojlxEOMkX9Wyqfhe43D6kjPOGqBBKmx3EwWJqZ0cMrFF54yM49.png","width":186,"height":112,"caption":"Guin\u00e9e Diversit\u00e9"},"image":{"@id":"https:\/\/guineediversite.com\/#\/schema\/logo\/image\/"},"sameAs":["https:\/\/www.facebook.com\/guineediversite\/","https:\/\/x.com\/GuineeDiversite","https:\/\/www.youtube.com\/channel\/UC8sUY16qelG5ge6_D5SB83g"]},{"@type":"Person","@id":"https:\/\/guineediversite.com\/#\/schema\/person\/afa08fb34e7fc6e1feafc892612bc836","name":"Guin\u00e9e Diversit\u00e9","image":{"@type":"ImageObject","inLanguage":"fr-FR","@id":"https:\/\/guineediversite.com\/#\/schema\/person\/image\/","url":"https:\/\/secure.gravatar.com\/avatar\/50d5eb5b390f8b65ac30ac6f898eb83a?s=96&d=mm&r=g","contentUrl":"https:\/\/secure.gravatar.com\/avatar\/50d5eb5b390f8b65ac30ac6f898eb83a?s=96&d=mm&r=g","caption":"Guin\u00e9e Diversit\u00e9"},"url":"https:\/\/guineediversite.com\/index.php\/author\/guineediversite\/"}]}},"_links":{"self":[{"href":"https:\/\/guineediversite.com\/index.php\/wp-json\/wp\/v2\/posts\/19790"}],"collection":[{"href":"https:\/\/guineediversite.com\/index.php\/wp-json\/wp\/v2\/posts"}],"about":[{"href":"https:\/\/guineediversite.com\/index.php\/wp-json\/wp\/v2\/types\/post"}],"author":[{"embeddable":true,"href":"https:\/\/guineediversite.com\/index.php\/wp-json\/wp\/v2\/users\/12"}],"replies":[{"embeddable":true,"href":"https:\/\/guineediversite.com\/index.php\/wp-json\/wp\/v2\/comments?post=19790"}],"version-history":[{"count":0,"href":"https:\/\/guineediversite.com\/index.php\/wp-json\/wp\/v2\/posts\/19790\/revisions"}],"wp:attachment":[{"href":"https:\/\/guineediversite.com\/index.php\/wp-json\/wp\/v2\/media?parent=19790"}],"wp:term":[{"taxonomy":"category","embeddable":true,"href":"https:\/\/guineediversite.com\/index.php\/wp-json\/wp\/v2\/categories?post=19790"},{"taxonomy":"post_tag","embeddable":true,"href":"https:\/\/guineediversite.com\/index.php\/wp-json\/wp\/v2\/tags?post=19790"}],"curies":[{"name":"wp","href":"https:\/\/api.w.org\/{rel}","templated":true}]}}