{"id":19785,"date":"2013-12-31T00:00:00","date_gmt":"2013-12-30T23:00:00","guid":{"rendered":"https:\/\/www.guineediversite.com\/index.php\/2013\/12\/31\/lancien-conseiller-juridique-de-nfd-annonce-officiellement-sa-demission\/"},"modified":"2013-12-31T00:00:00","modified_gmt":"2013-12-30T23:00:00","slug":"lancien-conseiller-juridique-de-nfd-annonce-officiellement-sa-demission","status":"publish","type":"post","link":"https:\/\/guineediversite.com\/index.php\/2013\/12\/31\/lancien-conseiller-juridique-de-nfd-annonce-officiellement-sa-demission\/","title":{"rendered":"L\u2019ancien Conseiller juridique de NFD annonce officiellement sa d\u00e9mission"},"content":{"rendered":"<p>Cette d\u00e9mission fait suite \u00e0 la menace de la jeunesse du parti qui demandait son d\u00e9part. Le d\u00e9sormais ancien conseiller juridique des NFD Aboubacar Siddighy Diallo est revenu sur les motifs de sa d\u00e9mission: \u00abJe ne jette pas l\u2019\u00e9ponge, je mets plut\u00f4t fin \u00e0 un jeu qui a trop dur\u00e9. Si vous ne vous retrouvez pas dans un milieu auquel vous avez appartenu ou que vous continuez \u00e0 appartenir alors, il faudrait r\u00e9fl\u00e9chir et vous rendre \u00e0 l\u2019\u00e9vidence que vous ne vous sentez plus bien dans ce milieu l\u00e0 ou que les valeurs que vous \u00e9tiez sens\u00e9s d\u00e9fendre avec les uns et les autres ou les orientations ne sont plus les m\u00eames, alors vous tirez votre conclusion et c\u2019est mon cas \u00bb.<br \/>\nSelon l\u2019ancien conseiller juridique des Nouvelles Forces D\u00e9mocratiques, sa d\u00e9mission n\u2019a rien \u00e0 voir avec des querelles entre lui et le pr\u00e9sident du parti, Mouctar Diallo comme l\u2019avait expliqu\u00e9 la vice-pr\u00e9sidente du m\u00eame parti, Saran Tour\u00e9 qui a aussi rendu le tablier: \u00ab Mouctar Diallo a toujours \u00e9t\u00e9 un ami et le restera pour toujours. Cela n\u2019a rien \u00e0 voir avec ma d\u00e9mission qui est due au fait que je ne me retrouve plus au sein des NFD parce que tout ce que j\u2019ai voulu d\u00e9fendre, les orientations actuelles ne ressemblent plus \u00e0 cet objectif l\u00e0. Je me retire des NFD tout en esp\u00e9rant que le parti va avancer \u00bb, dira t-il.<br \/>\n Guineediversite.com<\/p>\n","protected":false},"excerpt":{"rendered":"<p>Cette d\u00e9mission fait suite \u00e0 la menace de la jeunesse du parti qui demandait son d\u00e9part. Le d\u00e9sormais ancien conseiller juridique des NFD Aboubacar Siddighy Diallo est revenu sur les motifs de sa d\u00e9mission: \u00abJe ne jette pas l\u2019\u00e9ponge, je mets plut\u00f4t fin \u00e0 un jeu qui a trop dur\u00e9. Si vous ne vous retrouvez [&hellip;]<\/p>\n","protected":false},"author":12,"featured_media":0,"comment_status":"open","ping_status":"open","sticky":false,"template":"","format":"standard","meta":{"_exactmetrics_skip_tracking":false,"_exactmetrics_sitenote_active":false,"_exactmetrics_sitenote_note":"","_exactmetrics_sitenote_category":0,"tdm_status":"","tdm_grid_status":"","footnotes":""},"categories":[28],"tags":[],"class_list":{"0":"post-19785","1":"post","2":"type-post","3":"status-publish","4":"format-standard","6":"category-archives"},"yoast_head":"<!-- This site is optimized with the Yoast SEO plugin v24.2 - https:\/\/yoast.com\/wordpress\/plugins\/seo\/ -->\n<title>L\u2019ancien Conseiller juridique de NFD annonce officiellement sa d\u00e9mission | Guin\u00e9e Diversit\u00e9<\/title>\n<meta name=\"robots\" content=\"index, follow, max-snippet:-1, max-image-preview:large, max-video-preview:-1\" \/>\n<link rel=\"canonical\" href=\"https:\/\/guineediversite.com\/index.php\/2013\/12\/31\/lancien-conseiller-juridique-de-nfd-annonce-officiellement-sa-demission\/\" \/>\n<meta property=\"og:locale\" content=\"fr_FR\" \/>\n<meta property=\"og:type\" content=\"article\" \/>\n<meta property=\"og:title\" content=\"L\u2019ancien Conseiller juridique de NFD annonce officiellement sa d\u00e9mission | Guin\u00e9e Diversit\u00e9\" \/>\n<meta property=\"og:description\" content=\"Cette d\u00e9mission fait suite \u00e0 la menace de la jeunesse du parti qui demandait son d\u00e9part. Le d\u00e9sormais ancien conseiller juridique des NFD Aboubacar Siddighy Diallo est revenu sur les motifs de sa d\u00e9mission: \u00abJe ne jette pas l\u2019\u00e9ponge, je mets plut\u00f4t fin \u00e0 un jeu qui a trop dur\u00e9. Si vous ne vous retrouvez [&hellip;]\" \/>\n<meta property=\"og:url\" content=\"https:\/\/guineediversite.com\/index.php\/2013\/12\/31\/lancien-conseiller-juridique-de-nfd-annonce-officiellement-sa-demission\/\" \/>\n<meta property=\"og:site_name\" content=\"Guin\u00e9e Diversit\u00e9\" \/>\n<meta property=\"article:publisher\" content=\"https:\/\/www.facebook.com\/guineediversite\/\" \/>\n<meta property=\"article:published_time\" content=\"2013-12-30T23:00:00+00:00\" \/>\n<meta name=\"author\" content=\"Guin\u00e9e Diversit\u00e9\" \/>\n<meta name=\"twitter:card\" content=\"summary_large_image\" \/>\n<meta name=\"twitter:creator\" content=\"@GuineeDiversite\" \/>\n<meta name=\"twitter:site\" content=\"@GuineeDiversite\" \/>\n<meta name=\"twitter:label1\" content=\"\u00c9crit par\" \/>\n\t<meta name=\"twitter:data1\" content=\"Guin\u00e9e Diversit\u00e9\" \/>\n\t<meta name=\"twitter:label2\" content=\"Dur\u00e9e de lecture estim\u00e9e\" \/>\n\t<meta name=\"twitter:data2\" content=\"1 minute\" \/>\n<script type=\"application\/ld+json\" class=\"yoast-schema-graph\">{\"@context\":\"https:\/\/schema.org\",\"@graph\":[{\"@type\":\"Article\",\"@id\":\"https:\/\/guineediversite.com\/index.php\/2013\/12\/31\/lancien-conseiller-juridique-de-nfd-annonce-officiellement-sa-demission\/#article\",\"isPartOf\":{\"@id\":\"https:\/\/guineediversite.com\/index.php\/2013\/12\/31\/lancien-conseiller-juridique-de-nfd-annonce-officiellement-sa-demission\/\"},\"author\":{\"name\":\"Guin\u00e9e Diversit\u00e9\",\"@id\":\"https:\/\/guineediversite.com\/#\/schema\/person\/afa08fb34e7fc6e1feafc892612bc836\"},\"headline\":\"L\u2019ancien Conseiller juridique de NFD annonce officiellement sa d\u00e9mission\",\"datePublished\":\"2013-12-30T23:00:00+00:00\",\"dateModified\":\"2013-12-30T23:00:00+00:00\",\"mainEntityOfPage\":{\"@id\":\"https:\/\/guineediversite.com\/index.php\/2013\/12\/31\/lancien-conseiller-juridique-de-nfd-annonce-officiellement-sa-demission\/\"},\"wordCount\":263,\"commentCount\":0,\"publisher\":{\"@id\":\"https:\/\/guineediversite.com\/#organization\"},\"articleSection\":[\"Archives\"],\"inLanguage\":\"fr-FR\",\"potentialAction\":[{\"@type\":\"CommentAction\",\"name\":\"Comment\",\"target\":[\"https:\/\/guineediversite.com\/index.php\/2013\/12\/31\/lancien-conseiller-juridique-de-nfd-annonce-officiellement-sa-demission\/#respond\"]}]},{\"@type\":\"WebPage\",\"@id\":\"https:\/\/guineediversite.com\/index.php\/2013\/12\/31\/lancien-conseiller-juridique-de-nfd-annonce-officiellement-sa-demission\/\",\"url\":\"https:\/\/guineediversite.com\/index.php\/2013\/12\/31\/lancien-conseiller-juridique-de-nfd-annonce-officiellement-sa-demission\/\",\"name\":\"L\u2019ancien Conseiller juridique de NFD annonce officiellement sa d\u00e9mission | Guin\u00e9e Diversit\u00e9\",\"isPartOf\":{\"@id\":\"https:\/\/guineediversite.com\/#website\"},\"datePublished\":\"2013-12-30T23:00:00+00:00\",\"dateModified\":\"2013-12-30T23:00:00+00:00\",\"breadcrumb\":{\"@id\":\"https:\/\/guineediversite.com\/index.php\/2013\/12\/31\/lancien-conseiller-juridique-de-nfd-annonce-officiellement-sa-demission\/#breadcrumb\"},\"inLanguage\":\"fr-FR\",\"potentialAction\":[{\"@type\":\"ReadAction\",\"target\":[\"https:\/\/guineediversite.com\/index.php\/2013\/12\/31\/lancien-conseiller-juridique-de-nfd-annonce-officiellement-sa-demission\/\"]}]},{\"@type\":\"BreadcrumbList\",\"@id\":\"https:\/\/guineediversite.com\/index.php\/2013\/12\/31\/lancien-conseiller-juridique-de-nfd-annonce-officiellement-sa-demission\/#breadcrumb\",\"itemListElement\":[{\"@type\":\"ListItem\",\"position\":1,\"name\":\"Accueil\",\"item\":\"https:\/\/guineediversite.com\/\"},{\"@type\":\"ListItem\",\"position\":2,\"name\":\"L\u2019ancien Conseiller juridique de NFD annonce officiellement sa d\u00e9mission\"}]},{\"@type\":\"WebSite\",\"@id\":\"https:\/\/guineediversite.com\/#website\",\"url\":\"https:\/\/guineediversite.com\/\",\"name\":\"Guin\u00e9e Diversit\u00e9\",\"description\":\"L&#039;Info dans toute sa diversit\u00e9\",\"publisher\":{\"@id\":\"https:\/\/guineediversite.com\/#organization\"},\"potentialAction\":[{\"@type\":\"SearchAction\",\"target\":{\"@type\":\"EntryPoint\",\"urlTemplate\":\"https:\/\/guineediversite.com\/?s={search_term_string}\"},\"query-input\":{\"@type\":\"PropertyValueSpecification\",\"valueRequired\":true,\"valueName\":\"search_term_string\"}}],\"inLanguage\":\"fr-FR\"},{\"@type\":\"Organization\",\"@id\":\"https:\/\/guineediversite.com\/#organization\",\"name\":\"Guin\u00e9e Diversit\u00e9\",\"url\":\"https:\/\/guineediversite.com\/\",\"logo\":{\"@type\":\"ImageObject\",\"inLanguage\":\"fr-FR\",\"@id\":\"https:\/\/guineediversite.com\/#\/schema\/logo\/image\/\",\"url\":\"https:\/\/guineediversite.com\/wp-content\/uploads\/2017\/04\/cropped-1jojlxEOMkX9Wyqfhe43D6kjPOGqBBKmx3EwWJqZ0cMrFF54yM49.png\",\"contentUrl\":\"https:\/\/guineediversite.com\/wp-content\/uploads\/2017\/04\/cropped-1jojlxEOMkX9Wyqfhe43D6kjPOGqBBKmx3EwWJqZ0cMrFF54yM49.png\",\"width\":186,\"height\":112,\"caption\":\"Guin\u00e9e Diversit\u00e9\"},\"image\":{\"@id\":\"https:\/\/guineediversite.com\/#\/schema\/logo\/image\/\"},\"sameAs\":[\"https:\/\/www.facebook.com\/guineediversite\/\",\"https:\/\/x.com\/GuineeDiversite\",\"https:\/\/www.youtube.com\/channel\/UC8sUY16qelG5ge6_D5SB83g\"]},{\"@type\":\"Person\",\"@id\":\"https:\/\/guineediversite.com\/#\/schema\/person\/afa08fb34e7fc6e1feafc892612bc836\",\"name\":\"Guin\u00e9e Diversit\u00e9\",\"image\":{\"@type\":\"ImageObject\",\"inLanguage\":\"fr-FR\",\"@id\":\"https:\/\/guineediversite.com\/#\/schema\/person\/image\/\",\"url\":\"https:\/\/secure.gravatar.com\/avatar\/50d5eb5b390f8b65ac30ac6f898eb83a?s=96&d=mm&r=g\",\"contentUrl\":\"https:\/\/secure.gravatar.com\/avatar\/50d5eb5b390f8b65ac30ac6f898eb83a?s=96&d=mm&r=g\",\"caption\":\"Guin\u00e9e Diversit\u00e9\"},\"url\":\"https:\/\/guineediversite.com\/index.php\/author\/guineediversite\/\"}]}<\/script>\n<!-- \/ Yoast SEO plugin. -->","yoast_head_json":{"title":"L\u2019ancien Conseiller juridique de NFD annonce officiellement sa d\u00e9mission | Guin\u00e9e Diversit\u00e9","robots":{"index":"index","follow":"follow","max-snippet":"max-snippet:-1","max-image-preview":"max-image-preview:large","max-video-preview":"max-video-preview:-1"},"canonical":"https:\/\/guineediversite.com\/index.php\/2013\/12\/31\/lancien-conseiller-juridique-de-nfd-annonce-officiellement-sa-demission\/","og_locale":"fr_FR","og_type":"article","og_title":"L\u2019ancien Conseiller juridique de NFD annonce officiellement sa d\u00e9mission | Guin\u00e9e Diversit\u00e9","og_description":"Cette d\u00e9mission fait suite \u00e0 la menace de la jeunesse du parti qui demandait son d\u00e9part. Le d\u00e9sormais ancien conseiller juridique des NFD Aboubacar Siddighy Diallo est revenu sur les motifs de sa d\u00e9mission: \u00abJe ne jette pas l\u2019\u00e9ponge, je mets plut\u00f4t fin \u00e0 un jeu qui a trop dur\u00e9. Si vous ne vous retrouvez [&hellip;]","og_url":"https:\/\/guineediversite.com\/index.php\/2013\/12\/31\/lancien-conseiller-juridique-de-nfd-annonce-officiellement-sa-demission\/","og_site_name":"Guin\u00e9e Diversit\u00e9","article_publisher":"https:\/\/www.facebook.com\/guineediversite\/","article_published_time":"2013-12-30T23:00:00+00:00","author":"Guin\u00e9e Diversit\u00e9","twitter_card":"summary_large_image","twitter_creator":"@GuineeDiversite","twitter_site":"@GuineeDiversite","twitter_misc":{"\u00c9crit par":"Guin\u00e9e Diversit\u00e9","Dur\u00e9e de lecture estim\u00e9e":"1 minute"},"schema":{"@context":"https:\/\/schema.org","@graph":[{"@type":"Article","@id":"https:\/\/guineediversite.com\/index.php\/2013\/12\/31\/lancien-conseiller-juridique-de-nfd-annonce-officiellement-sa-demission\/#article","isPartOf":{"@id":"https:\/\/guineediversite.com\/index.php\/2013\/12\/31\/lancien-conseiller-juridique-de-nfd-annonce-officiellement-sa-demission\/"},"author":{"name":"Guin\u00e9e Diversit\u00e9","@id":"https:\/\/guineediversite.com\/#\/schema\/person\/afa08fb34e7fc6e1feafc892612bc836"},"headline":"L\u2019ancien Conseiller juridique de NFD annonce officiellement sa d\u00e9mission","datePublished":"2013-12-30T23:00:00+00:00","dateModified":"2013-12-30T23:00:00+00:00","mainEntityOfPage":{"@id":"https:\/\/guineediversite.com\/index.php\/2013\/12\/31\/lancien-conseiller-juridique-de-nfd-annonce-officiellement-sa-demission\/"},"wordCount":263,"commentCount":0,"publisher":{"@id":"https:\/\/guineediversite.com\/#organization"},"articleSection":["Archives"],"inLanguage":"fr-FR","potentialAction":[{"@type":"CommentAction","name":"Comment","target":["https:\/\/guineediversite.com\/index.php\/2013\/12\/31\/lancien-conseiller-juridique-de-nfd-annonce-officiellement-sa-demission\/#respond"]}]},{"@type":"WebPage","@id":"https:\/\/guineediversite.com\/index.php\/2013\/12\/31\/lancien-conseiller-juridique-de-nfd-annonce-officiellement-sa-demission\/","url":"https:\/\/guineediversite.com\/index.php\/2013\/12\/31\/lancien-conseiller-juridique-de-nfd-annonce-officiellement-sa-demission\/","name":"L\u2019ancien Conseiller juridique de NFD annonce officiellement sa d\u00e9mission | Guin\u00e9e Diversit\u00e9","isPartOf":{"@id":"https:\/\/guineediversite.com\/#website"},"datePublished":"2013-12-30T23:00:00+00:00","dateModified":"2013-12-30T23:00:00+00:00","breadcrumb":{"@id":"https:\/\/guineediversite.com\/index.php\/2013\/12\/31\/lancien-conseiller-juridique-de-nfd-annonce-officiellement-sa-demission\/#breadcrumb"},"inLanguage":"fr-FR","potentialAction":[{"@type":"ReadAction","target":["https:\/\/guineediversite.com\/index.php\/2013\/12\/31\/lancien-conseiller-juridique-de-nfd-annonce-officiellement-sa-demission\/"]}]},{"@type":"BreadcrumbList","@id":"https:\/\/guineediversite.com\/index.php\/2013\/12\/31\/lancien-conseiller-juridique-de-nfd-annonce-officiellement-sa-demission\/#breadcrumb","itemListElement":[{"@type":"ListItem","position":1,"name":"Accueil","item":"https:\/\/guineediversite.com\/"},{"@type":"ListItem","position":2,"name":"L\u2019ancien Conseiller juridique de NFD annonce officiellement sa d\u00e9mission"}]},{"@type":"WebSite","@id":"https:\/\/guineediversite.com\/#website","url":"https:\/\/guineediversite.com\/","name":"Guin\u00e9e Diversit\u00e9","description":"L&#039;Info dans toute sa diversit\u00e9","publisher":{"@id":"https:\/\/guineediversite.com\/#organization"},"potentialAction":[{"@type":"SearchAction","target":{"@type":"EntryPoint","urlTemplate":"https:\/\/guineediversite.com\/?s={search_term_string}"},"query-input":{"@type":"PropertyValueSpecification","valueRequired":true,"valueName":"search_term_string"}}],"inLanguage":"fr-FR"},{"@type":"Organization","@id":"https:\/\/guineediversite.com\/#organization","name":"Guin\u00e9e Diversit\u00e9","url":"https:\/\/guineediversite.com\/","logo":{"@type":"ImageObject","inLanguage":"fr-FR","@id":"https:\/\/guineediversite.com\/#\/schema\/logo\/image\/","url":"https:\/\/guineediversite.com\/wp-content\/uploads\/2017\/04\/cropped-1jojlxEOMkX9Wyqfhe43D6kjPOGqBBKmx3EwWJqZ0cMrFF54yM49.png","contentUrl":"https:\/\/guineediversite.com\/wp-content\/uploads\/2017\/04\/cropped-1jojlxEOMkX9Wyqfhe43D6kjPOGqBBKmx3EwWJqZ0cMrFF54yM49.png","width":186,"height":112,"caption":"Guin\u00e9e Diversit\u00e9"},"image":{"@id":"https:\/\/guineediversite.com\/#\/schema\/logo\/image\/"},"sameAs":["https:\/\/www.facebook.com\/guineediversite\/","https:\/\/x.com\/GuineeDiversite","https:\/\/www.youtube.com\/channel\/UC8sUY16qelG5ge6_D5SB83g"]},{"@type":"Person","@id":"https:\/\/guineediversite.com\/#\/schema\/person\/afa08fb34e7fc6e1feafc892612bc836","name":"Guin\u00e9e Diversit\u00e9","image":{"@type":"ImageObject","inLanguage":"fr-FR","@id":"https:\/\/guineediversite.com\/#\/schema\/person\/image\/","url":"https:\/\/secure.gravatar.com\/avatar\/50d5eb5b390f8b65ac30ac6f898eb83a?s=96&d=mm&r=g","contentUrl":"https:\/\/secure.gravatar.com\/avatar\/50d5eb5b390f8b65ac30ac6f898eb83a?s=96&d=mm&r=g","caption":"Guin\u00e9e Diversit\u00e9"},"url":"https:\/\/guineediversite.com\/index.php\/author\/guineediversite\/"}]}},"_links":{"self":[{"href":"https:\/\/guineediversite.com\/index.php\/wp-json\/wp\/v2\/posts\/19785"}],"collection":[{"href":"https:\/\/guineediversite.com\/index.php\/wp-json\/wp\/v2\/posts"}],"about":[{"href":"https:\/\/guineediversite.com\/index.php\/wp-json\/wp\/v2\/types\/post"}],"author":[{"embeddable":true,"href":"https:\/\/guineediversite.com\/index.php\/wp-json\/wp\/v2\/users\/12"}],"replies":[{"embeddable":true,"href":"https:\/\/guineediversite.com\/index.php\/wp-json\/wp\/v2\/comments?post=19785"}],"version-history":[{"count":0,"href":"https:\/\/guineediversite.com\/index.php\/wp-json\/wp\/v2\/posts\/19785\/revisions"}],"wp:attachment":[{"href":"https:\/\/guineediversite.com\/index.php\/wp-json\/wp\/v2\/media?parent=19785"}],"wp:term":[{"taxonomy":"category","embeddable":true,"href":"https:\/\/guineediversite.com\/index.php\/wp-json\/wp\/v2\/categories?post=19785"},{"taxonomy":"post_tag","embeddable":true,"href":"https:\/\/guineediversite.com\/index.php\/wp-json\/wp\/v2\/tags?post=19785"}],"curies":[{"name":"wp","href":"https:\/\/api.w.org\/{rel}","templated":true}]}}