{"id":19778,"date":"2013-12-31T00:00:00","date_gmt":"2013-12-30T23:00:00","guid":{"rendered":"https:\/\/www.guineediversite.com\/index.php\/2013\/12\/31\/lassociation-sportive-de-kaloum-epinglee-dans-une-affaire-de-non-paiement-de-facture\/"},"modified":"2013-12-31T00:00:00","modified_gmt":"2013-12-30T23:00:00","slug":"lassociation-sportive-de-kaloum-epinglee-dans-une-affaire-de-non-paiement-de-facture","status":"publish","type":"post","link":"https:\/\/guineediversite.com\/index.php\/2013\/12\/31\/lassociation-sportive-de-kaloum-epinglee-dans-une-affaire-de-non-paiement-de-facture\/","title":{"rendered":"L\u2019Association Sportive de Kaloum \u00e9pingl\u00e9e dans une affaire de non paiement de facture"},"content":{"rendered":"<p>Apr\u00e8s son retour d\u2019Abidjan, le club de l\u2019Association sportive de Kaloum est rentr\u00e9 en internat au mois de d\u00e9cembre dernier \u00e0 l\u2019h\u00f4tel r\u00e9sidence Cameroun, situ\u00e9 dans la commune de Dixinn.<br \/>\nLes joueurs et membre du staff au nombre de quarante, ont s\u00e9journ\u00e9s pendant 48 h dans cet h\u00f4tel. Pendant ces deux jours, ASK a b\u00e9n\u00e9fici\u00e9 d\u2019une consommation forfaitaire au pr\u00e8s du restaurant de l\u2019h\u00f4tel. Mamadou Camara, g\u00e9rant du restaurant explique : \u00ab  c\u2019est un certain Scorpion qui a conduit l\u2019\u00e9quipe chez moi. En m\u00eame temps, il m\u2019a demande de faire un rabais pour eux. C\u2019est ainsi que Chaque joueur a mang\u00e9 4 plats en deux jours, soient deux plats de riz \u00e0 raison de 20.000 GNF le plat la journ\u00e9e, et deux plats de spaghetti, \u00e0 30 milles francs guin\u00e9ens le plat le soir. C\u2019est valable pour les encadreurs de l\u2019\u00e9quipe. A cela s\u2019ajoute le prix d\u2019une chaise cass\u00e9e  que j\u2019ai achet\u00e9 \u00e0 150milles et un flacon d\u2019eau de 7 milles GNF. Le tout donne juste 4.157 000 GNF \u00bb.<br \/>\n \u00ab Depuis le 7 d\u00e9cembre 2013 je laiss\u00e9 la facture \u00e0 l\u2019h\u00f4tel pour partir au S\u00e9n\u00e9gal, j\u2019ai fait environ un mois l\u00e0-bas. A mon retour, je trouve que le club n\u2019a pas pay\u00e9 la facture. Entre temps, j\u2019ai entrepris quelques d\u00e9marches au pr\u00e8s des dirigeants du club. J\u2019ai appel\u00e9 Black et S\u00e9kou pour leur parler, mais ils n\u2019ont jamais voulu me comprendre. Parfois m\u00eame ils me raccrochent au nez \u00bb d\u00e9clare le g\u00e9rant du restaurant.<br \/>\nPour un souci d\u2019\u00e9quilibre, nous avons rencontr\u00e9 quelques dirigeants du club ASK, qui affirment n\u2019avoir pas pris connaissance du dossier pour le moment.<br \/>\nThierno Abdoul Bald\u00e9<\/p>\n","protected":false},"excerpt":{"rendered":"<p>Apr\u00e8s son retour d\u2019Abidjan, le club de l\u2019Association sportive de Kaloum est rentr\u00e9 en internat au mois de d\u00e9cembre dernier \u00e0 l\u2019h\u00f4tel r\u00e9sidence Cameroun, situ\u00e9 dans la commune de Dixinn. Les joueurs et membre du staff au nombre de quarante, ont s\u00e9journ\u00e9s pendant 48 h dans cet h\u00f4tel. Pendant ces deux jours, ASK a b\u00e9n\u00e9fici\u00e9 [&hellip;]<\/p>\n","protected":false},"author":12,"featured_media":0,"comment_status":"open","ping_status":"open","sticky":false,"template":"","format":"standard","meta":{"_exactmetrics_skip_tracking":false,"_exactmetrics_sitenote_active":false,"_exactmetrics_sitenote_note":"","_exactmetrics_sitenote_category":0,"tdm_status":"","tdm_grid_status":"","footnotes":""},"categories":[28],"tags":[],"class_list":{"0":"post-19778","1":"post","2":"type-post","3":"status-publish","4":"format-standard","6":"category-archives"},"yoast_head":"<!-- This site is optimized with the Yoast SEO plugin v24.2 - https:\/\/yoast.com\/wordpress\/plugins\/seo\/ -->\n<title>L\u2019Association Sportive de Kaloum \u00e9pingl\u00e9e dans une affaire de non paiement de facture | Guin\u00e9e Diversit\u00e9<\/title>\n<meta name=\"robots\" content=\"index, follow, max-snippet:-1, max-image-preview:large, max-video-preview:-1\" \/>\n<link rel=\"canonical\" href=\"https:\/\/guineediversite.com\/index.php\/2013\/12\/31\/lassociation-sportive-de-kaloum-epinglee-dans-une-affaire-de-non-paiement-de-facture\/\" \/>\n<meta property=\"og:locale\" content=\"fr_FR\" \/>\n<meta property=\"og:type\" content=\"article\" \/>\n<meta property=\"og:title\" content=\"L\u2019Association Sportive de Kaloum \u00e9pingl\u00e9e dans une affaire de non paiement de facture | Guin\u00e9e Diversit\u00e9\" \/>\n<meta property=\"og:description\" content=\"Apr\u00e8s son retour d\u2019Abidjan, le club de l\u2019Association sportive de Kaloum est rentr\u00e9 en internat au mois de d\u00e9cembre dernier \u00e0 l\u2019h\u00f4tel r\u00e9sidence Cameroun, situ\u00e9 dans la commune de Dixinn. Les joueurs et membre du staff au nombre de quarante, ont s\u00e9journ\u00e9s pendant 48 h dans cet h\u00f4tel. Pendant ces deux jours, ASK a b\u00e9n\u00e9fici\u00e9 [&hellip;]\" \/>\n<meta property=\"og:url\" content=\"https:\/\/guineediversite.com\/index.php\/2013\/12\/31\/lassociation-sportive-de-kaloum-epinglee-dans-une-affaire-de-non-paiement-de-facture\/\" \/>\n<meta property=\"og:site_name\" content=\"Guin\u00e9e Diversit\u00e9\" \/>\n<meta property=\"article:publisher\" content=\"https:\/\/www.facebook.com\/guineediversite\/\" \/>\n<meta property=\"article:published_time\" content=\"2013-12-30T23:00:00+00:00\" \/>\n<meta name=\"author\" content=\"Guin\u00e9e Diversit\u00e9\" \/>\n<meta name=\"twitter:card\" content=\"summary_large_image\" \/>\n<meta name=\"twitter:creator\" content=\"@GuineeDiversite\" \/>\n<meta name=\"twitter:site\" content=\"@GuineeDiversite\" \/>\n<meta name=\"twitter:label1\" content=\"\u00c9crit par\" \/>\n\t<meta name=\"twitter:data1\" content=\"Guin\u00e9e Diversit\u00e9\" \/>\n\t<meta name=\"twitter:label2\" content=\"Dur\u00e9e de lecture estim\u00e9e\" \/>\n\t<meta name=\"twitter:data2\" content=\"2 minutes\" \/>\n<script type=\"application\/ld+json\" class=\"yoast-schema-graph\">{\"@context\":\"https:\/\/schema.org\",\"@graph\":[{\"@type\":\"Article\",\"@id\":\"https:\/\/guineediversite.com\/index.php\/2013\/12\/31\/lassociation-sportive-de-kaloum-epinglee-dans-une-affaire-de-non-paiement-de-facture\/#article\",\"isPartOf\":{\"@id\":\"https:\/\/guineediversite.com\/index.php\/2013\/12\/31\/lassociation-sportive-de-kaloum-epinglee-dans-une-affaire-de-non-paiement-de-facture\/\"},\"author\":{\"name\":\"Guin\u00e9e Diversit\u00e9\",\"@id\":\"https:\/\/guineediversite.com\/#\/schema\/person\/afa08fb34e7fc6e1feafc892612bc836\"},\"headline\":\"L\u2019Association Sportive de Kaloum \u00e9pingl\u00e9e dans une affaire de non paiement de facture\",\"datePublished\":\"2013-12-30T23:00:00+00:00\",\"dateModified\":\"2013-12-30T23:00:00+00:00\",\"mainEntityOfPage\":{\"@id\":\"https:\/\/guineediversite.com\/index.php\/2013\/12\/31\/lassociation-sportive-de-kaloum-epinglee-dans-une-affaire-de-non-paiement-de-facture\/\"},\"wordCount\":317,\"commentCount\":0,\"publisher\":{\"@id\":\"https:\/\/guineediversite.com\/#organization\"},\"articleSection\":[\"Archives\"],\"inLanguage\":\"fr-FR\",\"potentialAction\":[{\"@type\":\"CommentAction\",\"name\":\"Comment\",\"target\":[\"https:\/\/guineediversite.com\/index.php\/2013\/12\/31\/lassociation-sportive-de-kaloum-epinglee-dans-une-affaire-de-non-paiement-de-facture\/#respond\"]}]},{\"@type\":\"WebPage\",\"@id\":\"https:\/\/guineediversite.com\/index.php\/2013\/12\/31\/lassociation-sportive-de-kaloum-epinglee-dans-une-affaire-de-non-paiement-de-facture\/\",\"url\":\"https:\/\/guineediversite.com\/index.php\/2013\/12\/31\/lassociation-sportive-de-kaloum-epinglee-dans-une-affaire-de-non-paiement-de-facture\/\",\"name\":\"L\u2019Association Sportive de Kaloum \u00e9pingl\u00e9e dans une affaire de non paiement de facture | Guin\u00e9e Diversit\u00e9\",\"isPartOf\":{\"@id\":\"https:\/\/guineediversite.com\/#website\"},\"datePublished\":\"2013-12-30T23:00:00+00:00\",\"dateModified\":\"2013-12-30T23:00:00+00:00\",\"breadcrumb\":{\"@id\":\"https:\/\/guineediversite.com\/index.php\/2013\/12\/31\/lassociation-sportive-de-kaloum-epinglee-dans-une-affaire-de-non-paiement-de-facture\/#breadcrumb\"},\"inLanguage\":\"fr-FR\",\"potentialAction\":[{\"@type\":\"ReadAction\",\"target\":[\"https:\/\/guineediversite.com\/index.php\/2013\/12\/31\/lassociation-sportive-de-kaloum-epinglee-dans-une-affaire-de-non-paiement-de-facture\/\"]}]},{\"@type\":\"BreadcrumbList\",\"@id\":\"https:\/\/guineediversite.com\/index.php\/2013\/12\/31\/lassociation-sportive-de-kaloum-epinglee-dans-une-affaire-de-non-paiement-de-facture\/#breadcrumb\",\"itemListElement\":[{\"@type\":\"ListItem\",\"position\":1,\"name\":\"Accueil\",\"item\":\"https:\/\/guineediversite.com\/\"},{\"@type\":\"ListItem\",\"position\":2,\"name\":\"L\u2019Association Sportive de Kaloum \u00e9pingl\u00e9e dans une affaire de non paiement de facture\"}]},{\"@type\":\"WebSite\",\"@id\":\"https:\/\/guineediversite.com\/#website\",\"url\":\"https:\/\/guineediversite.com\/\",\"name\":\"Guin\u00e9e Diversit\u00e9\",\"description\":\"L&#039;Info dans toute sa diversit\u00e9\",\"publisher\":{\"@id\":\"https:\/\/guineediversite.com\/#organization\"},\"potentialAction\":[{\"@type\":\"SearchAction\",\"target\":{\"@type\":\"EntryPoint\",\"urlTemplate\":\"https:\/\/guineediversite.com\/?s={search_term_string}\"},\"query-input\":{\"@type\":\"PropertyValueSpecification\",\"valueRequired\":true,\"valueName\":\"search_term_string\"}}],\"inLanguage\":\"fr-FR\"},{\"@type\":\"Organization\",\"@id\":\"https:\/\/guineediversite.com\/#organization\",\"name\":\"Guin\u00e9e Diversit\u00e9\",\"url\":\"https:\/\/guineediversite.com\/\",\"logo\":{\"@type\":\"ImageObject\",\"inLanguage\":\"fr-FR\",\"@id\":\"https:\/\/guineediversite.com\/#\/schema\/logo\/image\/\",\"url\":\"https:\/\/guineediversite.com\/wp-content\/uploads\/2017\/04\/cropped-1jojlxEOMkX9Wyqfhe43D6kjPOGqBBKmx3EwWJqZ0cMrFF54yM49.png\",\"contentUrl\":\"https:\/\/guineediversite.com\/wp-content\/uploads\/2017\/04\/cropped-1jojlxEOMkX9Wyqfhe43D6kjPOGqBBKmx3EwWJqZ0cMrFF54yM49.png\",\"width\":186,\"height\":112,\"caption\":\"Guin\u00e9e Diversit\u00e9\"},\"image\":{\"@id\":\"https:\/\/guineediversite.com\/#\/schema\/logo\/image\/\"},\"sameAs\":[\"https:\/\/www.facebook.com\/guineediversite\/\",\"https:\/\/x.com\/GuineeDiversite\",\"https:\/\/www.youtube.com\/channel\/UC8sUY16qelG5ge6_D5SB83g\"]},{\"@type\":\"Person\",\"@id\":\"https:\/\/guineediversite.com\/#\/schema\/person\/afa08fb34e7fc6e1feafc892612bc836\",\"name\":\"Guin\u00e9e Diversit\u00e9\",\"image\":{\"@type\":\"ImageObject\",\"inLanguage\":\"fr-FR\",\"@id\":\"https:\/\/guineediversite.com\/#\/schema\/person\/image\/\",\"url\":\"https:\/\/secure.gravatar.com\/avatar\/50d5eb5b390f8b65ac30ac6f898eb83a?s=96&d=mm&r=g\",\"contentUrl\":\"https:\/\/secure.gravatar.com\/avatar\/50d5eb5b390f8b65ac30ac6f898eb83a?s=96&d=mm&r=g\",\"caption\":\"Guin\u00e9e Diversit\u00e9\"},\"url\":\"https:\/\/guineediversite.com\/index.php\/author\/guineediversite\/\"}]}<\/script>\n<!-- \/ Yoast SEO plugin. -->","yoast_head_json":{"title":"L\u2019Association Sportive de Kaloum \u00e9pingl\u00e9e dans une affaire de non paiement de facture | Guin\u00e9e Diversit\u00e9","robots":{"index":"index","follow":"follow","max-snippet":"max-snippet:-1","max-image-preview":"max-image-preview:large","max-video-preview":"max-video-preview:-1"},"canonical":"https:\/\/guineediversite.com\/index.php\/2013\/12\/31\/lassociation-sportive-de-kaloum-epinglee-dans-une-affaire-de-non-paiement-de-facture\/","og_locale":"fr_FR","og_type":"article","og_title":"L\u2019Association Sportive de Kaloum \u00e9pingl\u00e9e dans une affaire de non paiement de facture | Guin\u00e9e Diversit\u00e9","og_description":"Apr\u00e8s son retour d\u2019Abidjan, le club de l\u2019Association sportive de Kaloum est rentr\u00e9 en internat au mois de d\u00e9cembre dernier \u00e0 l\u2019h\u00f4tel r\u00e9sidence Cameroun, situ\u00e9 dans la commune de Dixinn. Les joueurs et membre du staff au nombre de quarante, ont s\u00e9journ\u00e9s pendant 48 h dans cet h\u00f4tel. Pendant ces deux jours, ASK a b\u00e9n\u00e9fici\u00e9 [&hellip;]","og_url":"https:\/\/guineediversite.com\/index.php\/2013\/12\/31\/lassociation-sportive-de-kaloum-epinglee-dans-une-affaire-de-non-paiement-de-facture\/","og_site_name":"Guin\u00e9e Diversit\u00e9","article_publisher":"https:\/\/www.facebook.com\/guineediversite\/","article_published_time":"2013-12-30T23:00:00+00:00","author":"Guin\u00e9e Diversit\u00e9","twitter_card":"summary_large_image","twitter_creator":"@GuineeDiversite","twitter_site":"@GuineeDiversite","twitter_misc":{"\u00c9crit par":"Guin\u00e9e Diversit\u00e9","Dur\u00e9e de lecture estim\u00e9e":"2 minutes"},"schema":{"@context":"https:\/\/schema.org","@graph":[{"@type":"Article","@id":"https:\/\/guineediversite.com\/index.php\/2013\/12\/31\/lassociation-sportive-de-kaloum-epinglee-dans-une-affaire-de-non-paiement-de-facture\/#article","isPartOf":{"@id":"https:\/\/guineediversite.com\/index.php\/2013\/12\/31\/lassociation-sportive-de-kaloum-epinglee-dans-une-affaire-de-non-paiement-de-facture\/"},"author":{"name":"Guin\u00e9e Diversit\u00e9","@id":"https:\/\/guineediversite.com\/#\/schema\/person\/afa08fb34e7fc6e1feafc892612bc836"},"headline":"L\u2019Association Sportive de Kaloum \u00e9pingl\u00e9e dans une affaire de non paiement de facture","datePublished":"2013-12-30T23:00:00+00:00","dateModified":"2013-12-30T23:00:00+00:00","mainEntityOfPage":{"@id":"https:\/\/guineediversite.com\/index.php\/2013\/12\/31\/lassociation-sportive-de-kaloum-epinglee-dans-une-affaire-de-non-paiement-de-facture\/"},"wordCount":317,"commentCount":0,"publisher":{"@id":"https:\/\/guineediversite.com\/#organization"},"articleSection":["Archives"],"inLanguage":"fr-FR","potentialAction":[{"@type":"CommentAction","name":"Comment","target":["https:\/\/guineediversite.com\/index.php\/2013\/12\/31\/lassociation-sportive-de-kaloum-epinglee-dans-une-affaire-de-non-paiement-de-facture\/#respond"]}]},{"@type":"WebPage","@id":"https:\/\/guineediversite.com\/index.php\/2013\/12\/31\/lassociation-sportive-de-kaloum-epinglee-dans-une-affaire-de-non-paiement-de-facture\/","url":"https:\/\/guineediversite.com\/index.php\/2013\/12\/31\/lassociation-sportive-de-kaloum-epinglee-dans-une-affaire-de-non-paiement-de-facture\/","name":"L\u2019Association Sportive de Kaloum \u00e9pingl\u00e9e dans une affaire de non paiement de facture | Guin\u00e9e Diversit\u00e9","isPartOf":{"@id":"https:\/\/guineediversite.com\/#website"},"datePublished":"2013-12-30T23:00:00+00:00","dateModified":"2013-12-30T23:00:00+00:00","breadcrumb":{"@id":"https:\/\/guineediversite.com\/index.php\/2013\/12\/31\/lassociation-sportive-de-kaloum-epinglee-dans-une-affaire-de-non-paiement-de-facture\/#breadcrumb"},"inLanguage":"fr-FR","potentialAction":[{"@type":"ReadAction","target":["https:\/\/guineediversite.com\/index.php\/2013\/12\/31\/lassociation-sportive-de-kaloum-epinglee-dans-une-affaire-de-non-paiement-de-facture\/"]}]},{"@type":"BreadcrumbList","@id":"https:\/\/guineediversite.com\/index.php\/2013\/12\/31\/lassociation-sportive-de-kaloum-epinglee-dans-une-affaire-de-non-paiement-de-facture\/#breadcrumb","itemListElement":[{"@type":"ListItem","position":1,"name":"Accueil","item":"https:\/\/guineediversite.com\/"},{"@type":"ListItem","position":2,"name":"L\u2019Association Sportive de Kaloum \u00e9pingl\u00e9e dans une affaire de non paiement de facture"}]},{"@type":"WebSite","@id":"https:\/\/guineediversite.com\/#website","url":"https:\/\/guineediversite.com\/","name":"Guin\u00e9e Diversit\u00e9","description":"L&#039;Info dans toute sa diversit\u00e9","publisher":{"@id":"https:\/\/guineediversite.com\/#organization"},"potentialAction":[{"@type":"SearchAction","target":{"@type":"EntryPoint","urlTemplate":"https:\/\/guineediversite.com\/?s={search_term_string}"},"query-input":{"@type":"PropertyValueSpecification","valueRequired":true,"valueName":"search_term_string"}}],"inLanguage":"fr-FR"},{"@type":"Organization","@id":"https:\/\/guineediversite.com\/#organization","name":"Guin\u00e9e Diversit\u00e9","url":"https:\/\/guineediversite.com\/","logo":{"@type":"ImageObject","inLanguage":"fr-FR","@id":"https:\/\/guineediversite.com\/#\/schema\/logo\/image\/","url":"https:\/\/guineediversite.com\/wp-content\/uploads\/2017\/04\/cropped-1jojlxEOMkX9Wyqfhe43D6kjPOGqBBKmx3EwWJqZ0cMrFF54yM49.png","contentUrl":"https:\/\/guineediversite.com\/wp-content\/uploads\/2017\/04\/cropped-1jojlxEOMkX9Wyqfhe43D6kjPOGqBBKmx3EwWJqZ0cMrFF54yM49.png","width":186,"height":112,"caption":"Guin\u00e9e Diversit\u00e9"},"image":{"@id":"https:\/\/guineediversite.com\/#\/schema\/logo\/image\/"},"sameAs":["https:\/\/www.facebook.com\/guineediversite\/","https:\/\/x.com\/GuineeDiversite","https:\/\/www.youtube.com\/channel\/UC8sUY16qelG5ge6_D5SB83g"]},{"@type":"Person","@id":"https:\/\/guineediversite.com\/#\/schema\/person\/afa08fb34e7fc6e1feafc892612bc836","name":"Guin\u00e9e Diversit\u00e9","image":{"@type":"ImageObject","inLanguage":"fr-FR","@id":"https:\/\/guineediversite.com\/#\/schema\/person\/image\/","url":"https:\/\/secure.gravatar.com\/avatar\/50d5eb5b390f8b65ac30ac6f898eb83a?s=96&d=mm&r=g","contentUrl":"https:\/\/secure.gravatar.com\/avatar\/50d5eb5b390f8b65ac30ac6f898eb83a?s=96&d=mm&r=g","caption":"Guin\u00e9e Diversit\u00e9"},"url":"https:\/\/guineediversite.com\/index.php\/author\/guineediversite\/"}]}},"_links":{"self":[{"href":"https:\/\/guineediversite.com\/index.php\/wp-json\/wp\/v2\/posts\/19778"}],"collection":[{"href":"https:\/\/guineediversite.com\/index.php\/wp-json\/wp\/v2\/posts"}],"about":[{"href":"https:\/\/guineediversite.com\/index.php\/wp-json\/wp\/v2\/types\/post"}],"author":[{"embeddable":true,"href":"https:\/\/guineediversite.com\/index.php\/wp-json\/wp\/v2\/users\/12"}],"replies":[{"embeddable":true,"href":"https:\/\/guineediversite.com\/index.php\/wp-json\/wp\/v2\/comments?post=19778"}],"version-history":[{"count":0,"href":"https:\/\/guineediversite.com\/index.php\/wp-json\/wp\/v2\/posts\/19778\/revisions"}],"wp:attachment":[{"href":"https:\/\/guineediversite.com\/index.php\/wp-json\/wp\/v2\/media?parent=19778"}],"wp:term":[{"taxonomy":"category","embeddable":true,"href":"https:\/\/guineediversite.com\/index.php\/wp-json\/wp\/v2\/categories?post=19778"},{"taxonomy":"post_tag","embeddable":true,"href":"https:\/\/guineediversite.com\/index.php\/wp-json\/wp\/v2\/tags?post=19778"}],"curies":[{"name":"wp","href":"https:\/\/api.w.org\/{rel}","templated":true}]}}