{"id":19776,"date":"2013-12-31T00:00:00","date_gmt":"2013-12-30T23:00:00","guid":{"rendered":"https:\/\/www.guineediversite.com\/index.php\/2013\/12\/31\/presidence-de-la-republique-le-president-alpha-conde-sentoure-des-nouveaux-conseillers\/"},"modified":"2013-12-31T00:00:00","modified_gmt":"2013-12-30T23:00:00","slug":"presidence-de-la-republique-le-president-alpha-conde-sentoure-des-nouveaux-conseillers","status":"publish","type":"post","link":"https:\/\/guineediversite.com\/index.php\/2013\/12\/31\/presidence-de-la-republique-le-president-alpha-conde-sentoure-des-nouveaux-conseillers\/","title":{"rendered":"Pr\u00e9sidence de la R\u00e9publique : le Pr\u00e9sident Alpha Cond\u00e9  s\u2019entoure des nouveaux conseillers."},"content":{"rendered":"<p>Dans un d\u00e9cret lu ce mardi 04 f\u00e9vrier 2014 le pr\u00e9sident de la R\u00e9publique a nomm\u00e9 des nouveaux ministres conseillers \u00e0 la Pr\u00e9sidence. Parmi ceux qui font leur entr\u00e9e \u00e0 S\u00e9koutour\u00e9ya, il y a El hadj Bah Ousmane ancien ministre des travaux publique, El hadj Papa Koly Kourouma, ancien ministre de l\u2019\u00e9nergie , mais aussi, Rougui Barry ancienne ministre des guin\u00e9ens de l\u2019\u00e9tranger.<br \/>\nDans un autre d\u00e9cret de ce mardi, Alpha cond\u00e9 a confirm\u00e9 plusieurs ministre conseillers \u00e0 la pr\u00e9sidence. Parmi ces ministre conseillers confirmer nous pouvons citer le Ministre Secr\u00e9taire G\u00e9n\u00e9ral Naby Youssouf Kiridi Bangoura, ou encore le Ministre Directeur de cabinet Dr Mohamed Dian\u00e9.<br \/>\nPour les nouveaux entrants, ce sont :<br \/>\nMinistre d\u2019Etat, conseiller sp\u00e9cial   : El hadj Bah Ousmane ancien Ministre des travaux public<br \/>\nMinistre d\u2019Etat, conseiller sp\u00e9cial : El hadj Papa Koly Kourouma ancien ministre d\u2019\u00e9nergie<br \/>\nMinistre d\u2019Etat, conseiller sp\u00e9cial : El hadj Tidiane Traor\u00e9 ancien ministre d\u00e9l\u00e9gu\u00e9 au transport<br \/>\nMinistre conseiller : Madame Rougui Barry ancien ministre d\u00e9l\u00e9gu\u00e9 des guin\u00e9ens de l\u2019\u00e9tranger<br \/>\nMinistre conseiller charg\u00e9 des questions \u00e9conomiques et financi\u00e8res : Monsieur Mady KABA Camara  \u00e9conomiste<br \/>\nConseiller : Monsieur Mamadou BANO Professeur<br \/>\nCharg\u00e9 des Missions : Monsieur BADY TOURE pr\u00e9c\u00e9demment  conseill\u00e9 juridique au Port autonome de Conakry<br \/>\n21 hauts cadres ont \u00e9t\u00e9 confirm\u00e9s \u00e0 leurs postes :<br \/>\nMinistre d\u2019Etat, Ministre Directeur  de cabinet : Dr Mohamed DIANE<br \/>\nMinistre d\u2019Etat, Ministre secr\u00e9taire General : Monsieur Naby Youssouf Kiridi Bangoura<br \/>\nMinistre chef de Cabinet : Dr Ibrahima Kalil Kaba<br \/>\nMinistre conseiller charg\u00e9 du d\u00e9veloppement rural : El hadj Thierno Mamadou Cellou Diallo<br \/>\nMinistre conseiller charg\u00e9 de la r\u00e9forme du secteur de la s\u00e9curit\u00e9 : Monsieur Maramany Ciss\u00e9<br \/>\nMinistre conseiller sp\u00e9cial charg\u00e9 de la direction de communication,  de l\u2019information et des questions de prospectives : Monsieur Rachid N\u2019Diaye<br \/>\nMinistre conseill\u00e8re charg\u00e9e de la coop\u00e9ration internationale Madame Fatou Bald\u00e9<br \/>\nMinistre conseiller charg\u00e9 de la p\u00eache : Monsieur Ansoumane Fofana<br \/>\nAdministrateur General de l\u2019administration et contr\u00f4le des grands Projet : Monsieur Mamadi Cond\u00e9<br \/>\nConseiller sp\u00e9cial  charg\u00e9 de la     r\u00e9forme de la justice : Monsieur  Mamadou Fofana<br \/>\nConseiller sp\u00e9cial : Monsieur Alpha Mohamed Conde<br \/>\nConseiller charg\u00e9 de l\u2019\u00e9ducation : Monsieur Almamy Soumah<br \/>\nConseill\u00e8re charg\u00e9 du secteur priv\u00e9 : Madame  Aminata Sylla<br \/>\nConseiller charg\u00e9 de l\u2019\u00e9nergie et de l\u2019hydrologie : Monsieur  Nassirou Diallo<br \/>\nConseiller charg\u00e9 des questions mini\u00e8res : Monsieur Alkaly Yamoussa  Bangoura<br \/>\nConseiller charg\u00e9 des missions : Monsieur Mohamed Lamine Cond\u00e9<br \/>\nConseiller charg\u00e9e des Missions : Madame Aissata Sylla dit Sinafakh\u00e8<br \/>\nAgent judicaire de l\u2019Etat : Maitre Gouiressi Sow<br \/>\nInspecteur General d\u2019Etat : Monsieur  Masoul Oumar Thiam<br \/>\nPr\u00e9sident du comit\u00e9 d\u2019audit : Jonas Makoumba Kadiata  Diallo<br \/>\nIntendant g\u00e9n\u00e9ral : Monsieur Kabin\u00e9 Sylla<\/p>\n<p>Guin\u00e9ediversit\u00e9.com<\/p>\n","protected":false},"excerpt":{"rendered":"<p>Dans un d\u00e9cret lu ce mardi 04 f\u00e9vrier 2014 le pr\u00e9sident de la R\u00e9publique a nomm\u00e9 des nouveaux ministres conseillers \u00e0 la Pr\u00e9sidence. Parmi ceux qui font leur entr\u00e9e \u00e0 S\u00e9koutour\u00e9ya, il y a El hadj Bah Ousmane ancien ministre des travaux publique, El hadj Papa Koly Kourouma, ancien ministre de l\u2019\u00e9nergie , mais aussi, [&hellip;]<\/p>\n","protected":false},"author":12,"featured_media":0,"comment_status":"open","ping_status":"open","sticky":false,"template":"","format":"standard","meta":{"_exactmetrics_skip_tracking":false,"_exactmetrics_sitenote_active":false,"_exactmetrics_sitenote_note":"","_exactmetrics_sitenote_category":0,"tdm_status":"","tdm_grid_status":"","footnotes":""},"categories":[28],"tags":[],"class_list":{"0":"post-19776","1":"post","2":"type-post","3":"status-publish","4":"format-standard","6":"category-archives"},"yoast_head":"<!-- This site is optimized with the Yoast SEO plugin v24.2 - https:\/\/yoast.com\/wordpress\/plugins\/seo\/ -->\n<title>Pr\u00e9sidence de la R\u00e9publique : le Pr\u00e9sident Alpha Cond\u00e9 s\u2019entoure des nouveaux conseillers. | Guin\u00e9e Diversit\u00e9<\/title>\n<meta name=\"robots\" content=\"index, follow, max-snippet:-1, max-image-preview:large, max-video-preview:-1\" \/>\n<link rel=\"canonical\" href=\"https:\/\/guineediversite.com\/index.php\/2013\/12\/31\/presidence-de-la-republique-le-president-alpha-conde-sentoure-des-nouveaux-conseillers\/\" \/>\n<meta property=\"og:locale\" content=\"fr_FR\" \/>\n<meta property=\"og:type\" content=\"article\" \/>\n<meta property=\"og:title\" content=\"Pr\u00e9sidence de la R\u00e9publique : le Pr\u00e9sident Alpha Cond\u00e9 s\u2019entoure des nouveaux conseillers. | Guin\u00e9e Diversit\u00e9\" \/>\n<meta property=\"og:description\" content=\"Dans un d\u00e9cret lu ce mardi 04 f\u00e9vrier 2014 le pr\u00e9sident de la R\u00e9publique a nomm\u00e9 des nouveaux ministres conseillers \u00e0 la Pr\u00e9sidence. Parmi ceux qui font leur entr\u00e9e \u00e0 S\u00e9koutour\u00e9ya, il y a El hadj Bah Ousmane ancien ministre des travaux publique, El hadj Papa Koly Kourouma, ancien ministre de l\u2019\u00e9nergie , mais aussi, [&hellip;]\" \/>\n<meta property=\"og:url\" content=\"https:\/\/guineediversite.com\/index.php\/2013\/12\/31\/presidence-de-la-republique-le-president-alpha-conde-sentoure-des-nouveaux-conseillers\/\" \/>\n<meta property=\"og:site_name\" content=\"Guin\u00e9e Diversit\u00e9\" \/>\n<meta property=\"article:publisher\" content=\"https:\/\/www.facebook.com\/guineediversite\/\" \/>\n<meta property=\"article:published_time\" content=\"2013-12-30T23:00:00+00:00\" \/>\n<meta name=\"author\" content=\"Guin\u00e9e Diversit\u00e9\" \/>\n<meta name=\"twitter:card\" content=\"summary_large_image\" \/>\n<meta name=\"twitter:creator\" content=\"@GuineeDiversite\" \/>\n<meta name=\"twitter:site\" content=\"@GuineeDiversite\" \/>\n<meta name=\"twitter:label1\" content=\"\u00c9crit par\" \/>\n\t<meta name=\"twitter:data1\" content=\"Guin\u00e9e Diversit\u00e9\" \/>\n\t<meta name=\"twitter:label2\" content=\"Dur\u00e9e de lecture estim\u00e9e\" \/>\n\t<meta name=\"twitter:data2\" content=\"2 minutes\" \/>\n<script type=\"application\/ld+json\" class=\"yoast-schema-graph\">{\"@context\":\"https:\/\/schema.org\",\"@graph\":[{\"@type\":\"Article\",\"@id\":\"https:\/\/guineediversite.com\/index.php\/2013\/12\/31\/presidence-de-la-republique-le-president-alpha-conde-sentoure-des-nouveaux-conseillers\/#article\",\"isPartOf\":{\"@id\":\"https:\/\/guineediversite.com\/index.php\/2013\/12\/31\/presidence-de-la-republique-le-president-alpha-conde-sentoure-des-nouveaux-conseillers\/\"},\"author\":{\"name\":\"Guin\u00e9e Diversit\u00e9\",\"@id\":\"https:\/\/guineediversite.com\/#\/schema\/person\/afa08fb34e7fc6e1feafc892612bc836\"},\"headline\":\"Pr\u00e9sidence de la R\u00e9publique : le Pr\u00e9sident Alpha Cond\u00e9 s\u2019entoure des nouveaux conseillers.\",\"datePublished\":\"2013-12-30T23:00:00+00:00\",\"dateModified\":\"2013-12-30T23:00:00+00:00\",\"mainEntityOfPage\":{\"@id\":\"https:\/\/guineediversite.com\/index.php\/2013\/12\/31\/presidence-de-la-republique-le-president-alpha-conde-sentoure-des-nouveaux-conseillers\/\"},\"wordCount\":476,\"commentCount\":0,\"publisher\":{\"@id\":\"https:\/\/guineediversite.com\/#organization\"},\"articleSection\":[\"Archives\"],\"inLanguage\":\"fr-FR\",\"potentialAction\":[{\"@type\":\"CommentAction\",\"name\":\"Comment\",\"target\":[\"https:\/\/guineediversite.com\/index.php\/2013\/12\/31\/presidence-de-la-republique-le-president-alpha-conde-sentoure-des-nouveaux-conseillers\/#respond\"]}]},{\"@type\":\"WebPage\",\"@id\":\"https:\/\/guineediversite.com\/index.php\/2013\/12\/31\/presidence-de-la-republique-le-president-alpha-conde-sentoure-des-nouveaux-conseillers\/\",\"url\":\"https:\/\/guineediversite.com\/index.php\/2013\/12\/31\/presidence-de-la-republique-le-president-alpha-conde-sentoure-des-nouveaux-conseillers\/\",\"name\":\"Pr\u00e9sidence de la R\u00e9publique : le Pr\u00e9sident Alpha Cond\u00e9 s\u2019entoure des nouveaux conseillers. | Guin\u00e9e Diversit\u00e9\",\"isPartOf\":{\"@id\":\"https:\/\/guineediversite.com\/#website\"},\"datePublished\":\"2013-12-30T23:00:00+00:00\",\"dateModified\":\"2013-12-30T23:00:00+00:00\",\"breadcrumb\":{\"@id\":\"https:\/\/guineediversite.com\/index.php\/2013\/12\/31\/presidence-de-la-republique-le-president-alpha-conde-sentoure-des-nouveaux-conseillers\/#breadcrumb\"},\"inLanguage\":\"fr-FR\",\"potentialAction\":[{\"@type\":\"ReadAction\",\"target\":[\"https:\/\/guineediversite.com\/index.php\/2013\/12\/31\/presidence-de-la-republique-le-president-alpha-conde-sentoure-des-nouveaux-conseillers\/\"]}]},{\"@type\":\"BreadcrumbList\",\"@id\":\"https:\/\/guineediversite.com\/index.php\/2013\/12\/31\/presidence-de-la-republique-le-president-alpha-conde-sentoure-des-nouveaux-conseillers\/#breadcrumb\",\"itemListElement\":[{\"@type\":\"ListItem\",\"position\":1,\"name\":\"Accueil\",\"item\":\"https:\/\/guineediversite.com\/\"},{\"@type\":\"ListItem\",\"position\":2,\"name\":\"Pr\u00e9sidence de la R\u00e9publique : le Pr\u00e9sident Alpha Cond\u00e9 s\u2019entoure des nouveaux conseillers.\"}]},{\"@type\":\"WebSite\",\"@id\":\"https:\/\/guineediversite.com\/#website\",\"url\":\"https:\/\/guineediversite.com\/\",\"name\":\"Guin\u00e9e Diversit\u00e9\",\"description\":\"L&#039;Info dans toute sa diversit\u00e9\",\"publisher\":{\"@id\":\"https:\/\/guineediversite.com\/#organization\"},\"potentialAction\":[{\"@type\":\"SearchAction\",\"target\":{\"@type\":\"EntryPoint\",\"urlTemplate\":\"https:\/\/guineediversite.com\/?s={search_term_string}\"},\"query-input\":{\"@type\":\"PropertyValueSpecification\",\"valueRequired\":true,\"valueName\":\"search_term_string\"}}],\"inLanguage\":\"fr-FR\"},{\"@type\":\"Organization\",\"@id\":\"https:\/\/guineediversite.com\/#organization\",\"name\":\"Guin\u00e9e Diversit\u00e9\",\"url\":\"https:\/\/guineediversite.com\/\",\"logo\":{\"@type\":\"ImageObject\",\"inLanguage\":\"fr-FR\",\"@id\":\"https:\/\/guineediversite.com\/#\/schema\/logo\/image\/\",\"url\":\"https:\/\/guineediversite.com\/wp-content\/uploads\/2017\/04\/cropped-1jojlxEOMkX9Wyqfhe43D6kjPOGqBBKmx3EwWJqZ0cMrFF54yM49.png\",\"contentUrl\":\"https:\/\/guineediversite.com\/wp-content\/uploads\/2017\/04\/cropped-1jojlxEOMkX9Wyqfhe43D6kjPOGqBBKmx3EwWJqZ0cMrFF54yM49.png\",\"width\":186,\"height\":112,\"caption\":\"Guin\u00e9e Diversit\u00e9\"},\"image\":{\"@id\":\"https:\/\/guineediversite.com\/#\/schema\/logo\/image\/\"},\"sameAs\":[\"https:\/\/www.facebook.com\/guineediversite\/\",\"https:\/\/x.com\/GuineeDiversite\",\"https:\/\/www.youtube.com\/channel\/UC8sUY16qelG5ge6_D5SB83g\"]},{\"@type\":\"Person\",\"@id\":\"https:\/\/guineediversite.com\/#\/schema\/person\/afa08fb34e7fc6e1feafc892612bc836\",\"name\":\"Guin\u00e9e Diversit\u00e9\",\"image\":{\"@type\":\"ImageObject\",\"inLanguage\":\"fr-FR\",\"@id\":\"https:\/\/guineediversite.com\/#\/schema\/person\/image\/\",\"url\":\"https:\/\/secure.gravatar.com\/avatar\/50d5eb5b390f8b65ac30ac6f898eb83a?s=96&d=mm&r=g\",\"contentUrl\":\"https:\/\/secure.gravatar.com\/avatar\/50d5eb5b390f8b65ac30ac6f898eb83a?s=96&d=mm&r=g\",\"caption\":\"Guin\u00e9e Diversit\u00e9\"},\"url\":\"https:\/\/guineediversite.com\/index.php\/author\/guineediversite\/\"}]}<\/script>\n<!-- \/ Yoast SEO plugin. -->","yoast_head_json":{"title":"Pr\u00e9sidence de la R\u00e9publique : le Pr\u00e9sident Alpha Cond\u00e9 s\u2019entoure des nouveaux conseillers. | Guin\u00e9e Diversit\u00e9","robots":{"index":"index","follow":"follow","max-snippet":"max-snippet:-1","max-image-preview":"max-image-preview:large","max-video-preview":"max-video-preview:-1"},"canonical":"https:\/\/guineediversite.com\/index.php\/2013\/12\/31\/presidence-de-la-republique-le-president-alpha-conde-sentoure-des-nouveaux-conseillers\/","og_locale":"fr_FR","og_type":"article","og_title":"Pr\u00e9sidence de la R\u00e9publique : le Pr\u00e9sident Alpha Cond\u00e9 s\u2019entoure des nouveaux conseillers. | Guin\u00e9e Diversit\u00e9","og_description":"Dans un d\u00e9cret lu ce mardi 04 f\u00e9vrier 2014 le pr\u00e9sident de la R\u00e9publique a nomm\u00e9 des nouveaux ministres conseillers \u00e0 la Pr\u00e9sidence. Parmi ceux qui font leur entr\u00e9e \u00e0 S\u00e9koutour\u00e9ya, il y a El hadj Bah Ousmane ancien ministre des travaux publique, El hadj Papa Koly Kourouma, ancien ministre de l\u2019\u00e9nergie , mais aussi, [&hellip;]","og_url":"https:\/\/guineediversite.com\/index.php\/2013\/12\/31\/presidence-de-la-republique-le-president-alpha-conde-sentoure-des-nouveaux-conseillers\/","og_site_name":"Guin\u00e9e Diversit\u00e9","article_publisher":"https:\/\/www.facebook.com\/guineediversite\/","article_published_time":"2013-12-30T23:00:00+00:00","author":"Guin\u00e9e Diversit\u00e9","twitter_card":"summary_large_image","twitter_creator":"@GuineeDiversite","twitter_site":"@GuineeDiversite","twitter_misc":{"\u00c9crit par":"Guin\u00e9e Diversit\u00e9","Dur\u00e9e de lecture estim\u00e9e":"2 minutes"},"schema":{"@context":"https:\/\/schema.org","@graph":[{"@type":"Article","@id":"https:\/\/guineediversite.com\/index.php\/2013\/12\/31\/presidence-de-la-republique-le-president-alpha-conde-sentoure-des-nouveaux-conseillers\/#article","isPartOf":{"@id":"https:\/\/guineediversite.com\/index.php\/2013\/12\/31\/presidence-de-la-republique-le-president-alpha-conde-sentoure-des-nouveaux-conseillers\/"},"author":{"name":"Guin\u00e9e Diversit\u00e9","@id":"https:\/\/guineediversite.com\/#\/schema\/person\/afa08fb34e7fc6e1feafc892612bc836"},"headline":"Pr\u00e9sidence de la R\u00e9publique : le Pr\u00e9sident Alpha Cond\u00e9 s\u2019entoure des nouveaux conseillers.","datePublished":"2013-12-30T23:00:00+00:00","dateModified":"2013-12-30T23:00:00+00:00","mainEntityOfPage":{"@id":"https:\/\/guineediversite.com\/index.php\/2013\/12\/31\/presidence-de-la-republique-le-president-alpha-conde-sentoure-des-nouveaux-conseillers\/"},"wordCount":476,"commentCount":0,"publisher":{"@id":"https:\/\/guineediversite.com\/#organization"},"articleSection":["Archives"],"inLanguage":"fr-FR","potentialAction":[{"@type":"CommentAction","name":"Comment","target":["https:\/\/guineediversite.com\/index.php\/2013\/12\/31\/presidence-de-la-republique-le-president-alpha-conde-sentoure-des-nouveaux-conseillers\/#respond"]}]},{"@type":"WebPage","@id":"https:\/\/guineediversite.com\/index.php\/2013\/12\/31\/presidence-de-la-republique-le-president-alpha-conde-sentoure-des-nouveaux-conseillers\/","url":"https:\/\/guineediversite.com\/index.php\/2013\/12\/31\/presidence-de-la-republique-le-president-alpha-conde-sentoure-des-nouveaux-conseillers\/","name":"Pr\u00e9sidence de la R\u00e9publique : le Pr\u00e9sident Alpha Cond\u00e9 s\u2019entoure des nouveaux conseillers. | Guin\u00e9e Diversit\u00e9","isPartOf":{"@id":"https:\/\/guineediversite.com\/#website"},"datePublished":"2013-12-30T23:00:00+00:00","dateModified":"2013-12-30T23:00:00+00:00","breadcrumb":{"@id":"https:\/\/guineediversite.com\/index.php\/2013\/12\/31\/presidence-de-la-republique-le-president-alpha-conde-sentoure-des-nouveaux-conseillers\/#breadcrumb"},"inLanguage":"fr-FR","potentialAction":[{"@type":"ReadAction","target":["https:\/\/guineediversite.com\/index.php\/2013\/12\/31\/presidence-de-la-republique-le-president-alpha-conde-sentoure-des-nouveaux-conseillers\/"]}]},{"@type":"BreadcrumbList","@id":"https:\/\/guineediversite.com\/index.php\/2013\/12\/31\/presidence-de-la-republique-le-president-alpha-conde-sentoure-des-nouveaux-conseillers\/#breadcrumb","itemListElement":[{"@type":"ListItem","position":1,"name":"Accueil","item":"https:\/\/guineediversite.com\/"},{"@type":"ListItem","position":2,"name":"Pr\u00e9sidence de la R\u00e9publique : le Pr\u00e9sident Alpha Cond\u00e9 s\u2019entoure des nouveaux conseillers."}]},{"@type":"WebSite","@id":"https:\/\/guineediversite.com\/#website","url":"https:\/\/guineediversite.com\/","name":"Guin\u00e9e Diversit\u00e9","description":"L&#039;Info dans toute sa diversit\u00e9","publisher":{"@id":"https:\/\/guineediversite.com\/#organization"},"potentialAction":[{"@type":"SearchAction","target":{"@type":"EntryPoint","urlTemplate":"https:\/\/guineediversite.com\/?s={search_term_string}"},"query-input":{"@type":"PropertyValueSpecification","valueRequired":true,"valueName":"search_term_string"}}],"inLanguage":"fr-FR"},{"@type":"Organization","@id":"https:\/\/guineediversite.com\/#organization","name":"Guin\u00e9e Diversit\u00e9","url":"https:\/\/guineediversite.com\/","logo":{"@type":"ImageObject","inLanguage":"fr-FR","@id":"https:\/\/guineediversite.com\/#\/schema\/logo\/image\/","url":"https:\/\/guineediversite.com\/wp-content\/uploads\/2017\/04\/cropped-1jojlxEOMkX9Wyqfhe43D6kjPOGqBBKmx3EwWJqZ0cMrFF54yM49.png","contentUrl":"https:\/\/guineediversite.com\/wp-content\/uploads\/2017\/04\/cropped-1jojlxEOMkX9Wyqfhe43D6kjPOGqBBKmx3EwWJqZ0cMrFF54yM49.png","width":186,"height":112,"caption":"Guin\u00e9e Diversit\u00e9"},"image":{"@id":"https:\/\/guineediversite.com\/#\/schema\/logo\/image\/"},"sameAs":["https:\/\/www.facebook.com\/guineediversite\/","https:\/\/x.com\/GuineeDiversite","https:\/\/www.youtube.com\/channel\/UC8sUY16qelG5ge6_D5SB83g"]},{"@type":"Person","@id":"https:\/\/guineediversite.com\/#\/schema\/person\/afa08fb34e7fc6e1feafc892612bc836","name":"Guin\u00e9e Diversit\u00e9","image":{"@type":"ImageObject","inLanguage":"fr-FR","@id":"https:\/\/guineediversite.com\/#\/schema\/person\/image\/","url":"https:\/\/secure.gravatar.com\/avatar\/50d5eb5b390f8b65ac30ac6f898eb83a?s=96&d=mm&r=g","contentUrl":"https:\/\/secure.gravatar.com\/avatar\/50d5eb5b390f8b65ac30ac6f898eb83a?s=96&d=mm&r=g","caption":"Guin\u00e9e Diversit\u00e9"},"url":"https:\/\/guineediversite.com\/index.php\/author\/guineediversite\/"}]}},"_links":{"self":[{"href":"https:\/\/guineediversite.com\/index.php\/wp-json\/wp\/v2\/posts\/19776"}],"collection":[{"href":"https:\/\/guineediversite.com\/index.php\/wp-json\/wp\/v2\/posts"}],"about":[{"href":"https:\/\/guineediversite.com\/index.php\/wp-json\/wp\/v2\/types\/post"}],"author":[{"embeddable":true,"href":"https:\/\/guineediversite.com\/index.php\/wp-json\/wp\/v2\/users\/12"}],"replies":[{"embeddable":true,"href":"https:\/\/guineediversite.com\/index.php\/wp-json\/wp\/v2\/comments?post=19776"}],"version-history":[{"count":0,"href":"https:\/\/guineediversite.com\/index.php\/wp-json\/wp\/v2\/posts\/19776\/revisions"}],"wp:attachment":[{"href":"https:\/\/guineediversite.com\/index.php\/wp-json\/wp\/v2\/media?parent=19776"}],"wp:term":[{"taxonomy":"category","embeddable":true,"href":"https:\/\/guineediversite.com\/index.php\/wp-json\/wp\/v2\/categories?post=19776"},{"taxonomy":"post_tag","embeddable":true,"href":"https:\/\/guineediversite.com\/index.php\/wp-json\/wp\/v2\/tags?post=19776"}],"curies":[{"name":"wp","href":"https:\/\/api.w.org\/{rel}","templated":true}]}}