{"id":19775,"date":"2013-12-31T00:00:00","date_gmt":"2013-12-30T23:00:00","guid":{"rendered":"https:\/\/www.guineediversite.com\/index.php\/2013\/12\/31\/negociation-entre-mouvement-syndical-et-gouvernement-entre-le-verbe-et-laction-il-ya-une-grande-difference\/"},"modified":"2013-12-31T00:00:00","modified_gmt":"2013-12-30T23:00:00","slug":"negociation-entre-mouvement-syndical-et-gouvernement-entre-le-verbe-et-laction-il-ya-une-grande-difference","status":"publish","type":"post","link":"https:\/\/guineediversite.com\/index.php\/2013\/12\/31\/negociation-entre-mouvement-syndical-et-gouvernement-entre-le-verbe-et-laction-il-ya-une-grande-difference\/","title":{"rendered":"N\u00e9gociation entre mouvement syndical et gouvernement : \u00ab Entre le verbe et l\u2019action, il ya une grande diff\u00e9rence \u00bb"},"content":{"rendered":"<p>Le mouvement syndical s\u2019est entretenu pour la deuxi\u00e8me fois ce mercredi 05 f\u00e9vrier 2014 avec le ministre de la fonction publique. Plusieurs revendications \u00e9taient \u00e0 l\u2019ordre du jour, parmi lesquelles on peut citer le payement des primes et indemnit\u00e9s et la prise en charge m\u00e9dicale des travailleurs guin\u00e9ens. Dans sa d\u00e9claration, le ministre de la fonction publique S\u00e9kou Kourouma appelle les syndicats \u00e0 travailler avec lui. \u00ab Nous allons mettre en place un comit\u00e9 de pilotage du recensement biom\u00e9trique de tous les fonctionnaires et nous allons associer le mouvement syndicale qui sera une partie int\u00e9grante de ce comit\u00e9 \u00bb rassure le ministre de la fonction publique. En r\u00e9ponse, les huit centrales syndicales par la voix d\u2019Amadou Diallo secr\u00e9taire g\u00e9n\u00e9ral de la conf\u00e9d\u00e9ration nationale des travailleurs de Guin\u00e9e (CNTG), ont r\u00e9it\u00e9r\u00e9s leur d\u00e9termination \u00e0 aller jusqu\u2019au bout, si toute fois le ministre ne respecte pas ses promesses. \u00ab Nous allons vous tenir aux mots monsieur le ministre. Entre le verbe et l\u2019action, il ya une grande diff\u00e9rence. Si vous faites ce que vous dites, nous n\u2019aurons qu\u2019\u00e0 vous f\u00e9licit\u00e9 et vous remercier. Mais si nous constatons autre d\u00e9cision qui ne va pas dans le sens de satisfaire nos revendications nous allons r\u00e9agir \u00bb r\u00e9pond Louis M\u2019bemba Soumah secr\u00e9taire g\u00e9n\u00e9ral de l\u2019Union Syndical des Travailleurs de Guin\u00e9e USTG au ministre de la fonction publique.<br \/>\nMacky SOW<\/p>\n","protected":false},"excerpt":{"rendered":"<p>Le mouvement syndical s\u2019est entretenu pour la deuxi\u00e8me fois ce mercredi 05 f\u00e9vrier 2014 avec le ministre de la fonction publique. Plusieurs revendications \u00e9taient \u00e0 l\u2019ordre du jour, parmi lesquelles on peut citer le payement des primes et indemnit\u00e9s et la prise en charge m\u00e9dicale des travailleurs guin\u00e9ens. Dans sa d\u00e9claration, le ministre de la [&hellip;]<\/p>\n","protected":false},"author":12,"featured_media":0,"comment_status":"open","ping_status":"open","sticky":false,"template":"","format":"standard","meta":{"_exactmetrics_skip_tracking":false,"_exactmetrics_sitenote_active":false,"_exactmetrics_sitenote_note":"","_exactmetrics_sitenote_category":0,"tdm_status":"","tdm_grid_status":"","footnotes":""},"categories":[28],"tags":[],"class_list":{"0":"post-19775","1":"post","2":"type-post","3":"status-publish","4":"format-standard","6":"category-archives"},"yoast_head":"<!-- This site is optimized with the Yoast SEO plugin v24.2 - https:\/\/yoast.com\/wordpress\/plugins\/seo\/ -->\n<title>N\u00e9gociation entre mouvement syndical et gouvernement : \u00ab Entre le verbe et l\u2019action, il ya une grande diff\u00e9rence \u00bb | Guin\u00e9e Diversit\u00e9<\/title>\n<meta name=\"robots\" content=\"index, follow, max-snippet:-1, max-image-preview:large, max-video-preview:-1\" \/>\n<link rel=\"canonical\" href=\"https:\/\/guineediversite.com\/index.php\/2013\/12\/31\/negociation-entre-mouvement-syndical-et-gouvernement-entre-le-verbe-et-laction-il-ya-une-grande-difference\/\" \/>\n<meta property=\"og:locale\" content=\"fr_FR\" \/>\n<meta property=\"og:type\" content=\"article\" \/>\n<meta property=\"og:title\" content=\"N\u00e9gociation entre mouvement syndical et gouvernement : \u00ab Entre le verbe et l\u2019action, il ya une grande diff\u00e9rence \u00bb | Guin\u00e9e Diversit\u00e9\" \/>\n<meta property=\"og:description\" content=\"Le mouvement syndical s\u2019est entretenu pour la deuxi\u00e8me fois ce mercredi 05 f\u00e9vrier 2014 avec le ministre de la fonction publique. Plusieurs revendications \u00e9taient \u00e0 l\u2019ordre du jour, parmi lesquelles on peut citer le payement des primes et indemnit\u00e9s et la prise en charge m\u00e9dicale des travailleurs guin\u00e9ens. Dans sa d\u00e9claration, le ministre de la [&hellip;]\" \/>\n<meta property=\"og:url\" content=\"https:\/\/guineediversite.com\/index.php\/2013\/12\/31\/negociation-entre-mouvement-syndical-et-gouvernement-entre-le-verbe-et-laction-il-ya-une-grande-difference\/\" \/>\n<meta property=\"og:site_name\" content=\"Guin\u00e9e Diversit\u00e9\" \/>\n<meta property=\"article:publisher\" content=\"https:\/\/www.facebook.com\/guineediversite\/\" \/>\n<meta property=\"article:published_time\" content=\"2013-12-30T23:00:00+00:00\" \/>\n<meta name=\"author\" content=\"Guin\u00e9e Diversit\u00e9\" \/>\n<meta name=\"twitter:card\" content=\"summary_large_image\" \/>\n<meta name=\"twitter:creator\" content=\"@GuineeDiversite\" \/>\n<meta name=\"twitter:site\" content=\"@GuineeDiversite\" \/>\n<meta name=\"twitter:label1\" content=\"\u00c9crit par\" \/>\n\t<meta name=\"twitter:data1\" content=\"Guin\u00e9e Diversit\u00e9\" \/>\n\t<meta name=\"twitter:label2\" content=\"Dur\u00e9e de lecture estim\u00e9e\" \/>\n\t<meta name=\"twitter:data2\" content=\"1 minute\" \/>\n<script type=\"application\/ld+json\" class=\"yoast-schema-graph\">{\"@context\":\"https:\/\/schema.org\",\"@graph\":[{\"@type\":\"Article\",\"@id\":\"https:\/\/guineediversite.com\/index.php\/2013\/12\/31\/negociation-entre-mouvement-syndical-et-gouvernement-entre-le-verbe-et-laction-il-ya-une-grande-difference\/#article\",\"isPartOf\":{\"@id\":\"https:\/\/guineediversite.com\/index.php\/2013\/12\/31\/negociation-entre-mouvement-syndical-et-gouvernement-entre-le-verbe-et-laction-il-ya-une-grande-difference\/\"},\"author\":{\"name\":\"Guin\u00e9e Diversit\u00e9\",\"@id\":\"https:\/\/guineediversite.com\/#\/schema\/person\/afa08fb34e7fc6e1feafc892612bc836\"},\"headline\":\"N\u00e9gociation entre mouvement syndical et gouvernement : \u00ab Entre le verbe et l\u2019action, il ya une grande diff\u00e9rence \u00bb\",\"datePublished\":\"2013-12-30T23:00:00+00:00\",\"dateModified\":\"2013-12-30T23:00:00+00:00\",\"mainEntityOfPage\":{\"@id\":\"https:\/\/guineediversite.com\/index.php\/2013\/12\/31\/negociation-entre-mouvement-syndical-et-gouvernement-entre-le-verbe-et-laction-il-ya-une-grande-difference\/\"},\"wordCount\":271,\"commentCount\":0,\"publisher\":{\"@id\":\"https:\/\/guineediversite.com\/#organization\"},\"articleSection\":[\"Archives\"],\"inLanguage\":\"fr-FR\",\"potentialAction\":[{\"@type\":\"CommentAction\",\"name\":\"Comment\",\"target\":[\"https:\/\/guineediversite.com\/index.php\/2013\/12\/31\/negociation-entre-mouvement-syndical-et-gouvernement-entre-le-verbe-et-laction-il-ya-une-grande-difference\/#respond\"]}]},{\"@type\":\"WebPage\",\"@id\":\"https:\/\/guineediversite.com\/index.php\/2013\/12\/31\/negociation-entre-mouvement-syndical-et-gouvernement-entre-le-verbe-et-laction-il-ya-une-grande-difference\/\",\"url\":\"https:\/\/guineediversite.com\/index.php\/2013\/12\/31\/negociation-entre-mouvement-syndical-et-gouvernement-entre-le-verbe-et-laction-il-ya-une-grande-difference\/\",\"name\":\"N\u00e9gociation entre mouvement syndical et gouvernement : \u00ab Entre le verbe et l\u2019action, il ya une grande diff\u00e9rence \u00bb | Guin\u00e9e Diversit\u00e9\",\"isPartOf\":{\"@id\":\"https:\/\/guineediversite.com\/#website\"},\"datePublished\":\"2013-12-30T23:00:00+00:00\",\"dateModified\":\"2013-12-30T23:00:00+00:00\",\"breadcrumb\":{\"@id\":\"https:\/\/guineediversite.com\/index.php\/2013\/12\/31\/negociation-entre-mouvement-syndical-et-gouvernement-entre-le-verbe-et-laction-il-ya-une-grande-difference\/#breadcrumb\"},\"inLanguage\":\"fr-FR\",\"potentialAction\":[{\"@type\":\"ReadAction\",\"target\":[\"https:\/\/guineediversite.com\/index.php\/2013\/12\/31\/negociation-entre-mouvement-syndical-et-gouvernement-entre-le-verbe-et-laction-il-ya-une-grande-difference\/\"]}]},{\"@type\":\"BreadcrumbList\",\"@id\":\"https:\/\/guineediversite.com\/index.php\/2013\/12\/31\/negociation-entre-mouvement-syndical-et-gouvernement-entre-le-verbe-et-laction-il-ya-une-grande-difference\/#breadcrumb\",\"itemListElement\":[{\"@type\":\"ListItem\",\"position\":1,\"name\":\"Accueil\",\"item\":\"https:\/\/guineediversite.com\/\"},{\"@type\":\"ListItem\",\"position\":2,\"name\":\"N\u00e9gociation entre mouvement syndical et gouvernement : \u00ab Entre le verbe et l\u2019action, il ya une grande diff\u00e9rence \u00bb\"}]},{\"@type\":\"WebSite\",\"@id\":\"https:\/\/guineediversite.com\/#website\",\"url\":\"https:\/\/guineediversite.com\/\",\"name\":\"Guin\u00e9e Diversit\u00e9\",\"description\":\"L&#039;Info dans toute sa diversit\u00e9\",\"publisher\":{\"@id\":\"https:\/\/guineediversite.com\/#organization\"},\"potentialAction\":[{\"@type\":\"SearchAction\",\"target\":{\"@type\":\"EntryPoint\",\"urlTemplate\":\"https:\/\/guineediversite.com\/?s={search_term_string}\"},\"query-input\":{\"@type\":\"PropertyValueSpecification\",\"valueRequired\":true,\"valueName\":\"search_term_string\"}}],\"inLanguage\":\"fr-FR\"},{\"@type\":\"Organization\",\"@id\":\"https:\/\/guineediversite.com\/#organization\",\"name\":\"Guin\u00e9e Diversit\u00e9\",\"url\":\"https:\/\/guineediversite.com\/\",\"logo\":{\"@type\":\"ImageObject\",\"inLanguage\":\"fr-FR\",\"@id\":\"https:\/\/guineediversite.com\/#\/schema\/logo\/image\/\",\"url\":\"https:\/\/guineediversite.com\/wp-content\/uploads\/2017\/04\/cropped-1jojlxEOMkX9Wyqfhe43D6kjPOGqBBKmx3EwWJqZ0cMrFF54yM49.png\",\"contentUrl\":\"https:\/\/guineediversite.com\/wp-content\/uploads\/2017\/04\/cropped-1jojlxEOMkX9Wyqfhe43D6kjPOGqBBKmx3EwWJqZ0cMrFF54yM49.png\",\"width\":186,\"height\":112,\"caption\":\"Guin\u00e9e Diversit\u00e9\"},\"image\":{\"@id\":\"https:\/\/guineediversite.com\/#\/schema\/logo\/image\/\"},\"sameAs\":[\"https:\/\/www.facebook.com\/guineediversite\/\",\"https:\/\/x.com\/GuineeDiversite\",\"https:\/\/www.youtube.com\/channel\/UC8sUY16qelG5ge6_D5SB83g\"]},{\"@type\":\"Person\",\"@id\":\"https:\/\/guineediversite.com\/#\/schema\/person\/afa08fb34e7fc6e1feafc892612bc836\",\"name\":\"Guin\u00e9e Diversit\u00e9\",\"image\":{\"@type\":\"ImageObject\",\"inLanguage\":\"fr-FR\",\"@id\":\"https:\/\/guineediversite.com\/#\/schema\/person\/image\/\",\"url\":\"https:\/\/secure.gravatar.com\/avatar\/50d5eb5b390f8b65ac30ac6f898eb83a?s=96&d=mm&r=g\",\"contentUrl\":\"https:\/\/secure.gravatar.com\/avatar\/50d5eb5b390f8b65ac30ac6f898eb83a?s=96&d=mm&r=g\",\"caption\":\"Guin\u00e9e Diversit\u00e9\"},\"url\":\"https:\/\/guineediversite.com\/index.php\/author\/guineediversite\/\"}]}<\/script>\n<!-- \/ Yoast SEO plugin. -->","yoast_head_json":{"title":"N\u00e9gociation entre mouvement syndical et gouvernement : \u00ab Entre le verbe et l\u2019action, il ya une grande diff\u00e9rence \u00bb | Guin\u00e9e Diversit\u00e9","robots":{"index":"index","follow":"follow","max-snippet":"max-snippet:-1","max-image-preview":"max-image-preview:large","max-video-preview":"max-video-preview:-1"},"canonical":"https:\/\/guineediversite.com\/index.php\/2013\/12\/31\/negociation-entre-mouvement-syndical-et-gouvernement-entre-le-verbe-et-laction-il-ya-une-grande-difference\/","og_locale":"fr_FR","og_type":"article","og_title":"N\u00e9gociation entre mouvement syndical et gouvernement : \u00ab Entre le verbe et l\u2019action, il ya une grande diff\u00e9rence \u00bb | Guin\u00e9e Diversit\u00e9","og_description":"Le mouvement syndical s\u2019est entretenu pour la deuxi\u00e8me fois ce mercredi 05 f\u00e9vrier 2014 avec le ministre de la fonction publique. Plusieurs revendications \u00e9taient \u00e0 l\u2019ordre du jour, parmi lesquelles on peut citer le payement des primes et indemnit\u00e9s et la prise en charge m\u00e9dicale des travailleurs guin\u00e9ens. Dans sa d\u00e9claration, le ministre de la [&hellip;]","og_url":"https:\/\/guineediversite.com\/index.php\/2013\/12\/31\/negociation-entre-mouvement-syndical-et-gouvernement-entre-le-verbe-et-laction-il-ya-une-grande-difference\/","og_site_name":"Guin\u00e9e Diversit\u00e9","article_publisher":"https:\/\/www.facebook.com\/guineediversite\/","article_published_time":"2013-12-30T23:00:00+00:00","author":"Guin\u00e9e Diversit\u00e9","twitter_card":"summary_large_image","twitter_creator":"@GuineeDiversite","twitter_site":"@GuineeDiversite","twitter_misc":{"\u00c9crit par":"Guin\u00e9e Diversit\u00e9","Dur\u00e9e de lecture estim\u00e9e":"1 minute"},"schema":{"@context":"https:\/\/schema.org","@graph":[{"@type":"Article","@id":"https:\/\/guineediversite.com\/index.php\/2013\/12\/31\/negociation-entre-mouvement-syndical-et-gouvernement-entre-le-verbe-et-laction-il-ya-une-grande-difference\/#article","isPartOf":{"@id":"https:\/\/guineediversite.com\/index.php\/2013\/12\/31\/negociation-entre-mouvement-syndical-et-gouvernement-entre-le-verbe-et-laction-il-ya-une-grande-difference\/"},"author":{"name":"Guin\u00e9e Diversit\u00e9","@id":"https:\/\/guineediversite.com\/#\/schema\/person\/afa08fb34e7fc6e1feafc892612bc836"},"headline":"N\u00e9gociation entre mouvement syndical et gouvernement : \u00ab Entre le verbe et l\u2019action, il ya une grande diff\u00e9rence \u00bb","datePublished":"2013-12-30T23:00:00+00:00","dateModified":"2013-12-30T23:00:00+00:00","mainEntityOfPage":{"@id":"https:\/\/guineediversite.com\/index.php\/2013\/12\/31\/negociation-entre-mouvement-syndical-et-gouvernement-entre-le-verbe-et-laction-il-ya-une-grande-difference\/"},"wordCount":271,"commentCount":0,"publisher":{"@id":"https:\/\/guineediversite.com\/#organization"},"articleSection":["Archives"],"inLanguage":"fr-FR","potentialAction":[{"@type":"CommentAction","name":"Comment","target":["https:\/\/guineediversite.com\/index.php\/2013\/12\/31\/negociation-entre-mouvement-syndical-et-gouvernement-entre-le-verbe-et-laction-il-ya-une-grande-difference\/#respond"]}]},{"@type":"WebPage","@id":"https:\/\/guineediversite.com\/index.php\/2013\/12\/31\/negociation-entre-mouvement-syndical-et-gouvernement-entre-le-verbe-et-laction-il-ya-une-grande-difference\/","url":"https:\/\/guineediversite.com\/index.php\/2013\/12\/31\/negociation-entre-mouvement-syndical-et-gouvernement-entre-le-verbe-et-laction-il-ya-une-grande-difference\/","name":"N\u00e9gociation entre mouvement syndical et gouvernement : \u00ab Entre le verbe et l\u2019action, il ya une grande diff\u00e9rence \u00bb | Guin\u00e9e Diversit\u00e9","isPartOf":{"@id":"https:\/\/guineediversite.com\/#website"},"datePublished":"2013-12-30T23:00:00+00:00","dateModified":"2013-12-30T23:00:00+00:00","breadcrumb":{"@id":"https:\/\/guineediversite.com\/index.php\/2013\/12\/31\/negociation-entre-mouvement-syndical-et-gouvernement-entre-le-verbe-et-laction-il-ya-une-grande-difference\/#breadcrumb"},"inLanguage":"fr-FR","potentialAction":[{"@type":"ReadAction","target":["https:\/\/guineediversite.com\/index.php\/2013\/12\/31\/negociation-entre-mouvement-syndical-et-gouvernement-entre-le-verbe-et-laction-il-ya-une-grande-difference\/"]}]},{"@type":"BreadcrumbList","@id":"https:\/\/guineediversite.com\/index.php\/2013\/12\/31\/negociation-entre-mouvement-syndical-et-gouvernement-entre-le-verbe-et-laction-il-ya-une-grande-difference\/#breadcrumb","itemListElement":[{"@type":"ListItem","position":1,"name":"Accueil","item":"https:\/\/guineediversite.com\/"},{"@type":"ListItem","position":2,"name":"N\u00e9gociation entre mouvement syndical et gouvernement : \u00ab Entre le verbe et l\u2019action, il ya une grande diff\u00e9rence \u00bb"}]},{"@type":"WebSite","@id":"https:\/\/guineediversite.com\/#website","url":"https:\/\/guineediversite.com\/","name":"Guin\u00e9e Diversit\u00e9","description":"L&#039;Info dans toute sa diversit\u00e9","publisher":{"@id":"https:\/\/guineediversite.com\/#organization"},"potentialAction":[{"@type":"SearchAction","target":{"@type":"EntryPoint","urlTemplate":"https:\/\/guineediversite.com\/?s={search_term_string}"},"query-input":{"@type":"PropertyValueSpecification","valueRequired":true,"valueName":"search_term_string"}}],"inLanguage":"fr-FR"},{"@type":"Organization","@id":"https:\/\/guineediversite.com\/#organization","name":"Guin\u00e9e Diversit\u00e9","url":"https:\/\/guineediversite.com\/","logo":{"@type":"ImageObject","inLanguage":"fr-FR","@id":"https:\/\/guineediversite.com\/#\/schema\/logo\/image\/","url":"https:\/\/guineediversite.com\/wp-content\/uploads\/2017\/04\/cropped-1jojlxEOMkX9Wyqfhe43D6kjPOGqBBKmx3EwWJqZ0cMrFF54yM49.png","contentUrl":"https:\/\/guineediversite.com\/wp-content\/uploads\/2017\/04\/cropped-1jojlxEOMkX9Wyqfhe43D6kjPOGqBBKmx3EwWJqZ0cMrFF54yM49.png","width":186,"height":112,"caption":"Guin\u00e9e Diversit\u00e9"},"image":{"@id":"https:\/\/guineediversite.com\/#\/schema\/logo\/image\/"},"sameAs":["https:\/\/www.facebook.com\/guineediversite\/","https:\/\/x.com\/GuineeDiversite","https:\/\/www.youtube.com\/channel\/UC8sUY16qelG5ge6_D5SB83g"]},{"@type":"Person","@id":"https:\/\/guineediversite.com\/#\/schema\/person\/afa08fb34e7fc6e1feafc892612bc836","name":"Guin\u00e9e Diversit\u00e9","image":{"@type":"ImageObject","inLanguage":"fr-FR","@id":"https:\/\/guineediversite.com\/#\/schema\/person\/image\/","url":"https:\/\/secure.gravatar.com\/avatar\/50d5eb5b390f8b65ac30ac6f898eb83a?s=96&d=mm&r=g","contentUrl":"https:\/\/secure.gravatar.com\/avatar\/50d5eb5b390f8b65ac30ac6f898eb83a?s=96&d=mm&r=g","caption":"Guin\u00e9e Diversit\u00e9"},"url":"https:\/\/guineediversite.com\/index.php\/author\/guineediversite\/"}]}},"_links":{"self":[{"href":"https:\/\/guineediversite.com\/index.php\/wp-json\/wp\/v2\/posts\/19775"}],"collection":[{"href":"https:\/\/guineediversite.com\/index.php\/wp-json\/wp\/v2\/posts"}],"about":[{"href":"https:\/\/guineediversite.com\/index.php\/wp-json\/wp\/v2\/types\/post"}],"author":[{"embeddable":true,"href":"https:\/\/guineediversite.com\/index.php\/wp-json\/wp\/v2\/users\/12"}],"replies":[{"embeddable":true,"href":"https:\/\/guineediversite.com\/index.php\/wp-json\/wp\/v2\/comments?post=19775"}],"version-history":[{"count":0,"href":"https:\/\/guineediversite.com\/index.php\/wp-json\/wp\/v2\/posts\/19775\/revisions"}],"wp:attachment":[{"href":"https:\/\/guineediversite.com\/index.php\/wp-json\/wp\/v2\/media?parent=19775"}],"wp:term":[{"taxonomy":"category","embeddable":true,"href":"https:\/\/guineediversite.com\/index.php\/wp-json\/wp\/v2\/categories?post=19775"},{"taxonomy":"post_tag","embeddable":true,"href":"https:\/\/guineediversite.com\/index.php\/wp-json\/wp\/v2\/tags?post=19775"}],"curies":[{"name":"wp","href":"https:\/\/api.w.org\/{rel}","templated":true}]}}