{"id":19774,"date":"2013-12-31T00:00:00","date_gmt":"2013-12-30T23:00:00","guid":{"rendered":"https:\/\/www.guineediversite.com\/index.php\/2013\/12\/31\/sante-des-associations-et-ong-se-mobilisent-pour-lutter-contre-le-cancer-en-guinee\/"},"modified":"2013-12-31T00:00:00","modified_gmt":"2013-12-30T23:00:00","slug":"sante-des-associations-et-ong-se-mobilisent-pour-lutter-contre-le-cancer-en-guinee","status":"publish","type":"post","link":"https:\/\/guineediversite.com\/index.php\/2013\/12\/31\/sante-des-associations-et-ong-se-mobilisent-pour-lutter-contre-le-cancer-en-guinee\/","title":{"rendered":"Sant\u00e9: des associations et ONG se mobilisent pour lutter contre le cancer en Guin\u00e9e"},"content":{"rendered":"<p>La journ\u00e9e mondiale de lutte contre le Cancer a \u00e9t\u00e9 c\u00e9l\u00e9br\u00e9e ce mardi 04 f\u00e9vrier 2014. Parlant du cas guin\u00e9en, c\u2019est le centre culturel franco guin\u00e9en qui a servi de cadre pour cette c\u00e9l\u00e9bration \u00e0 travers une conf\u00e9rence d\u00e9bat. Les th\u00e8mes choisis cette ann\u00e9e pour la c\u00e9l\u00e9bration de cette journ\u00e9e dans notre pays, sont le cancer de la cavit\u00e9 ducal et cancer du poumon. C\u2019est une initiative de plusieurs associations dont entre autre : le r\u00e9seau media guin\u00e9e antitabac et cancer ; la mission d\u2019aide \u00e0 la sant\u00e9 et au d\u00e9veloppement durable et l\u2019association des femmes pour la lutte contre le cancer gyn\u00e9cologique \u00e9voluant dans le secteur de la sant\u00e9.<br \/>\nCette journ\u00e9e a \u00e9t\u00e9 une occasion pour les professionnels de sant\u00e9 de faire l\u2019\u00e9tat des lieux sur la situation du Cancer en Guin\u00e9e. Le cancer est aujourd\u2019hui consid\u00e9r\u00e9, comme la premi\u00e8re cause de la mortalit\u00e9 dans le monde, avec un d\u00e9c\u00e8s sur huit. Des chiffres qui sont sup\u00e9rieure \u00e0 celle du Sida, de la Tuberculose et le Paludisme.  Selon le professeur Rafiou Diallo pour inverser la tendance, une strat\u00e9gie doit \u00eatre mise en place pour lutter efficacement contre cette maladie dans notre pays.<br \/>\nPour le professeur Lansana Mady Camara, chef de service du centre antituberculeux de la carri\u00e8re, le choix de ces termes n\u2019est pas fortuit. Selon lui, le cancer du poumon est l\u2019un des cancers les plus fr\u00e9quents chez  l\u2019homme.<br \/>\n\u00abLa f\u00e9minisation du tabagisme a fait qu\u2019il ya une augmentation de cette maladie chez les femmes. Pour le cancer de la cavit\u00e9 ducale, l\u00e0 aussi, le tabac constitue l\u2019un des principaux facteurs de la mortalit\u00e9 \u00bb a pr\u00e9cis\u00e9 le professeur Lansana Mady Camara.<br \/>\nDans les pays \u00e0 faible revenu particuli\u00e8rement en Afrique, plus de 70% des d\u00e9c\u00e8s sont caus\u00e9s par le cancer. Et notre pays la guin\u00e9e n\u2019\u00e9chappe pas \u00e0 cette triste r\u00e9alit\u00e9.<br \/>\nSelon le pr\u00e9sident du r\u00e9seau media Guin\u00e9e antitabac  et cancer, cela s\u2019explique par le fait que le traitement de cette maladie est tr\u00e8s limit\u00e9e en Guin\u00e9e.  \u00ab En Guin\u00e9e, on n\u2019a pas la radio th\u00e9rapie, pour traiter les malades, il faut les envoyer \u00e0 l\u2019ext\u00e9rieur. Donc, je lance un appel au gouvernement et \u00e0 tous les bailleurs de fond pour aider la Guin\u00e9e \u00e0 avoir enfin une radio th\u00e9rapie \u00bb.<br \/>\nEn Guin\u00e9e, le cancer fait peu parl\u00e9 de lui, mais il est pr\u00e9sent, agit et tue. Pourtant, on estime que plus de 40% des cancers sont \u00e9vitables.<br \/>\nAbdoulaye Ciss\u00e9<\/p>\n","protected":false},"excerpt":{"rendered":"<p>La journ\u00e9e mondiale de lutte contre le Cancer a \u00e9t\u00e9 c\u00e9l\u00e9br\u00e9e ce mardi 04 f\u00e9vrier 2014. Parlant du cas guin\u00e9en, c\u2019est le centre culturel franco guin\u00e9en qui a servi de cadre pour cette c\u00e9l\u00e9bration \u00e0 travers une conf\u00e9rence d\u00e9bat. Les th\u00e8mes choisis cette ann\u00e9e pour la c\u00e9l\u00e9bration de cette journ\u00e9e dans notre pays, sont le [&hellip;]<\/p>\n","protected":false},"author":12,"featured_media":0,"comment_status":"open","ping_status":"open","sticky":false,"template":"","format":"standard","meta":{"_exactmetrics_skip_tracking":false,"_exactmetrics_sitenote_active":false,"_exactmetrics_sitenote_note":"","_exactmetrics_sitenote_category":0,"tdm_status":"","tdm_grid_status":"","footnotes":""},"categories":[28],"tags":[],"class_list":{"0":"post-19774","1":"post","2":"type-post","3":"status-publish","4":"format-standard","6":"category-archives"},"yoast_head":"<!-- This site is optimized with the Yoast SEO plugin v24.2 - https:\/\/yoast.com\/wordpress\/plugins\/seo\/ -->\n<title>Sant\u00e9: des associations et ONG se mobilisent pour lutter contre le cancer en Guin\u00e9e | Guin\u00e9e Diversit\u00e9<\/title>\n<meta name=\"robots\" content=\"index, follow, max-snippet:-1, max-image-preview:large, max-video-preview:-1\" \/>\n<link rel=\"canonical\" href=\"https:\/\/guineediversite.com\/index.php\/2013\/12\/31\/sante-des-associations-et-ong-se-mobilisent-pour-lutter-contre-le-cancer-en-guinee\/\" \/>\n<meta property=\"og:locale\" content=\"fr_FR\" \/>\n<meta property=\"og:type\" content=\"article\" \/>\n<meta property=\"og:title\" content=\"Sant\u00e9: des associations et ONG se mobilisent pour lutter contre le cancer en Guin\u00e9e | Guin\u00e9e Diversit\u00e9\" \/>\n<meta property=\"og:description\" content=\"La journ\u00e9e mondiale de lutte contre le Cancer a \u00e9t\u00e9 c\u00e9l\u00e9br\u00e9e ce mardi 04 f\u00e9vrier 2014. Parlant du cas guin\u00e9en, c\u2019est le centre culturel franco guin\u00e9en qui a servi de cadre pour cette c\u00e9l\u00e9bration \u00e0 travers une conf\u00e9rence d\u00e9bat. Les th\u00e8mes choisis cette ann\u00e9e pour la c\u00e9l\u00e9bration de cette journ\u00e9e dans notre pays, sont le [&hellip;]\" \/>\n<meta property=\"og:url\" content=\"https:\/\/guineediversite.com\/index.php\/2013\/12\/31\/sante-des-associations-et-ong-se-mobilisent-pour-lutter-contre-le-cancer-en-guinee\/\" \/>\n<meta property=\"og:site_name\" content=\"Guin\u00e9e Diversit\u00e9\" \/>\n<meta property=\"article:publisher\" content=\"https:\/\/www.facebook.com\/guineediversite\/\" \/>\n<meta property=\"article:published_time\" content=\"2013-12-30T23:00:00+00:00\" \/>\n<meta name=\"author\" content=\"Guin\u00e9e Diversit\u00e9\" \/>\n<meta name=\"twitter:card\" content=\"summary_large_image\" \/>\n<meta name=\"twitter:creator\" content=\"@GuineeDiversite\" \/>\n<meta name=\"twitter:site\" content=\"@GuineeDiversite\" \/>\n<meta name=\"twitter:label1\" content=\"\u00c9crit par\" \/>\n\t<meta name=\"twitter:data1\" content=\"Guin\u00e9e Diversit\u00e9\" \/>\n\t<meta name=\"twitter:label2\" content=\"Dur\u00e9e de lecture estim\u00e9e\" \/>\n\t<meta name=\"twitter:data2\" content=\"2 minutes\" \/>\n<script type=\"application\/ld+json\" class=\"yoast-schema-graph\">{\"@context\":\"https:\/\/schema.org\",\"@graph\":[{\"@type\":\"Article\",\"@id\":\"https:\/\/guineediversite.com\/index.php\/2013\/12\/31\/sante-des-associations-et-ong-se-mobilisent-pour-lutter-contre-le-cancer-en-guinee\/#article\",\"isPartOf\":{\"@id\":\"https:\/\/guineediversite.com\/index.php\/2013\/12\/31\/sante-des-associations-et-ong-se-mobilisent-pour-lutter-contre-le-cancer-en-guinee\/\"},\"author\":{\"name\":\"Guin\u00e9e Diversit\u00e9\",\"@id\":\"https:\/\/guineediversite.com\/#\/schema\/person\/afa08fb34e7fc6e1feafc892612bc836\"},\"headline\":\"Sant\u00e9: des associations et ONG se mobilisent pour lutter contre le cancer en Guin\u00e9e\",\"datePublished\":\"2013-12-30T23:00:00+00:00\",\"dateModified\":\"2013-12-30T23:00:00+00:00\",\"mainEntityOfPage\":{\"@id\":\"https:\/\/guineediversite.com\/index.php\/2013\/12\/31\/sante-des-associations-et-ong-se-mobilisent-pour-lutter-contre-le-cancer-en-guinee\/\"},\"wordCount\":467,\"commentCount\":0,\"publisher\":{\"@id\":\"https:\/\/guineediversite.com\/#organization\"},\"articleSection\":[\"Archives\"],\"inLanguage\":\"fr-FR\",\"potentialAction\":[{\"@type\":\"CommentAction\",\"name\":\"Comment\",\"target\":[\"https:\/\/guineediversite.com\/index.php\/2013\/12\/31\/sante-des-associations-et-ong-se-mobilisent-pour-lutter-contre-le-cancer-en-guinee\/#respond\"]}]},{\"@type\":\"WebPage\",\"@id\":\"https:\/\/guineediversite.com\/index.php\/2013\/12\/31\/sante-des-associations-et-ong-se-mobilisent-pour-lutter-contre-le-cancer-en-guinee\/\",\"url\":\"https:\/\/guineediversite.com\/index.php\/2013\/12\/31\/sante-des-associations-et-ong-se-mobilisent-pour-lutter-contre-le-cancer-en-guinee\/\",\"name\":\"Sant\u00e9: des associations et ONG se mobilisent pour lutter contre le cancer en Guin\u00e9e | Guin\u00e9e Diversit\u00e9\",\"isPartOf\":{\"@id\":\"https:\/\/guineediversite.com\/#website\"},\"datePublished\":\"2013-12-30T23:00:00+00:00\",\"dateModified\":\"2013-12-30T23:00:00+00:00\",\"breadcrumb\":{\"@id\":\"https:\/\/guineediversite.com\/index.php\/2013\/12\/31\/sante-des-associations-et-ong-se-mobilisent-pour-lutter-contre-le-cancer-en-guinee\/#breadcrumb\"},\"inLanguage\":\"fr-FR\",\"potentialAction\":[{\"@type\":\"ReadAction\",\"target\":[\"https:\/\/guineediversite.com\/index.php\/2013\/12\/31\/sante-des-associations-et-ong-se-mobilisent-pour-lutter-contre-le-cancer-en-guinee\/\"]}]},{\"@type\":\"BreadcrumbList\",\"@id\":\"https:\/\/guineediversite.com\/index.php\/2013\/12\/31\/sante-des-associations-et-ong-se-mobilisent-pour-lutter-contre-le-cancer-en-guinee\/#breadcrumb\",\"itemListElement\":[{\"@type\":\"ListItem\",\"position\":1,\"name\":\"Accueil\",\"item\":\"https:\/\/guineediversite.com\/\"},{\"@type\":\"ListItem\",\"position\":2,\"name\":\"Sant\u00e9: des associations et ONG se mobilisent pour lutter contre le cancer en Guin\u00e9e\"}]},{\"@type\":\"WebSite\",\"@id\":\"https:\/\/guineediversite.com\/#website\",\"url\":\"https:\/\/guineediversite.com\/\",\"name\":\"Guin\u00e9e Diversit\u00e9\",\"description\":\"L&#039;Info dans toute sa diversit\u00e9\",\"publisher\":{\"@id\":\"https:\/\/guineediversite.com\/#organization\"},\"potentialAction\":[{\"@type\":\"SearchAction\",\"target\":{\"@type\":\"EntryPoint\",\"urlTemplate\":\"https:\/\/guineediversite.com\/?s={search_term_string}\"},\"query-input\":{\"@type\":\"PropertyValueSpecification\",\"valueRequired\":true,\"valueName\":\"search_term_string\"}}],\"inLanguage\":\"fr-FR\"},{\"@type\":\"Organization\",\"@id\":\"https:\/\/guineediversite.com\/#organization\",\"name\":\"Guin\u00e9e Diversit\u00e9\",\"url\":\"https:\/\/guineediversite.com\/\",\"logo\":{\"@type\":\"ImageObject\",\"inLanguage\":\"fr-FR\",\"@id\":\"https:\/\/guineediversite.com\/#\/schema\/logo\/image\/\",\"url\":\"https:\/\/guineediversite.com\/wp-content\/uploads\/2017\/04\/cropped-1jojlxEOMkX9Wyqfhe43D6kjPOGqBBKmx3EwWJqZ0cMrFF54yM49.png\",\"contentUrl\":\"https:\/\/guineediversite.com\/wp-content\/uploads\/2017\/04\/cropped-1jojlxEOMkX9Wyqfhe43D6kjPOGqBBKmx3EwWJqZ0cMrFF54yM49.png\",\"width\":186,\"height\":112,\"caption\":\"Guin\u00e9e Diversit\u00e9\"},\"image\":{\"@id\":\"https:\/\/guineediversite.com\/#\/schema\/logo\/image\/\"},\"sameAs\":[\"https:\/\/www.facebook.com\/guineediversite\/\",\"https:\/\/x.com\/GuineeDiversite\",\"https:\/\/www.youtube.com\/channel\/UC8sUY16qelG5ge6_D5SB83g\"]},{\"@type\":\"Person\",\"@id\":\"https:\/\/guineediversite.com\/#\/schema\/person\/afa08fb34e7fc6e1feafc892612bc836\",\"name\":\"Guin\u00e9e Diversit\u00e9\",\"image\":{\"@type\":\"ImageObject\",\"inLanguage\":\"fr-FR\",\"@id\":\"https:\/\/guineediversite.com\/#\/schema\/person\/image\/\",\"url\":\"https:\/\/secure.gravatar.com\/avatar\/50d5eb5b390f8b65ac30ac6f898eb83a?s=96&d=mm&r=g\",\"contentUrl\":\"https:\/\/secure.gravatar.com\/avatar\/50d5eb5b390f8b65ac30ac6f898eb83a?s=96&d=mm&r=g\",\"caption\":\"Guin\u00e9e Diversit\u00e9\"},\"url\":\"https:\/\/guineediversite.com\/index.php\/author\/guineediversite\/\"}]}<\/script>\n<!-- \/ Yoast SEO plugin. -->","yoast_head_json":{"title":"Sant\u00e9: des associations et ONG se mobilisent pour lutter contre le cancer en Guin\u00e9e | Guin\u00e9e Diversit\u00e9","robots":{"index":"index","follow":"follow","max-snippet":"max-snippet:-1","max-image-preview":"max-image-preview:large","max-video-preview":"max-video-preview:-1"},"canonical":"https:\/\/guineediversite.com\/index.php\/2013\/12\/31\/sante-des-associations-et-ong-se-mobilisent-pour-lutter-contre-le-cancer-en-guinee\/","og_locale":"fr_FR","og_type":"article","og_title":"Sant\u00e9: des associations et ONG se mobilisent pour lutter contre le cancer en Guin\u00e9e | Guin\u00e9e Diversit\u00e9","og_description":"La journ\u00e9e mondiale de lutte contre le Cancer a \u00e9t\u00e9 c\u00e9l\u00e9br\u00e9e ce mardi 04 f\u00e9vrier 2014. Parlant du cas guin\u00e9en, c\u2019est le centre culturel franco guin\u00e9en qui a servi de cadre pour cette c\u00e9l\u00e9bration \u00e0 travers une conf\u00e9rence d\u00e9bat. Les th\u00e8mes choisis cette ann\u00e9e pour la c\u00e9l\u00e9bration de cette journ\u00e9e dans notre pays, sont le [&hellip;]","og_url":"https:\/\/guineediversite.com\/index.php\/2013\/12\/31\/sante-des-associations-et-ong-se-mobilisent-pour-lutter-contre-le-cancer-en-guinee\/","og_site_name":"Guin\u00e9e Diversit\u00e9","article_publisher":"https:\/\/www.facebook.com\/guineediversite\/","article_published_time":"2013-12-30T23:00:00+00:00","author":"Guin\u00e9e Diversit\u00e9","twitter_card":"summary_large_image","twitter_creator":"@GuineeDiversite","twitter_site":"@GuineeDiversite","twitter_misc":{"\u00c9crit par":"Guin\u00e9e Diversit\u00e9","Dur\u00e9e de lecture estim\u00e9e":"2 minutes"},"schema":{"@context":"https:\/\/schema.org","@graph":[{"@type":"Article","@id":"https:\/\/guineediversite.com\/index.php\/2013\/12\/31\/sante-des-associations-et-ong-se-mobilisent-pour-lutter-contre-le-cancer-en-guinee\/#article","isPartOf":{"@id":"https:\/\/guineediversite.com\/index.php\/2013\/12\/31\/sante-des-associations-et-ong-se-mobilisent-pour-lutter-contre-le-cancer-en-guinee\/"},"author":{"name":"Guin\u00e9e Diversit\u00e9","@id":"https:\/\/guineediversite.com\/#\/schema\/person\/afa08fb34e7fc6e1feafc892612bc836"},"headline":"Sant\u00e9: des associations et ONG se mobilisent pour lutter contre le cancer en Guin\u00e9e","datePublished":"2013-12-30T23:00:00+00:00","dateModified":"2013-12-30T23:00:00+00:00","mainEntityOfPage":{"@id":"https:\/\/guineediversite.com\/index.php\/2013\/12\/31\/sante-des-associations-et-ong-se-mobilisent-pour-lutter-contre-le-cancer-en-guinee\/"},"wordCount":467,"commentCount":0,"publisher":{"@id":"https:\/\/guineediversite.com\/#organization"},"articleSection":["Archives"],"inLanguage":"fr-FR","potentialAction":[{"@type":"CommentAction","name":"Comment","target":["https:\/\/guineediversite.com\/index.php\/2013\/12\/31\/sante-des-associations-et-ong-se-mobilisent-pour-lutter-contre-le-cancer-en-guinee\/#respond"]}]},{"@type":"WebPage","@id":"https:\/\/guineediversite.com\/index.php\/2013\/12\/31\/sante-des-associations-et-ong-se-mobilisent-pour-lutter-contre-le-cancer-en-guinee\/","url":"https:\/\/guineediversite.com\/index.php\/2013\/12\/31\/sante-des-associations-et-ong-se-mobilisent-pour-lutter-contre-le-cancer-en-guinee\/","name":"Sant\u00e9: des associations et ONG se mobilisent pour lutter contre le cancer en Guin\u00e9e | Guin\u00e9e Diversit\u00e9","isPartOf":{"@id":"https:\/\/guineediversite.com\/#website"},"datePublished":"2013-12-30T23:00:00+00:00","dateModified":"2013-12-30T23:00:00+00:00","breadcrumb":{"@id":"https:\/\/guineediversite.com\/index.php\/2013\/12\/31\/sante-des-associations-et-ong-se-mobilisent-pour-lutter-contre-le-cancer-en-guinee\/#breadcrumb"},"inLanguage":"fr-FR","potentialAction":[{"@type":"ReadAction","target":["https:\/\/guineediversite.com\/index.php\/2013\/12\/31\/sante-des-associations-et-ong-se-mobilisent-pour-lutter-contre-le-cancer-en-guinee\/"]}]},{"@type":"BreadcrumbList","@id":"https:\/\/guineediversite.com\/index.php\/2013\/12\/31\/sante-des-associations-et-ong-se-mobilisent-pour-lutter-contre-le-cancer-en-guinee\/#breadcrumb","itemListElement":[{"@type":"ListItem","position":1,"name":"Accueil","item":"https:\/\/guineediversite.com\/"},{"@type":"ListItem","position":2,"name":"Sant\u00e9: des associations et ONG se mobilisent pour lutter contre le cancer en Guin\u00e9e"}]},{"@type":"WebSite","@id":"https:\/\/guineediversite.com\/#website","url":"https:\/\/guineediversite.com\/","name":"Guin\u00e9e Diversit\u00e9","description":"L&#039;Info dans toute sa diversit\u00e9","publisher":{"@id":"https:\/\/guineediversite.com\/#organization"},"potentialAction":[{"@type":"SearchAction","target":{"@type":"EntryPoint","urlTemplate":"https:\/\/guineediversite.com\/?s={search_term_string}"},"query-input":{"@type":"PropertyValueSpecification","valueRequired":true,"valueName":"search_term_string"}}],"inLanguage":"fr-FR"},{"@type":"Organization","@id":"https:\/\/guineediversite.com\/#organization","name":"Guin\u00e9e Diversit\u00e9","url":"https:\/\/guineediversite.com\/","logo":{"@type":"ImageObject","inLanguage":"fr-FR","@id":"https:\/\/guineediversite.com\/#\/schema\/logo\/image\/","url":"https:\/\/guineediversite.com\/wp-content\/uploads\/2017\/04\/cropped-1jojlxEOMkX9Wyqfhe43D6kjPOGqBBKmx3EwWJqZ0cMrFF54yM49.png","contentUrl":"https:\/\/guineediversite.com\/wp-content\/uploads\/2017\/04\/cropped-1jojlxEOMkX9Wyqfhe43D6kjPOGqBBKmx3EwWJqZ0cMrFF54yM49.png","width":186,"height":112,"caption":"Guin\u00e9e Diversit\u00e9"},"image":{"@id":"https:\/\/guineediversite.com\/#\/schema\/logo\/image\/"},"sameAs":["https:\/\/www.facebook.com\/guineediversite\/","https:\/\/x.com\/GuineeDiversite","https:\/\/www.youtube.com\/channel\/UC8sUY16qelG5ge6_D5SB83g"]},{"@type":"Person","@id":"https:\/\/guineediversite.com\/#\/schema\/person\/afa08fb34e7fc6e1feafc892612bc836","name":"Guin\u00e9e Diversit\u00e9","image":{"@type":"ImageObject","inLanguage":"fr-FR","@id":"https:\/\/guineediversite.com\/#\/schema\/person\/image\/","url":"https:\/\/secure.gravatar.com\/avatar\/50d5eb5b390f8b65ac30ac6f898eb83a?s=96&d=mm&r=g","contentUrl":"https:\/\/secure.gravatar.com\/avatar\/50d5eb5b390f8b65ac30ac6f898eb83a?s=96&d=mm&r=g","caption":"Guin\u00e9e Diversit\u00e9"},"url":"https:\/\/guineediversite.com\/index.php\/author\/guineediversite\/"}]}},"_links":{"self":[{"href":"https:\/\/guineediversite.com\/index.php\/wp-json\/wp\/v2\/posts\/19774"}],"collection":[{"href":"https:\/\/guineediversite.com\/index.php\/wp-json\/wp\/v2\/posts"}],"about":[{"href":"https:\/\/guineediversite.com\/index.php\/wp-json\/wp\/v2\/types\/post"}],"author":[{"embeddable":true,"href":"https:\/\/guineediversite.com\/index.php\/wp-json\/wp\/v2\/users\/12"}],"replies":[{"embeddable":true,"href":"https:\/\/guineediversite.com\/index.php\/wp-json\/wp\/v2\/comments?post=19774"}],"version-history":[{"count":0,"href":"https:\/\/guineediversite.com\/index.php\/wp-json\/wp\/v2\/posts\/19774\/revisions"}],"wp:attachment":[{"href":"https:\/\/guineediversite.com\/index.php\/wp-json\/wp\/v2\/media?parent=19774"}],"wp:term":[{"taxonomy":"category","embeddable":true,"href":"https:\/\/guineediversite.com\/index.php\/wp-json\/wp\/v2\/categories?post=19774"},{"taxonomy":"post_tag","embeddable":true,"href":"https:\/\/guineediversite.com\/index.php\/wp-json\/wp\/v2\/tags?post=19774"}],"curies":[{"name":"wp","href":"https:\/\/api.w.org\/{rel}","templated":true}]}}