{"id":19772,"date":"2013-12-31T00:00:00","date_gmt":"2013-12-30T23:00:00","guid":{"rendered":"https:\/\/www.guineediversite.com\/index.php\/2013\/12\/31\/sante-la-guinee-celebre-la-journee-mondiale-de-lutte-contre-le-cancer\/"},"modified":"2013-12-31T00:00:00","modified_gmt":"2013-12-30T23:00:00","slug":"sante-la-guinee-celebre-la-journee-mondiale-de-lutte-contre-le-cancer","status":"publish","type":"post","link":"https:\/\/guineediversite.com\/index.php\/2013\/12\/31\/sante-la-guinee-celebre-la-journee-mondiale-de-lutte-contre-le-cancer\/","title":{"rendered":"Sant\u00e9 : La Guin\u00e9e c\u00e9l\u00e8bre la journ\u00e9e mondiale de lutte contre le cancer"},"content":{"rendered":"<p>Ce mardi 04 f\u00e9vrier 2014, la guin\u00e9e a c\u00e9l\u00e9br\u00e9 la journ\u00e9e mondiale de lutte contre le cancer. A cette occasion, la G\u00e9n\u00e9ration sans Tabac a rendu publique une d\u00e9claration que nous vous proposons l\u2019int\u00e9gralit\u00e9. Lisez !<\/p>\n<p>La GENERATION SANS TABAC a pris l\u2019initiative de c\u00e9l\u00e9brer  la journ\u00e9e mondiale de lutte contre le cancer en ce 04 F\u00e9vrier 2014. Sous le slogan Halte aux Id\u00e9es Re\u00e7ues, en parlant du cancer le constat est amer sur chaque front de lutte :<br \/>\n\u2022\tLe cancer du poumon : les statistiques donn\u00e9es par le centre tuberculeux nous donnent des chiffres hallucinant rien que pour les infections dites pulmonaires ;<br \/>\n\u2022\tLe cancer du col de l\u2019ut\u00e9rus ;<br \/>\n\u2022\tLe cancer du sein etc.<br \/>\n Nous les acteurs de la soci\u00e9t\u00e9 civile et nos partenaires font savoir aux personnes malades du cancer pour leur dire qu\u2019ils ne sont pas seuls, mais qu\u2019ils sont avec nous. Cependant, les ONG, les associations et autres acteurs de bonne volont\u00e9 feront des efforts pour booster sur la conscience collective dans la lutte contre le cancer, pour qu\u2019ensemble nous parvenions \u00e0 r\u00e9duire le taux de mortalit\u00e9 li\u00e9 \u00e0 ce fl\u00e9au qui est le cancer.<br \/>\nCe que nous d\u00e9plorons aujourd\u2019hui c\u2019est la d\u00e9mission de nos autorit\u00e9s face \u00e0 la devise de la solidarit\u00e9 nationale \u00e0 une sant\u00e9 pour tous, mais aussi \u00e0 l\u2019\u00e9pineuse question de la couverture maladie.<br \/>\nC\u2019est pourquoi, une fois de plus nous demandons \u00e0 tous les acteurs de la soci\u00e9t\u00e9 civile qui \u00e9voluent dans le domaine de la promotion de la sant\u00e9 publique de se mettre en r\u00e9seau enfin d\u2019avoir une synergie de lutte. Invit\u00e9 nos partenaires dont l\u2019Etat, l\u2019OMS et les autres institutions internationales de redoubler de perspicacit\u00e9 face \u00e0 leur mission.<br \/>\nToute personne peut \u00eatre atteinte par le cancer, la solidarit\u00e9 doit \u00eatre renforc\u00e9e autour des malades du cancer, afin de leur faire b\u00e9n\u00e9ficier en plus de la th\u00e9rapie m\u00e9dicale et sociale.<br \/>\nNous invitons donc la population \u00e0 se faire d\u00e9pist\u00e9e, pour connaitre si elle ne d\u00e9veloppe pas des agents canc\u00e9rig\u00e8nes pour une sant\u00e9 publique plus seine.<\/p>\n<p>Nous remercions tous nos partenaires de lutte contre le cancer mais aussi tous les m\u00e9dias pr\u00e9sents \u00e0 l\u2019occasion de cette journ\u00e9e pour sa mise \u00e0  profit afin de dire \u00e0 tous les malades du cancer une fois de plus, qu\u2019ils ne sont pas seuls.<\/p>\n<p>GENERATION SANS TABAC<br \/>\nMEMBRE DE L\u2019ALLIANCE DES LIGUES FRANCOPHONES AFRICAINES ET MEDITERRANEENNES CONTRE LE CANCER ET DE L\u2019UNION INTERNATIONATIONALE CONTRE LE CANCER<br \/>\nwww.aliam.org\/les-blogs-des-membres\/g-m\/guinee\/gst<br \/>\nTEL: (00224) 666-642-327\/ 664543136\/ 620051920<br \/>\nSKYPE: cissejasmin<br \/>\nBP : 2832<br \/>\nCONAKRY\u2013GUINEE<\/p>\n","protected":false},"excerpt":{"rendered":"<p>Ce mardi 04 f\u00e9vrier 2014, la guin\u00e9e a c\u00e9l\u00e9br\u00e9 la journ\u00e9e mondiale de lutte contre le cancer. A cette occasion, la G\u00e9n\u00e9ration sans Tabac a rendu publique une d\u00e9claration que nous vous proposons l\u2019int\u00e9gralit\u00e9. Lisez ! La GENERATION SANS TABAC a pris l\u2019initiative de c\u00e9l\u00e9brer la journ\u00e9e mondiale de lutte contre le cancer en ce [&hellip;]<\/p>\n","protected":false},"author":12,"featured_media":0,"comment_status":"open","ping_status":"open","sticky":false,"template":"","format":"standard","meta":{"_exactmetrics_skip_tracking":false,"_exactmetrics_sitenote_active":false,"_exactmetrics_sitenote_note":"","_exactmetrics_sitenote_category":0,"tdm_status":"","tdm_grid_status":"","footnotes":""},"categories":[28],"tags":[],"class_list":{"0":"post-19772","1":"post","2":"type-post","3":"status-publish","4":"format-standard","6":"category-archives"},"yoast_head":"<!-- This site is optimized with the Yoast SEO plugin v24.2 - https:\/\/yoast.com\/wordpress\/plugins\/seo\/ -->\n<title>Sant\u00e9 : La Guin\u00e9e c\u00e9l\u00e8bre la journ\u00e9e mondiale de lutte contre le cancer | Guin\u00e9e Diversit\u00e9<\/title>\n<meta name=\"robots\" content=\"index, follow, max-snippet:-1, max-image-preview:large, max-video-preview:-1\" \/>\n<link rel=\"canonical\" href=\"https:\/\/guineediversite.com\/index.php\/2013\/12\/31\/sante-la-guinee-celebre-la-journee-mondiale-de-lutte-contre-le-cancer\/\" \/>\n<meta property=\"og:locale\" content=\"fr_FR\" \/>\n<meta property=\"og:type\" content=\"article\" \/>\n<meta property=\"og:title\" content=\"Sant\u00e9 : La Guin\u00e9e c\u00e9l\u00e8bre la journ\u00e9e mondiale de lutte contre le cancer | Guin\u00e9e Diversit\u00e9\" \/>\n<meta property=\"og:description\" content=\"Ce mardi 04 f\u00e9vrier 2014, la guin\u00e9e a c\u00e9l\u00e9br\u00e9 la journ\u00e9e mondiale de lutte contre le cancer. A cette occasion, la G\u00e9n\u00e9ration sans Tabac a rendu publique une d\u00e9claration que nous vous proposons l\u2019int\u00e9gralit\u00e9. Lisez ! La GENERATION SANS TABAC a pris l\u2019initiative de c\u00e9l\u00e9brer la journ\u00e9e mondiale de lutte contre le cancer en ce [&hellip;]\" \/>\n<meta property=\"og:url\" content=\"https:\/\/guineediversite.com\/index.php\/2013\/12\/31\/sante-la-guinee-celebre-la-journee-mondiale-de-lutte-contre-le-cancer\/\" \/>\n<meta property=\"og:site_name\" content=\"Guin\u00e9e Diversit\u00e9\" \/>\n<meta property=\"article:publisher\" content=\"https:\/\/www.facebook.com\/guineediversite\/\" \/>\n<meta property=\"article:published_time\" content=\"2013-12-30T23:00:00+00:00\" \/>\n<meta name=\"author\" content=\"Guin\u00e9e Diversit\u00e9\" \/>\n<meta name=\"twitter:card\" content=\"summary_large_image\" \/>\n<meta name=\"twitter:creator\" content=\"@GuineeDiversite\" \/>\n<meta name=\"twitter:site\" content=\"@GuineeDiversite\" \/>\n<meta name=\"twitter:label1\" content=\"\u00c9crit par\" \/>\n\t<meta name=\"twitter:data1\" content=\"Guin\u00e9e Diversit\u00e9\" \/>\n\t<meta name=\"twitter:label2\" content=\"Dur\u00e9e de lecture estim\u00e9e\" \/>\n\t<meta name=\"twitter:data2\" content=\"2 minutes\" \/>\n<script type=\"application\/ld+json\" class=\"yoast-schema-graph\">{\"@context\":\"https:\/\/schema.org\",\"@graph\":[{\"@type\":\"Article\",\"@id\":\"https:\/\/guineediversite.com\/index.php\/2013\/12\/31\/sante-la-guinee-celebre-la-journee-mondiale-de-lutte-contre-le-cancer\/#article\",\"isPartOf\":{\"@id\":\"https:\/\/guineediversite.com\/index.php\/2013\/12\/31\/sante-la-guinee-celebre-la-journee-mondiale-de-lutte-contre-le-cancer\/\"},\"author\":{\"name\":\"Guin\u00e9e Diversit\u00e9\",\"@id\":\"https:\/\/guineediversite.com\/#\/schema\/person\/afa08fb34e7fc6e1feafc892612bc836\"},\"headline\":\"Sant\u00e9 : La Guin\u00e9e c\u00e9l\u00e8bre la journ\u00e9e mondiale de lutte contre le cancer\",\"datePublished\":\"2013-12-30T23:00:00+00:00\",\"dateModified\":\"2013-12-30T23:00:00+00:00\",\"mainEntityOfPage\":{\"@id\":\"https:\/\/guineediversite.com\/index.php\/2013\/12\/31\/sante-la-guinee-celebre-la-journee-mondiale-de-lutte-contre-le-cancer\/\"},\"wordCount\":469,\"commentCount\":0,\"publisher\":{\"@id\":\"https:\/\/guineediversite.com\/#organization\"},\"articleSection\":[\"Archives\"],\"inLanguage\":\"fr-FR\",\"potentialAction\":[{\"@type\":\"CommentAction\",\"name\":\"Comment\",\"target\":[\"https:\/\/guineediversite.com\/index.php\/2013\/12\/31\/sante-la-guinee-celebre-la-journee-mondiale-de-lutte-contre-le-cancer\/#respond\"]}]},{\"@type\":\"WebPage\",\"@id\":\"https:\/\/guineediversite.com\/index.php\/2013\/12\/31\/sante-la-guinee-celebre-la-journee-mondiale-de-lutte-contre-le-cancer\/\",\"url\":\"https:\/\/guineediversite.com\/index.php\/2013\/12\/31\/sante-la-guinee-celebre-la-journee-mondiale-de-lutte-contre-le-cancer\/\",\"name\":\"Sant\u00e9 : La Guin\u00e9e c\u00e9l\u00e8bre la journ\u00e9e mondiale de lutte contre le cancer | Guin\u00e9e Diversit\u00e9\",\"isPartOf\":{\"@id\":\"https:\/\/guineediversite.com\/#website\"},\"datePublished\":\"2013-12-30T23:00:00+00:00\",\"dateModified\":\"2013-12-30T23:00:00+00:00\",\"breadcrumb\":{\"@id\":\"https:\/\/guineediversite.com\/index.php\/2013\/12\/31\/sante-la-guinee-celebre-la-journee-mondiale-de-lutte-contre-le-cancer\/#breadcrumb\"},\"inLanguage\":\"fr-FR\",\"potentialAction\":[{\"@type\":\"ReadAction\",\"target\":[\"https:\/\/guineediversite.com\/index.php\/2013\/12\/31\/sante-la-guinee-celebre-la-journee-mondiale-de-lutte-contre-le-cancer\/\"]}]},{\"@type\":\"BreadcrumbList\",\"@id\":\"https:\/\/guineediversite.com\/index.php\/2013\/12\/31\/sante-la-guinee-celebre-la-journee-mondiale-de-lutte-contre-le-cancer\/#breadcrumb\",\"itemListElement\":[{\"@type\":\"ListItem\",\"position\":1,\"name\":\"Accueil\",\"item\":\"https:\/\/guineediversite.com\/\"},{\"@type\":\"ListItem\",\"position\":2,\"name\":\"Sant\u00e9 : La Guin\u00e9e c\u00e9l\u00e8bre la journ\u00e9e mondiale de lutte contre le cancer\"}]},{\"@type\":\"WebSite\",\"@id\":\"https:\/\/guineediversite.com\/#website\",\"url\":\"https:\/\/guineediversite.com\/\",\"name\":\"Guin\u00e9e Diversit\u00e9\",\"description\":\"L&#039;Info dans toute sa diversit\u00e9\",\"publisher\":{\"@id\":\"https:\/\/guineediversite.com\/#organization\"},\"potentialAction\":[{\"@type\":\"SearchAction\",\"target\":{\"@type\":\"EntryPoint\",\"urlTemplate\":\"https:\/\/guineediversite.com\/?s={search_term_string}\"},\"query-input\":{\"@type\":\"PropertyValueSpecification\",\"valueRequired\":true,\"valueName\":\"search_term_string\"}}],\"inLanguage\":\"fr-FR\"},{\"@type\":\"Organization\",\"@id\":\"https:\/\/guineediversite.com\/#organization\",\"name\":\"Guin\u00e9e Diversit\u00e9\",\"url\":\"https:\/\/guineediversite.com\/\",\"logo\":{\"@type\":\"ImageObject\",\"inLanguage\":\"fr-FR\",\"@id\":\"https:\/\/guineediversite.com\/#\/schema\/logo\/image\/\",\"url\":\"https:\/\/guineediversite.com\/wp-content\/uploads\/2017\/04\/cropped-1jojlxEOMkX9Wyqfhe43D6kjPOGqBBKmx3EwWJqZ0cMrFF54yM49.png\",\"contentUrl\":\"https:\/\/guineediversite.com\/wp-content\/uploads\/2017\/04\/cropped-1jojlxEOMkX9Wyqfhe43D6kjPOGqBBKmx3EwWJqZ0cMrFF54yM49.png\",\"width\":186,\"height\":112,\"caption\":\"Guin\u00e9e Diversit\u00e9\"},\"image\":{\"@id\":\"https:\/\/guineediversite.com\/#\/schema\/logo\/image\/\"},\"sameAs\":[\"https:\/\/www.facebook.com\/guineediversite\/\",\"https:\/\/x.com\/GuineeDiversite\",\"https:\/\/www.youtube.com\/channel\/UC8sUY16qelG5ge6_D5SB83g\"]},{\"@type\":\"Person\",\"@id\":\"https:\/\/guineediversite.com\/#\/schema\/person\/afa08fb34e7fc6e1feafc892612bc836\",\"name\":\"Guin\u00e9e Diversit\u00e9\",\"image\":{\"@type\":\"ImageObject\",\"inLanguage\":\"fr-FR\",\"@id\":\"https:\/\/guineediversite.com\/#\/schema\/person\/image\/\",\"url\":\"https:\/\/secure.gravatar.com\/avatar\/50d5eb5b390f8b65ac30ac6f898eb83a?s=96&d=mm&r=g\",\"contentUrl\":\"https:\/\/secure.gravatar.com\/avatar\/50d5eb5b390f8b65ac30ac6f898eb83a?s=96&d=mm&r=g\",\"caption\":\"Guin\u00e9e Diversit\u00e9\"},\"url\":\"https:\/\/guineediversite.com\/index.php\/author\/guineediversite\/\"}]}<\/script>\n<!-- \/ Yoast SEO plugin. -->","yoast_head_json":{"title":"Sant\u00e9 : La Guin\u00e9e c\u00e9l\u00e8bre la journ\u00e9e mondiale de lutte contre le cancer | Guin\u00e9e Diversit\u00e9","robots":{"index":"index","follow":"follow","max-snippet":"max-snippet:-1","max-image-preview":"max-image-preview:large","max-video-preview":"max-video-preview:-1"},"canonical":"https:\/\/guineediversite.com\/index.php\/2013\/12\/31\/sante-la-guinee-celebre-la-journee-mondiale-de-lutte-contre-le-cancer\/","og_locale":"fr_FR","og_type":"article","og_title":"Sant\u00e9 : La Guin\u00e9e c\u00e9l\u00e8bre la journ\u00e9e mondiale de lutte contre le cancer | Guin\u00e9e Diversit\u00e9","og_description":"Ce mardi 04 f\u00e9vrier 2014, la guin\u00e9e a c\u00e9l\u00e9br\u00e9 la journ\u00e9e mondiale de lutte contre le cancer. A cette occasion, la G\u00e9n\u00e9ration sans Tabac a rendu publique une d\u00e9claration que nous vous proposons l\u2019int\u00e9gralit\u00e9. Lisez ! La GENERATION SANS TABAC a pris l\u2019initiative de c\u00e9l\u00e9brer la journ\u00e9e mondiale de lutte contre le cancer en ce [&hellip;]","og_url":"https:\/\/guineediversite.com\/index.php\/2013\/12\/31\/sante-la-guinee-celebre-la-journee-mondiale-de-lutte-contre-le-cancer\/","og_site_name":"Guin\u00e9e Diversit\u00e9","article_publisher":"https:\/\/www.facebook.com\/guineediversite\/","article_published_time":"2013-12-30T23:00:00+00:00","author":"Guin\u00e9e Diversit\u00e9","twitter_card":"summary_large_image","twitter_creator":"@GuineeDiversite","twitter_site":"@GuineeDiversite","twitter_misc":{"\u00c9crit par":"Guin\u00e9e Diversit\u00e9","Dur\u00e9e de lecture estim\u00e9e":"2 minutes"},"schema":{"@context":"https:\/\/schema.org","@graph":[{"@type":"Article","@id":"https:\/\/guineediversite.com\/index.php\/2013\/12\/31\/sante-la-guinee-celebre-la-journee-mondiale-de-lutte-contre-le-cancer\/#article","isPartOf":{"@id":"https:\/\/guineediversite.com\/index.php\/2013\/12\/31\/sante-la-guinee-celebre-la-journee-mondiale-de-lutte-contre-le-cancer\/"},"author":{"name":"Guin\u00e9e Diversit\u00e9","@id":"https:\/\/guineediversite.com\/#\/schema\/person\/afa08fb34e7fc6e1feafc892612bc836"},"headline":"Sant\u00e9 : La Guin\u00e9e c\u00e9l\u00e8bre la journ\u00e9e mondiale de lutte contre le cancer","datePublished":"2013-12-30T23:00:00+00:00","dateModified":"2013-12-30T23:00:00+00:00","mainEntityOfPage":{"@id":"https:\/\/guineediversite.com\/index.php\/2013\/12\/31\/sante-la-guinee-celebre-la-journee-mondiale-de-lutte-contre-le-cancer\/"},"wordCount":469,"commentCount":0,"publisher":{"@id":"https:\/\/guineediversite.com\/#organization"},"articleSection":["Archives"],"inLanguage":"fr-FR","potentialAction":[{"@type":"CommentAction","name":"Comment","target":["https:\/\/guineediversite.com\/index.php\/2013\/12\/31\/sante-la-guinee-celebre-la-journee-mondiale-de-lutte-contre-le-cancer\/#respond"]}]},{"@type":"WebPage","@id":"https:\/\/guineediversite.com\/index.php\/2013\/12\/31\/sante-la-guinee-celebre-la-journee-mondiale-de-lutte-contre-le-cancer\/","url":"https:\/\/guineediversite.com\/index.php\/2013\/12\/31\/sante-la-guinee-celebre-la-journee-mondiale-de-lutte-contre-le-cancer\/","name":"Sant\u00e9 : La Guin\u00e9e c\u00e9l\u00e8bre la journ\u00e9e mondiale de lutte contre le cancer | Guin\u00e9e Diversit\u00e9","isPartOf":{"@id":"https:\/\/guineediversite.com\/#website"},"datePublished":"2013-12-30T23:00:00+00:00","dateModified":"2013-12-30T23:00:00+00:00","breadcrumb":{"@id":"https:\/\/guineediversite.com\/index.php\/2013\/12\/31\/sante-la-guinee-celebre-la-journee-mondiale-de-lutte-contre-le-cancer\/#breadcrumb"},"inLanguage":"fr-FR","potentialAction":[{"@type":"ReadAction","target":["https:\/\/guineediversite.com\/index.php\/2013\/12\/31\/sante-la-guinee-celebre-la-journee-mondiale-de-lutte-contre-le-cancer\/"]}]},{"@type":"BreadcrumbList","@id":"https:\/\/guineediversite.com\/index.php\/2013\/12\/31\/sante-la-guinee-celebre-la-journee-mondiale-de-lutte-contre-le-cancer\/#breadcrumb","itemListElement":[{"@type":"ListItem","position":1,"name":"Accueil","item":"https:\/\/guineediversite.com\/"},{"@type":"ListItem","position":2,"name":"Sant\u00e9 : La Guin\u00e9e c\u00e9l\u00e8bre la journ\u00e9e mondiale de lutte contre le cancer"}]},{"@type":"WebSite","@id":"https:\/\/guineediversite.com\/#website","url":"https:\/\/guineediversite.com\/","name":"Guin\u00e9e Diversit\u00e9","description":"L&#039;Info dans toute sa diversit\u00e9","publisher":{"@id":"https:\/\/guineediversite.com\/#organization"},"potentialAction":[{"@type":"SearchAction","target":{"@type":"EntryPoint","urlTemplate":"https:\/\/guineediversite.com\/?s={search_term_string}"},"query-input":{"@type":"PropertyValueSpecification","valueRequired":true,"valueName":"search_term_string"}}],"inLanguage":"fr-FR"},{"@type":"Organization","@id":"https:\/\/guineediversite.com\/#organization","name":"Guin\u00e9e Diversit\u00e9","url":"https:\/\/guineediversite.com\/","logo":{"@type":"ImageObject","inLanguage":"fr-FR","@id":"https:\/\/guineediversite.com\/#\/schema\/logo\/image\/","url":"https:\/\/guineediversite.com\/wp-content\/uploads\/2017\/04\/cropped-1jojlxEOMkX9Wyqfhe43D6kjPOGqBBKmx3EwWJqZ0cMrFF54yM49.png","contentUrl":"https:\/\/guineediversite.com\/wp-content\/uploads\/2017\/04\/cropped-1jojlxEOMkX9Wyqfhe43D6kjPOGqBBKmx3EwWJqZ0cMrFF54yM49.png","width":186,"height":112,"caption":"Guin\u00e9e Diversit\u00e9"},"image":{"@id":"https:\/\/guineediversite.com\/#\/schema\/logo\/image\/"},"sameAs":["https:\/\/www.facebook.com\/guineediversite\/","https:\/\/x.com\/GuineeDiversite","https:\/\/www.youtube.com\/channel\/UC8sUY16qelG5ge6_D5SB83g"]},{"@type":"Person","@id":"https:\/\/guineediversite.com\/#\/schema\/person\/afa08fb34e7fc6e1feafc892612bc836","name":"Guin\u00e9e Diversit\u00e9","image":{"@type":"ImageObject","inLanguage":"fr-FR","@id":"https:\/\/guineediversite.com\/#\/schema\/person\/image\/","url":"https:\/\/secure.gravatar.com\/avatar\/50d5eb5b390f8b65ac30ac6f898eb83a?s=96&d=mm&r=g","contentUrl":"https:\/\/secure.gravatar.com\/avatar\/50d5eb5b390f8b65ac30ac6f898eb83a?s=96&d=mm&r=g","caption":"Guin\u00e9e Diversit\u00e9"},"url":"https:\/\/guineediversite.com\/index.php\/author\/guineediversite\/"}]}},"_links":{"self":[{"href":"https:\/\/guineediversite.com\/index.php\/wp-json\/wp\/v2\/posts\/19772"}],"collection":[{"href":"https:\/\/guineediversite.com\/index.php\/wp-json\/wp\/v2\/posts"}],"about":[{"href":"https:\/\/guineediversite.com\/index.php\/wp-json\/wp\/v2\/types\/post"}],"author":[{"embeddable":true,"href":"https:\/\/guineediversite.com\/index.php\/wp-json\/wp\/v2\/users\/12"}],"replies":[{"embeddable":true,"href":"https:\/\/guineediversite.com\/index.php\/wp-json\/wp\/v2\/comments?post=19772"}],"version-history":[{"count":0,"href":"https:\/\/guineediversite.com\/index.php\/wp-json\/wp\/v2\/posts\/19772\/revisions"}],"wp:attachment":[{"href":"https:\/\/guineediversite.com\/index.php\/wp-json\/wp\/v2\/media?parent=19772"}],"wp:term":[{"taxonomy":"category","embeddable":true,"href":"https:\/\/guineediversite.com\/index.php\/wp-json\/wp\/v2\/categories?post=19772"},{"taxonomy":"post_tag","embeddable":true,"href":"https:\/\/guineediversite.com\/index.php\/wp-json\/wp\/v2\/tags?post=19772"}],"curies":[{"name":"wp","href":"https:\/\/api.w.org\/{rel}","templated":true}]}}