{"id":19771,"date":"2013-12-31T00:00:00","date_gmt":"2013-12-30T23:00:00","guid":{"rendered":"https:\/\/www.guineediversite.com\/index.php\/2013\/12\/31\/immigration-le-secretaire-detat-belge-a-lasile-et-la-migration-sejourne-en-guinee\/"},"modified":"2013-12-31T00:00:00","modified_gmt":"2013-12-30T23:00:00","slug":"immigration-le-secretaire-detat-belge-a-lasile-et-la-migration-sejourne-en-guinee","status":"publish","type":"post","link":"https:\/\/guineediversite.com\/index.php\/2013\/12\/31\/immigration-le-secretaire-detat-belge-a-lasile-et-la-migration-sejourne-en-guinee\/","title":{"rendered":"Immigration : le Secr\u00e9taire d\u2019Etat belge \u00e0 l\u2019asile et la migration s\u00e9journe en Guin\u00e9e"},"content":{"rendered":"<p>Depuis quelques jours maintenant, le Secr\u00e9taire d\u2019Etat belge \u00e0 l\u2019asile et la migration est en Guin\u00e9e. L\u2019objectif de sa visite est de rencontrer les autorit\u00e9s guin\u00e9ennes notamment le minist\u00e8re en charge des guin\u00e9ens de l\u2019\u00e9tranger, mais aussi  les institutions concern\u00e9es par le ph\u00e9nom\u00e8ne d\u2019immigration clandestin, comme l\u2019organisation internationale pour la migration pour  lutter contre le fl\u00e9au. <\/p>\n<p>C\u2019est dans ce cadre m\u00eame que la d\u00e9l\u00e9gation belge accompagn\u00e9e de l\u2019OIM a anim\u00e9 ce mardi une conf\u00e9rence de presse ici \u00e0 Conakry, pour  sensibiliser les guin\u00e9ens sur les dangers de l\u2019immigration clandestine.<\/p>\n<p>Selon cette d\u00e9l\u00e9gation belge, depuis avril 2013 le nombre des guin\u00e9ens qui demandent l\u2019asile politique en Belgique ne cesse de croitre. <\/p>\n<p>Selon des statistiques \u00e9tablies par l\u2019office belge de la migration, la Guin\u00e9e occupe le deuxi\u00e8me rang apr\u00e8s l\u2019Afghanistan avec un chiffre qui s\u2019\u00e9l\u00e8ve \u00e0 plus de 1247.<br \/>\n \u00ab La Belgique a le plaisir d\u2019accueillir un certain nombre de vos ressortissants amis. Je souhaite que chaque guin\u00e9en qui souhaite se rendre en Belgique, le fasse pour des bonnes raisons et puisse vivre en toute l\u00e9galit\u00e9. Mais je ne peux accepter et tol\u00e9rer que des \u00eatres humains prennent des risques immenses pour des faux r\u00eaves \u00bb a martel\u00e9 MAGGIE DE BLOCK,  secr\u00e9taire d\u2019Etat belge \u00e0 l\u2019asile et la migration. <\/p>\n<p>Rappelons que depuis quelques ann\u00e9es, pour mieux lutter contre la migration ou maitriser le flux migratoire, l\u2019OIM en collaboration avec les pays de destination des migrants, proc\u00e8dent \u00e0 une campagne de sensibilisation pour un retour volontaire des migrants. Une proc\u00e9dure qui inclut une assistance et un suivi des volontaires qui acceptent de revenir au pays. <\/p>\n<p>Macky SOW<\/p>\n","protected":false},"excerpt":{"rendered":"<p>Depuis quelques jours maintenant, le Secr\u00e9taire d\u2019Etat belge \u00e0 l\u2019asile et la migration est en Guin\u00e9e. L\u2019objectif de sa visite est de rencontrer les autorit\u00e9s guin\u00e9ennes notamment le minist\u00e8re en charge des guin\u00e9ens de l\u2019\u00e9tranger, mais aussi les institutions concern\u00e9es par le ph\u00e9nom\u00e8ne d\u2019immigration clandestin, comme l\u2019organisation internationale pour la migration pour lutter contre le [&hellip;]<\/p>\n","protected":false},"author":12,"featured_media":0,"comment_status":"open","ping_status":"open","sticky":false,"template":"","format":"standard","meta":{"_exactmetrics_skip_tracking":false,"_exactmetrics_sitenote_active":false,"_exactmetrics_sitenote_note":"","_exactmetrics_sitenote_category":0,"tdm_status":"","tdm_grid_status":"","footnotes":""},"categories":[28],"tags":[],"class_list":{"0":"post-19771","1":"post","2":"type-post","3":"status-publish","4":"format-standard","6":"category-archives"},"yoast_head":"<!-- This site is optimized with the Yoast SEO plugin v24.2 - https:\/\/yoast.com\/wordpress\/plugins\/seo\/ -->\n<title>Immigration : le Secr\u00e9taire d\u2019Etat belge \u00e0 l\u2019asile et la migration s\u00e9journe en Guin\u00e9e | Guin\u00e9e Diversit\u00e9<\/title>\n<meta name=\"robots\" content=\"index, follow, max-snippet:-1, max-image-preview:large, max-video-preview:-1\" \/>\n<link rel=\"canonical\" href=\"https:\/\/guineediversite.com\/index.php\/2013\/12\/31\/immigration-le-secretaire-detat-belge-a-lasile-et-la-migration-sejourne-en-guinee\/\" \/>\n<meta property=\"og:locale\" content=\"fr_FR\" \/>\n<meta property=\"og:type\" content=\"article\" \/>\n<meta property=\"og:title\" content=\"Immigration : le Secr\u00e9taire d\u2019Etat belge \u00e0 l\u2019asile et la migration s\u00e9journe en Guin\u00e9e | Guin\u00e9e Diversit\u00e9\" \/>\n<meta property=\"og:description\" content=\"Depuis quelques jours maintenant, le Secr\u00e9taire d\u2019Etat belge \u00e0 l\u2019asile et la migration est en Guin\u00e9e. L\u2019objectif de sa visite est de rencontrer les autorit\u00e9s guin\u00e9ennes notamment le minist\u00e8re en charge des guin\u00e9ens de l\u2019\u00e9tranger, mais aussi les institutions concern\u00e9es par le ph\u00e9nom\u00e8ne d\u2019immigration clandestin, comme l\u2019organisation internationale pour la migration pour lutter contre le [&hellip;]\" \/>\n<meta property=\"og:url\" content=\"https:\/\/guineediversite.com\/index.php\/2013\/12\/31\/immigration-le-secretaire-detat-belge-a-lasile-et-la-migration-sejourne-en-guinee\/\" \/>\n<meta property=\"og:site_name\" content=\"Guin\u00e9e Diversit\u00e9\" \/>\n<meta property=\"article:publisher\" content=\"https:\/\/www.facebook.com\/guineediversite\/\" \/>\n<meta property=\"article:published_time\" content=\"2013-12-30T23:00:00+00:00\" \/>\n<meta name=\"author\" content=\"Guin\u00e9e Diversit\u00e9\" \/>\n<meta name=\"twitter:card\" content=\"summary_large_image\" \/>\n<meta name=\"twitter:creator\" content=\"@GuineeDiversite\" \/>\n<meta name=\"twitter:site\" content=\"@GuineeDiversite\" \/>\n<meta name=\"twitter:label1\" content=\"\u00c9crit par\" \/>\n\t<meta name=\"twitter:data1\" content=\"Guin\u00e9e Diversit\u00e9\" \/>\n\t<meta name=\"twitter:label2\" content=\"Dur\u00e9e de lecture estim\u00e9e\" \/>\n\t<meta name=\"twitter:data2\" content=\"2 minutes\" \/>\n<script type=\"application\/ld+json\" class=\"yoast-schema-graph\">{\"@context\":\"https:\/\/schema.org\",\"@graph\":[{\"@type\":\"Article\",\"@id\":\"https:\/\/guineediversite.com\/index.php\/2013\/12\/31\/immigration-le-secretaire-detat-belge-a-lasile-et-la-migration-sejourne-en-guinee\/#article\",\"isPartOf\":{\"@id\":\"https:\/\/guineediversite.com\/index.php\/2013\/12\/31\/immigration-le-secretaire-detat-belge-a-lasile-et-la-migration-sejourne-en-guinee\/\"},\"author\":{\"name\":\"Guin\u00e9e Diversit\u00e9\",\"@id\":\"https:\/\/guineediversite.com\/#\/schema\/person\/afa08fb34e7fc6e1feafc892612bc836\"},\"headline\":\"Immigration : le Secr\u00e9taire d\u2019Etat belge \u00e0 l\u2019asile et la migration s\u00e9journe en Guin\u00e9e\",\"datePublished\":\"2013-12-30T23:00:00+00:00\",\"dateModified\":\"2013-12-30T23:00:00+00:00\",\"mainEntityOfPage\":{\"@id\":\"https:\/\/guineediversite.com\/index.php\/2013\/12\/31\/immigration-le-secretaire-detat-belge-a-lasile-et-la-migration-sejourne-en-guinee\/\"},\"wordCount\":320,\"commentCount\":0,\"publisher\":{\"@id\":\"https:\/\/guineediversite.com\/#organization\"},\"articleSection\":[\"Archives\"],\"inLanguage\":\"fr-FR\",\"potentialAction\":[{\"@type\":\"CommentAction\",\"name\":\"Comment\",\"target\":[\"https:\/\/guineediversite.com\/index.php\/2013\/12\/31\/immigration-le-secretaire-detat-belge-a-lasile-et-la-migration-sejourne-en-guinee\/#respond\"]}]},{\"@type\":\"WebPage\",\"@id\":\"https:\/\/guineediversite.com\/index.php\/2013\/12\/31\/immigration-le-secretaire-detat-belge-a-lasile-et-la-migration-sejourne-en-guinee\/\",\"url\":\"https:\/\/guineediversite.com\/index.php\/2013\/12\/31\/immigration-le-secretaire-detat-belge-a-lasile-et-la-migration-sejourne-en-guinee\/\",\"name\":\"Immigration : le Secr\u00e9taire d\u2019Etat belge \u00e0 l\u2019asile et la migration s\u00e9journe en Guin\u00e9e | Guin\u00e9e Diversit\u00e9\",\"isPartOf\":{\"@id\":\"https:\/\/guineediversite.com\/#website\"},\"datePublished\":\"2013-12-30T23:00:00+00:00\",\"dateModified\":\"2013-12-30T23:00:00+00:00\",\"breadcrumb\":{\"@id\":\"https:\/\/guineediversite.com\/index.php\/2013\/12\/31\/immigration-le-secretaire-detat-belge-a-lasile-et-la-migration-sejourne-en-guinee\/#breadcrumb\"},\"inLanguage\":\"fr-FR\",\"potentialAction\":[{\"@type\":\"ReadAction\",\"target\":[\"https:\/\/guineediversite.com\/index.php\/2013\/12\/31\/immigration-le-secretaire-detat-belge-a-lasile-et-la-migration-sejourne-en-guinee\/\"]}]},{\"@type\":\"BreadcrumbList\",\"@id\":\"https:\/\/guineediversite.com\/index.php\/2013\/12\/31\/immigration-le-secretaire-detat-belge-a-lasile-et-la-migration-sejourne-en-guinee\/#breadcrumb\",\"itemListElement\":[{\"@type\":\"ListItem\",\"position\":1,\"name\":\"Accueil\",\"item\":\"https:\/\/guineediversite.com\/\"},{\"@type\":\"ListItem\",\"position\":2,\"name\":\"Immigration : le Secr\u00e9taire d\u2019Etat belge \u00e0 l\u2019asile et la migration s\u00e9journe en Guin\u00e9e\"}]},{\"@type\":\"WebSite\",\"@id\":\"https:\/\/guineediversite.com\/#website\",\"url\":\"https:\/\/guineediversite.com\/\",\"name\":\"Guin\u00e9e Diversit\u00e9\",\"description\":\"L&#039;Info dans toute sa diversit\u00e9\",\"publisher\":{\"@id\":\"https:\/\/guineediversite.com\/#organization\"},\"potentialAction\":[{\"@type\":\"SearchAction\",\"target\":{\"@type\":\"EntryPoint\",\"urlTemplate\":\"https:\/\/guineediversite.com\/?s={search_term_string}\"},\"query-input\":{\"@type\":\"PropertyValueSpecification\",\"valueRequired\":true,\"valueName\":\"search_term_string\"}}],\"inLanguage\":\"fr-FR\"},{\"@type\":\"Organization\",\"@id\":\"https:\/\/guineediversite.com\/#organization\",\"name\":\"Guin\u00e9e Diversit\u00e9\",\"url\":\"https:\/\/guineediversite.com\/\",\"logo\":{\"@type\":\"ImageObject\",\"inLanguage\":\"fr-FR\",\"@id\":\"https:\/\/guineediversite.com\/#\/schema\/logo\/image\/\",\"url\":\"https:\/\/guineediversite.com\/wp-content\/uploads\/2017\/04\/cropped-1jojlxEOMkX9Wyqfhe43D6kjPOGqBBKmx3EwWJqZ0cMrFF54yM49.png\",\"contentUrl\":\"https:\/\/guineediversite.com\/wp-content\/uploads\/2017\/04\/cropped-1jojlxEOMkX9Wyqfhe43D6kjPOGqBBKmx3EwWJqZ0cMrFF54yM49.png\",\"width\":186,\"height\":112,\"caption\":\"Guin\u00e9e Diversit\u00e9\"},\"image\":{\"@id\":\"https:\/\/guineediversite.com\/#\/schema\/logo\/image\/\"},\"sameAs\":[\"https:\/\/www.facebook.com\/guineediversite\/\",\"https:\/\/x.com\/GuineeDiversite\",\"https:\/\/www.youtube.com\/channel\/UC8sUY16qelG5ge6_D5SB83g\"]},{\"@type\":\"Person\",\"@id\":\"https:\/\/guineediversite.com\/#\/schema\/person\/afa08fb34e7fc6e1feafc892612bc836\",\"name\":\"Guin\u00e9e Diversit\u00e9\",\"image\":{\"@type\":\"ImageObject\",\"inLanguage\":\"fr-FR\",\"@id\":\"https:\/\/guineediversite.com\/#\/schema\/person\/image\/\",\"url\":\"https:\/\/secure.gravatar.com\/avatar\/50d5eb5b390f8b65ac30ac6f898eb83a?s=96&d=mm&r=g\",\"contentUrl\":\"https:\/\/secure.gravatar.com\/avatar\/50d5eb5b390f8b65ac30ac6f898eb83a?s=96&d=mm&r=g\",\"caption\":\"Guin\u00e9e Diversit\u00e9\"},\"url\":\"https:\/\/guineediversite.com\/index.php\/author\/guineediversite\/\"}]}<\/script>\n<!-- \/ Yoast SEO plugin. -->","yoast_head_json":{"title":"Immigration : le Secr\u00e9taire d\u2019Etat belge \u00e0 l\u2019asile et la migration s\u00e9journe en Guin\u00e9e | Guin\u00e9e Diversit\u00e9","robots":{"index":"index","follow":"follow","max-snippet":"max-snippet:-1","max-image-preview":"max-image-preview:large","max-video-preview":"max-video-preview:-1"},"canonical":"https:\/\/guineediversite.com\/index.php\/2013\/12\/31\/immigration-le-secretaire-detat-belge-a-lasile-et-la-migration-sejourne-en-guinee\/","og_locale":"fr_FR","og_type":"article","og_title":"Immigration : le Secr\u00e9taire d\u2019Etat belge \u00e0 l\u2019asile et la migration s\u00e9journe en Guin\u00e9e | Guin\u00e9e Diversit\u00e9","og_description":"Depuis quelques jours maintenant, le Secr\u00e9taire d\u2019Etat belge \u00e0 l\u2019asile et la migration est en Guin\u00e9e. L\u2019objectif de sa visite est de rencontrer les autorit\u00e9s guin\u00e9ennes notamment le minist\u00e8re en charge des guin\u00e9ens de l\u2019\u00e9tranger, mais aussi les institutions concern\u00e9es par le ph\u00e9nom\u00e8ne d\u2019immigration clandestin, comme l\u2019organisation internationale pour la migration pour lutter contre le [&hellip;]","og_url":"https:\/\/guineediversite.com\/index.php\/2013\/12\/31\/immigration-le-secretaire-detat-belge-a-lasile-et-la-migration-sejourne-en-guinee\/","og_site_name":"Guin\u00e9e Diversit\u00e9","article_publisher":"https:\/\/www.facebook.com\/guineediversite\/","article_published_time":"2013-12-30T23:00:00+00:00","author":"Guin\u00e9e Diversit\u00e9","twitter_card":"summary_large_image","twitter_creator":"@GuineeDiversite","twitter_site":"@GuineeDiversite","twitter_misc":{"\u00c9crit par":"Guin\u00e9e Diversit\u00e9","Dur\u00e9e de lecture estim\u00e9e":"2 minutes"},"schema":{"@context":"https:\/\/schema.org","@graph":[{"@type":"Article","@id":"https:\/\/guineediversite.com\/index.php\/2013\/12\/31\/immigration-le-secretaire-detat-belge-a-lasile-et-la-migration-sejourne-en-guinee\/#article","isPartOf":{"@id":"https:\/\/guineediversite.com\/index.php\/2013\/12\/31\/immigration-le-secretaire-detat-belge-a-lasile-et-la-migration-sejourne-en-guinee\/"},"author":{"name":"Guin\u00e9e Diversit\u00e9","@id":"https:\/\/guineediversite.com\/#\/schema\/person\/afa08fb34e7fc6e1feafc892612bc836"},"headline":"Immigration : le Secr\u00e9taire d\u2019Etat belge \u00e0 l\u2019asile et la migration s\u00e9journe en Guin\u00e9e","datePublished":"2013-12-30T23:00:00+00:00","dateModified":"2013-12-30T23:00:00+00:00","mainEntityOfPage":{"@id":"https:\/\/guineediversite.com\/index.php\/2013\/12\/31\/immigration-le-secretaire-detat-belge-a-lasile-et-la-migration-sejourne-en-guinee\/"},"wordCount":320,"commentCount":0,"publisher":{"@id":"https:\/\/guineediversite.com\/#organization"},"articleSection":["Archives"],"inLanguage":"fr-FR","potentialAction":[{"@type":"CommentAction","name":"Comment","target":["https:\/\/guineediversite.com\/index.php\/2013\/12\/31\/immigration-le-secretaire-detat-belge-a-lasile-et-la-migration-sejourne-en-guinee\/#respond"]}]},{"@type":"WebPage","@id":"https:\/\/guineediversite.com\/index.php\/2013\/12\/31\/immigration-le-secretaire-detat-belge-a-lasile-et-la-migration-sejourne-en-guinee\/","url":"https:\/\/guineediversite.com\/index.php\/2013\/12\/31\/immigration-le-secretaire-detat-belge-a-lasile-et-la-migration-sejourne-en-guinee\/","name":"Immigration : le Secr\u00e9taire d\u2019Etat belge \u00e0 l\u2019asile et la migration s\u00e9journe en Guin\u00e9e | Guin\u00e9e Diversit\u00e9","isPartOf":{"@id":"https:\/\/guineediversite.com\/#website"},"datePublished":"2013-12-30T23:00:00+00:00","dateModified":"2013-12-30T23:00:00+00:00","breadcrumb":{"@id":"https:\/\/guineediversite.com\/index.php\/2013\/12\/31\/immigration-le-secretaire-detat-belge-a-lasile-et-la-migration-sejourne-en-guinee\/#breadcrumb"},"inLanguage":"fr-FR","potentialAction":[{"@type":"ReadAction","target":["https:\/\/guineediversite.com\/index.php\/2013\/12\/31\/immigration-le-secretaire-detat-belge-a-lasile-et-la-migration-sejourne-en-guinee\/"]}]},{"@type":"BreadcrumbList","@id":"https:\/\/guineediversite.com\/index.php\/2013\/12\/31\/immigration-le-secretaire-detat-belge-a-lasile-et-la-migration-sejourne-en-guinee\/#breadcrumb","itemListElement":[{"@type":"ListItem","position":1,"name":"Accueil","item":"https:\/\/guineediversite.com\/"},{"@type":"ListItem","position":2,"name":"Immigration : le Secr\u00e9taire d\u2019Etat belge \u00e0 l\u2019asile et la migration s\u00e9journe en Guin\u00e9e"}]},{"@type":"WebSite","@id":"https:\/\/guineediversite.com\/#website","url":"https:\/\/guineediversite.com\/","name":"Guin\u00e9e Diversit\u00e9","description":"L&#039;Info dans toute sa diversit\u00e9","publisher":{"@id":"https:\/\/guineediversite.com\/#organization"},"potentialAction":[{"@type":"SearchAction","target":{"@type":"EntryPoint","urlTemplate":"https:\/\/guineediversite.com\/?s={search_term_string}"},"query-input":{"@type":"PropertyValueSpecification","valueRequired":true,"valueName":"search_term_string"}}],"inLanguage":"fr-FR"},{"@type":"Organization","@id":"https:\/\/guineediversite.com\/#organization","name":"Guin\u00e9e Diversit\u00e9","url":"https:\/\/guineediversite.com\/","logo":{"@type":"ImageObject","inLanguage":"fr-FR","@id":"https:\/\/guineediversite.com\/#\/schema\/logo\/image\/","url":"https:\/\/guineediversite.com\/wp-content\/uploads\/2017\/04\/cropped-1jojlxEOMkX9Wyqfhe43D6kjPOGqBBKmx3EwWJqZ0cMrFF54yM49.png","contentUrl":"https:\/\/guineediversite.com\/wp-content\/uploads\/2017\/04\/cropped-1jojlxEOMkX9Wyqfhe43D6kjPOGqBBKmx3EwWJqZ0cMrFF54yM49.png","width":186,"height":112,"caption":"Guin\u00e9e Diversit\u00e9"},"image":{"@id":"https:\/\/guineediversite.com\/#\/schema\/logo\/image\/"},"sameAs":["https:\/\/www.facebook.com\/guineediversite\/","https:\/\/x.com\/GuineeDiversite","https:\/\/www.youtube.com\/channel\/UC8sUY16qelG5ge6_D5SB83g"]},{"@type":"Person","@id":"https:\/\/guineediversite.com\/#\/schema\/person\/afa08fb34e7fc6e1feafc892612bc836","name":"Guin\u00e9e Diversit\u00e9","image":{"@type":"ImageObject","inLanguage":"fr-FR","@id":"https:\/\/guineediversite.com\/#\/schema\/person\/image\/","url":"https:\/\/secure.gravatar.com\/avatar\/50d5eb5b390f8b65ac30ac6f898eb83a?s=96&d=mm&r=g","contentUrl":"https:\/\/secure.gravatar.com\/avatar\/50d5eb5b390f8b65ac30ac6f898eb83a?s=96&d=mm&r=g","caption":"Guin\u00e9e Diversit\u00e9"},"url":"https:\/\/guineediversite.com\/index.php\/author\/guineediversite\/"}]}},"_links":{"self":[{"href":"https:\/\/guineediversite.com\/index.php\/wp-json\/wp\/v2\/posts\/19771"}],"collection":[{"href":"https:\/\/guineediversite.com\/index.php\/wp-json\/wp\/v2\/posts"}],"about":[{"href":"https:\/\/guineediversite.com\/index.php\/wp-json\/wp\/v2\/types\/post"}],"author":[{"embeddable":true,"href":"https:\/\/guineediversite.com\/index.php\/wp-json\/wp\/v2\/users\/12"}],"replies":[{"embeddable":true,"href":"https:\/\/guineediversite.com\/index.php\/wp-json\/wp\/v2\/comments?post=19771"}],"version-history":[{"count":0,"href":"https:\/\/guineediversite.com\/index.php\/wp-json\/wp\/v2\/posts\/19771\/revisions"}],"wp:attachment":[{"href":"https:\/\/guineediversite.com\/index.php\/wp-json\/wp\/v2\/media?parent=19771"}],"wp:term":[{"taxonomy":"category","embeddable":true,"href":"https:\/\/guineediversite.com\/index.php\/wp-json\/wp\/v2\/categories?post=19771"},{"taxonomy":"post_tag","embeddable":true,"href":"https:\/\/guineediversite.com\/index.php\/wp-json\/wp\/v2\/tags?post=19771"}],"curies":[{"name":"wp","href":"https:\/\/api.w.org\/{rel}","templated":true}]}}