{"id":19768,"date":"2013-12-31T00:00:00","date_gmt":"2013-12-30T23:00:00","guid":{"rendered":"https:\/\/www.guineediversite.com\/index.php\/2013\/12\/31\/le-groupe-organise-des-hommes-daffaires-compte-desormais-sur-lassemblee-nationale-pour-le-dedommagement-des-commercants-victimes-de-pillages\/"},"modified":"2013-12-31T00:00:00","modified_gmt":"2013-12-30T23:00:00","slug":"le-groupe-organise-des-hommes-daffaires-compte-desormais-sur-lassemblee-nationale-pour-le-dedommagement-des-commercants-victimes-de-pillages","status":"publish","type":"post","link":"https:\/\/guineediversite.com\/index.php\/2013\/12\/31\/le-groupe-organise-des-hommes-daffaires-compte-desormais-sur-lassemblee-nationale-pour-le-dedommagement-des-commercants-victimes-de-pillages\/","title":{"rendered":"Le groupe organis\u00e9 des hommes d\u2019affaires compte d\u00e9sormais sur l\u2019Assembl\u00e9e nationale pour le d\u00e9dommagement des commer\u00e7ants victimes de pillages."},"content":{"rendered":"<p>Le GOHA a d\u00e9pos\u00e9  ce lundi 03 f\u00e9vrier 2014 \u00e0 l\u2019Assembl\u00e9e Nationale un document dans lequel il sollicite l\u2019appui du parlement pour le d\u00e9dommagement des personnes victimes de pillage des boutiques et magasins lors des \u00e9v\u00e8nements politiques que notre pays a connu ces derni\u00e8res ann\u00e9es.<br \/>\nPour la petite histoire, entre le mois de septembre 2012 et le mois de mai 2013, le GOHA a enregistr\u00e9 pr\u00e8s de 50 milliards de franc guin\u00e9ens de pertes subit par des commer\u00e7ants et autres usagers de la route<br \/>\nDepuis  lors,  aucun d\u00e9dommagement n\u2019a \u00e9t\u00e9 engag\u00e9 par l\u2019Etat, malgr\u00e9 son engagement  \u00e0 d\u00e9dommager les victimes des \u00e9v\u00e9nements politiques en Guin\u00e9e lors des accords du 3 juillet 2013.<br \/>\n Une situation qui est consid\u00e9r\u00e9e jusqu\u2019ici comme  beaucoup plus politique  qu\u2019\u00e9conomique sous les yeux des dirigeants guin\u00e9ens.<br \/>\nR\u00e9pondant aux questions des journalistes, le pr\u00e9sident du GOHA Cherif Mohamed  Abdallah qui d\u00e9fend ce dossier  soutient que, \u00ab seul l\u2019Etat a l\u2019obligation de prot\u00e9ger les citoyens et  leurs biens. Cette responsabilit\u00e9 des pillages des biens publics et priv\u00e9s n\u2019incombe pas aux  organisateurs des marches politiques. C\u2019est l\u2019Etat qui dispose des services de s\u00e9curit\u00e9 et l\u2019arm\u00e9e, alors c\u2019est \u00e0 lui de s\u00e9curiser les op\u00e9rateurs \u00e9conomiques \u00bb.<br \/>\nCe dossier de pillage des boutiques et magasins serait l\u2019un des premiers dossiers d\u2019ordre revendicatif  port\u00e9 \u00e0 la connaissance du nouveau parlement. Dans les prochains jours donc, les membres de cette institution vont se retrouver pour examiner favorablement  ou non cette requ\u00eate du GOHA.<br \/>\nThierno Abdoul Bald\u00e9 :<br \/>\n + 224 664 295 032<\/p>\n","protected":false},"excerpt":{"rendered":"<p>Le GOHA a d\u00e9pos\u00e9 ce lundi 03 f\u00e9vrier 2014 \u00e0 l\u2019Assembl\u00e9e Nationale un document dans lequel il sollicite l\u2019appui du parlement pour le d\u00e9dommagement des personnes victimes de pillage des boutiques et magasins lors des \u00e9v\u00e8nements politiques que notre pays a connu ces derni\u00e8res ann\u00e9es. Pour la petite histoire, entre le mois de septembre 2012 [&hellip;]<\/p>\n","protected":false},"author":12,"featured_media":0,"comment_status":"open","ping_status":"open","sticky":false,"template":"","format":"standard","meta":{"_exactmetrics_skip_tracking":false,"_exactmetrics_sitenote_active":false,"_exactmetrics_sitenote_note":"","_exactmetrics_sitenote_category":0,"tdm_status":"","tdm_grid_status":"","footnotes":""},"categories":[28],"tags":[],"class_list":{"0":"post-19768","1":"post","2":"type-post","3":"status-publish","4":"format-standard","6":"category-archives"},"yoast_head":"<!-- This site is optimized with the Yoast SEO plugin v24.2 - https:\/\/yoast.com\/wordpress\/plugins\/seo\/ -->\n<title>Le groupe organis\u00e9 des hommes d\u2019affaires compte d\u00e9sormais sur l\u2019Assembl\u00e9e nationale pour le d\u00e9dommagement des commer\u00e7ants victimes de pillages. | Guin\u00e9e Diversit\u00e9<\/title>\n<meta name=\"robots\" content=\"index, follow, max-snippet:-1, max-image-preview:large, max-video-preview:-1\" \/>\n<link rel=\"canonical\" href=\"https:\/\/guineediversite.com\/index.php\/2013\/12\/31\/le-groupe-organise-des-hommes-daffaires-compte-desormais-sur-lassemblee-nationale-pour-le-dedommagement-des-commercants-victimes-de-pillages\/\" \/>\n<meta property=\"og:locale\" content=\"fr_FR\" \/>\n<meta property=\"og:type\" content=\"article\" \/>\n<meta property=\"og:title\" content=\"Le groupe organis\u00e9 des hommes d\u2019affaires compte d\u00e9sormais sur l\u2019Assembl\u00e9e nationale pour le d\u00e9dommagement des commer\u00e7ants victimes de pillages. | Guin\u00e9e Diversit\u00e9\" \/>\n<meta property=\"og:description\" content=\"Le GOHA a d\u00e9pos\u00e9 ce lundi 03 f\u00e9vrier 2014 \u00e0 l\u2019Assembl\u00e9e Nationale un document dans lequel il sollicite l\u2019appui du parlement pour le d\u00e9dommagement des personnes victimes de pillage des boutiques et magasins lors des \u00e9v\u00e8nements politiques que notre pays a connu ces derni\u00e8res ann\u00e9es. Pour la petite histoire, entre le mois de septembre 2012 [&hellip;]\" \/>\n<meta property=\"og:url\" content=\"https:\/\/guineediversite.com\/index.php\/2013\/12\/31\/le-groupe-organise-des-hommes-daffaires-compte-desormais-sur-lassemblee-nationale-pour-le-dedommagement-des-commercants-victimes-de-pillages\/\" \/>\n<meta property=\"og:site_name\" content=\"Guin\u00e9e Diversit\u00e9\" \/>\n<meta property=\"article:publisher\" content=\"https:\/\/www.facebook.com\/guineediversite\/\" \/>\n<meta property=\"article:published_time\" content=\"2013-12-30T23:00:00+00:00\" \/>\n<meta name=\"author\" content=\"Guin\u00e9e Diversit\u00e9\" \/>\n<meta name=\"twitter:card\" content=\"summary_large_image\" \/>\n<meta name=\"twitter:creator\" content=\"@GuineeDiversite\" \/>\n<meta name=\"twitter:site\" content=\"@GuineeDiversite\" \/>\n<meta name=\"twitter:label1\" content=\"\u00c9crit par\" \/>\n\t<meta name=\"twitter:data1\" content=\"Guin\u00e9e Diversit\u00e9\" \/>\n\t<meta name=\"twitter:label2\" content=\"Dur\u00e9e de lecture estim\u00e9e\" \/>\n\t<meta name=\"twitter:data2\" content=\"1 minute\" \/>\n<script type=\"application\/ld+json\" class=\"yoast-schema-graph\">{\"@context\":\"https:\/\/schema.org\",\"@graph\":[{\"@type\":\"Article\",\"@id\":\"https:\/\/guineediversite.com\/index.php\/2013\/12\/31\/le-groupe-organise-des-hommes-daffaires-compte-desormais-sur-lassemblee-nationale-pour-le-dedommagement-des-commercants-victimes-de-pillages\/#article\",\"isPartOf\":{\"@id\":\"https:\/\/guineediversite.com\/index.php\/2013\/12\/31\/le-groupe-organise-des-hommes-daffaires-compte-desormais-sur-lassemblee-nationale-pour-le-dedommagement-des-commercants-victimes-de-pillages\/\"},\"author\":{\"name\":\"Guin\u00e9e Diversit\u00e9\",\"@id\":\"https:\/\/guineediversite.com\/#\/schema\/person\/afa08fb34e7fc6e1feafc892612bc836\"},\"headline\":\"Le groupe organis\u00e9 des hommes d\u2019affaires compte d\u00e9sormais sur l\u2019Assembl\u00e9e nationale pour le d\u00e9dommagement des commer\u00e7ants victimes de pillages.\",\"datePublished\":\"2013-12-30T23:00:00+00:00\",\"dateModified\":\"2013-12-30T23:00:00+00:00\",\"mainEntityOfPage\":{\"@id\":\"https:\/\/guineediversite.com\/index.php\/2013\/12\/31\/le-groupe-organise-des-hommes-daffaires-compte-desormais-sur-lassemblee-nationale-pour-le-dedommagement-des-commercants-victimes-de-pillages\/\"},\"wordCount\":296,\"commentCount\":0,\"publisher\":{\"@id\":\"https:\/\/guineediversite.com\/#organization\"},\"articleSection\":[\"Archives\"],\"inLanguage\":\"fr-FR\",\"potentialAction\":[{\"@type\":\"CommentAction\",\"name\":\"Comment\",\"target\":[\"https:\/\/guineediversite.com\/index.php\/2013\/12\/31\/le-groupe-organise-des-hommes-daffaires-compte-desormais-sur-lassemblee-nationale-pour-le-dedommagement-des-commercants-victimes-de-pillages\/#respond\"]}]},{\"@type\":\"WebPage\",\"@id\":\"https:\/\/guineediversite.com\/index.php\/2013\/12\/31\/le-groupe-organise-des-hommes-daffaires-compte-desormais-sur-lassemblee-nationale-pour-le-dedommagement-des-commercants-victimes-de-pillages\/\",\"url\":\"https:\/\/guineediversite.com\/index.php\/2013\/12\/31\/le-groupe-organise-des-hommes-daffaires-compte-desormais-sur-lassemblee-nationale-pour-le-dedommagement-des-commercants-victimes-de-pillages\/\",\"name\":\"Le groupe organis\u00e9 des hommes d\u2019affaires compte d\u00e9sormais sur l\u2019Assembl\u00e9e nationale pour le d\u00e9dommagement des commer\u00e7ants victimes de pillages. | Guin\u00e9e Diversit\u00e9\",\"isPartOf\":{\"@id\":\"https:\/\/guineediversite.com\/#website\"},\"datePublished\":\"2013-12-30T23:00:00+00:00\",\"dateModified\":\"2013-12-30T23:00:00+00:00\",\"breadcrumb\":{\"@id\":\"https:\/\/guineediversite.com\/index.php\/2013\/12\/31\/le-groupe-organise-des-hommes-daffaires-compte-desormais-sur-lassemblee-nationale-pour-le-dedommagement-des-commercants-victimes-de-pillages\/#breadcrumb\"},\"inLanguage\":\"fr-FR\",\"potentialAction\":[{\"@type\":\"ReadAction\",\"target\":[\"https:\/\/guineediversite.com\/index.php\/2013\/12\/31\/le-groupe-organise-des-hommes-daffaires-compte-desormais-sur-lassemblee-nationale-pour-le-dedommagement-des-commercants-victimes-de-pillages\/\"]}]},{\"@type\":\"BreadcrumbList\",\"@id\":\"https:\/\/guineediversite.com\/index.php\/2013\/12\/31\/le-groupe-organise-des-hommes-daffaires-compte-desormais-sur-lassemblee-nationale-pour-le-dedommagement-des-commercants-victimes-de-pillages\/#breadcrumb\",\"itemListElement\":[{\"@type\":\"ListItem\",\"position\":1,\"name\":\"Accueil\",\"item\":\"https:\/\/guineediversite.com\/\"},{\"@type\":\"ListItem\",\"position\":2,\"name\":\"Le groupe organis\u00e9 des hommes d\u2019affaires compte d\u00e9sormais sur l\u2019Assembl\u00e9e nationale pour le d\u00e9dommagement des commer\u00e7ants victimes de pillages.\"}]},{\"@type\":\"WebSite\",\"@id\":\"https:\/\/guineediversite.com\/#website\",\"url\":\"https:\/\/guineediversite.com\/\",\"name\":\"Guin\u00e9e Diversit\u00e9\",\"description\":\"L&#039;Info dans toute sa diversit\u00e9\",\"publisher\":{\"@id\":\"https:\/\/guineediversite.com\/#organization\"},\"potentialAction\":[{\"@type\":\"SearchAction\",\"target\":{\"@type\":\"EntryPoint\",\"urlTemplate\":\"https:\/\/guineediversite.com\/?s={search_term_string}\"},\"query-input\":{\"@type\":\"PropertyValueSpecification\",\"valueRequired\":true,\"valueName\":\"search_term_string\"}}],\"inLanguage\":\"fr-FR\"},{\"@type\":\"Organization\",\"@id\":\"https:\/\/guineediversite.com\/#organization\",\"name\":\"Guin\u00e9e Diversit\u00e9\",\"url\":\"https:\/\/guineediversite.com\/\",\"logo\":{\"@type\":\"ImageObject\",\"inLanguage\":\"fr-FR\",\"@id\":\"https:\/\/guineediversite.com\/#\/schema\/logo\/image\/\",\"url\":\"https:\/\/guineediversite.com\/wp-content\/uploads\/2017\/04\/cropped-1jojlxEOMkX9Wyqfhe43D6kjPOGqBBKmx3EwWJqZ0cMrFF54yM49.png\",\"contentUrl\":\"https:\/\/guineediversite.com\/wp-content\/uploads\/2017\/04\/cropped-1jojlxEOMkX9Wyqfhe43D6kjPOGqBBKmx3EwWJqZ0cMrFF54yM49.png\",\"width\":186,\"height\":112,\"caption\":\"Guin\u00e9e Diversit\u00e9\"},\"image\":{\"@id\":\"https:\/\/guineediversite.com\/#\/schema\/logo\/image\/\"},\"sameAs\":[\"https:\/\/www.facebook.com\/guineediversite\/\",\"https:\/\/x.com\/GuineeDiversite\",\"https:\/\/www.youtube.com\/channel\/UC8sUY16qelG5ge6_D5SB83g\"]},{\"@type\":\"Person\",\"@id\":\"https:\/\/guineediversite.com\/#\/schema\/person\/afa08fb34e7fc6e1feafc892612bc836\",\"name\":\"Guin\u00e9e Diversit\u00e9\",\"image\":{\"@type\":\"ImageObject\",\"inLanguage\":\"fr-FR\",\"@id\":\"https:\/\/guineediversite.com\/#\/schema\/person\/image\/\",\"url\":\"https:\/\/secure.gravatar.com\/avatar\/50d5eb5b390f8b65ac30ac6f898eb83a?s=96&d=mm&r=g\",\"contentUrl\":\"https:\/\/secure.gravatar.com\/avatar\/50d5eb5b390f8b65ac30ac6f898eb83a?s=96&d=mm&r=g\",\"caption\":\"Guin\u00e9e Diversit\u00e9\"},\"url\":\"https:\/\/guineediversite.com\/index.php\/author\/guineediversite\/\"}]}<\/script>\n<!-- \/ Yoast SEO plugin. -->","yoast_head_json":{"title":"Le groupe organis\u00e9 des hommes d\u2019affaires compte d\u00e9sormais sur l\u2019Assembl\u00e9e nationale pour le d\u00e9dommagement des commer\u00e7ants victimes de pillages. | Guin\u00e9e Diversit\u00e9","robots":{"index":"index","follow":"follow","max-snippet":"max-snippet:-1","max-image-preview":"max-image-preview:large","max-video-preview":"max-video-preview:-1"},"canonical":"https:\/\/guineediversite.com\/index.php\/2013\/12\/31\/le-groupe-organise-des-hommes-daffaires-compte-desormais-sur-lassemblee-nationale-pour-le-dedommagement-des-commercants-victimes-de-pillages\/","og_locale":"fr_FR","og_type":"article","og_title":"Le groupe organis\u00e9 des hommes d\u2019affaires compte d\u00e9sormais sur l\u2019Assembl\u00e9e nationale pour le d\u00e9dommagement des commer\u00e7ants victimes de pillages. | Guin\u00e9e Diversit\u00e9","og_description":"Le GOHA a d\u00e9pos\u00e9 ce lundi 03 f\u00e9vrier 2014 \u00e0 l\u2019Assembl\u00e9e Nationale un document dans lequel il sollicite l\u2019appui du parlement pour le d\u00e9dommagement des personnes victimes de pillage des boutiques et magasins lors des \u00e9v\u00e8nements politiques que notre pays a connu ces derni\u00e8res ann\u00e9es. Pour la petite histoire, entre le mois de septembre 2012 [&hellip;]","og_url":"https:\/\/guineediversite.com\/index.php\/2013\/12\/31\/le-groupe-organise-des-hommes-daffaires-compte-desormais-sur-lassemblee-nationale-pour-le-dedommagement-des-commercants-victimes-de-pillages\/","og_site_name":"Guin\u00e9e Diversit\u00e9","article_publisher":"https:\/\/www.facebook.com\/guineediversite\/","article_published_time":"2013-12-30T23:00:00+00:00","author":"Guin\u00e9e Diversit\u00e9","twitter_card":"summary_large_image","twitter_creator":"@GuineeDiversite","twitter_site":"@GuineeDiversite","twitter_misc":{"\u00c9crit par":"Guin\u00e9e Diversit\u00e9","Dur\u00e9e de lecture estim\u00e9e":"1 minute"},"schema":{"@context":"https:\/\/schema.org","@graph":[{"@type":"Article","@id":"https:\/\/guineediversite.com\/index.php\/2013\/12\/31\/le-groupe-organise-des-hommes-daffaires-compte-desormais-sur-lassemblee-nationale-pour-le-dedommagement-des-commercants-victimes-de-pillages\/#article","isPartOf":{"@id":"https:\/\/guineediversite.com\/index.php\/2013\/12\/31\/le-groupe-organise-des-hommes-daffaires-compte-desormais-sur-lassemblee-nationale-pour-le-dedommagement-des-commercants-victimes-de-pillages\/"},"author":{"name":"Guin\u00e9e Diversit\u00e9","@id":"https:\/\/guineediversite.com\/#\/schema\/person\/afa08fb34e7fc6e1feafc892612bc836"},"headline":"Le groupe organis\u00e9 des hommes d\u2019affaires compte d\u00e9sormais sur l\u2019Assembl\u00e9e nationale pour le d\u00e9dommagement des commer\u00e7ants victimes de pillages.","datePublished":"2013-12-30T23:00:00+00:00","dateModified":"2013-12-30T23:00:00+00:00","mainEntityOfPage":{"@id":"https:\/\/guineediversite.com\/index.php\/2013\/12\/31\/le-groupe-organise-des-hommes-daffaires-compte-desormais-sur-lassemblee-nationale-pour-le-dedommagement-des-commercants-victimes-de-pillages\/"},"wordCount":296,"commentCount":0,"publisher":{"@id":"https:\/\/guineediversite.com\/#organization"},"articleSection":["Archives"],"inLanguage":"fr-FR","potentialAction":[{"@type":"CommentAction","name":"Comment","target":["https:\/\/guineediversite.com\/index.php\/2013\/12\/31\/le-groupe-organise-des-hommes-daffaires-compte-desormais-sur-lassemblee-nationale-pour-le-dedommagement-des-commercants-victimes-de-pillages\/#respond"]}]},{"@type":"WebPage","@id":"https:\/\/guineediversite.com\/index.php\/2013\/12\/31\/le-groupe-organise-des-hommes-daffaires-compte-desormais-sur-lassemblee-nationale-pour-le-dedommagement-des-commercants-victimes-de-pillages\/","url":"https:\/\/guineediversite.com\/index.php\/2013\/12\/31\/le-groupe-organise-des-hommes-daffaires-compte-desormais-sur-lassemblee-nationale-pour-le-dedommagement-des-commercants-victimes-de-pillages\/","name":"Le groupe organis\u00e9 des hommes d\u2019affaires compte d\u00e9sormais sur l\u2019Assembl\u00e9e nationale pour le d\u00e9dommagement des commer\u00e7ants victimes de pillages. | Guin\u00e9e Diversit\u00e9","isPartOf":{"@id":"https:\/\/guineediversite.com\/#website"},"datePublished":"2013-12-30T23:00:00+00:00","dateModified":"2013-12-30T23:00:00+00:00","breadcrumb":{"@id":"https:\/\/guineediversite.com\/index.php\/2013\/12\/31\/le-groupe-organise-des-hommes-daffaires-compte-desormais-sur-lassemblee-nationale-pour-le-dedommagement-des-commercants-victimes-de-pillages\/#breadcrumb"},"inLanguage":"fr-FR","potentialAction":[{"@type":"ReadAction","target":["https:\/\/guineediversite.com\/index.php\/2013\/12\/31\/le-groupe-organise-des-hommes-daffaires-compte-desormais-sur-lassemblee-nationale-pour-le-dedommagement-des-commercants-victimes-de-pillages\/"]}]},{"@type":"BreadcrumbList","@id":"https:\/\/guineediversite.com\/index.php\/2013\/12\/31\/le-groupe-organise-des-hommes-daffaires-compte-desormais-sur-lassemblee-nationale-pour-le-dedommagement-des-commercants-victimes-de-pillages\/#breadcrumb","itemListElement":[{"@type":"ListItem","position":1,"name":"Accueil","item":"https:\/\/guineediversite.com\/"},{"@type":"ListItem","position":2,"name":"Le groupe organis\u00e9 des hommes d\u2019affaires compte d\u00e9sormais sur l\u2019Assembl\u00e9e nationale pour le d\u00e9dommagement des commer\u00e7ants victimes de pillages."}]},{"@type":"WebSite","@id":"https:\/\/guineediversite.com\/#website","url":"https:\/\/guineediversite.com\/","name":"Guin\u00e9e Diversit\u00e9","description":"L&#039;Info dans toute sa diversit\u00e9","publisher":{"@id":"https:\/\/guineediversite.com\/#organization"},"potentialAction":[{"@type":"SearchAction","target":{"@type":"EntryPoint","urlTemplate":"https:\/\/guineediversite.com\/?s={search_term_string}"},"query-input":{"@type":"PropertyValueSpecification","valueRequired":true,"valueName":"search_term_string"}}],"inLanguage":"fr-FR"},{"@type":"Organization","@id":"https:\/\/guineediversite.com\/#organization","name":"Guin\u00e9e Diversit\u00e9","url":"https:\/\/guineediversite.com\/","logo":{"@type":"ImageObject","inLanguage":"fr-FR","@id":"https:\/\/guineediversite.com\/#\/schema\/logo\/image\/","url":"https:\/\/guineediversite.com\/wp-content\/uploads\/2017\/04\/cropped-1jojlxEOMkX9Wyqfhe43D6kjPOGqBBKmx3EwWJqZ0cMrFF54yM49.png","contentUrl":"https:\/\/guineediversite.com\/wp-content\/uploads\/2017\/04\/cropped-1jojlxEOMkX9Wyqfhe43D6kjPOGqBBKmx3EwWJqZ0cMrFF54yM49.png","width":186,"height":112,"caption":"Guin\u00e9e Diversit\u00e9"},"image":{"@id":"https:\/\/guineediversite.com\/#\/schema\/logo\/image\/"},"sameAs":["https:\/\/www.facebook.com\/guineediversite\/","https:\/\/x.com\/GuineeDiversite","https:\/\/www.youtube.com\/channel\/UC8sUY16qelG5ge6_D5SB83g"]},{"@type":"Person","@id":"https:\/\/guineediversite.com\/#\/schema\/person\/afa08fb34e7fc6e1feafc892612bc836","name":"Guin\u00e9e Diversit\u00e9","image":{"@type":"ImageObject","inLanguage":"fr-FR","@id":"https:\/\/guineediversite.com\/#\/schema\/person\/image\/","url":"https:\/\/secure.gravatar.com\/avatar\/50d5eb5b390f8b65ac30ac6f898eb83a?s=96&d=mm&r=g","contentUrl":"https:\/\/secure.gravatar.com\/avatar\/50d5eb5b390f8b65ac30ac6f898eb83a?s=96&d=mm&r=g","caption":"Guin\u00e9e Diversit\u00e9"},"url":"https:\/\/guineediversite.com\/index.php\/author\/guineediversite\/"}]}},"_links":{"self":[{"href":"https:\/\/guineediversite.com\/index.php\/wp-json\/wp\/v2\/posts\/19768"}],"collection":[{"href":"https:\/\/guineediversite.com\/index.php\/wp-json\/wp\/v2\/posts"}],"about":[{"href":"https:\/\/guineediversite.com\/index.php\/wp-json\/wp\/v2\/types\/post"}],"author":[{"embeddable":true,"href":"https:\/\/guineediversite.com\/index.php\/wp-json\/wp\/v2\/users\/12"}],"replies":[{"embeddable":true,"href":"https:\/\/guineediversite.com\/index.php\/wp-json\/wp\/v2\/comments?post=19768"}],"version-history":[{"count":0,"href":"https:\/\/guineediversite.com\/index.php\/wp-json\/wp\/v2\/posts\/19768\/revisions"}],"wp:attachment":[{"href":"https:\/\/guineediversite.com\/index.php\/wp-json\/wp\/v2\/media?parent=19768"}],"wp:term":[{"taxonomy":"category","embeddable":true,"href":"https:\/\/guineediversite.com\/index.php\/wp-json\/wp\/v2\/categories?post=19768"},{"taxonomy":"post_tag","embeddable":true,"href":"https:\/\/guineediversite.com\/index.php\/wp-json\/wp\/v2\/tags?post=19768"}],"curies":[{"name":"wp","href":"https:\/\/api.w.org\/{rel}","templated":true}]}}