{"id":19767,"date":"2013-12-31T00:00:00","date_gmt":"2013-12-30T23:00:00","guid":{"rendered":"https:\/\/www.guineediversite.com\/index.php\/2013\/12\/31\/politique-le-delegue-a-ladministration-de-nouvelles-forces-democratiques-dans-loeil-du-cyclone\/"},"modified":"2013-12-31T00:00:00","modified_gmt":"2013-12-30T23:00:00","slug":"politique-le-delegue-a-ladministration-de-nouvelles-forces-democratiques-dans-loeil-du-cyclone","status":"publish","type":"post","link":"https:\/\/guineediversite.com\/index.php\/2013\/12\/31\/politique-le-delegue-a-ladministration-de-nouvelles-forces-democratiques-dans-loeil-du-cyclone\/","title":{"rendered":"Politique : le d\u00e9l\u00e9gu\u00e9 \u00e0 l\u2019administration de Nouvelles Forces D\u00e9mocratiques dans l\u2019\u0153il du cyclone"},"content":{"rendered":"<p>Le comit\u00e9 national de la jeunesse de NFD, exige \u00e0 l\u2019Assembl\u00e9e G\u00e9n\u00e9rale et au Bureau ex\u00e9cutif national du parti, l\u2019expulsion de Boubacar Siddighy Diallo, ancien pr\u00e9sident du Conseil juridique et d\u00e9l\u00e9gu\u00e9 \u00e0 l\u2019administration de NFD.<br \/>\nLe comit\u00e9 national de la jeunesse de NFD accuse l\u2019ancien membre du CNT d\u2019\u00eatre \u00e0 la base de la crise que traverse le parti en ce moment, en violant r\u00e9guli\u00e8rement les statuts et r\u00e8glements du parti.  Ces jeunes se base sur ce qu\u2019ils qualifient de  \u00ab  frustration de Siddighy Diallo li\u00e9e \u00e0 sa non retenue par le parti comme candidat pour la d\u00e9putation aux derni\u00e8res \u00e9lections l\u00e9gislatives et ses man\u0153uvres malsaines de manipulation et d\u2019intoxication \u00e0 l\u2019endroit de certains responsable en vue de ternir l\u2019image d\u2019autres responsables et de d\u00e9stabiliser le parti NFD \u00bb.<br \/>\nDans une d\u00e9claration rendue publique ce week-end \u00e0 Conakry, le comit\u00e9 National des jeunes des NFD qualifie l\u2019ancien pr\u00e9sident du Conseil juridique et d\u00e9l\u00e9gu\u00e9 de l\u2019administration de NFD de \u00ab frustr\u00e9, aigri, ingrat qui consid\u00e8re la politique comme un tremplin pour un positionnement individuel \u00e9go\u00efste et opportuniste \u00bb.<br \/>\nDe son cot\u00e9, le Bureau ex\u00e9cutif du parti, avec \u00e0 sa t\u00e8te le pr\u00e9sident Mouctar Diallo, dit prendre acte de la demande des jeunes de son parti.  Mais pour l\u2019instant, aucune d\u00e9cision n\u2019est prise par le parti. Selon nos informations,  une r\u00e9union est pr\u00e9vue ces jours ci pour examiner  la requ\u00eate des jeunes<br \/>\nguineediversite<\/p>\n","protected":false},"excerpt":{"rendered":"<p>Le comit\u00e9 national de la jeunesse de NFD, exige \u00e0 l\u2019Assembl\u00e9e G\u00e9n\u00e9rale et au Bureau ex\u00e9cutif national du parti, l\u2019expulsion de Boubacar Siddighy Diallo, ancien pr\u00e9sident du Conseil juridique et d\u00e9l\u00e9gu\u00e9 \u00e0 l\u2019administration de NFD. Le comit\u00e9 national de la jeunesse de NFD accuse l\u2019ancien membre du CNT d\u2019\u00eatre \u00e0 la base de la crise [&hellip;]<\/p>\n","protected":false},"author":12,"featured_media":0,"comment_status":"open","ping_status":"open","sticky":false,"template":"","format":"standard","meta":{"_exactmetrics_skip_tracking":false,"_exactmetrics_sitenote_active":false,"_exactmetrics_sitenote_note":"","_exactmetrics_sitenote_category":0,"tdm_status":"","tdm_grid_status":"","footnotes":""},"categories":[28],"tags":[],"class_list":{"0":"post-19767","1":"post","2":"type-post","3":"status-publish","4":"format-standard","6":"category-archives"},"yoast_head":"<!-- This site is optimized with the Yoast SEO plugin v24.2 - https:\/\/yoast.com\/wordpress\/plugins\/seo\/ -->\n<title>Politique : le d\u00e9l\u00e9gu\u00e9 \u00e0 l\u2019administration de Nouvelles Forces D\u00e9mocratiques dans l\u2019\u0153il du cyclone | Guin\u00e9e Diversit\u00e9<\/title>\n<meta name=\"robots\" content=\"index, follow, max-snippet:-1, max-image-preview:large, max-video-preview:-1\" \/>\n<link rel=\"canonical\" href=\"https:\/\/guineediversite.com\/index.php\/2013\/12\/31\/politique-le-delegue-a-ladministration-de-nouvelles-forces-democratiques-dans-loeil-du-cyclone\/\" \/>\n<meta property=\"og:locale\" content=\"fr_FR\" \/>\n<meta property=\"og:type\" content=\"article\" \/>\n<meta property=\"og:title\" content=\"Politique : le d\u00e9l\u00e9gu\u00e9 \u00e0 l\u2019administration de Nouvelles Forces D\u00e9mocratiques dans l\u2019\u0153il du cyclone | Guin\u00e9e Diversit\u00e9\" \/>\n<meta property=\"og:description\" content=\"Le comit\u00e9 national de la jeunesse de NFD, exige \u00e0 l\u2019Assembl\u00e9e G\u00e9n\u00e9rale et au Bureau ex\u00e9cutif national du parti, l\u2019expulsion de Boubacar Siddighy Diallo, ancien pr\u00e9sident du Conseil juridique et d\u00e9l\u00e9gu\u00e9 \u00e0 l\u2019administration de NFD. Le comit\u00e9 national de la jeunesse de NFD accuse l\u2019ancien membre du CNT d\u2019\u00eatre \u00e0 la base de la crise [&hellip;]\" \/>\n<meta property=\"og:url\" content=\"https:\/\/guineediversite.com\/index.php\/2013\/12\/31\/politique-le-delegue-a-ladministration-de-nouvelles-forces-democratiques-dans-loeil-du-cyclone\/\" \/>\n<meta property=\"og:site_name\" content=\"Guin\u00e9e Diversit\u00e9\" \/>\n<meta property=\"article:publisher\" content=\"https:\/\/www.facebook.com\/guineediversite\/\" \/>\n<meta property=\"article:published_time\" content=\"2013-12-30T23:00:00+00:00\" \/>\n<meta name=\"author\" content=\"Guin\u00e9e Diversit\u00e9\" \/>\n<meta name=\"twitter:card\" content=\"summary_large_image\" \/>\n<meta name=\"twitter:creator\" content=\"@GuineeDiversite\" \/>\n<meta name=\"twitter:site\" content=\"@GuineeDiversite\" \/>\n<meta name=\"twitter:label1\" content=\"\u00c9crit par\" \/>\n\t<meta name=\"twitter:data1\" content=\"Guin\u00e9e Diversit\u00e9\" \/>\n\t<meta name=\"twitter:label2\" content=\"Dur\u00e9e de lecture estim\u00e9e\" \/>\n\t<meta name=\"twitter:data2\" content=\"1 minute\" \/>\n<script type=\"application\/ld+json\" class=\"yoast-schema-graph\">{\"@context\":\"https:\/\/schema.org\",\"@graph\":[{\"@type\":\"Article\",\"@id\":\"https:\/\/guineediversite.com\/index.php\/2013\/12\/31\/politique-le-delegue-a-ladministration-de-nouvelles-forces-democratiques-dans-loeil-du-cyclone\/#article\",\"isPartOf\":{\"@id\":\"https:\/\/guineediversite.com\/index.php\/2013\/12\/31\/politique-le-delegue-a-ladministration-de-nouvelles-forces-democratiques-dans-loeil-du-cyclone\/\"},\"author\":{\"name\":\"Guin\u00e9e Diversit\u00e9\",\"@id\":\"https:\/\/guineediversite.com\/#\/schema\/person\/afa08fb34e7fc6e1feafc892612bc836\"},\"headline\":\"Politique : le d\u00e9l\u00e9gu\u00e9 \u00e0 l\u2019administration de Nouvelles Forces D\u00e9mocratiques dans l\u2019\u0153il du cyclone\",\"datePublished\":\"2013-12-30T23:00:00+00:00\",\"dateModified\":\"2013-12-30T23:00:00+00:00\",\"mainEntityOfPage\":{\"@id\":\"https:\/\/guineediversite.com\/index.php\/2013\/12\/31\/politique-le-delegue-a-ladministration-de-nouvelles-forces-democratiques-dans-loeil-du-cyclone\/\"},\"wordCount\":280,\"commentCount\":0,\"publisher\":{\"@id\":\"https:\/\/guineediversite.com\/#organization\"},\"articleSection\":[\"Archives\"],\"inLanguage\":\"fr-FR\",\"potentialAction\":[{\"@type\":\"CommentAction\",\"name\":\"Comment\",\"target\":[\"https:\/\/guineediversite.com\/index.php\/2013\/12\/31\/politique-le-delegue-a-ladministration-de-nouvelles-forces-democratiques-dans-loeil-du-cyclone\/#respond\"]}]},{\"@type\":\"WebPage\",\"@id\":\"https:\/\/guineediversite.com\/index.php\/2013\/12\/31\/politique-le-delegue-a-ladministration-de-nouvelles-forces-democratiques-dans-loeil-du-cyclone\/\",\"url\":\"https:\/\/guineediversite.com\/index.php\/2013\/12\/31\/politique-le-delegue-a-ladministration-de-nouvelles-forces-democratiques-dans-loeil-du-cyclone\/\",\"name\":\"Politique : le d\u00e9l\u00e9gu\u00e9 \u00e0 l\u2019administration de Nouvelles Forces D\u00e9mocratiques dans l\u2019\u0153il du cyclone | Guin\u00e9e Diversit\u00e9\",\"isPartOf\":{\"@id\":\"https:\/\/guineediversite.com\/#website\"},\"datePublished\":\"2013-12-30T23:00:00+00:00\",\"dateModified\":\"2013-12-30T23:00:00+00:00\",\"breadcrumb\":{\"@id\":\"https:\/\/guineediversite.com\/index.php\/2013\/12\/31\/politique-le-delegue-a-ladministration-de-nouvelles-forces-democratiques-dans-loeil-du-cyclone\/#breadcrumb\"},\"inLanguage\":\"fr-FR\",\"potentialAction\":[{\"@type\":\"ReadAction\",\"target\":[\"https:\/\/guineediversite.com\/index.php\/2013\/12\/31\/politique-le-delegue-a-ladministration-de-nouvelles-forces-democratiques-dans-loeil-du-cyclone\/\"]}]},{\"@type\":\"BreadcrumbList\",\"@id\":\"https:\/\/guineediversite.com\/index.php\/2013\/12\/31\/politique-le-delegue-a-ladministration-de-nouvelles-forces-democratiques-dans-loeil-du-cyclone\/#breadcrumb\",\"itemListElement\":[{\"@type\":\"ListItem\",\"position\":1,\"name\":\"Accueil\",\"item\":\"https:\/\/guineediversite.com\/\"},{\"@type\":\"ListItem\",\"position\":2,\"name\":\"Politique : le d\u00e9l\u00e9gu\u00e9 \u00e0 l\u2019administration de Nouvelles Forces D\u00e9mocratiques dans l\u2019\u0153il du cyclone\"}]},{\"@type\":\"WebSite\",\"@id\":\"https:\/\/guineediversite.com\/#website\",\"url\":\"https:\/\/guineediversite.com\/\",\"name\":\"Guin\u00e9e Diversit\u00e9\",\"description\":\"L&#039;Info dans toute sa diversit\u00e9\",\"publisher\":{\"@id\":\"https:\/\/guineediversite.com\/#organization\"},\"potentialAction\":[{\"@type\":\"SearchAction\",\"target\":{\"@type\":\"EntryPoint\",\"urlTemplate\":\"https:\/\/guineediversite.com\/?s={search_term_string}\"},\"query-input\":{\"@type\":\"PropertyValueSpecification\",\"valueRequired\":true,\"valueName\":\"search_term_string\"}}],\"inLanguage\":\"fr-FR\"},{\"@type\":\"Organization\",\"@id\":\"https:\/\/guineediversite.com\/#organization\",\"name\":\"Guin\u00e9e Diversit\u00e9\",\"url\":\"https:\/\/guineediversite.com\/\",\"logo\":{\"@type\":\"ImageObject\",\"inLanguage\":\"fr-FR\",\"@id\":\"https:\/\/guineediversite.com\/#\/schema\/logo\/image\/\",\"url\":\"https:\/\/guineediversite.com\/wp-content\/uploads\/2017\/04\/cropped-1jojlxEOMkX9Wyqfhe43D6kjPOGqBBKmx3EwWJqZ0cMrFF54yM49.png\",\"contentUrl\":\"https:\/\/guineediversite.com\/wp-content\/uploads\/2017\/04\/cropped-1jojlxEOMkX9Wyqfhe43D6kjPOGqBBKmx3EwWJqZ0cMrFF54yM49.png\",\"width\":186,\"height\":112,\"caption\":\"Guin\u00e9e Diversit\u00e9\"},\"image\":{\"@id\":\"https:\/\/guineediversite.com\/#\/schema\/logo\/image\/\"},\"sameAs\":[\"https:\/\/www.facebook.com\/guineediversite\/\",\"https:\/\/x.com\/GuineeDiversite\",\"https:\/\/www.youtube.com\/channel\/UC8sUY16qelG5ge6_D5SB83g\"]},{\"@type\":\"Person\",\"@id\":\"https:\/\/guineediversite.com\/#\/schema\/person\/afa08fb34e7fc6e1feafc892612bc836\",\"name\":\"Guin\u00e9e Diversit\u00e9\",\"image\":{\"@type\":\"ImageObject\",\"inLanguage\":\"fr-FR\",\"@id\":\"https:\/\/guineediversite.com\/#\/schema\/person\/image\/\",\"url\":\"https:\/\/secure.gravatar.com\/avatar\/50d5eb5b390f8b65ac30ac6f898eb83a?s=96&d=mm&r=g\",\"contentUrl\":\"https:\/\/secure.gravatar.com\/avatar\/50d5eb5b390f8b65ac30ac6f898eb83a?s=96&d=mm&r=g\",\"caption\":\"Guin\u00e9e Diversit\u00e9\"},\"url\":\"https:\/\/guineediversite.com\/index.php\/author\/guineediversite\/\"}]}<\/script>\n<!-- \/ Yoast SEO plugin. -->","yoast_head_json":{"title":"Politique : le d\u00e9l\u00e9gu\u00e9 \u00e0 l\u2019administration de Nouvelles Forces D\u00e9mocratiques dans l\u2019\u0153il du cyclone | Guin\u00e9e Diversit\u00e9","robots":{"index":"index","follow":"follow","max-snippet":"max-snippet:-1","max-image-preview":"max-image-preview:large","max-video-preview":"max-video-preview:-1"},"canonical":"https:\/\/guineediversite.com\/index.php\/2013\/12\/31\/politique-le-delegue-a-ladministration-de-nouvelles-forces-democratiques-dans-loeil-du-cyclone\/","og_locale":"fr_FR","og_type":"article","og_title":"Politique : le d\u00e9l\u00e9gu\u00e9 \u00e0 l\u2019administration de Nouvelles Forces D\u00e9mocratiques dans l\u2019\u0153il du cyclone | Guin\u00e9e Diversit\u00e9","og_description":"Le comit\u00e9 national de la jeunesse de NFD, exige \u00e0 l\u2019Assembl\u00e9e G\u00e9n\u00e9rale et au Bureau ex\u00e9cutif national du parti, l\u2019expulsion de Boubacar Siddighy Diallo, ancien pr\u00e9sident du Conseil juridique et d\u00e9l\u00e9gu\u00e9 \u00e0 l\u2019administration de NFD. Le comit\u00e9 national de la jeunesse de NFD accuse l\u2019ancien membre du CNT d\u2019\u00eatre \u00e0 la base de la crise [&hellip;]","og_url":"https:\/\/guineediversite.com\/index.php\/2013\/12\/31\/politique-le-delegue-a-ladministration-de-nouvelles-forces-democratiques-dans-loeil-du-cyclone\/","og_site_name":"Guin\u00e9e Diversit\u00e9","article_publisher":"https:\/\/www.facebook.com\/guineediversite\/","article_published_time":"2013-12-30T23:00:00+00:00","author":"Guin\u00e9e Diversit\u00e9","twitter_card":"summary_large_image","twitter_creator":"@GuineeDiversite","twitter_site":"@GuineeDiversite","twitter_misc":{"\u00c9crit par":"Guin\u00e9e Diversit\u00e9","Dur\u00e9e de lecture estim\u00e9e":"1 minute"},"schema":{"@context":"https:\/\/schema.org","@graph":[{"@type":"Article","@id":"https:\/\/guineediversite.com\/index.php\/2013\/12\/31\/politique-le-delegue-a-ladministration-de-nouvelles-forces-democratiques-dans-loeil-du-cyclone\/#article","isPartOf":{"@id":"https:\/\/guineediversite.com\/index.php\/2013\/12\/31\/politique-le-delegue-a-ladministration-de-nouvelles-forces-democratiques-dans-loeil-du-cyclone\/"},"author":{"name":"Guin\u00e9e Diversit\u00e9","@id":"https:\/\/guineediversite.com\/#\/schema\/person\/afa08fb34e7fc6e1feafc892612bc836"},"headline":"Politique : le d\u00e9l\u00e9gu\u00e9 \u00e0 l\u2019administration de Nouvelles Forces D\u00e9mocratiques dans l\u2019\u0153il du cyclone","datePublished":"2013-12-30T23:00:00+00:00","dateModified":"2013-12-30T23:00:00+00:00","mainEntityOfPage":{"@id":"https:\/\/guineediversite.com\/index.php\/2013\/12\/31\/politique-le-delegue-a-ladministration-de-nouvelles-forces-democratiques-dans-loeil-du-cyclone\/"},"wordCount":280,"commentCount":0,"publisher":{"@id":"https:\/\/guineediversite.com\/#organization"},"articleSection":["Archives"],"inLanguage":"fr-FR","potentialAction":[{"@type":"CommentAction","name":"Comment","target":["https:\/\/guineediversite.com\/index.php\/2013\/12\/31\/politique-le-delegue-a-ladministration-de-nouvelles-forces-democratiques-dans-loeil-du-cyclone\/#respond"]}]},{"@type":"WebPage","@id":"https:\/\/guineediversite.com\/index.php\/2013\/12\/31\/politique-le-delegue-a-ladministration-de-nouvelles-forces-democratiques-dans-loeil-du-cyclone\/","url":"https:\/\/guineediversite.com\/index.php\/2013\/12\/31\/politique-le-delegue-a-ladministration-de-nouvelles-forces-democratiques-dans-loeil-du-cyclone\/","name":"Politique : le d\u00e9l\u00e9gu\u00e9 \u00e0 l\u2019administration de Nouvelles Forces D\u00e9mocratiques dans l\u2019\u0153il du cyclone | Guin\u00e9e Diversit\u00e9","isPartOf":{"@id":"https:\/\/guineediversite.com\/#website"},"datePublished":"2013-12-30T23:00:00+00:00","dateModified":"2013-12-30T23:00:00+00:00","breadcrumb":{"@id":"https:\/\/guineediversite.com\/index.php\/2013\/12\/31\/politique-le-delegue-a-ladministration-de-nouvelles-forces-democratiques-dans-loeil-du-cyclone\/#breadcrumb"},"inLanguage":"fr-FR","potentialAction":[{"@type":"ReadAction","target":["https:\/\/guineediversite.com\/index.php\/2013\/12\/31\/politique-le-delegue-a-ladministration-de-nouvelles-forces-democratiques-dans-loeil-du-cyclone\/"]}]},{"@type":"BreadcrumbList","@id":"https:\/\/guineediversite.com\/index.php\/2013\/12\/31\/politique-le-delegue-a-ladministration-de-nouvelles-forces-democratiques-dans-loeil-du-cyclone\/#breadcrumb","itemListElement":[{"@type":"ListItem","position":1,"name":"Accueil","item":"https:\/\/guineediversite.com\/"},{"@type":"ListItem","position":2,"name":"Politique : le d\u00e9l\u00e9gu\u00e9 \u00e0 l\u2019administration de Nouvelles Forces D\u00e9mocratiques dans l\u2019\u0153il du cyclone"}]},{"@type":"WebSite","@id":"https:\/\/guineediversite.com\/#website","url":"https:\/\/guineediversite.com\/","name":"Guin\u00e9e Diversit\u00e9","description":"L&#039;Info dans toute sa diversit\u00e9","publisher":{"@id":"https:\/\/guineediversite.com\/#organization"},"potentialAction":[{"@type":"SearchAction","target":{"@type":"EntryPoint","urlTemplate":"https:\/\/guineediversite.com\/?s={search_term_string}"},"query-input":{"@type":"PropertyValueSpecification","valueRequired":true,"valueName":"search_term_string"}}],"inLanguage":"fr-FR"},{"@type":"Organization","@id":"https:\/\/guineediversite.com\/#organization","name":"Guin\u00e9e Diversit\u00e9","url":"https:\/\/guineediversite.com\/","logo":{"@type":"ImageObject","inLanguage":"fr-FR","@id":"https:\/\/guineediversite.com\/#\/schema\/logo\/image\/","url":"https:\/\/guineediversite.com\/wp-content\/uploads\/2017\/04\/cropped-1jojlxEOMkX9Wyqfhe43D6kjPOGqBBKmx3EwWJqZ0cMrFF54yM49.png","contentUrl":"https:\/\/guineediversite.com\/wp-content\/uploads\/2017\/04\/cropped-1jojlxEOMkX9Wyqfhe43D6kjPOGqBBKmx3EwWJqZ0cMrFF54yM49.png","width":186,"height":112,"caption":"Guin\u00e9e Diversit\u00e9"},"image":{"@id":"https:\/\/guineediversite.com\/#\/schema\/logo\/image\/"},"sameAs":["https:\/\/www.facebook.com\/guineediversite\/","https:\/\/x.com\/GuineeDiversite","https:\/\/www.youtube.com\/channel\/UC8sUY16qelG5ge6_D5SB83g"]},{"@type":"Person","@id":"https:\/\/guineediversite.com\/#\/schema\/person\/afa08fb34e7fc6e1feafc892612bc836","name":"Guin\u00e9e Diversit\u00e9","image":{"@type":"ImageObject","inLanguage":"fr-FR","@id":"https:\/\/guineediversite.com\/#\/schema\/person\/image\/","url":"https:\/\/secure.gravatar.com\/avatar\/50d5eb5b390f8b65ac30ac6f898eb83a?s=96&d=mm&r=g","contentUrl":"https:\/\/secure.gravatar.com\/avatar\/50d5eb5b390f8b65ac30ac6f898eb83a?s=96&d=mm&r=g","caption":"Guin\u00e9e Diversit\u00e9"},"url":"https:\/\/guineediversite.com\/index.php\/author\/guineediversite\/"}]}},"_links":{"self":[{"href":"https:\/\/guineediversite.com\/index.php\/wp-json\/wp\/v2\/posts\/19767"}],"collection":[{"href":"https:\/\/guineediversite.com\/index.php\/wp-json\/wp\/v2\/posts"}],"about":[{"href":"https:\/\/guineediversite.com\/index.php\/wp-json\/wp\/v2\/types\/post"}],"author":[{"embeddable":true,"href":"https:\/\/guineediversite.com\/index.php\/wp-json\/wp\/v2\/users\/12"}],"replies":[{"embeddable":true,"href":"https:\/\/guineediversite.com\/index.php\/wp-json\/wp\/v2\/comments?post=19767"}],"version-history":[{"count":0,"href":"https:\/\/guineediversite.com\/index.php\/wp-json\/wp\/v2\/posts\/19767\/revisions"}],"wp:attachment":[{"href":"https:\/\/guineediversite.com\/index.php\/wp-json\/wp\/v2\/media?parent=19767"}],"wp:term":[{"taxonomy":"category","embeddable":true,"href":"https:\/\/guineediversite.com\/index.php\/wp-json\/wp\/v2\/categories?post=19767"},{"taxonomy":"post_tag","embeddable":true,"href":"https:\/\/guineediversite.com\/index.php\/wp-json\/wp\/v2\/tags?post=19767"}],"curies":[{"name":"wp","href":"https:\/\/api.w.org\/{rel}","templated":true}]}}