{"id":19765,"date":"2013-12-31T00:00:00","date_gmt":"2013-12-30T23:00:00","guid":{"rendered":"https:\/\/www.guineediversite.com\/index.php\/2013\/12\/31\/crise-malienne-le-roi-du-maroc-recoit-a-marrakech-le-secretaire-general-du-mnla\/"},"modified":"2013-12-31T00:00:00","modified_gmt":"2013-12-30T23:00:00","slug":"crise-malienne-le-roi-du-maroc-recoit-a-marrakech-le-secretaire-general-du-mnla","status":"publish","type":"post","link":"https:\/\/guineediversite.com\/index.php\/2013\/12\/31\/crise-malienne-le-roi-du-maroc-recoit-a-marrakech-le-secretaire-general-du-mnla\/","title":{"rendered":"Crise malienne : le roi du Maroc re\u00e7oit \u00e0 Marrakech le Secr\u00e9taire g\u00e9n\u00e9ral du MNLA"},"content":{"rendered":"<p>Marrakech, 31 janv. 2014 &#8211; Le Souverain Marocain Mohammed VI a re\u00e7u, le vendredi dernier au Palais Royal de Marrakech, M. Bilal AG Cherif, secr\u00e9taire g\u00e9n\u00e9ral du mouvement national pour la lib\u00e9ration de l&rsquo;Azawad (MNLA), accompagn\u00e9 du porte-parole du mouvement, Moussa AG Attaher.<br \/>\nCette audience s&rsquo;inscrit dans le cadre des efforts soutenus et permanents du souverain, en vue d&rsquo;instaurer durablement la paix et la stabilit\u00e9 dans ce pays fr\u00e8re et de contribuer \u00e0 un r\u00e8glement de la crise malienne, et ce depuis son d\u00e9clenchement, en janvier 2012, indique un communiqu\u00e9 du Cabinet Royal.<br \/>\nLors de cette audience, le Roi Mohammed VI a r\u00e9it\u00e9r\u00e9 le souci constant du Royaume du Maroc de pr\u00e9server l&rsquo;unit\u00e9 territoriale et la stabilit\u00e9 de la R\u00e9publique du Mali, ainsi que la n\u00e9cessit\u00e9 de contribuer \u00e0 une solution et \u00e0 un compromis qui permettraient de lutter contre les mouvements int\u00e9gristes et terroristes qui menacent aussi bien les pays du Maghreb que la r\u00e9gion du Sahel et du Sahara, et de favoriser le d\u00e9veloppement et la dignit\u00e9 du peuple malien fr\u00e8re dans la concorde entre l&rsquo;ensemble de ses composantes, ajoute la m\u00eame source.<br \/>\nPour sa part, M. Bilal AG Cherif a pr\u00e9sent\u00e9 devant le Souverain un expos\u00e9 sur le d\u00e9veloppement de la situation au Nord du Mali et a remerci\u00e9 Sa Majest\u00e9 le Roi pour Son engagement dans la lutte contre la violence, l&rsquo;extr\u00e9misme et le terrorisme qui menacent la r\u00e9gion du Sahel et du Sahara.<br \/>\nA cette occasion, Sa Majest\u00e9 le Roi a encourag\u00e9 le MNLA \u00e0 continuer \u00e0 s&rsquo;inscrire dans le cadre de la dynamique r\u00e9gionale, initi\u00e9e par l&rsquo;Organisation des Nations Unies et la CEDEAO, selon une approche r\u00e9aliste et efficiente, \u00e0 m\u00eame de parvenir \u00e0 une solution d\u00e9finitive et durable \u00e0 la crise actuelle.<br \/>\nLe Souverain a \u00e9galement r\u00e9it\u00e9r\u00e9 la volont\u00e9 constante du Royaume du Maroc de continuer \u00e0 oeuvrer pour parvenir \u00e0 une solution \u00e0 la crise malienne, compte tenu des liens historiques qui le lient \u00e0 la R\u00e9publique du Mali et de l&rsquo;int\u00e9r\u00eat particulier que Sa Majest\u00e9 le Roi porte \u00e0 la promotion et \u00e0 l&rsquo;approfondissement des relations de fraternit\u00e9, de solidarit\u00e9 et de coop\u00e9ration qui unissent les deux pays fr\u00e8res.<br \/>\nA noter que MNLA est un mouvement qui a abandonn\u00e9 la revendication de l&rsquo;ind\u00e9pendance quelques mois apr\u00e8s le d\u00e9clenchement de la crise malienne comme il s&rsquo;est inscrit \u00e9galement dans une logique de dialogue et de paix bien avant l&rsquo;op\u00e9ration Serval. Dans le m\u00eame cadre, il a abandonn\u00e9 la lutte arm\u00e9e. Ce Mouvement milite d\u00e9sormais pour un Mali uni et indivisible et r\u00e9clame une prise en compte de la singularit\u00e9 des populations du nord du Mali. A l&rsquo;heure actuelle, le MNLA est pratiquement le seul mouvement ayant les moyens politiques et militaires pour imposer la Paix entre Bamako et le Nord.<br \/>\nSource : Ambassade du Maroc en Guin\u00e9e<\/p>\n","protected":false},"excerpt":{"rendered":"<p>Marrakech, 31 janv. 2014 &#8211; Le Souverain Marocain Mohammed VI a re\u00e7u, le vendredi dernier au Palais Royal de Marrakech, M. Bilal AG Cherif, secr\u00e9taire g\u00e9n\u00e9ral du mouvement national pour la lib\u00e9ration de l&rsquo;Azawad (MNLA), accompagn\u00e9 du porte-parole du mouvement, Moussa AG Attaher. Cette audience s&rsquo;inscrit dans le cadre des efforts soutenus et permanents du [&hellip;]<\/p>\n","protected":false},"author":12,"featured_media":0,"comment_status":"open","ping_status":"open","sticky":false,"template":"","format":"standard","meta":{"_exactmetrics_skip_tracking":false,"_exactmetrics_sitenote_active":false,"_exactmetrics_sitenote_note":"","_exactmetrics_sitenote_category":0,"tdm_status":"","tdm_grid_status":"","footnotes":""},"categories":[28],"tags":[],"class_list":{"0":"post-19765","1":"post","2":"type-post","3":"status-publish","4":"format-standard","6":"category-archives"},"yoast_head":"<!-- This site is optimized with the Yoast SEO plugin v24.2 - https:\/\/yoast.com\/wordpress\/plugins\/seo\/ -->\n<title>Crise malienne : le roi du Maroc re\u00e7oit \u00e0 Marrakech le Secr\u00e9taire g\u00e9n\u00e9ral du MNLA | Guin\u00e9e Diversit\u00e9<\/title>\n<meta name=\"robots\" content=\"index, follow, max-snippet:-1, max-image-preview:large, max-video-preview:-1\" \/>\n<link rel=\"canonical\" href=\"https:\/\/guineediversite.com\/index.php\/2013\/12\/31\/crise-malienne-le-roi-du-maroc-recoit-a-marrakech-le-secretaire-general-du-mnla\/\" \/>\n<meta property=\"og:locale\" content=\"fr_FR\" \/>\n<meta property=\"og:type\" content=\"article\" \/>\n<meta property=\"og:title\" content=\"Crise malienne : le roi du Maroc re\u00e7oit \u00e0 Marrakech le Secr\u00e9taire g\u00e9n\u00e9ral du MNLA | Guin\u00e9e Diversit\u00e9\" \/>\n<meta property=\"og:description\" content=\"Marrakech, 31 janv. 2014 &#8211; Le Souverain Marocain Mohammed VI a re\u00e7u, le vendredi dernier au Palais Royal de Marrakech, M. Bilal AG Cherif, secr\u00e9taire g\u00e9n\u00e9ral du mouvement national pour la lib\u00e9ration de l&rsquo;Azawad (MNLA), accompagn\u00e9 du porte-parole du mouvement, Moussa AG Attaher. Cette audience s&rsquo;inscrit dans le cadre des efforts soutenus et permanents du [&hellip;]\" \/>\n<meta property=\"og:url\" content=\"https:\/\/guineediversite.com\/index.php\/2013\/12\/31\/crise-malienne-le-roi-du-maroc-recoit-a-marrakech-le-secretaire-general-du-mnla\/\" \/>\n<meta property=\"og:site_name\" content=\"Guin\u00e9e Diversit\u00e9\" \/>\n<meta property=\"article:publisher\" content=\"https:\/\/www.facebook.com\/guineediversite\/\" \/>\n<meta property=\"article:published_time\" content=\"2013-12-30T23:00:00+00:00\" \/>\n<meta name=\"author\" content=\"Guin\u00e9e Diversit\u00e9\" \/>\n<meta name=\"twitter:card\" content=\"summary_large_image\" \/>\n<meta name=\"twitter:creator\" content=\"@GuineeDiversite\" \/>\n<meta name=\"twitter:site\" content=\"@GuineeDiversite\" \/>\n<meta name=\"twitter:label1\" content=\"\u00c9crit par\" \/>\n\t<meta name=\"twitter:data1\" content=\"Guin\u00e9e Diversit\u00e9\" \/>\n\t<meta name=\"twitter:label2\" content=\"Dur\u00e9e de lecture estim\u00e9e\" \/>\n\t<meta name=\"twitter:data2\" content=\"2 minutes\" \/>\n<script type=\"application\/ld+json\" class=\"yoast-schema-graph\">{\"@context\":\"https:\/\/schema.org\",\"@graph\":[{\"@type\":\"Article\",\"@id\":\"https:\/\/guineediversite.com\/index.php\/2013\/12\/31\/crise-malienne-le-roi-du-maroc-recoit-a-marrakech-le-secretaire-general-du-mnla\/#article\",\"isPartOf\":{\"@id\":\"https:\/\/guineediversite.com\/index.php\/2013\/12\/31\/crise-malienne-le-roi-du-maroc-recoit-a-marrakech-le-secretaire-general-du-mnla\/\"},\"author\":{\"name\":\"Guin\u00e9e Diversit\u00e9\",\"@id\":\"https:\/\/guineediversite.com\/#\/schema\/person\/afa08fb34e7fc6e1feafc892612bc836\"},\"headline\":\"Crise malienne : le roi du Maroc re\u00e7oit \u00e0 Marrakech le Secr\u00e9taire g\u00e9n\u00e9ral du MNLA\",\"datePublished\":\"2013-12-30T23:00:00+00:00\",\"dateModified\":\"2013-12-30T23:00:00+00:00\",\"mainEntityOfPage\":{\"@id\":\"https:\/\/guineediversite.com\/index.php\/2013\/12\/31\/crise-malienne-le-roi-du-maroc-recoit-a-marrakech-le-secretaire-general-du-mnla\/\"},\"wordCount\":521,\"commentCount\":0,\"publisher\":{\"@id\":\"https:\/\/guineediversite.com\/#organization\"},\"articleSection\":[\"Archives\"],\"inLanguage\":\"fr-FR\",\"potentialAction\":[{\"@type\":\"CommentAction\",\"name\":\"Comment\",\"target\":[\"https:\/\/guineediversite.com\/index.php\/2013\/12\/31\/crise-malienne-le-roi-du-maroc-recoit-a-marrakech-le-secretaire-general-du-mnla\/#respond\"]}]},{\"@type\":\"WebPage\",\"@id\":\"https:\/\/guineediversite.com\/index.php\/2013\/12\/31\/crise-malienne-le-roi-du-maroc-recoit-a-marrakech-le-secretaire-general-du-mnla\/\",\"url\":\"https:\/\/guineediversite.com\/index.php\/2013\/12\/31\/crise-malienne-le-roi-du-maroc-recoit-a-marrakech-le-secretaire-general-du-mnla\/\",\"name\":\"Crise malienne : le roi du Maroc re\u00e7oit \u00e0 Marrakech le Secr\u00e9taire g\u00e9n\u00e9ral du MNLA | Guin\u00e9e Diversit\u00e9\",\"isPartOf\":{\"@id\":\"https:\/\/guineediversite.com\/#website\"},\"datePublished\":\"2013-12-30T23:00:00+00:00\",\"dateModified\":\"2013-12-30T23:00:00+00:00\",\"breadcrumb\":{\"@id\":\"https:\/\/guineediversite.com\/index.php\/2013\/12\/31\/crise-malienne-le-roi-du-maroc-recoit-a-marrakech-le-secretaire-general-du-mnla\/#breadcrumb\"},\"inLanguage\":\"fr-FR\",\"potentialAction\":[{\"@type\":\"ReadAction\",\"target\":[\"https:\/\/guineediversite.com\/index.php\/2013\/12\/31\/crise-malienne-le-roi-du-maroc-recoit-a-marrakech-le-secretaire-general-du-mnla\/\"]}]},{\"@type\":\"BreadcrumbList\",\"@id\":\"https:\/\/guineediversite.com\/index.php\/2013\/12\/31\/crise-malienne-le-roi-du-maroc-recoit-a-marrakech-le-secretaire-general-du-mnla\/#breadcrumb\",\"itemListElement\":[{\"@type\":\"ListItem\",\"position\":1,\"name\":\"Accueil\",\"item\":\"https:\/\/guineediversite.com\/\"},{\"@type\":\"ListItem\",\"position\":2,\"name\":\"Crise malienne : le roi du Maroc re\u00e7oit \u00e0 Marrakech le Secr\u00e9taire g\u00e9n\u00e9ral du MNLA\"}]},{\"@type\":\"WebSite\",\"@id\":\"https:\/\/guineediversite.com\/#website\",\"url\":\"https:\/\/guineediversite.com\/\",\"name\":\"Guin\u00e9e Diversit\u00e9\",\"description\":\"L&#039;Info dans toute sa diversit\u00e9\",\"publisher\":{\"@id\":\"https:\/\/guineediversite.com\/#organization\"},\"potentialAction\":[{\"@type\":\"SearchAction\",\"target\":{\"@type\":\"EntryPoint\",\"urlTemplate\":\"https:\/\/guineediversite.com\/?s={search_term_string}\"},\"query-input\":{\"@type\":\"PropertyValueSpecification\",\"valueRequired\":true,\"valueName\":\"search_term_string\"}}],\"inLanguage\":\"fr-FR\"},{\"@type\":\"Organization\",\"@id\":\"https:\/\/guineediversite.com\/#organization\",\"name\":\"Guin\u00e9e Diversit\u00e9\",\"url\":\"https:\/\/guineediversite.com\/\",\"logo\":{\"@type\":\"ImageObject\",\"inLanguage\":\"fr-FR\",\"@id\":\"https:\/\/guineediversite.com\/#\/schema\/logo\/image\/\",\"url\":\"https:\/\/guineediversite.com\/wp-content\/uploads\/2017\/04\/cropped-1jojlxEOMkX9Wyqfhe43D6kjPOGqBBKmx3EwWJqZ0cMrFF54yM49.png\",\"contentUrl\":\"https:\/\/guineediversite.com\/wp-content\/uploads\/2017\/04\/cropped-1jojlxEOMkX9Wyqfhe43D6kjPOGqBBKmx3EwWJqZ0cMrFF54yM49.png\",\"width\":186,\"height\":112,\"caption\":\"Guin\u00e9e Diversit\u00e9\"},\"image\":{\"@id\":\"https:\/\/guineediversite.com\/#\/schema\/logo\/image\/\"},\"sameAs\":[\"https:\/\/www.facebook.com\/guineediversite\/\",\"https:\/\/x.com\/GuineeDiversite\",\"https:\/\/www.youtube.com\/channel\/UC8sUY16qelG5ge6_D5SB83g\"]},{\"@type\":\"Person\",\"@id\":\"https:\/\/guineediversite.com\/#\/schema\/person\/afa08fb34e7fc6e1feafc892612bc836\",\"name\":\"Guin\u00e9e Diversit\u00e9\",\"image\":{\"@type\":\"ImageObject\",\"inLanguage\":\"fr-FR\",\"@id\":\"https:\/\/guineediversite.com\/#\/schema\/person\/image\/\",\"url\":\"https:\/\/secure.gravatar.com\/avatar\/50d5eb5b390f8b65ac30ac6f898eb83a?s=96&d=mm&r=g\",\"contentUrl\":\"https:\/\/secure.gravatar.com\/avatar\/50d5eb5b390f8b65ac30ac6f898eb83a?s=96&d=mm&r=g\",\"caption\":\"Guin\u00e9e Diversit\u00e9\"},\"url\":\"https:\/\/guineediversite.com\/index.php\/author\/guineediversite\/\"}]}<\/script>\n<!-- \/ Yoast SEO plugin. -->","yoast_head_json":{"title":"Crise malienne : le roi du Maroc re\u00e7oit \u00e0 Marrakech le Secr\u00e9taire g\u00e9n\u00e9ral du MNLA | Guin\u00e9e Diversit\u00e9","robots":{"index":"index","follow":"follow","max-snippet":"max-snippet:-1","max-image-preview":"max-image-preview:large","max-video-preview":"max-video-preview:-1"},"canonical":"https:\/\/guineediversite.com\/index.php\/2013\/12\/31\/crise-malienne-le-roi-du-maroc-recoit-a-marrakech-le-secretaire-general-du-mnla\/","og_locale":"fr_FR","og_type":"article","og_title":"Crise malienne : le roi du Maroc re\u00e7oit \u00e0 Marrakech le Secr\u00e9taire g\u00e9n\u00e9ral du MNLA | Guin\u00e9e Diversit\u00e9","og_description":"Marrakech, 31 janv. 2014 &#8211; Le Souverain Marocain Mohammed VI a re\u00e7u, le vendredi dernier au Palais Royal de Marrakech, M. Bilal AG Cherif, secr\u00e9taire g\u00e9n\u00e9ral du mouvement national pour la lib\u00e9ration de l&rsquo;Azawad (MNLA), accompagn\u00e9 du porte-parole du mouvement, Moussa AG Attaher. Cette audience s&rsquo;inscrit dans le cadre des efforts soutenus et permanents du [&hellip;]","og_url":"https:\/\/guineediversite.com\/index.php\/2013\/12\/31\/crise-malienne-le-roi-du-maroc-recoit-a-marrakech-le-secretaire-general-du-mnla\/","og_site_name":"Guin\u00e9e Diversit\u00e9","article_publisher":"https:\/\/www.facebook.com\/guineediversite\/","article_published_time":"2013-12-30T23:00:00+00:00","author":"Guin\u00e9e Diversit\u00e9","twitter_card":"summary_large_image","twitter_creator":"@GuineeDiversite","twitter_site":"@GuineeDiversite","twitter_misc":{"\u00c9crit par":"Guin\u00e9e Diversit\u00e9","Dur\u00e9e de lecture estim\u00e9e":"2 minutes"},"schema":{"@context":"https:\/\/schema.org","@graph":[{"@type":"Article","@id":"https:\/\/guineediversite.com\/index.php\/2013\/12\/31\/crise-malienne-le-roi-du-maroc-recoit-a-marrakech-le-secretaire-general-du-mnla\/#article","isPartOf":{"@id":"https:\/\/guineediversite.com\/index.php\/2013\/12\/31\/crise-malienne-le-roi-du-maroc-recoit-a-marrakech-le-secretaire-general-du-mnla\/"},"author":{"name":"Guin\u00e9e Diversit\u00e9","@id":"https:\/\/guineediversite.com\/#\/schema\/person\/afa08fb34e7fc6e1feafc892612bc836"},"headline":"Crise malienne : le roi du Maroc re\u00e7oit \u00e0 Marrakech le Secr\u00e9taire g\u00e9n\u00e9ral du MNLA","datePublished":"2013-12-30T23:00:00+00:00","dateModified":"2013-12-30T23:00:00+00:00","mainEntityOfPage":{"@id":"https:\/\/guineediversite.com\/index.php\/2013\/12\/31\/crise-malienne-le-roi-du-maroc-recoit-a-marrakech-le-secretaire-general-du-mnla\/"},"wordCount":521,"commentCount":0,"publisher":{"@id":"https:\/\/guineediversite.com\/#organization"},"articleSection":["Archives"],"inLanguage":"fr-FR","potentialAction":[{"@type":"CommentAction","name":"Comment","target":["https:\/\/guineediversite.com\/index.php\/2013\/12\/31\/crise-malienne-le-roi-du-maroc-recoit-a-marrakech-le-secretaire-general-du-mnla\/#respond"]}]},{"@type":"WebPage","@id":"https:\/\/guineediversite.com\/index.php\/2013\/12\/31\/crise-malienne-le-roi-du-maroc-recoit-a-marrakech-le-secretaire-general-du-mnla\/","url":"https:\/\/guineediversite.com\/index.php\/2013\/12\/31\/crise-malienne-le-roi-du-maroc-recoit-a-marrakech-le-secretaire-general-du-mnla\/","name":"Crise malienne : le roi du Maroc re\u00e7oit \u00e0 Marrakech le Secr\u00e9taire g\u00e9n\u00e9ral du MNLA | Guin\u00e9e Diversit\u00e9","isPartOf":{"@id":"https:\/\/guineediversite.com\/#website"},"datePublished":"2013-12-30T23:00:00+00:00","dateModified":"2013-12-30T23:00:00+00:00","breadcrumb":{"@id":"https:\/\/guineediversite.com\/index.php\/2013\/12\/31\/crise-malienne-le-roi-du-maroc-recoit-a-marrakech-le-secretaire-general-du-mnla\/#breadcrumb"},"inLanguage":"fr-FR","potentialAction":[{"@type":"ReadAction","target":["https:\/\/guineediversite.com\/index.php\/2013\/12\/31\/crise-malienne-le-roi-du-maroc-recoit-a-marrakech-le-secretaire-general-du-mnla\/"]}]},{"@type":"BreadcrumbList","@id":"https:\/\/guineediversite.com\/index.php\/2013\/12\/31\/crise-malienne-le-roi-du-maroc-recoit-a-marrakech-le-secretaire-general-du-mnla\/#breadcrumb","itemListElement":[{"@type":"ListItem","position":1,"name":"Accueil","item":"https:\/\/guineediversite.com\/"},{"@type":"ListItem","position":2,"name":"Crise malienne : le roi du Maroc re\u00e7oit \u00e0 Marrakech le Secr\u00e9taire g\u00e9n\u00e9ral du MNLA"}]},{"@type":"WebSite","@id":"https:\/\/guineediversite.com\/#website","url":"https:\/\/guineediversite.com\/","name":"Guin\u00e9e Diversit\u00e9","description":"L&#039;Info dans toute sa diversit\u00e9","publisher":{"@id":"https:\/\/guineediversite.com\/#organization"},"potentialAction":[{"@type":"SearchAction","target":{"@type":"EntryPoint","urlTemplate":"https:\/\/guineediversite.com\/?s={search_term_string}"},"query-input":{"@type":"PropertyValueSpecification","valueRequired":true,"valueName":"search_term_string"}}],"inLanguage":"fr-FR"},{"@type":"Organization","@id":"https:\/\/guineediversite.com\/#organization","name":"Guin\u00e9e Diversit\u00e9","url":"https:\/\/guineediversite.com\/","logo":{"@type":"ImageObject","inLanguage":"fr-FR","@id":"https:\/\/guineediversite.com\/#\/schema\/logo\/image\/","url":"https:\/\/guineediversite.com\/wp-content\/uploads\/2017\/04\/cropped-1jojlxEOMkX9Wyqfhe43D6kjPOGqBBKmx3EwWJqZ0cMrFF54yM49.png","contentUrl":"https:\/\/guineediversite.com\/wp-content\/uploads\/2017\/04\/cropped-1jojlxEOMkX9Wyqfhe43D6kjPOGqBBKmx3EwWJqZ0cMrFF54yM49.png","width":186,"height":112,"caption":"Guin\u00e9e Diversit\u00e9"},"image":{"@id":"https:\/\/guineediversite.com\/#\/schema\/logo\/image\/"},"sameAs":["https:\/\/www.facebook.com\/guineediversite\/","https:\/\/x.com\/GuineeDiversite","https:\/\/www.youtube.com\/channel\/UC8sUY16qelG5ge6_D5SB83g"]},{"@type":"Person","@id":"https:\/\/guineediversite.com\/#\/schema\/person\/afa08fb34e7fc6e1feafc892612bc836","name":"Guin\u00e9e Diversit\u00e9","image":{"@type":"ImageObject","inLanguage":"fr-FR","@id":"https:\/\/guineediversite.com\/#\/schema\/person\/image\/","url":"https:\/\/secure.gravatar.com\/avatar\/50d5eb5b390f8b65ac30ac6f898eb83a?s=96&d=mm&r=g","contentUrl":"https:\/\/secure.gravatar.com\/avatar\/50d5eb5b390f8b65ac30ac6f898eb83a?s=96&d=mm&r=g","caption":"Guin\u00e9e Diversit\u00e9"},"url":"https:\/\/guineediversite.com\/index.php\/author\/guineediversite\/"}]}},"_links":{"self":[{"href":"https:\/\/guineediversite.com\/index.php\/wp-json\/wp\/v2\/posts\/19765"}],"collection":[{"href":"https:\/\/guineediversite.com\/index.php\/wp-json\/wp\/v2\/posts"}],"about":[{"href":"https:\/\/guineediversite.com\/index.php\/wp-json\/wp\/v2\/types\/post"}],"author":[{"embeddable":true,"href":"https:\/\/guineediversite.com\/index.php\/wp-json\/wp\/v2\/users\/12"}],"replies":[{"embeddable":true,"href":"https:\/\/guineediversite.com\/index.php\/wp-json\/wp\/v2\/comments?post=19765"}],"version-history":[{"count":0,"href":"https:\/\/guineediversite.com\/index.php\/wp-json\/wp\/v2\/posts\/19765\/revisions"}],"wp:attachment":[{"href":"https:\/\/guineediversite.com\/index.php\/wp-json\/wp\/v2\/media?parent=19765"}],"wp:term":[{"taxonomy":"category","embeddable":true,"href":"https:\/\/guineediversite.com\/index.php\/wp-json\/wp\/v2\/categories?post=19765"},{"taxonomy":"post_tag","embeddable":true,"href":"https:\/\/guineediversite.com\/index.php\/wp-json\/wp\/v2\/tags?post=19765"}],"curies":[{"name":"wp","href":"https:\/\/api.w.org\/{rel}","templated":true}]}}