{"id":19759,"date":"2013-12-31T00:00:00","date_gmt":"2013-12-30T23:00:00","guid":{"rendered":"https:\/\/www.guineediversite.com\/index.php\/2013\/12\/31\/albert-damantang-camara-annonce-ses-projets-pour-le-systeme-educatif-guineen\/"},"modified":"2013-12-31T00:00:00","modified_gmt":"2013-12-30T23:00:00","slug":"albert-damantang-camara-annonce-ses-projets-pour-le-systeme-educatif-guineen","status":"publish","type":"post","link":"https:\/\/guineediversite.com\/index.php\/2013\/12\/31\/albert-damantang-camara-annonce-ses-projets-pour-le-systeme-educatif-guineen\/","title":{"rendered":"Albert Damantang Camara annonce ses projets pour le syst\u00e8me \u00e9ducatif guin\u00e9en"},"content":{"rendered":"<p>A l\u2019 occasion de la c\u00e9r\u00e9monie de pr\u00e9sentation de v\u0153ux de nouvel an ce vendredi 31 janvier 2014, les diff\u00e9rents d\u00e9partements en charge du syst\u00e8me \u00e9ducatif ont annonc\u00e9 leur synergie d\u2019action pour redorer l\u2019image de l\u2019enseignement en Guin\u00e9e. Tout d\u2019abord les interventions ont commenc\u00e9 par celle du mouvement syndical, qui souligne que des d\u00e9fis restent \u00e0 relever. Ces d\u00e9fis sont entre autres, la formation manag\u00e9riale des principaux dirigeants du syst\u00e8me de l\u2019\u00e9ducation, la formation professionnelle du personnel du soutien administratif et technique, l\u2019insuffisance de l\u2019\u00e9quipement scientifique des \u00e9tablissements scolaires et le non couverture sanitaire des travailleurs de l\u2019\u00e9ducation. S\u2019adressant aux cadres des diff\u00e9rents d\u00e9partements, le ministre d\u2019Etat en charge de l\u2019enseignement technique, de la formation professionnel et le travail a au nom des autres ministres du syst\u00e8me \u00e9ducatif, accentu\u00e9 son intervention sur les acquis des trois ann\u00e9es de gestion. \u00ab Des efforts entreprises ces derri\u00e8res ann\u00e9es par notre gouvernement appuy\u00e9 par nos partenaire technique et financiers ont permis d\u2019am\u00e9liorer consid\u00e9rablement le taux brut de scolarisation du primaire, cr\u00e9ant ainsi une massification au niveau du secondaire g\u00e9n\u00e9ral. Cette situation a engendr\u00e9 une forte pression sur les autre secteurs du syst\u00e8me qui sont l\u2019emploi, l\u2019enseignement technique et professionnel, l\u2019enseignement sup\u00e9rieur, auquel vient s\u2019ajouter maintenant le travail \u00bb a indiqu\u00e9 Albert Damantan CAMARA. En terme de d\u00e9fit pour les ann\u00e9es \u00e0 venir, les diff\u00e9rents d\u00e9partements de l\u2019\u00e9ducation se fixent comme objectif entre autre, la formation professionnelle, universitaire, pr\u00e9 universitaire, la formation continue, le perfectionnement, la modernisation de l\u2019apprentissage, l\u2019appui au secteur informel et l\u2019emploi.<br \/>\nMacky SOW<br \/>\n655 695 050<\/p>\n","protected":false},"excerpt":{"rendered":"<p>A l\u2019 occasion de la c\u00e9r\u00e9monie de pr\u00e9sentation de v\u0153ux de nouvel an ce vendredi 31 janvier 2014, les diff\u00e9rents d\u00e9partements en charge du syst\u00e8me \u00e9ducatif ont annonc\u00e9 leur synergie d\u2019action pour redorer l\u2019image de l\u2019enseignement en Guin\u00e9e. Tout d\u2019abord les interventions ont commenc\u00e9 par celle du mouvement syndical, qui souligne que des d\u00e9fis restent [&hellip;]<\/p>\n","protected":false},"author":12,"featured_media":0,"comment_status":"open","ping_status":"open","sticky":false,"template":"","format":"standard","meta":{"_exactmetrics_skip_tracking":false,"_exactmetrics_sitenote_active":false,"_exactmetrics_sitenote_note":"","_exactmetrics_sitenote_category":0,"tdm_status":"","tdm_grid_status":"","footnotes":""},"categories":[28],"tags":[],"class_list":{"0":"post-19759","1":"post","2":"type-post","3":"status-publish","4":"format-standard","6":"category-archives"},"yoast_head":"<!-- This site is optimized with the Yoast SEO plugin v24.2 - https:\/\/yoast.com\/wordpress\/plugins\/seo\/ -->\n<title>Albert Damantang Camara annonce ses projets pour le syst\u00e8me \u00e9ducatif guin\u00e9en | Guin\u00e9e Diversit\u00e9<\/title>\n<meta name=\"robots\" content=\"index, follow, max-snippet:-1, max-image-preview:large, max-video-preview:-1\" \/>\n<link rel=\"canonical\" href=\"https:\/\/guineediversite.com\/index.php\/2013\/12\/31\/albert-damantang-camara-annonce-ses-projets-pour-le-systeme-educatif-guineen\/\" \/>\n<meta property=\"og:locale\" content=\"fr_FR\" \/>\n<meta property=\"og:type\" content=\"article\" \/>\n<meta property=\"og:title\" content=\"Albert Damantang Camara annonce ses projets pour le syst\u00e8me \u00e9ducatif guin\u00e9en | Guin\u00e9e Diversit\u00e9\" \/>\n<meta property=\"og:description\" content=\"A l\u2019 occasion de la c\u00e9r\u00e9monie de pr\u00e9sentation de v\u0153ux de nouvel an ce vendredi 31 janvier 2014, les diff\u00e9rents d\u00e9partements en charge du syst\u00e8me \u00e9ducatif ont annonc\u00e9 leur synergie d\u2019action pour redorer l\u2019image de l\u2019enseignement en Guin\u00e9e. Tout d\u2019abord les interventions ont commenc\u00e9 par celle du mouvement syndical, qui souligne que des d\u00e9fis restent [&hellip;]\" \/>\n<meta property=\"og:url\" content=\"https:\/\/guineediversite.com\/index.php\/2013\/12\/31\/albert-damantang-camara-annonce-ses-projets-pour-le-systeme-educatif-guineen\/\" \/>\n<meta property=\"og:site_name\" content=\"Guin\u00e9e Diversit\u00e9\" \/>\n<meta property=\"article:publisher\" content=\"https:\/\/www.facebook.com\/guineediversite\/\" \/>\n<meta property=\"article:published_time\" content=\"2013-12-30T23:00:00+00:00\" \/>\n<meta name=\"author\" content=\"Guin\u00e9e Diversit\u00e9\" \/>\n<meta name=\"twitter:card\" content=\"summary_large_image\" \/>\n<meta name=\"twitter:creator\" content=\"@GuineeDiversite\" \/>\n<meta name=\"twitter:site\" content=\"@GuineeDiversite\" \/>\n<meta name=\"twitter:label1\" content=\"\u00c9crit par\" \/>\n\t<meta name=\"twitter:data1\" content=\"Guin\u00e9e Diversit\u00e9\" \/>\n\t<meta name=\"twitter:label2\" content=\"Dur\u00e9e de lecture estim\u00e9e\" \/>\n\t<meta name=\"twitter:data2\" content=\"1 minute\" \/>\n<script type=\"application\/ld+json\" class=\"yoast-schema-graph\">{\"@context\":\"https:\/\/schema.org\",\"@graph\":[{\"@type\":\"Article\",\"@id\":\"https:\/\/guineediversite.com\/index.php\/2013\/12\/31\/albert-damantang-camara-annonce-ses-projets-pour-le-systeme-educatif-guineen\/#article\",\"isPartOf\":{\"@id\":\"https:\/\/guineediversite.com\/index.php\/2013\/12\/31\/albert-damantang-camara-annonce-ses-projets-pour-le-systeme-educatif-guineen\/\"},\"author\":{\"name\":\"Guin\u00e9e Diversit\u00e9\",\"@id\":\"https:\/\/guineediversite.com\/#\/schema\/person\/afa08fb34e7fc6e1feafc892612bc836\"},\"headline\":\"Albert Damantang Camara annonce ses projets pour le syst\u00e8me \u00e9ducatif guin\u00e9en\",\"datePublished\":\"2013-12-30T23:00:00+00:00\",\"dateModified\":\"2013-12-30T23:00:00+00:00\",\"mainEntityOfPage\":{\"@id\":\"https:\/\/guineediversite.com\/index.php\/2013\/12\/31\/albert-damantang-camara-annonce-ses-projets-pour-le-systeme-educatif-guineen\/\"},\"wordCount\":309,\"commentCount\":0,\"publisher\":{\"@id\":\"https:\/\/guineediversite.com\/#organization\"},\"articleSection\":[\"Archives\"],\"inLanguage\":\"fr-FR\",\"potentialAction\":[{\"@type\":\"CommentAction\",\"name\":\"Comment\",\"target\":[\"https:\/\/guineediversite.com\/index.php\/2013\/12\/31\/albert-damantang-camara-annonce-ses-projets-pour-le-systeme-educatif-guineen\/#respond\"]}]},{\"@type\":\"WebPage\",\"@id\":\"https:\/\/guineediversite.com\/index.php\/2013\/12\/31\/albert-damantang-camara-annonce-ses-projets-pour-le-systeme-educatif-guineen\/\",\"url\":\"https:\/\/guineediversite.com\/index.php\/2013\/12\/31\/albert-damantang-camara-annonce-ses-projets-pour-le-systeme-educatif-guineen\/\",\"name\":\"Albert Damantang Camara annonce ses projets pour le syst\u00e8me \u00e9ducatif guin\u00e9en | Guin\u00e9e Diversit\u00e9\",\"isPartOf\":{\"@id\":\"https:\/\/guineediversite.com\/#website\"},\"datePublished\":\"2013-12-30T23:00:00+00:00\",\"dateModified\":\"2013-12-30T23:00:00+00:00\",\"breadcrumb\":{\"@id\":\"https:\/\/guineediversite.com\/index.php\/2013\/12\/31\/albert-damantang-camara-annonce-ses-projets-pour-le-systeme-educatif-guineen\/#breadcrumb\"},\"inLanguage\":\"fr-FR\",\"potentialAction\":[{\"@type\":\"ReadAction\",\"target\":[\"https:\/\/guineediversite.com\/index.php\/2013\/12\/31\/albert-damantang-camara-annonce-ses-projets-pour-le-systeme-educatif-guineen\/\"]}]},{\"@type\":\"BreadcrumbList\",\"@id\":\"https:\/\/guineediversite.com\/index.php\/2013\/12\/31\/albert-damantang-camara-annonce-ses-projets-pour-le-systeme-educatif-guineen\/#breadcrumb\",\"itemListElement\":[{\"@type\":\"ListItem\",\"position\":1,\"name\":\"Accueil\",\"item\":\"https:\/\/guineediversite.com\/\"},{\"@type\":\"ListItem\",\"position\":2,\"name\":\"Albert Damantang Camara annonce ses projets pour le syst\u00e8me \u00e9ducatif guin\u00e9en\"}]},{\"@type\":\"WebSite\",\"@id\":\"https:\/\/guineediversite.com\/#website\",\"url\":\"https:\/\/guineediversite.com\/\",\"name\":\"Guin\u00e9e Diversit\u00e9\",\"description\":\"L&#039;Info dans toute sa diversit\u00e9\",\"publisher\":{\"@id\":\"https:\/\/guineediversite.com\/#organization\"},\"potentialAction\":[{\"@type\":\"SearchAction\",\"target\":{\"@type\":\"EntryPoint\",\"urlTemplate\":\"https:\/\/guineediversite.com\/?s={search_term_string}\"},\"query-input\":{\"@type\":\"PropertyValueSpecification\",\"valueRequired\":true,\"valueName\":\"search_term_string\"}}],\"inLanguage\":\"fr-FR\"},{\"@type\":\"Organization\",\"@id\":\"https:\/\/guineediversite.com\/#organization\",\"name\":\"Guin\u00e9e Diversit\u00e9\",\"url\":\"https:\/\/guineediversite.com\/\",\"logo\":{\"@type\":\"ImageObject\",\"inLanguage\":\"fr-FR\",\"@id\":\"https:\/\/guineediversite.com\/#\/schema\/logo\/image\/\",\"url\":\"https:\/\/guineediversite.com\/wp-content\/uploads\/2017\/04\/cropped-1jojlxEOMkX9Wyqfhe43D6kjPOGqBBKmx3EwWJqZ0cMrFF54yM49.png\",\"contentUrl\":\"https:\/\/guineediversite.com\/wp-content\/uploads\/2017\/04\/cropped-1jojlxEOMkX9Wyqfhe43D6kjPOGqBBKmx3EwWJqZ0cMrFF54yM49.png\",\"width\":186,\"height\":112,\"caption\":\"Guin\u00e9e Diversit\u00e9\"},\"image\":{\"@id\":\"https:\/\/guineediversite.com\/#\/schema\/logo\/image\/\"},\"sameAs\":[\"https:\/\/www.facebook.com\/guineediversite\/\",\"https:\/\/x.com\/GuineeDiversite\",\"https:\/\/www.youtube.com\/channel\/UC8sUY16qelG5ge6_D5SB83g\"]},{\"@type\":\"Person\",\"@id\":\"https:\/\/guineediversite.com\/#\/schema\/person\/afa08fb34e7fc6e1feafc892612bc836\",\"name\":\"Guin\u00e9e Diversit\u00e9\",\"image\":{\"@type\":\"ImageObject\",\"inLanguage\":\"fr-FR\",\"@id\":\"https:\/\/guineediversite.com\/#\/schema\/person\/image\/\",\"url\":\"https:\/\/secure.gravatar.com\/avatar\/50d5eb5b390f8b65ac30ac6f898eb83a?s=96&d=mm&r=g\",\"contentUrl\":\"https:\/\/secure.gravatar.com\/avatar\/50d5eb5b390f8b65ac30ac6f898eb83a?s=96&d=mm&r=g\",\"caption\":\"Guin\u00e9e Diversit\u00e9\"},\"url\":\"https:\/\/guineediversite.com\/index.php\/author\/guineediversite\/\"}]}<\/script>\n<!-- \/ Yoast SEO plugin. -->","yoast_head_json":{"title":"Albert Damantang Camara annonce ses projets pour le syst\u00e8me \u00e9ducatif guin\u00e9en | Guin\u00e9e Diversit\u00e9","robots":{"index":"index","follow":"follow","max-snippet":"max-snippet:-1","max-image-preview":"max-image-preview:large","max-video-preview":"max-video-preview:-1"},"canonical":"https:\/\/guineediversite.com\/index.php\/2013\/12\/31\/albert-damantang-camara-annonce-ses-projets-pour-le-systeme-educatif-guineen\/","og_locale":"fr_FR","og_type":"article","og_title":"Albert Damantang Camara annonce ses projets pour le syst\u00e8me \u00e9ducatif guin\u00e9en | Guin\u00e9e Diversit\u00e9","og_description":"A l\u2019 occasion de la c\u00e9r\u00e9monie de pr\u00e9sentation de v\u0153ux de nouvel an ce vendredi 31 janvier 2014, les diff\u00e9rents d\u00e9partements en charge du syst\u00e8me \u00e9ducatif ont annonc\u00e9 leur synergie d\u2019action pour redorer l\u2019image de l\u2019enseignement en Guin\u00e9e. Tout d\u2019abord les interventions ont commenc\u00e9 par celle du mouvement syndical, qui souligne que des d\u00e9fis restent [&hellip;]","og_url":"https:\/\/guineediversite.com\/index.php\/2013\/12\/31\/albert-damantang-camara-annonce-ses-projets-pour-le-systeme-educatif-guineen\/","og_site_name":"Guin\u00e9e Diversit\u00e9","article_publisher":"https:\/\/www.facebook.com\/guineediversite\/","article_published_time":"2013-12-30T23:00:00+00:00","author":"Guin\u00e9e Diversit\u00e9","twitter_card":"summary_large_image","twitter_creator":"@GuineeDiversite","twitter_site":"@GuineeDiversite","twitter_misc":{"\u00c9crit par":"Guin\u00e9e Diversit\u00e9","Dur\u00e9e de lecture estim\u00e9e":"1 minute"},"schema":{"@context":"https:\/\/schema.org","@graph":[{"@type":"Article","@id":"https:\/\/guineediversite.com\/index.php\/2013\/12\/31\/albert-damantang-camara-annonce-ses-projets-pour-le-systeme-educatif-guineen\/#article","isPartOf":{"@id":"https:\/\/guineediversite.com\/index.php\/2013\/12\/31\/albert-damantang-camara-annonce-ses-projets-pour-le-systeme-educatif-guineen\/"},"author":{"name":"Guin\u00e9e Diversit\u00e9","@id":"https:\/\/guineediversite.com\/#\/schema\/person\/afa08fb34e7fc6e1feafc892612bc836"},"headline":"Albert Damantang Camara annonce ses projets pour le syst\u00e8me \u00e9ducatif guin\u00e9en","datePublished":"2013-12-30T23:00:00+00:00","dateModified":"2013-12-30T23:00:00+00:00","mainEntityOfPage":{"@id":"https:\/\/guineediversite.com\/index.php\/2013\/12\/31\/albert-damantang-camara-annonce-ses-projets-pour-le-systeme-educatif-guineen\/"},"wordCount":309,"commentCount":0,"publisher":{"@id":"https:\/\/guineediversite.com\/#organization"},"articleSection":["Archives"],"inLanguage":"fr-FR","potentialAction":[{"@type":"CommentAction","name":"Comment","target":["https:\/\/guineediversite.com\/index.php\/2013\/12\/31\/albert-damantang-camara-annonce-ses-projets-pour-le-systeme-educatif-guineen\/#respond"]}]},{"@type":"WebPage","@id":"https:\/\/guineediversite.com\/index.php\/2013\/12\/31\/albert-damantang-camara-annonce-ses-projets-pour-le-systeme-educatif-guineen\/","url":"https:\/\/guineediversite.com\/index.php\/2013\/12\/31\/albert-damantang-camara-annonce-ses-projets-pour-le-systeme-educatif-guineen\/","name":"Albert Damantang Camara annonce ses projets pour le syst\u00e8me \u00e9ducatif guin\u00e9en | Guin\u00e9e Diversit\u00e9","isPartOf":{"@id":"https:\/\/guineediversite.com\/#website"},"datePublished":"2013-12-30T23:00:00+00:00","dateModified":"2013-12-30T23:00:00+00:00","breadcrumb":{"@id":"https:\/\/guineediversite.com\/index.php\/2013\/12\/31\/albert-damantang-camara-annonce-ses-projets-pour-le-systeme-educatif-guineen\/#breadcrumb"},"inLanguage":"fr-FR","potentialAction":[{"@type":"ReadAction","target":["https:\/\/guineediversite.com\/index.php\/2013\/12\/31\/albert-damantang-camara-annonce-ses-projets-pour-le-systeme-educatif-guineen\/"]}]},{"@type":"BreadcrumbList","@id":"https:\/\/guineediversite.com\/index.php\/2013\/12\/31\/albert-damantang-camara-annonce-ses-projets-pour-le-systeme-educatif-guineen\/#breadcrumb","itemListElement":[{"@type":"ListItem","position":1,"name":"Accueil","item":"https:\/\/guineediversite.com\/"},{"@type":"ListItem","position":2,"name":"Albert Damantang Camara annonce ses projets pour le syst\u00e8me \u00e9ducatif guin\u00e9en"}]},{"@type":"WebSite","@id":"https:\/\/guineediversite.com\/#website","url":"https:\/\/guineediversite.com\/","name":"Guin\u00e9e Diversit\u00e9","description":"L&#039;Info dans toute sa diversit\u00e9","publisher":{"@id":"https:\/\/guineediversite.com\/#organization"},"potentialAction":[{"@type":"SearchAction","target":{"@type":"EntryPoint","urlTemplate":"https:\/\/guineediversite.com\/?s={search_term_string}"},"query-input":{"@type":"PropertyValueSpecification","valueRequired":true,"valueName":"search_term_string"}}],"inLanguage":"fr-FR"},{"@type":"Organization","@id":"https:\/\/guineediversite.com\/#organization","name":"Guin\u00e9e Diversit\u00e9","url":"https:\/\/guineediversite.com\/","logo":{"@type":"ImageObject","inLanguage":"fr-FR","@id":"https:\/\/guineediversite.com\/#\/schema\/logo\/image\/","url":"https:\/\/guineediversite.com\/wp-content\/uploads\/2017\/04\/cropped-1jojlxEOMkX9Wyqfhe43D6kjPOGqBBKmx3EwWJqZ0cMrFF54yM49.png","contentUrl":"https:\/\/guineediversite.com\/wp-content\/uploads\/2017\/04\/cropped-1jojlxEOMkX9Wyqfhe43D6kjPOGqBBKmx3EwWJqZ0cMrFF54yM49.png","width":186,"height":112,"caption":"Guin\u00e9e Diversit\u00e9"},"image":{"@id":"https:\/\/guineediversite.com\/#\/schema\/logo\/image\/"},"sameAs":["https:\/\/www.facebook.com\/guineediversite\/","https:\/\/x.com\/GuineeDiversite","https:\/\/www.youtube.com\/channel\/UC8sUY16qelG5ge6_D5SB83g"]},{"@type":"Person","@id":"https:\/\/guineediversite.com\/#\/schema\/person\/afa08fb34e7fc6e1feafc892612bc836","name":"Guin\u00e9e Diversit\u00e9","image":{"@type":"ImageObject","inLanguage":"fr-FR","@id":"https:\/\/guineediversite.com\/#\/schema\/person\/image\/","url":"https:\/\/secure.gravatar.com\/avatar\/50d5eb5b390f8b65ac30ac6f898eb83a?s=96&d=mm&r=g","contentUrl":"https:\/\/secure.gravatar.com\/avatar\/50d5eb5b390f8b65ac30ac6f898eb83a?s=96&d=mm&r=g","caption":"Guin\u00e9e Diversit\u00e9"},"url":"https:\/\/guineediversite.com\/index.php\/author\/guineediversite\/"}]}},"_links":{"self":[{"href":"https:\/\/guineediversite.com\/index.php\/wp-json\/wp\/v2\/posts\/19759"}],"collection":[{"href":"https:\/\/guineediversite.com\/index.php\/wp-json\/wp\/v2\/posts"}],"about":[{"href":"https:\/\/guineediversite.com\/index.php\/wp-json\/wp\/v2\/types\/post"}],"author":[{"embeddable":true,"href":"https:\/\/guineediversite.com\/index.php\/wp-json\/wp\/v2\/users\/12"}],"replies":[{"embeddable":true,"href":"https:\/\/guineediversite.com\/index.php\/wp-json\/wp\/v2\/comments?post=19759"}],"version-history":[{"count":0,"href":"https:\/\/guineediversite.com\/index.php\/wp-json\/wp\/v2\/posts\/19759\/revisions"}],"wp:attachment":[{"href":"https:\/\/guineediversite.com\/index.php\/wp-json\/wp\/v2\/media?parent=19759"}],"wp:term":[{"taxonomy":"category","embeddable":true,"href":"https:\/\/guineediversite.com\/index.php\/wp-json\/wp\/v2\/categories?post=19759"},{"taxonomy":"post_tag","embeddable":true,"href":"https:\/\/guineediversite.com\/index.php\/wp-json\/wp\/v2\/tags?post=19759"}],"curies":[{"name":"wp","href":"https:\/\/api.w.org\/{rel}","templated":true}]}}