{"id":19754,"date":"2013-12-31T00:00:00","date_gmt":"2013-12-30T23:00:00","guid":{"rendered":"https:\/\/www.guineediversite.com\/index.php\/2013\/12\/31\/sommet-de-lua-le-discours-du-professeur-alpha-conde-cree-des-divergences-au-sein-de-linstitution\/"},"modified":"2013-12-31T00:00:00","modified_gmt":"2013-12-30T23:00:00","slug":"sommet-de-lua-le-discours-du-professeur-alpha-conde-cree-des-divergences-au-sein-de-linstitution","status":"publish","type":"post","link":"https:\/\/guineediversite.com\/index.php\/2013\/12\/31\/sommet-de-lua-le-discours-du-professeur-alpha-conde-cree-des-divergences-au-sein-de-linstitution\/","title":{"rendered":"Sommet de l\u2019UA : le discours du Professeur Alpha Cond\u00e9 cr\u00e9e des divergences au sein de l\u2019institution"},"content":{"rendered":"<p>Alpha Cond\u00e9 et le conseil de paix et de s\u00e9curit\u00e9 de l&rsquo;Union africaine soutiennent le d\u00e9ploiement des casques bleu en Centrafrique<br \/>\nLe Soudan du Sud et la Centrafrique, deux pays ravag\u00e9s par la guerre, sont les principaux sujets abord\u00e9s au 22\u00e8  sommet de l&rsquo;Union africaine (UA), qui s\u2019est ouvert ce jeudi  \u00e0 d&rsquo;Addis Abeba, en Ethiopie.<br \/>\nLes d\u00e9bats ont \u00e9t\u00e9 ouverts jeudi matin par le pr\u00e9sident en exercice de l&rsquo;UA, le Premier ministre \u00e9thiopien Hailemariam Desalegn, dont le pays transf\u00e9rera la pr\u00e9sidence tournante de l&rsquo;organisation \u00e0 la Mauritanie.<br \/>\nA l&rsquo;origine, le sommet devait avoir pour th\u00e8me central &quot;l&rsquo;agriculture et la s\u00e9curit\u00e9 alimentaire&quot;. Mais les combats qui font rage au Soudan du Sud et les derniers d\u00e9veloppements de la situation en Centrafrique sont venus bouleverser ce programme.<br \/>\n\u00ab Le fait que ces deux trag\u00e9dies humanitaires s&rsquo;\u00e9tendent dans les deux pays, au moment o\u00f9 nous parlons de la &quot;Renaissance de l&rsquo;Afrique&quot; (le th\u00e8me du cinquantenaire de l&rsquo;UA l&rsquo;an dernier), doit \u00eatre douloureux pour chacun d&rsquo;entre nous&quot;, a reconnu lundi le ministre \u00e9thiopien des Affaires \u00e9trang\u00e8res, Tedros Adhanom.<\/p>\n<p> Dans son discours d\u2019ouverture prononc\u00e9 mercredi soir, le Pr\u00e9sident guin\u00e9en Alpha Cond\u00e9 qui assume en ce mois de janvier la pr\u00e9sidence tournante du Conseil de paix et de s\u00e9curit\u00e9 de l\u2019UA,  d\u00e9clare : \u00ab Nous appuyons la demande de Catherine Samba-Panza d\u2019un d\u00e9ploiement d\u2019une force de maintien de la paix en Centrafrique \u00bb\u00bb Rappelons que Catherine Samba-Panza a r\u00e9clam\u00e9 officiellement, mardi, la pr\u00e9sence de casques bleus des Nations unies dans son pays. \u00ab Nous devons \u00eatre solidaires pour extraire ce pays de la spirale de la violence et \u00e9loigner le risque de g\u00e9nocide qui plane \u00e0 l\u2019horizon \u00bb, a poursuivi le pr\u00e9sident guin\u00e9en. Avant d\u2019ajouter qu\u2019il s\u2019agit de r\u00e9tablir la paix mais aussi, d\u2019accompagner la r\u00e9forme des secteurs de s\u00e9curit\u00e9 et d\u2019accompagner la transition dans la pr\u00e9paration des \u00e9lections, en principe pr\u00e9vues pour le premier semestre 2015, au plus tard.<br \/>\nAlpha Cond\u00e9 a pr\u00e9sent\u00e9 cette d\u00e9cision comme si elle allait de soi. En r\u00e9alit\u00e9, il n\u2019\u00e9tait pas du tout acquis que le Conseil de paix de l\u2019UA donne son feu vert \u00e0 des casques bleus d\u00e8s ce soir. Plusieurs pays d\u2019Afrique centrale avaient en effet exprim\u00e9 des r\u00e9serves, surtout ceux qui fournissent des troupes \u00e0 la Misca, except\u00e9 le Cameroun. Aussit\u00f4t, cette intervention du Professeur Cond\u00e9 surprend certains de ses coll\u00e8gues et cr\u00e9e des divergences de  position dans la salle.les murmures \u00e9taient telles, il a fallut que  le ministre des Affaires \u00e9trang\u00e8res de la Guin\u00e9e, Fran\u00e7ois Fall  reviens ce jeudi matin \u00e0 la tribune de l\u2019UA, pour  d\u00e9clarer que son pr\u00e9sident s\u2019exprimait au nom de son pays et non de l\u2019UA. Alors qu\u2019en r\u00e9alit\u00e9, c\u2019est en qualit\u00e9 de pr\u00e9sident en exercice du Conseil de S\u00e9curit\u00e9 de l\u2019Union Africaine que le Professeur Alpha Cond\u00e9 s\u2019exprimait mercredi soir. <\/p>\n<p>Aussi, dans les couloirs de l\u2019Union africaine, les diplomates occidentaux et onusiens ont insist\u00e9 toute la journ\u00e9e pour lever ce qu\u2019ils consid\u00e9raient \u00eatre un malentendu. \u00ab Il ne s\u2019agit en rien d\u2019un d\u00e9saveu pour la Misca \u00bb, a expliqu\u00e9 l\u2019un d\u2019eux.<br \/>\nCes derniers jours, il semblerait qu&rsquo;il y ait une inflexion du c\u00f4t\u00e9 des ministres africains en faveur d\u2019un d\u00e9ploiement en Centrafrique, r\u00e9clam\u00e9 par la France. Il faudra d\u2019abord que le secr\u00e9taire g\u00e9n\u00e9ral de l\u2019ONU, Ban Ki-moon, publie, en principe fin f\u00e9vrier, un rapport sur le dossier et qu\u2019une r\u00e9solution soit adopt\u00e9e.<\/p>\n<p>Guin\u00e9ediversit\u00e9<\/p>\n","protected":false},"excerpt":{"rendered":"<p>Alpha Cond\u00e9 et le conseil de paix et de s\u00e9curit\u00e9 de l&rsquo;Union africaine soutiennent le d\u00e9ploiement des casques bleu en Centrafrique Le Soudan du Sud et la Centrafrique, deux pays ravag\u00e9s par la guerre, sont les principaux sujets abord\u00e9s au 22\u00e8 sommet de l&rsquo;Union africaine (UA), qui s\u2019est ouvert ce jeudi \u00e0 d&rsquo;Addis Abeba, en [&hellip;]<\/p>\n","protected":false},"author":12,"featured_media":0,"comment_status":"open","ping_status":"open","sticky":false,"template":"","format":"standard","meta":{"_exactmetrics_skip_tracking":false,"_exactmetrics_sitenote_active":false,"_exactmetrics_sitenote_note":"","_exactmetrics_sitenote_category":0,"tdm_status":"","tdm_grid_status":"","footnotes":""},"categories":[28],"tags":[],"class_list":{"0":"post-19754","1":"post","2":"type-post","3":"status-publish","4":"format-standard","6":"category-archives"},"yoast_head":"<!-- This site is optimized with the Yoast SEO plugin v24.2 - https:\/\/yoast.com\/wordpress\/plugins\/seo\/ -->\n<title>Sommet de l\u2019UA : le discours du Professeur Alpha Cond\u00e9 cr\u00e9e des divergences au sein de l\u2019institution | Guin\u00e9e Diversit\u00e9<\/title>\n<meta name=\"robots\" content=\"index, follow, max-snippet:-1, max-image-preview:large, max-video-preview:-1\" \/>\n<link rel=\"canonical\" href=\"https:\/\/guineediversite.com\/index.php\/2013\/12\/31\/sommet-de-lua-le-discours-du-professeur-alpha-conde-cree-des-divergences-au-sein-de-linstitution\/\" \/>\n<meta property=\"og:locale\" content=\"fr_FR\" \/>\n<meta property=\"og:type\" content=\"article\" \/>\n<meta property=\"og:title\" content=\"Sommet de l\u2019UA : le discours du Professeur Alpha Cond\u00e9 cr\u00e9e des divergences au sein de l\u2019institution | Guin\u00e9e Diversit\u00e9\" \/>\n<meta property=\"og:description\" content=\"Alpha Cond\u00e9 et le conseil de paix et de s\u00e9curit\u00e9 de l&rsquo;Union africaine soutiennent le d\u00e9ploiement des casques bleu en Centrafrique Le Soudan du Sud et la Centrafrique, deux pays ravag\u00e9s par la guerre, sont les principaux sujets abord\u00e9s au 22\u00e8 sommet de l&rsquo;Union africaine (UA), qui s\u2019est ouvert ce jeudi \u00e0 d&rsquo;Addis Abeba, en [&hellip;]\" \/>\n<meta property=\"og:url\" content=\"https:\/\/guineediversite.com\/index.php\/2013\/12\/31\/sommet-de-lua-le-discours-du-professeur-alpha-conde-cree-des-divergences-au-sein-de-linstitution\/\" \/>\n<meta property=\"og:site_name\" content=\"Guin\u00e9e Diversit\u00e9\" \/>\n<meta property=\"article:publisher\" content=\"https:\/\/www.facebook.com\/guineediversite\/\" \/>\n<meta property=\"article:published_time\" content=\"2013-12-30T23:00:00+00:00\" \/>\n<meta name=\"author\" content=\"Guin\u00e9e Diversit\u00e9\" \/>\n<meta name=\"twitter:card\" content=\"summary_large_image\" \/>\n<meta name=\"twitter:creator\" content=\"@GuineeDiversite\" \/>\n<meta name=\"twitter:site\" content=\"@GuineeDiversite\" \/>\n<meta name=\"twitter:label1\" content=\"\u00c9crit par\" \/>\n\t<meta name=\"twitter:data1\" content=\"Guin\u00e9e Diversit\u00e9\" \/>\n\t<meta name=\"twitter:label2\" content=\"Dur\u00e9e de lecture estim\u00e9e\" \/>\n\t<meta name=\"twitter:data2\" content=\"3 minutes\" \/>\n<script type=\"application\/ld+json\" class=\"yoast-schema-graph\">{\"@context\":\"https:\/\/schema.org\",\"@graph\":[{\"@type\":\"Article\",\"@id\":\"https:\/\/guineediversite.com\/index.php\/2013\/12\/31\/sommet-de-lua-le-discours-du-professeur-alpha-conde-cree-des-divergences-au-sein-de-linstitution\/#article\",\"isPartOf\":{\"@id\":\"https:\/\/guineediversite.com\/index.php\/2013\/12\/31\/sommet-de-lua-le-discours-du-professeur-alpha-conde-cree-des-divergences-au-sein-de-linstitution\/\"},\"author\":{\"name\":\"Guin\u00e9e Diversit\u00e9\",\"@id\":\"https:\/\/guineediversite.com\/#\/schema\/person\/afa08fb34e7fc6e1feafc892612bc836\"},\"headline\":\"Sommet de l\u2019UA : le discours du Professeur Alpha Cond\u00e9 cr\u00e9e des divergences au sein de l\u2019institution\",\"datePublished\":\"2013-12-30T23:00:00+00:00\",\"dateModified\":\"2013-12-30T23:00:00+00:00\",\"mainEntityOfPage\":{\"@id\":\"https:\/\/guineediversite.com\/index.php\/2013\/12\/31\/sommet-de-lua-le-discours-du-professeur-alpha-conde-cree-des-divergences-au-sein-de-linstitution\/\"},\"wordCount\":666,\"commentCount\":0,\"publisher\":{\"@id\":\"https:\/\/guineediversite.com\/#organization\"},\"articleSection\":[\"Archives\"],\"inLanguage\":\"fr-FR\",\"potentialAction\":[{\"@type\":\"CommentAction\",\"name\":\"Comment\",\"target\":[\"https:\/\/guineediversite.com\/index.php\/2013\/12\/31\/sommet-de-lua-le-discours-du-professeur-alpha-conde-cree-des-divergences-au-sein-de-linstitution\/#respond\"]}]},{\"@type\":\"WebPage\",\"@id\":\"https:\/\/guineediversite.com\/index.php\/2013\/12\/31\/sommet-de-lua-le-discours-du-professeur-alpha-conde-cree-des-divergences-au-sein-de-linstitution\/\",\"url\":\"https:\/\/guineediversite.com\/index.php\/2013\/12\/31\/sommet-de-lua-le-discours-du-professeur-alpha-conde-cree-des-divergences-au-sein-de-linstitution\/\",\"name\":\"Sommet de l\u2019UA : le discours du Professeur Alpha Cond\u00e9 cr\u00e9e des divergences au sein de l\u2019institution | Guin\u00e9e Diversit\u00e9\",\"isPartOf\":{\"@id\":\"https:\/\/guineediversite.com\/#website\"},\"datePublished\":\"2013-12-30T23:00:00+00:00\",\"dateModified\":\"2013-12-30T23:00:00+00:00\",\"breadcrumb\":{\"@id\":\"https:\/\/guineediversite.com\/index.php\/2013\/12\/31\/sommet-de-lua-le-discours-du-professeur-alpha-conde-cree-des-divergences-au-sein-de-linstitution\/#breadcrumb\"},\"inLanguage\":\"fr-FR\",\"potentialAction\":[{\"@type\":\"ReadAction\",\"target\":[\"https:\/\/guineediversite.com\/index.php\/2013\/12\/31\/sommet-de-lua-le-discours-du-professeur-alpha-conde-cree-des-divergences-au-sein-de-linstitution\/\"]}]},{\"@type\":\"BreadcrumbList\",\"@id\":\"https:\/\/guineediversite.com\/index.php\/2013\/12\/31\/sommet-de-lua-le-discours-du-professeur-alpha-conde-cree-des-divergences-au-sein-de-linstitution\/#breadcrumb\",\"itemListElement\":[{\"@type\":\"ListItem\",\"position\":1,\"name\":\"Accueil\",\"item\":\"https:\/\/guineediversite.com\/\"},{\"@type\":\"ListItem\",\"position\":2,\"name\":\"Sommet de l\u2019UA : le discours du Professeur Alpha Cond\u00e9 cr\u00e9e des divergences au sein de l\u2019institution\"}]},{\"@type\":\"WebSite\",\"@id\":\"https:\/\/guineediversite.com\/#website\",\"url\":\"https:\/\/guineediversite.com\/\",\"name\":\"Guin\u00e9e Diversit\u00e9\",\"description\":\"L&#039;Info dans toute sa diversit\u00e9\",\"publisher\":{\"@id\":\"https:\/\/guineediversite.com\/#organization\"},\"potentialAction\":[{\"@type\":\"SearchAction\",\"target\":{\"@type\":\"EntryPoint\",\"urlTemplate\":\"https:\/\/guineediversite.com\/?s={search_term_string}\"},\"query-input\":{\"@type\":\"PropertyValueSpecification\",\"valueRequired\":true,\"valueName\":\"search_term_string\"}}],\"inLanguage\":\"fr-FR\"},{\"@type\":\"Organization\",\"@id\":\"https:\/\/guineediversite.com\/#organization\",\"name\":\"Guin\u00e9e Diversit\u00e9\",\"url\":\"https:\/\/guineediversite.com\/\",\"logo\":{\"@type\":\"ImageObject\",\"inLanguage\":\"fr-FR\",\"@id\":\"https:\/\/guineediversite.com\/#\/schema\/logo\/image\/\",\"url\":\"https:\/\/guineediversite.com\/wp-content\/uploads\/2017\/04\/cropped-1jojlxEOMkX9Wyqfhe43D6kjPOGqBBKmx3EwWJqZ0cMrFF54yM49.png\",\"contentUrl\":\"https:\/\/guineediversite.com\/wp-content\/uploads\/2017\/04\/cropped-1jojlxEOMkX9Wyqfhe43D6kjPOGqBBKmx3EwWJqZ0cMrFF54yM49.png\",\"width\":186,\"height\":112,\"caption\":\"Guin\u00e9e Diversit\u00e9\"},\"image\":{\"@id\":\"https:\/\/guineediversite.com\/#\/schema\/logo\/image\/\"},\"sameAs\":[\"https:\/\/www.facebook.com\/guineediversite\/\",\"https:\/\/x.com\/GuineeDiversite\",\"https:\/\/www.youtube.com\/channel\/UC8sUY16qelG5ge6_D5SB83g\"]},{\"@type\":\"Person\",\"@id\":\"https:\/\/guineediversite.com\/#\/schema\/person\/afa08fb34e7fc6e1feafc892612bc836\",\"name\":\"Guin\u00e9e Diversit\u00e9\",\"image\":{\"@type\":\"ImageObject\",\"inLanguage\":\"fr-FR\",\"@id\":\"https:\/\/guineediversite.com\/#\/schema\/person\/image\/\",\"url\":\"https:\/\/secure.gravatar.com\/avatar\/50d5eb5b390f8b65ac30ac6f898eb83a?s=96&d=mm&r=g\",\"contentUrl\":\"https:\/\/secure.gravatar.com\/avatar\/50d5eb5b390f8b65ac30ac6f898eb83a?s=96&d=mm&r=g\",\"caption\":\"Guin\u00e9e Diversit\u00e9\"},\"url\":\"https:\/\/guineediversite.com\/index.php\/author\/guineediversite\/\"}]}<\/script>\n<!-- \/ Yoast SEO plugin. -->","yoast_head_json":{"title":"Sommet de l\u2019UA : le discours du Professeur Alpha Cond\u00e9 cr\u00e9e des divergences au sein de l\u2019institution | Guin\u00e9e Diversit\u00e9","robots":{"index":"index","follow":"follow","max-snippet":"max-snippet:-1","max-image-preview":"max-image-preview:large","max-video-preview":"max-video-preview:-1"},"canonical":"https:\/\/guineediversite.com\/index.php\/2013\/12\/31\/sommet-de-lua-le-discours-du-professeur-alpha-conde-cree-des-divergences-au-sein-de-linstitution\/","og_locale":"fr_FR","og_type":"article","og_title":"Sommet de l\u2019UA : le discours du Professeur Alpha Cond\u00e9 cr\u00e9e des divergences au sein de l\u2019institution | Guin\u00e9e Diversit\u00e9","og_description":"Alpha Cond\u00e9 et le conseil de paix et de s\u00e9curit\u00e9 de l&rsquo;Union africaine soutiennent le d\u00e9ploiement des casques bleu en Centrafrique Le Soudan du Sud et la Centrafrique, deux pays ravag\u00e9s par la guerre, sont les principaux sujets abord\u00e9s au 22\u00e8 sommet de l&rsquo;Union africaine (UA), qui s\u2019est ouvert ce jeudi \u00e0 d&rsquo;Addis Abeba, en [&hellip;]","og_url":"https:\/\/guineediversite.com\/index.php\/2013\/12\/31\/sommet-de-lua-le-discours-du-professeur-alpha-conde-cree-des-divergences-au-sein-de-linstitution\/","og_site_name":"Guin\u00e9e Diversit\u00e9","article_publisher":"https:\/\/www.facebook.com\/guineediversite\/","article_published_time":"2013-12-30T23:00:00+00:00","author":"Guin\u00e9e Diversit\u00e9","twitter_card":"summary_large_image","twitter_creator":"@GuineeDiversite","twitter_site":"@GuineeDiversite","twitter_misc":{"\u00c9crit par":"Guin\u00e9e Diversit\u00e9","Dur\u00e9e de lecture estim\u00e9e":"3 minutes"},"schema":{"@context":"https:\/\/schema.org","@graph":[{"@type":"Article","@id":"https:\/\/guineediversite.com\/index.php\/2013\/12\/31\/sommet-de-lua-le-discours-du-professeur-alpha-conde-cree-des-divergences-au-sein-de-linstitution\/#article","isPartOf":{"@id":"https:\/\/guineediversite.com\/index.php\/2013\/12\/31\/sommet-de-lua-le-discours-du-professeur-alpha-conde-cree-des-divergences-au-sein-de-linstitution\/"},"author":{"name":"Guin\u00e9e Diversit\u00e9","@id":"https:\/\/guineediversite.com\/#\/schema\/person\/afa08fb34e7fc6e1feafc892612bc836"},"headline":"Sommet de l\u2019UA : le discours du Professeur Alpha Cond\u00e9 cr\u00e9e des divergences au sein de l\u2019institution","datePublished":"2013-12-30T23:00:00+00:00","dateModified":"2013-12-30T23:00:00+00:00","mainEntityOfPage":{"@id":"https:\/\/guineediversite.com\/index.php\/2013\/12\/31\/sommet-de-lua-le-discours-du-professeur-alpha-conde-cree-des-divergences-au-sein-de-linstitution\/"},"wordCount":666,"commentCount":0,"publisher":{"@id":"https:\/\/guineediversite.com\/#organization"},"articleSection":["Archives"],"inLanguage":"fr-FR","potentialAction":[{"@type":"CommentAction","name":"Comment","target":["https:\/\/guineediversite.com\/index.php\/2013\/12\/31\/sommet-de-lua-le-discours-du-professeur-alpha-conde-cree-des-divergences-au-sein-de-linstitution\/#respond"]}]},{"@type":"WebPage","@id":"https:\/\/guineediversite.com\/index.php\/2013\/12\/31\/sommet-de-lua-le-discours-du-professeur-alpha-conde-cree-des-divergences-au-sein-de-linstitution\/","url":"https:\/\/guineediversite.com\/index.php\/2013\/12\/31\/sommet-de-lua-le-discours-du-professeur-alpha-conde-cree-des-divergences-au-sein-de-linstitution\/","name":"Sommet de l\u2019UA : le discours du Professeur Alpha Cond\u00e9 cr\u00e9e des divergences au sein de l\u2019institution | Guin\u00e9e Diversit\u00e9","isPartOf":{"@id":"https:\/\/guineediversite.com\/#website"},"datePublished":"2013-12-30T23:00:00+00:00","dateModified":"2013-12-30T23:00:00+00:00","breadcrumb":{"@id":"https:\/\/guineediversite.com\/index.php\/2013\/12\/31\/sommet-de-lua-le-discours-du-professeur-alpha-conde-cree-des-divergences-au-sein-de-linstitution\/#breadcrumb"},"inLanguage":"fr-FR","potentialAction":[{"@type":"ReadAction","target":["https:\/\/guineediversite.com\/index.php\/2013\/12\/31\/sommet-de-lua-le-discours-du-professeur-alpha-conde-cree-des-divergences-au-sein-de-linstitution\/"]}]},{"@type":"BreadcrumbList","@id":"https:\/\/guineediversite.com\/index.php\/2013\/12\/31\/sommet-de-lua-le-discours-du-professeur-alpha-conde-cree-des-divergences-au-sein-de-linstitution\/#breadcrumb","itemListElement":[{"@type":"ListItem","position":1,"name":"Accueil","item":"https:\/\/guineediversite.com\/"},{"@type":"ListItem","position":2,"name":"Sommet de l\u2019UA : le discours du Professeur Alpha Cond\u00e9 cr\u00e9e des divergences au sein de l\u2019institution"}]},{"@type":"WebSite","@id":"https:\/\/guineediversite.com\/#website","url":"https:\/\/guineediversite.com\/","name":"Guin\u00e9e Diversit\u00e9","description":"L&#039;Info dans toute sa diversit\u00e9","publisher":{"@id":"https:\/\/guineediversite.com\/#organization"},"potentialAction":[{"@type":"SearchAction","target":{"@type":"EntryPoint","urlTemplate":"https:\/\/guineediversite.com\/?s={search_term_string}"},"query-input":{"@type":"PropertyValueSpecification","valueRequired":true,"valueName":"search_term_string"}}],"inLanguage":"fr-FR"},{"@type":"Organization","@id":"https:\/\/guineediversite.com\/#organization","name":"Guin\u00e9e Diversit\u00e9","url":"https:\/\/guineediversite.com\/","logo":{"@type":"ImageObject","inLanguage":"fr-FR","@id":"https:\/\/guineediversite.com\/#\/schema\/logo\/image\/","url":"https:\/\/guineediversite.com\/wp-content\/uploads\/2017\/04\/cropped-1jojlxEOMkX9Wyqfhe43D6kjPOGqBBKmx3EwWJqZ0cMrFF54yM49.png","contentUrl":"https:\/\/guineediversite.com\/wp-content\/uploads\/2017\/04\/cropped-1jojlxEOMkX9Wyqfhe43D6kjPOGqBBKmx3EwWJqZ0cMrFF54yM49.png","width":186,"height":112,"caption":"Guin\u00e9e Diversit\u00e9"},"image":{"@id":"https:\/\/guineediversite.com\/#\/schema\/logo\/image\/"},"sameAs":["https:\/\/www.facebook.com\/guineediversite\/","https:\/\/x.com\/GuineeDiversite","https:\/\/www.youtube.com\/channel\/UC8sUY16qelG5ge6_D5SB83g"]},{"@type":"Person","@id":"https:\/\/guineediversite.com\/#\/schema\/person\/afa08fb34e7fc6e1feafc892612bc836","name":"Guin\u00e9e Diversit\u00e9","image":{"@type":"ImageObject","inLanguage":"fr-FR","@id":"https:\/\/guineediversite.com\/#\/schema\/person\/image\/","url":"https:\/\/secure.gravatar.com\/avatar\/50d5eb5b390f8b65ac30ac6f898eb83a?s=96&d=mm&r=g","contentUrl":"https:\/\/secure.gravatar.com\/avatar\/50d5eb5b390f8b65ac30ac6f898eb83a?s=96&d=mm&r=g","caption":"Guin\u00e9e Diversit\u00e9"},"url":"https:\/\/guineediversite.com\/index.php\/author\/guineediversite\/"}]}},"_links":{"self":[{"href":"https:\/\/guineediversite.com\/index.php\/wp-json\/wp\/v2\/posts\/19754"}],"collection":[{"href":"https:\/\/guineediversite.com\/index.php\/wp-json\/wp\/v2\/posts"}],"about":[{"href":"https:\/\/guineediversite.com\/index.php\/wp-json\/wp\/v2\/types\/post"}],"author":[{"embeddable":true,"href":"https:\/\/guineediversite.com\/index.php\/wp-json\/wp\/v2\/users\/12"}],"replies":[{"embeddable":true,"href":"https:\/\/guineediversite.com\/index.php\/wp-json\/wp\/v2\/comments?post=19754"}],"version-history":[{"count":0,"href":"https:\/\/guineediversite.com\/index.php\/wp-json\/wp\/v2\/posts\/19754\/revisions"}],"wp:attachment":[{"href":"https:\/\/guineediversite.com\/index.php\/wp-json\/wp\/v2\/media?parent=19754"}],"wp:term":[{"taxonomy":"category","embeddable":true,"href":"https:\/\/guineediversite.com\/index.php\/wp-json\/wp\/v2\/categories?post=19754"},{"taxonomy":"post_tag","embeddable":true,"href":"https:\/\/guineediversite.com\/index.php\/wp-json\/wp\/v2\/tags?post=19754"}],"curies":[{"name":"wp","href":"https:\/\/api.w.org\/{rel}","templated":true}]}}