{"id":19750,"date":"2013-12-31T00:00:00","date_gmt":"2013-12-30T23:00:00","guid":{"rendered":"https:\/\/www.guineediversite.com\/index.php\/2013\/12\/31\/justice-le-nouveau-ministre-de-la-justice-decline-ses-priorites-pour-linstallation-dun-etat-de-droit-en-guinee\/"},"modified":"2013-12-31T00:00:00","modified_gmt":"2013-12-30T23:00:00","slug":"justice-le-nouveau-ministre-de-la-justice-decline-ses-priorites-pour-linstallation-dun-etat-de-droit-en-guinee","status":"publish","type":"post","link":"https:\/\/guineediversite.com\/index.php\/2013\/12\/31\/justice-le-nouveau-ministre-de-la-justice-decline-ses-priorites-pour-linstallation-dun-etat-de-droit-en-guinee\/","title":{"rendered":"Justice: Le nouveau Ministre de la justice d\u00e9cline ses priorit\u00e9s pour l\u2019installation d\u2019un Etat de droit en Guin\u00e9e"},"content":{"rendered":"<p>Le tout nouveau  ministre de la justice Maitre Seick Sacko apr\u00e8s sa prise de fonction le lundi dernier, d\u00e9cline ses priorit\u00e9s sur notre site. En premi\u00e8re position Maitre Seick Sacko compte s\u2019atteler au respect de l\u2019Etat de droit en guin\u00e9e. Il s\u2019engage d\u2019\u00e9viter de faire l\u2019ing\u00e9rence dans l\u2019appareil judiciaire de l\u2019Etat. En plus il d\u00e9clare que, bien juger est un art politique, au sens institutionnel qui doit \u00eatre fa\u00e7onn\u00e9 par les hommes et pour les citoyens. \u00ab Il faut r\u00e9habiliter la justice avec soi m\u00eame, pour r\u00e9concilier avec sa propre population \u00bb, a-t-il martel\u00e9.<br \/>\nDans sa feuille de route, Maitre Seick Sacko priorise la formation des magistrats, car il a enseign\u00e9 \u00e0 la facult\u00e9 de droit \u00e0 Montpellier. En effet, cette nouvelle nomination du ministre Sacko qui travaillait jusqu\u2019ici au Baro de Montpellier, nourrit quelques espoirs chez certains sp\u00e9cialistes de la justice, m\u00eame si d\u2019autre restent sceptiques. Pour Maitre Ibrahim Beavogui, le nouveau ministre inspire confiance aux professionnels de la justice, dans la mesure o\u00f9, il a d\u00e9clar\u00e9 que son cabinet n\u2019est pas une juridiction.<br \/>\n \u00ab Le ministre a pr\u00e9cis\u00e9 que, seuls les juges sont juges, il n\u2019intervient que, pour accompagner les juges dans leurs actions quotidiennes \u00bb, d\u00e9clare Maitre Ibrahima B\u00e9avogui. Pour Maitre Doura Cherif, les sp\u00e9cialistes de la justice ne pourront juger le ministre que dans les faits. \u00ab Vouloir reformer la justice guin\u00e9enne sans chercher \u00e0 la comprendre, c\u2019est une fa\u00e7on de soigner un malade sans le diagnostiquer. Et puis, on risque de se retrouver \u00e0 la case de d\u00e9part. Je reconnais cas m\u00eame que la justice guin\u00e9enne a plusieurs tares de nos jours mais, il faut la comprendre d\u2019abord avant de parler des reformes \u00bb, a-t-il rappel\u00e9.<br \/>\nDe son cot\u00e9 maitre Mory Doumbouya souligne que \u00ab les avocats sont des partenaires incontournables de la justice guin\u00e9enne. Nous allons \u0153uvrer aux cot\u00e9s des nouvelles autorit\u00e9s pour redorer les blasons de justice guin\u00e9enne \u00e0 l\u2019image des autres justices dans les pays Africains \u00bb.<br \/>\nPour rappel Maitre Seick Sacko \u00e2g\u00e9 de 60 ans, est p\u00e8re de deux enfants. Ce franco-guin\u00e9en sp\u00e9cialiste en droit public a pr\u00eat\u00e9 serment au Baro de Montpellier en 1992. Apr\u00e8s 37 ans en France, il pose sa valise dans le nouveau gouvernement Guin\u00e9en. Il ne reste plus qu\u2019au ministre de la justice de mettre son exp\u00e9rience et son carnet d\u2019adresse au service de sa nation<br \/>\n Thierno Abdoul Bald\u00e9 :<br \/>\n +224 657 385 876<\/p>\n","protected":false},"excerpt":{"rendered":"<p>Le tout nouveau ministre de la justice Maitre Seick Sacko apr\u00e8s sa prise de fonction le lundi dernier, d\u00e9cline ses priorit\u00e9s sur notre site. En premi\u00e8re position Maitre Seick Sacko compte s\u2019atteler au respect de l\u2019Etat de droit en guin\u00e9e. Il s\u2019engage d\u2019\u00e9viter de faire l\u2019ing\u00e9rence dans l\u2019appareil judiciaire de l\u2019Etat. En plus il d\u00e9clare [&hellip;]<\/p>\n","protected":false},"author":12,"featured_media":0,"comment_status":"open","ping_status":"open","sticky":false,"template":"","format":"standard","meta":{"_exactmetrics_skip_tracking":false,"_exactmetrics_sitenote_active":false,"_exactmetrics_sitenote_note":"","_exactmetrics_sitenote_category":0,"tdm_status":"","tdm_grid_status":"","footnotes":""},"categories":[28],"tags":[],"class_list":{"0":"post-19750","1":"post","2":"type-post","3":"status-publish","4":"format-standard","6":"category-archives"},"yoast_head":"<!-- This site is optimized with the Yoast SEO plugin v24.2 - https:\/\/yoast.com\/wordpress\/plugins\/seo\/ -->\n<title>Justice: Le nouveau Ministre de la justice d\u00e9cline ses priorit\u00e9s pour l\u2019installation d\u2019un Etat de droit en Guin\u00e9e | Guin\u00e9e Diversit\u00e9<\/title>\n<meta name=\"robots\" content=\"index, follow, max-snippet:-1, max-image-preview:large, max-video-preview:-1\" \/>\n<link rel=\"canonical\" href=\"https:\/\/guineediversite.com\/index.php\/2013\/12\/31\/justice-le-nouveau-ministre-de-la-justice-decline-ses-priorites-pour-linstallation-dun-etat-de-droit-en-guinee\/\" \/>\n<meta property=\"og:locale\" content=\"fr_FR\" \/>\n<meta property=\"og:type\" content=\"article\" \/>\n<meta property=\"og:title\" content=\"Justice: Le nouveau Ministre de la justice d\u00e9cline ses priorit\u00e9s pour l\u2019installation d\u2019un Etat de droit en Guin\u00e9e | Guin\u00e9e Diversit\u00e9\" \/>\n<meta property=\"og:description\" content=\"Le tout nouveau ministre de la justice Maitre Seick Sacko apr\u00e8s sa prise de fonction le lundi dernier, d\u00e9cline ses priorit\u00e9s sur notre site. En premi\u00e8re position Maitre Seick Sacko compte s\u2019atteler au respect de l\u2019Etat de droit en guin\u00e9e. Il s\u2019engage d\u2019\u00e9viter de faire l\u2019ing\u00e9rence dans l\u2019appareil judiciaire de l\u2019Etat. En plus il d\u00e9clare [&hellip;]\" \/>\n<meta property=\"og:url\" content=\"https:\/\/guineediversite.com\/index.php\/2013\/12\/31\/justice-le-nouveau-ministre-de-la-justice-decline-ses-priorites-pour-linstallation-dun-etat-de-droit-en-guinee\/\" \/>\n<meta property=\"og:site_name\" content=\"Guin\u00e9e Diversit\u00e9\" \/>\n<meta property=\"article:publisher\" content=\"https:\/\/www.facebook.com\/guineediversite\/\" \/>\n<meta property=\"article:published_time\" content=\"2013-12-30T23:00:00+00:00\" \/>\n<meta name=\"author\" content=\"Guin\u00e9e Diversit\u00e9\" \/>\n<meta name=\"twitter:card\" content=\"summary_large_image\" \/>\n<meta name=\"twitter:creator\" content=\"@GuineeDiversite\" \/>\n<meta name=\"twitter:site\" content=\"@GuineeDiversite\" \/>\n<meta name=\"twitter:label1\" content=\"\u00c9crit par\" \/>\n\t<meta name=\"twitter:data1\" content=\"Guin\u00e9e Diversit\u00e9\" \/>\n\t<meta name=\"twitter:label2\" content=\"Dur\u00e9e de lecture estim\u00e9e\" \/>\n\t<meta name=\"twitter:data2\" content=\"2 minutes\" \/>\n<script type=\"application\/ld+json\" class=\"yoast-schema-graph\">{\"@context\":\"https:\/\/schema.org\",\"@graph\":[{\"@type\":\"Article\",\"@id\":\"https:\/\/guineediversite.com\/index.php\/2013\/12\/31\/justice-le-nouveau-ministre-de-la-justice-decline-ses-priorites-pour-linstallation-dun-etat-de-droit-en-guinee\/#article\",\"isPartOf\":{\"@id\":\"https:\/\/guineediversite.com\/index.php\/2013\/12\/31\/justice-le-nouveau-ministre-de-la-justice-decline-ses-priorites-pour-linstallation-dun-etat-de-droit-en-guinee\/\"},\"author\":{\"name\":\"Guin\u00e9e Diversit\u00e9\",\"@id\":\"https:\/\/guineediversite.com\/#\/schema\/person\/afa08fb34e7fc6e1feafc892612bc836\"},\"headline\":\"Justice: Le nouveau Ministre de la justice d\u00e9cline ses priorit\u00e9s pour l\u2019installation d\u2019un Etat de droit en Guin\u00e9e\",\"datePublished\":\"2013-12-30T23:00:00+00:00\",\"dateModified\":\"2013-12-30T23:00:00+00:00\",\"mainEntityOfPage\":{\"@id\":\"https:\/\/guineediversite.com\/index.php\/2013\/12\/31\/justice-le-nouveau-ministre-de-la-justice-decline-ses-priorites-pour-linstallation-dun-etat-de-droit-en-guinee\/\"},\"wordCount\":450,\"commentCount\":0,\"publisher\":{\"@id\":\"https:\/\/guineediversite.com\/#organization\"},\"articleSection\":[\"Archives\"],\"inLanguage\":\"fr-FR\",\"potentialAction\":[{\"@type\":\"CommentAction\",\"name\":\"Comment\",\"target\":[\"https:\/\/guineediversite.com\/index.php\/2013\/12\/31\/justice-le-nouveau-ministre-de-la-justice-decline-ses-priorites-pour-linstallation-dun-etat-de-droit-en-guinee\/#respond\"]}]},{\"@type\":\"WebPage\",\"@id\":\"https:\/\/guineediversite.com\/index.php\/2013\/12\/31\/justice-le-nouveau-ministre-de-la-justice-decline-ses-priorites-pour-linstallation-dun-etat-de-droit-en-guinee\/\",\"url\":\"https:\/\/guineediversite.com\/index.php\/2013\/12\/31\/justice-le-nouveau-ministre-de-la-justice-decline-ses-priorites-pour-linstallation-dun-etat-de-droit-en-guinee\/\",\"name\":\"Justice: Le nouveau Ministre de la justice d\u00e9cline ses priorit\u00e9s pour l\u2019installation d\u2019un Etat de droit en Guin\u00e9e | Guin\u00e9e Diversit\u00e9\",\"isPartOf\":{\"@id\":\"https:\/\/guineediversite.com\/#website\"},\"datePublished\":\"2013-12-30T23:00:00+00:00\",\"dateModified\":\"2013-12-30T23:00:00+00:00\",\"breadcrumb\":{\"@id\":\"https:\/\/guineediversite.com\/index.php\/2013\/12\/31\/justice-le-nouveau-ministre-de-la-justice-decline-ses-priorites-pour-linstallation-dun-etat-de-droit-en-guinee\/#breadcrumb\"},\"inLanguage\":\"fr-FR\",\"potentialAction\":[{\"@type\":\"ReadAction\",\"target\":[\"https:\/\/guineediversite.com\/index.php\/2013\/12\/31\/justice-le-nouveau-ministre-de-la-justice-decline-ses-priorites-pour-linstallation-dun-etat-de-droit-en-guinee\/\"]}]},{\"@type\":\"BreadcrumbList\",\"@id\":\"https:\/\/guineediversite.com\/index.php\/2013\/12\/31\/justice-le-nouveau-ministre-de-la-justice-decline-ses-priorites-pour-linstallation-dun-etat-de-droit-en-guinee\/#breadcrumb\",\"itemListElement\":[{\"@type\":\"ListItem\",\"position\":1,\"name\":\"Accueil\",\"item\":\"https:\/\/guineediversite.com\/\"},{\"@type\":\"ListItem\",\"position\":2,\"name\":\"Justice: Le nouveau Ministre de la justice d\u00e9cline ses priorit\u00e9s pour l\u2019installation d\u2019un Etat de droit en Guin\u00e9e\"}]},{\"@type\":\"WebSite\",\"@id\":\"https:\/\/guineediversite.com\/#website\",\"url\":\"https:\/\/guineediversite.com\/\",\"name\":\"Guin\u00e9e Diversit\u00e9\",\"description\":\"L&#039;Info dans toute sa diversit\u00e9\",\"publisher\":{\"@id\":\"https:\/\/guineediversite.com\/#organization\"},\"potentialAction\":[{\"@type\":\"SearchAction\",\"target\":{\"@type\":\"EntryPoint\",\"urlTemplate\":\"https:\/\/guineediversite.com\/?s={search_term_string}\"},\"query-input\":{\"@type\":\"PropertyValueSpecification\",\"valueRequired\":true,\"valueName\":\"search_term_string\"}}],\"inLanguage\":\"fr-FR\"},{\"@type\":\"Organization\",\"@id\":\"https:\/\/guineediversite.com\/#organization\",\"name\":\"Guin\u00e9e Diversit\u00e9\",\"url\":\"https:\/\/guineediversite.com\/\",\"logo\":{\"@type\":\"ImageObject\",\"inLanguage\":\"fr-FR\",\"@id\":\"https:\/\/guineediversite.com\/#\/schema\/logo\/image\/\",\"url\":\"https:\/\/guineediversite.com\/wp-content\/uploads\/2017\/04\/cropped-1jojlxEOMkX9Wyqfhe43D6kjPOGqBBKmx3EwWJqZ0cMrFF54yM49.png\",\"contentUrl\":\"https:\/\/guineediversite.com\/wp-content\/uploads\/2017\/04\/cropped-1jojlxEOMkX9Wyqfhe43D6kjPOGqBBKmx3EwWJqZ0cMrFF54yM49.png\",\"width\":186,\"height\":112,\"caption\":\"Guin\u00e9e Diversit\u00e9\"},\"image\":{\"@id\":\"https:\/\/guineediversite.com\/#\/schema\/logo\/image\/\"},\"sameAs\":[\"https:\/\/www.facebook.com\/guineediversite\/\",\"https:\/\/x.com\/GuineeDiversite\",\"https:\/\/www.youtube.com\/channel\/UC8sUY16qelG5ge6_D5SB83g\"]},{\"@type\":\"Person\",\"@id\":\"https:\/\/guineediversite.com\/#\/schema\/person\/afa08fb34e7fc6e1feafc892612bc836\",\"name\":\"Guin\u00e9e Diversit\u00e9\",\"image\":{\"@type\":\"ImageObject\",\"inLanguage\":\"fr-FR\",\"@id\":\"https:\/\/guineediversite.com\/#\/schema\/person\/image\/\",\"url\":\"https:\/\/secure.gravatar.com\/avatar\/50d5eb5b390f8b65ac30ac6f898eb83a?s=96&d=mm&r=g\",\"contentUrl\":\"https:\/\/secure.gravatar.com\/avatar\/50d5eb5b390f8b65ac30ac6f898eb83a?s=96&d=mm&r=g\",\"caption\":\"Guin\u00e9e Diversit\u00e9\"},\"url\":\"https:\/\/guineediversite.com\/index.php\/author\/guineediversite\/\"}]}<\/script>\n<!-- \/ Yoast SEO plugin. -->","yoast_head_json":{"title":"Justice: Le nouveau Ministre de la justice d\u00e9cline ses priorit\u00e9s pour l\u2019installation d\u2019un Etat de droit en Guin\u00e9e | Guin\u00e9e Diversit\u00e9","robots":{"index":"index","follow":"follow","max-snippet":"max-snippet:-1","max-image-preview":"max-image-preview:large","max-video-preview":"max-video-preview:-1"},"canonical":"https:\/\/guineediversite.com\/index.php\/2013\/12\/31\/justice-le-nouveau-ministre-de-la-justice-decline-ses-priorites-pour-linstallation-dun-etat-de-droit-en-guinee\/","og_locale":"fr_FR","og_type":"article","og_title":"Justice: Le nouveau Ministre de la justice d\u00e9cline ses priorit\u00e9s pour l\u2019installation d\u2019un Etat de droit en Guin\u00e9e | Guin\u00e9e Diversit\u00e9","og_description":"Le tout nouveau ministre de la justice Maitre Seick Sacko apr\u00e8s sa prise de fonction le lundi dernier, d\u00e9cline ses priorit\u00e9s sur notre site. En premi\u00e8re position Maitre Seick Sacko compte s\u2019atteler au respect de l\u2019Etat de droit en guin\u00e9e. Il s\u2019engage d\u2019\u00e9viter de faire l\u2019ing\u00e9rence dans l\u2019appareil judiciaire de l\u2019Etat. En plus il d\u00e9clare [&hellip;]","og_url":"https:\/\/guineediversite.com\/index.php\/2013\/12\/31\/justice-le-nouveau-ministre-de-la-justice-decline-ses-priorites-pour-linstallation-dun-etat-de-droit-en-guinee\/","og_site_name":"Guin\u00e9e Diversit\u00e9","article_publisher":"https:\/\/www.facebook.com\/guineediversite\/","article_published_time":"2013-12-30T23:00:00+00:00","author":"Guin\u00e9e Diversit\u00e9","twitter_card":"summary_large_image","twitter_creator":"@GuineeDiversite","twitter_site":"@GuineeDiversite","twitter_misc":{"\u00c9crit par":"Guin\u00e9e Diversit\u00e9","Dur\u00e9e de lecture estim\u00e9e":"2 minutes"},"schema":{"@context":"https:\/\/schema.org","@graph":[{"@type":"Article","@id":"https:\/\/guineediversite.com\/index.php\/2013\/12\/31\/justice-le-nouveau-ministre-de-la-justice-decline-ses-priorites-pour-linstallation-dun-etat-de-droit-en-guinee\/#article","isPartOf":{"@id":"https:\/\/guineediversite.com\/index.php\/2013\/12\/31\/justice-le-nouveau-ministre-de-la-justice-decline-ses-priorites-pour-linstallation-dun-etat-de-droit-en-guinee\/"},"author":{"name":"Guin\u00e9e Diversit\u00e9","@id":"https:\/\/guineediversite.com\/#\/schema\/person\/afa08fb34e7fc6e1feafc892612bc836"},"headline":"Justice: Le nouveau Ministre de la justice d\u00e9cline ses priorit\u00e9s pour l\u2019installation d\u2019un Etat de droit en Guin\u00e9e","datePublished":"2013-12-30T23:00:00+00:00","dateModified":"2013-12-30T23:00:00+00:00","mainEntityOfPage":{"@id":"https:\/\/guineediversite.com\/index.php\/2013\/12\/31\/justice-le-nouveau-ministre-de-la-justice-decline-ses-priorites-pour-linstallation-dun-etat-de-droit-en-guinee\/"},"wordCount":450,"commentCount":0,"publisher":{"@id":"https:\/\/guineediversite.com\/#organization"},"articleSection":["Archives"],"inLanguage":"fr-FR","potentialAction":[{"@type":"CommentAction","name":"Comment","target":["https:\/\/guineediversite.com\/index.php\/2013\/12\/31\/justice-le-nouveau-ministre-de-la-justice-decline-ses-priorites-pour-linstallation-dun-etat-de-droit-en-guinee\/#respond"]}]},{"@type":"WebPage","@id":"https:\/\/guineediversite.com\/index.php\/2013\/12\/31\/justice-le-nouveau-ministre-de-la-justice-decline-ses-priorites-pour-linstallation-dun-etat-de-droit-en-guinee\/","url":"https:\/\/guineediversite.com\/index.php\/2013\/12\/31\/justice-le-nouveau-ministre-de-la-justice-decline-ses-priorites-pour-linstallation-dun-etat-de-droit-en-guinee\/","name":"Justice: Le nouveau Ministre de la justice d\u00e9cline ses priorit\u00e9s pour l\u2019installation d\u2019un Etat de droit en Guin\u00e9e | Guin\u00e9e Diversit\u00e9","isPartOf":{"@id":"https:\/\/guineediversite.com\/#website"},"datePublished":"2013-12-30T23:00:00+00:00","dateModified":"2013-12-30T23:00:00+00:00","breadcrumb":{"@id":"https:\/\/guineediversite.com\/index.php\/2013\/12\/31\/justice-le-nouveau-ministre-de-la-justice-decline-ses-priorites-pour-linstallation-dun-etat-de-droit-en-guinee\/#breadcrumb"},"inLanguage":"fr-FR","potentialAction":[{"@type":"ReadAction","target":["https:\/\/guineediversite.com\/index.php\/2013\/12\/31\/justice-le-nouveau-ministre-de-la-justice-decline-ses-priorites-pour-linstallation-dun-etat-de-droit-en-guinee\/"]}]},{"@type":"BreadcrumbList","@id":"https:\/\/guineediversite.com\/index.php\/2013\/12\/31\/justice-le-nouveau-ministre-de-la-justice-decline-ses-priorites-pour-linstallation-dun-etat-de-droit-en-guinee\/#breadcrumb","itemListElement":[{"@type":"ListItem","position":1,"name":"Accueil","item":"https:\/\/guineediversite.com\/"},{"@type":"ListItem","position":2,"name":"Justice: Le nouveau Ministre de la justice d\u00e9cline ses priorit\u00e9s pour l\u2019installation d\u2019un Etat de droit en Guin\u00e9e"}]},{"@type":"WebSite","@id":"https:\/\/guineediversite.com\/#website","url":"https:\/\/guineediversite.com\/","name":"Guin\u00e9e Diversit\u00e9","description":"L&#039;Info dans toute sa diversit\u00e9","publisher":{"@id":"https:\/\/guineediversite.com\/#organization"},"potentialAction":[{"@type":"SearchAction","target":{"@type":"EntryPoint","urlTemplate":"https:\/\/guineediversite.com\/?s={search_term_string}"},"query-input":{"@type":"PropertyValueSpecification","valueRequired":true,"valueName":"search_term_string"}}],"inLanguage":"fr-FR"},{"@type":"Organization","@id":"https:\/\/guineediversite.com\/#organization","name":"Guin\u00e9e Diversit\u00e9","url":"https:\/\/guineediversite.com\/","logo":{"@type":"ImageObject","inLanguage":"fr-FR","@id":"https:\/\/guineediversite.com\/#\/schema\/logo\/image\/","url":"https:\/\/guineediversite.com\/wp-content\/uploads\/2017\/04\/cropped-1jojlxEOMkX9Wyqfhe43D6kjPOGqBBKmx3EwWJqZ0cMrFF54yM49.png","contentUrl":"https:\/\/guineediversite.com\/wp-content\/uploads\/2017\/04\/cropped-1jojlxEOMkX9Wyqfhe43D6kjPOGqBBKmx3EwWJqZ0cMrFF54yM49.png","width":186,"height":112,"caption":"Guin\u00e9e Diversit\u00e9"},"image":{"@id":"https:\/\/guineediversite.com\/#\/schema\/logo\/image\/"},"sameAs":["https:\/\/www.facebook.com\/guineediversite\/","https:\/\/x.com\/GuineeDiversite","https:\/\/www.youtube.com\/channel\/UC8sUY16qelG5ge6_D5SB83g"]},{"@type":"Person","@id":"https:\/\/guineediversite.com\/#\/schema\/person\/afa08fb34e7fc6e1feafc892612bc836","name":"Guin\u00e9e Diversit\u00e9","image":{"@type":"ImageObject","inLanguage":"fr-FR","@id":"https:\/\/guineediversite.com\/#\/schema\/person\/image\/","url":"https:\/\/secure.gravatar.com\/avatar\/50d5eb5b390f8b65ac30ac6f898eb83a?s=96&d=mm&r=g","contentUrl":"https:\/\/secure.gravatar.com\/avatar\/50d5eb5b390f8b65ac30ac6f898eb83a?s=96&d=mm&r=g","caption":"Guin\u00e9e Diversit\u00e9"},"url":"https:\/\/guineediversite.com\/index.php\/author\/guineediversite\/"}]}},"_links":{"self":[{"href":"https:\/\/guineediversite.com\/index.php\/wp-json\/wp\/v2\/posts\/19750"}],"collection":[{"href":"https:\/\/guineediversite.com\/index.php\/wp-json\/wp\/v2\/posts"}],"about":[{"href":"https:\/\/guineediversite.com\/index.php\/wp-json\/wp\/v2\/types\/post"}],"author":[{"embeddable":true,"href":"https:\/\/guineediversite.com\/index.php\/wp-json\/wp\/v2\/users\/12"}],"replies":[{"embeddable":true,"href":"https:\/\/guineediversite.com\/index.php\/wp-json\/wp\/v2\/comments?post=19750"}],"version-history":[{"count":0,"href":"https:\/\/guineediversite.com\/index.php\/wp-json\/wp\/v2\/posts\/19750\/revisions"}],"wp:attachment":[{"href":"https:\/\/guineediversite.com\/index.php\/wp-json\/wp\/v2\/media?parent=19750"}],"wp:term":[{"taxonomy":"category","embeddable":true,"href":"https:\/\/guineediversite.com\/index.php\/wp-json\/wp\/v2\/categories?post=19750"},{"taxonomy":"post_tag","embeddable":true,"href":"https:\/\/guineediversite.com\/index.php\/wp-json\/wp\/v2\/tags?post=19750"}],"curies":[{"name":"wp","href":"https:\/\/api.w.org\/{rel}","templated":true}]}}