{"id":19741,"date":"2013-12-31T00:00:00","date_gmt":"2013-12-30T23:00:00","guid":{"rendered":"https:\/\/www.guineediversite.com\/index.php\/2013\/12\/31\/gouvernement-said-fofana-acte-2-les-dessous-du-decret-du-professeur-alpha-conde\/"},"modified":"2013-12-31T00:00:00","modified_gmt":"2013-12-30T23:00:00","slug":"gouvernement-said-fofana-acte-2-les-dessous-du-decret-du-professeur-alpha-conde","status":"publish","type":"post","link":"https:\/\/guineediversite.com\/index.php\/2013\/12\/31\/gouvernement-said-fofana-acte-2-les-dessous-du-decret-du-professeur-alpha-conde\/","title":{"rendered":"Gouvernement Sa\u00efd Fofana acte 2 : les dessous du d\u00e9cret du Professeur Alpha Cond\u00e9"},"content":{"rendered":"<p>Une semaine apr\u00e8s la nomination du nouveau gouvernement dit de \u00ab mission \u00bb, nous avons eu quelques informations sur les dessous du d\u00e9cret du pr\u00e9sident Alpha Cond\u00e9.  Selon notre source tr\u00e8s proche de S\u00e9koutour\u00e9ya, dans la journ\u00e9e de 18 janvier 2014, le pr\u00e9sident Alpha Cond\u00e9 a pass\u00e9 plus de 6h de temps entrain de pr\u00e9parer le d\u00e9cret avec Ibrahima Kasory Fofana pr\u00e9sident du parti Guin\u00e9e pour tous. Le nombre des ministres remercier \u00e9tait plus grand que celui qui a \u00e9t\u00e9 pr\u00e9sent\u00e9 le soir sur la t\u00e9l\u00e9vision d\u2019Etat. Quatre ministres de l\u2019ancienne \u00e9quipe de Mohamed Said Fofana s\u2019ajoutaient parmi les ministres sortants. Il s\u2019agit de  Koutoub Moustapha Sano de la coop\u00e9ration internationale, Bantama Sow de la jeunesse, Ibrahima Kourouma de l\u2019enseignement et Ahmed Tidiane Ciss\u00e9 de la culture qui devaient tous partir. A 16h, le d\u00e9cret a quitt\u00e9 le Palais Sekoutoureyah, destination la Primature, juste pour une question de formalit\u00e9 avant sa publication. Arriv\u00e9 dans le bureau du premier ministre,  Mohamed Sa\u00efd Fofana a constat\u00e9 l\u2019absence des noms de ces quatre ministres.  Le Chef du gouvernement fort de son mentor de fils de la basse cote, a sur le champ,  ray\u00e9 les noms des personnes  qui devaient remplacer les quatre autres cit\u00e9s ci-dessus.<br \/>\nSelon notre source,  Tidiane Soumah  de la structure Tidiane World Music par exemple devait remplacer Ahmed  Tidiane Ciss\u00e9 au d\u00e9partement de la culture. Ironie du sort Tidiane Soumah suivait le d\u00e9cret avec le fils du pr\u00e9sident Mohamed Cond\u00e9 dans son salon, quand il a constat\u00e9 que son nom ne figurait plus parmi les membres du gouvernement. Et pourtant, il \u00e9tait inform\u00e9 \u00e0 l\u2019avance d\u2019appartenir \u00e0 la nouvelle \u00e9quipe gouvernementale. Apr\u00e8s la lecture donc du d\u00e9cret par Nabilaye Youssouf Kiridi Bangoura, avec parfois m\u00eame des t\u00e2tonnements, Tidiane et son ami  \u00e9taient tous surpris du d\u00e9cret et le changement des noms \u00e0 la derni\u00e8re minute. Au niveau de la pr\u00e9sidence, c\u2019\u00e9tait la m\u00eame interrogation et  la m\u00eame  surprise,  indique notre source.  D\u2019ailleurs, nous apprenons que le Premier ministre lui-m\u00eame aurait fait des d\u00e9marches au pr\u00e8s des  sages, des imams  et certains pays arabes pour qu\u2019il soit reconduit \u00e0 son poste de Chef de gouvernement.<br \/>\nThierno  Abdoul Bald\u00e9 :<br \/>\n+224 657 385 876<\/p>\n","protected":false},"excerpt":{"rendered":"<p>Une semaine apr\u00e8s la nomination du nouveau gouvernement dit de \u00ab mission \u00bb, nous avons eu quelques informations sur les dessous du d\u00e9cret du pr\u00e9sident Alpha Cond\u00e9. Selon notre source tr\u00e8s proche de S\u00e9koutour\u00e9ya, dans la journ\u00e9e de 18 janvier 2014, le pr\u00e9sident Alpha Cond\u00e9 a pass\u00e9 plus de 6h de temps entrain de pr\u00e9parer [&hellip;]<\/p>\n","protected":false},"author":12,"featured_media":0,"comment_status":"open","ping_status":"open","sticky":false,"template":"","format":"standard","meta":{"_exactmetrics_skip_tracking":false,"_exactmetrics_sitenote_active":false,"_exactmetrics_sitenote_note":"","_exactmetrics_sitenote_category":0,"tdm_status":"","tdm_grid_status":"","footnotes":""},"categories":[28],"tags":[],"class_list":{"0":"post-19741","1":"post","2":"type-post","3":"status-publish","4":"format-standard","6":"category-archives"},"yoast_head":"<!-- This site is optimized with the Yoast SEO plugin v24.2 - https:\/\/yoast.com\/wordpress\/plugins\/seo\/ -->\n<title>Gouvernement Sa\u00efd Fofana acte 2 : les dessous du d\u00e9cret du Professeur Alpha Cond\u00e9 | Guin\u00e9e Diversit\u00e9<\/title>\n<meta name=\"robots\" content=\"index, follow, max-snippet:-1, max-image-preview:large, max-video-preview:-1\" \/>\n<link rel=\"canonical\" href=\"https:\/\/guineediversite.com\/index.php\/2013\/12\/31\/gouvernement-said-fofana-acte-2-les-dessous-du-decret-du-professeur-alpha-conde\/\" \/>\n<meta property=\"og:locale\" content=\"fr_FR\" \/>\n<meta property=\"og:type\" content=\"article\" \/>\n<meta property=\"og:title\" content=\"Gouvernement Sa\u00efd Fofana acte 2 : les dessous du d\u00e9cret du Professeur Alpha Cond\u00e9 | Guin\u00e9e Diversit\u00e9\" \/>\n<meta property=\"og:description\" content=\"Une semaine apr\u00e8s la nomination du nouveau gouvernement dit de \u00ab mission \u00bb, nous avons eu quelques informations sur les dessous du d\u00e9cret du pr\u00e9sident Alpha Cond\u00e9. Selon notre source tr\u00e8s proche de S\u00e9koutour\u00e9ya, dans la journ\u00e9e de 18 janvier 2014, le pr\u00e9sident Alpha Cond\u00e9 a pass\u00e9 plus de 6h de temps entrain de pr\u00e9parer [&hellip;]\" \/>\n<meta property=\"og:url\" content=\"https:\/\/guineediversite.com\/index.php\/2013\/12\/31\/gouvernement-said-fofana-acte-2-les-dessous-du-decret-du-professeur-alpha-conde\/\" \/>\n<meta property=\"og:site_name\" content=\"Guin\u00e9e Diversit\u00e9\" \/>\n<meta property=\"article:publisher\" content=\"https:\/\/www.facebook.com\/guineediversite\/\" \/>\n<meta property=\"article:published_time\" content=\"2013-12-30T23:00:00+00:00\" \/>\n<meta name=\"author\" content=\"Guin\u00e9e Diversit\u00e9\" \/>\n<meta name=\"twitter:card\" content=\"summary_large_image\" \/>\n<meta name=\"twitter:creator\" content=\"@GuineeDiversite\" \/>\n<meta name=\"twitter:site\" content=\"@GuineeDiversite\" \/>\n<meta name=\"twitter:label1\" content=\"\u00c9crit par\" \/>\n\t<meta name=\"twitter:data1\" content=\"Guin\u00e9e Diversit\u00e9\" \/>\n\t<meta name=\"twitter:label2\" content=\"Dur\u00e9e de lecture estim\u00e9e\" \/>\n\t<meta name=\"twitter:data2\" content=\"2 minutes\" \/>\n<script type=\"application\/ld+json\" class=\"yoast-schema-graph\">{\"@context\":\"https:\/\/schema.org\",\"@graph\":[{\"@type\":\"Article\",\"@id\":\"https:\/\/guineediversite.com\/index.php\/2013\/12\/31\/gouvernement-said-fofana-acte-2-les-dessous-du-decret-du-professeur-alpha-conde\/#article\",\"isPartOf\":{\"@id\":\"https:\/\/guineediversite.com\/index.php\/2013\/12\/31\/gouvernement-said-fofana-acte-2-les-dessous-du-decret-du-professeur-alpha-conde\/\"},\"author\":{\"name\":\"Guin\u00e9e Diversit\u00e9\",\"@id\":\"https:\/\/guineediversite.com\/#\/schema\/person\/afa08fb34e7fc6e1feafc892612bc836\"},\"headline\":\"Gouvernement Sa\u00efd Fofana acte 2 : les dessous du d\u00e9cret du Professeur Alpha Cond\u00e9\",\"datePublished\":\"2013-12-30T23:00:00+00:00\",\"dateModified\":\"2013-12-30T23:00:00+00:00\",\"mainEntityOfPage\":{\"@id\":\"https:\/\/guineediversite.com\/index.php\/2013\/12\/31\/gouvernement-said-fofana-acte-2-les-dessous-du-decret-du-professeur-alpha-conde\/\"},\"wordCount\":408,\"commentCount\":0,\"publisher\":{\"@id\":\"https:\/\/guineediversite.com\/#organization\"},\"articleSection\":[\"Archives\"],\"inLanguage\":\"fr-FR\",\"potentialAction\":[{\"@type\":\"CommentAction\",\"name\":\"Comment\",\"target\":[\"https:\/\/guineediversite.com\/index.php\/2013\/12\/31\/gouvernement-said-fofana-acte-2-les-dessous-du-decret-du-professeur-alpha-conde\/#respond\"]}]},{\"@type\":\"WebPage\",\"@id\":\"https:\/\/guineediversite.com\/index.php\/2013\/12\/31\/gouvernement-said-fofana-acte-2-les-dessous-du-decret-du-professeur-alpha-conde\/\",\"url\":\"https:\/\/guineediversite.com\/index.php\/2013\/12\/31\/gouvernement-said-fofana-acte-2-les-dessous-du-decret-du-professeur-alpha-conde\/\",\"name\":\"Gouvernement Sa\u00efd Fofana acte 2 : les dessous du d\u00e9cret du Professeur Alpha Cond\u00e9 | Guin\u00e9e Diversit\u00e9\",\"isPartOf\":{\"@id\":\"https:\/\/guineediversite.com\/#website\"},\"datePublished\":\"2013-12-30T23:00:00+00:00\",\"dateModified\":\"2013-12-30T23:00:00+00:00\",\"breadcrumb\":{\"@id\":\"https:\/\/guineediversite.com\/index.php\/2013\/12\/31\/gouvernement-said-fofana-acte-2-les-dessous-du-decret-du-professeur-alpha-conde\/#breadcrumb\"},\"inLanguage\":\"fr-FR\",\"potentialAction\":[{\"@type\":\"ReadAction\",\"target\":[\"https:\/\/guineediversite.com\/index.php\/2013\/12\/31\/gouvernement-said-fofana-acte-2-les-dessous-du-decret-du-professeur-alpha-conde\/\"]}]},{\"@type\":\"BreadcrumbList\",\"@id\":\"https:\/\/guineediversite.com\/index.php\/2013\/12\/31\/gouvernement-said-fofana-acte-2-les-dessous-du-decret-du-professeur-alpha-conde\/#breadcrumb\",\"itemListElement\":[{\"@type\":\"ListItem\",\"position\":1,\"name\":\"Accueil\",\"item\":\"https:\/\/guineediversite.com\/\"},{\"@type\":\"ListItem\",\"position\":2,\"name\":\"Gouvernement Sa\u00efd Fofana acte 2 : les dessous du d\u00e9cret du Professeur Alpha Cond\u00e9\"}]},{\"@type\":\"WebSite\",\"@id\":\"https:\/\/guineediversite.com\/#website\",\"url\":\"https:\/\/guineediversite.com\/\",\"name\":\"Guin\u00e9e Diversit\u00e9\",\"description\":\"L&#039;Info dans toute sa diversit\u00e9\",\"publisher\":{\"@id\":\"https:\/\/guineediversite.com\/#organization\"},\"potentialAction\":[{\"@type\":\"SearchAction\",\"target\":{\"@type\":\"EntryPoint\",\"urlTemplate\":\"https:\/\/guineediversite.com\/?s={search_term_string}\"},\"query-input\":{\"@type\":\"PropertyValueSpecification\",\"valueRequired\":true,\"valueName\":\"search_term_string\"}}],\"inLanguage\":\"fr-FR\"},{\"@type\":\"Organization\",\"@id\":\"https:\/\/guineediversite.com\/#organization\",\"name\":\"Guin\u00e9e Diversit\u00e9\",\"url\":\"https:\/\/guineediversite.com\/\",\"logo\":{\"@type\":\"ImageObject\",\"inLanguage\":\"fr-FR\",\"@id\":\"https:\/\/guineediversite.com\/#\/schema\/logo\/image\/\",\"url\":\"https:\/\/guineediversite.com\/wp-content\/uploads\/2017\/04\/cropped-1jojlxEOMkX9Wyqfhe43D6kjPOGqBBKmx3EwWJqZ0cMrFF54yM49.png\",\"contentUrl\":\"https:\/\/guineediversite.com\/wp-content\/uploads\/2017\/04\/cropped-1jojlxEOMkX9Wyqfhe43D6kjPOGqBBKmx3EwWJqZ0cMrFF54yM49.png\",\"width\":186,\"height\":112,\"caption\":\"Guin\u00e9e Diversit\u00e9\"},\"image\":{\"@id\":\"https:\/\/guineediversite.com\/#\/schema\/logo\/image\/\"},\"sameAs\":[\"https:\/\/www.facebook.com\/guineediversite\/\",\"https:\/\/x.com\/GuineeDiversite\",\"https:\/\/www.youtube.com\/channel\/UC8sUY16qelG5ge6_D5SB83g\"]},{\"@type\":\"Person\",\"@id\":\"https:\/\/guineediversite.com\/#\/schema\/person\/afa08fb34e7fc6e1feafc892612bc836\",\"name\":\"Guin\u00e9e Diversit\u00e9\",\"image\":{\"@type\":\"ImageObject\",\"inLanguage\":\"fr-FR\",\"@id\":\"https:\/\/guineediversite.com\/#\/schema\/person\/image\/\",\"url\":\"https:\/\/secure.gravatar.com\/avatar\/50d5eb5b390f8b65ac30ac6f898eb83a?s=96&d=mm&r=g\",\"contentUrl\":\"https:\/\/secure.gravatar.com\/avatar\/50d5eb5b390f8b65ac30ac6f898eb83a?s=96&d=mm&r=g\",\"caption\":\"Guin\u00e9e Diversit\u00e9\"},\"url\":\"https:\/\/guineediversite.com\/index.php\/author\/guineediversite\/\"}]}<\/script>\n<!-- \/ Yoast SEO plugin. -->","yoast_head_json":{"title":"Gouvernement Sa\u00efd Fofana acte 2 : les dessous du d\u00e9cret du Professeur Alpha Cond\u00e9 | Guin\u00e9e Diversit\u00e9","robots":{"index":"index","follow":"follow","max-snippet":"max-snippet:-1","max-image-preview":"max-image-preview:large","max-video-preview":"max-video-preview:-1"},"canonical":"https:\/\/guineediversite.com\/index.php\/2013\/12\/31\/gouvernement-said-fofana-acte-2-les-dessous-du-decret-du-professeur-alpha-conde\/","og_locale":"fr_FR","og_type":"article","og_title":"Gouvernement Sa\u00efd Fofana acte 2 : les dessous du d\u00e9cret du Professeur Alpha Cond\u00e9 | Guin\u00e9e Diversit\u00e9","og_description":"Une semaine apr\u00e8s la nomination du nouveau gouvernement dit de \u00ab mission \u00bb, nous avons eu quelques informations sur les dessous du d\u00e9cret du pr\u00e9sident Alpha Cond\u00e9. Selon notre source tr\u00e8s proche de S\u00e9koutour\u00e9ya, dans la journ\u00e9e de 18 janvier 2014, le pr\u00e9sident Alpha Cond\u00e9 a pass\u00e9 plus de 6h de temps entrain de pr\u00e9parer [&hellip;]","og_url":"https:\/\/guineediversite.com\/index.php\/2013\/12\/31\/gouvernement-said-fofana-acte-2-les-dessous-du-decret-du-professeur-alpha-conde\/","og_site_name":"Guin\u00e9e Diversit\u00e9","article_publisher":"https:\/\/www.facebook.com\/guineediversite\/","article_published_time":"2013-12-30T23:00:00+00:00","author":"Guin\u00e9e Diversit\u00e9","twitter_card":"summary_large_image","twitter_creator":"@GuineeDiversite","twitter_site":"@GuineeDiversite","twitter_misc":{"\u00c9crit par":"Guin\u00e9e Diversit\u00e9","Dur\u00e9e de lecture estim\u00e9e":"2 minutes"},"schema":{"@context":"https:\/\/schema.org","@graph":[{"@type":"Article","@id":"https:\/\/guineediversite.com\/index.php\/2013\/12\/31\/gouvernement-said-fofana-acte-2-les-dessous-du-decret-du-professeur-alpha-conde\/#article","isPartOf":{"@id":"https:\/\/guineediversite.com\/index.php\/2013\/12\/31\/gouvernement-said-fofana-acte-2-les-dessous-du-decret-du-professeur-alpha-conde\/"},"author":{"name":"Guin\u00e9e Diversit\u00e9","@id":"https:\/\/guineediversite.com\/#\/schema\/person\/afa08fb34e7fc6e1feafc892612bc836"},"headline":"Gouvernement Sa\u00efd Fofana acte 2 : les dessous du d\u00e9cret du Professeur Alpha Cond\u00e9","datePublished":"2013-12-30T23:00:00+00:00","dateModified":"2013-12-30T23:00:00+00:00","mainEntityOfPage":{"@id":"https:\/\/guineediversite.com\/index.php\/2013\/12\/31\/gouvernement-said-fofana-acte-2-les-dessous-du-decret-du-professeur-alpha-conde\/"},"wordCount":408,"commentCount":0,"publisher":{"@id":"https:\/\/guineediversite.com\/#organization"},"articleSection":["Archives"],"inLanguage":"fr-FR","potentialAction":[{"@type":"CommentAction","name":"Comment","target":["https:\/\/guineediversite.com\/index.php\/2013\/12\/31\/gouvernement-said-fofana-acte-2-les-dessous-du-decret-du-professeur-alpha-conde\/#respond"]}]},{"@type":"WebPage","@id":"https:\/\/guineediversite.com\/index.php\/2013\/12\/31\/gouvernement-said-fofana-acte-2-les-dessous-du-decret-du-professeur-alpha-conde\/","url":"https:\/\/guineediversite.com\/index.php\/2013\/12\/31\/gouvernement-said-fofana-acte-2-les-dessous-du-decret-du-professeur-alpha-conde\/","name":"Gouvernement Sa\u00efd Fofana acte 2 : les dessous du d\u00e9cret du Professeur Alpha Cond\u00e9 | Guin\u00e9e Diversit\u00e9","isPartOf":{"@id":"https:\/\/guineediversite.com\/#website"},"datePublished":"2013-12-30T23:00:00+00:00","dateModified":"2013-12-30T23:00:00+00:00","breadcrumb":{"@id":"https:\/\/guineediversite.com\/index.php\/2013\/12\/31\/gouvernement-said-fofana-acte-2-les-dessous-du-decret-du-professeur-alpha-conde\/#breadcrumb"},"inLanguage":"fr-FR","potentialAction":[{"@type":"ReadAction","target":["https:\/\/guineediversite.com\/index.php\/2013\/12\/31\/gouvernement-said-fofana-acte-2-les-dessous-du-decret-du-professeur-alpha-conde\/"]}]},{"@type":"BreadcrumbList","@id":"https:\/\/guineediversite.com\/index.php\/2013\/12\/31\/gouvernement-said-fofana-acte-2-les-dessous-du-decret-du-professeur-alpha-conde\/#breadcrumb","itemListElement":[{"@type":"ListItem","position":1,"name":"Accueil","item":"https:\/\/guineediversite.com\/"},{"@type":"ListItem","position":2,"name":"Gouvernement Sa\u00efd Fofana acte 2 : les dessous du d\u00e9cret du Professeur Alpha Cond\u00e9"}]},{"@type":"WebSite","@id":"https:\/\/guineediversite.com\/#website","url":"https:\/\/guineediversite.com\/","name":"Guin\u00e9e Diversit\u00e9","description":"L&#039;Info dans toute sa diversit\u00e9","publisher":{"@id":"https:\/\/guineediversite.com\/#organization"},"potentialAction":[{"@type":"SearchAction","target":{"@type":"EntryPoint","urlTemplate":"https:\/\/guineediversite.com\/?s={search_term_string}"},"query-input":{"@type":"PropertyValueSpecification","valueRequired":true,"valueName":"search_term_string"}}],"inLanguage":"fr-FR"},{"@type":"Organization","@id":"https:\/\/guineediversite.com\/#organization","name":"Guin\u00e9e Diversit\u00e9","url":"https:\/\/guineediversite.com\/","logo":{"@type":"ImageObject","inLanguage":"fr-FR","@id":"https:\/\/guineediversite.com\/#\/schema\/logo\/image\/","url":"https:\/\/guineediversite.com\/wp-content\/uploads\/2017\/04\/cropped-1jojlxEOMkX9Wyqfhe43D6kjPOGqBBKmx3EwWJqZ0cMrFF54yM49.png","contentUrl":"https:\/\/guineediversite.com\/wp-content\/uploads\/2017\/04\/cropped-1jojlxEOMkX9Wyqfhe43D6kjPOGqBBKmx3EwWJqZ0cMrFF54yM49.png","width":186,"height":112,"caption":"Guin\u00e9e Diversit\u00e9"},"image":{"@id":"https:\/\/guineediversite.com\/#\/schema\/logo\/image\/"},"sameAs":["https:\/\/www.facebook.com\/guineediversite\/","https:\/\/x.com\/GuineeDiversite","https:\/\/www.youtube.com\/channel\/UC8sUY16qelG5ge6_D5SB83g"]},{"@type":"Person","@id":"https:\/\/guineediversite.com\/#\/schema\/person\/afa08fb34e7fc6e1feafc892612bc836","name":"Guin\u00e9e Diversit\u00e9","image":{"@type":"ImageObject","inLanguage":"fr-FR","@id":"https:\/\/guineediversite.com\/#\/schema\/person\/image\/","url":"https:\/\/secure.gravatar.com\/avatar\/50d5eb5b390f8b65ac30ac6f898eb83a?s=96&d=mm&r=g","contentUrl":"https:\/\/secure.gravatar.com\/avatar\/50d5eb5b390f8b65ac30ac6f898eb83a?s=96&d=mm&r=g","caption":"Guin\u00e9e Diversit\u00e9"},"url":"https:\/\/guineediversite.com\/index.php\/author\/guineediversite\/"}]}},"_links":{"self":[{"href":"https:\/\/guineediversite.com\/index.php\/wp-json\/wp\/v2\/posts\/19741"}],"collection":[{"href":"https:\/\/guineediversite.com\/index.php\/wp-json\/wp\/v2\/posts"}],"about":[{"href":"https:\/\/guineediversite.com\/index.php\/wp-json\/wp\/v2\/types\/post"}],"author":[{"embeddable":true,"href":"https:\/\/guineediversite.com\/index.php\/wp-json\/wp\/v2\/users\/12"}],"replies":[{"embeddable":true,"href":"https:\/\/guineediversite.com\/index.php\/wp-json\/wp\/v2\/comments?post=19741"}],"version-history":[{"count":0,"href":"https:\/\/guineediversite.com\/index.php\/wp-json\/wp\/v2\/posts\/19741\/revisions"}],"wp:attachment":[{"href":"https:\/\/guineediversite.com\/index.php\/wp-json\/wp\/v2\/media?parent=19741"}],"wp:term":[{"taxonomy":"category","embeddable":true,"href":"https:\/\/guineediversite.com\/index.php\/wp-json\/wp\/v2\/categories?post=19741"},{"taxonomy":"post_tag","embeddable":true,"href":"https:\/\/guineediversite.com\/index.php\/wp-json\/wp\/v2\/tags?post=19741"}],"curies":[{"name":"wp","href":"https:\/\/api.w.org\/{rel}","templated":true}]}}