{"id":19738,"date":"2013-12-31T00:00:00","date_gmt":"2013-12-30T23:00:00","guid":{"rendered":"https:\/\/www.guineediversite.com\/index.php\/2013\/12\/31\/kankan-fin-des-assises-de-la-cour-dappel-des-condamnes-et-des-relaxes-parmi-les-accuses\/"},"modified":"2013-12-31T00:00:00","modified_gmt":"2013-12-30T23:00:00","slug":"kankan-fin-des-assises-de-la-cour-dappel-des-condamnes-et-des-relaxes-parmi-les-accuses","status":"publish","type":"post","link":"https:\/\/guineediversite.com\/index.php\/2013\/12\/31\/kankan-fin-des-assises-de-la-cour-dappel-des-condamnes-et-des-relaxes-parmi-les-accuses\/","title":{"rendered":"Kankan  fin des assises de la cour d\u2019appel : des condamn\u00e9s et des relax\u00e9s parmi les accus\u00e9s."},"content":{"rendered":"<p>Dans ce dossier ils \u00e9taient  19 accus\u00e9s du cot\u00e9 de Banko et de linkekokigneba pour meurtre, viol, vol, s\u00e9questration, incendie volontaire, pillage des biens priv\u00e9s  et complicit\u00e9s.<br \/>\nDes infractions dont ils reconnaissent avoir commises sans pour autant plaider coupable devant la cour.<\/p>\n<p>Les uns et les autres  jouissant de l&rsquo;assistance des avocats, se sont constitu\u00e9s  en partie civile par rapport aux causes et cons\u00e9quences   des affrontements survenus  le 20 janvier 2011 entre la population de Banko et c\u2019elle de linkekokigneba, deux villages fond\u00e9s par des fr\u00e8res Traor\u00e9. <\/p>\n<p>Selon des renseignements obtenus au cours  de l&rsquo;instruction final du dossier, ces affrontements ont fait  un mort par fusillade pour chaque village et d\u2019importants d\u00e9g\u00e2ts mat\u00e9riels enregistr\u00e9s de part et d\u2019autre.<\/p>\n<p>Apr\u00e8s avoir entendu toutes les parties concern\u00e9es dans ce dossier, la cour et les jurys apr\u00e8s en avoir d\u00e9lib\u00e9r\u00e9s  sur la base de leur conviction  et \u00e0 l&rsquo;unanimit\u00e9 des voix  condamnent par contumace  Nantou Moussa Traor\u00e9 \u00e0 20 ans de r\u00e9clusion criminelle et un mandat d\u2019arr\u00eat  a \u00e9t\u00e9  d\u00e9cern\u00e9 contre lui \u00e0 l&rsquo;audience. Siaka Traor\u00e9 et six autres ont \u00e9t\u00e9 condamn\u00e9s \u00e0 dix ans de r\u00e9clusion criminelle.<br \/>\nLancinet Traor\u00e9 et sept autres ont \u00e9t\u00e9 relax\u00e9s au profit du doute.<br \/>\nCette d\u00e9cision met un terme \u00e0 ces assises d\u00e9localis\u00e9es \u00e0 Siguiri.<\/p>\n<p>L\u00e9b\u00e9hoye Souar\u00e9<br \/>\n664858638<\/p>\n","protected":false},"excerpt":{"rendered":"<p>Dans ce dossier ils \u00e9taient 19 accus\u00e9s du cot\u00e9 de Banko et de linkekokigneba pour meurtre, viol, vol, s\u00e9questration, incendie volontaire, pillage des biens priv\u00e9s et complicit\u00e9s. Des infractions dont ils reconnaissent avoir commises sans pour autant plaider coupable devant la cour. Les uns et les autres jouissant de l&rsquo;assistance des avocats, se sont constitu\u00e9s [&hellip;]<\/p>\n","protected":false},"author":12,"featured_media":0,"comment_status":"open","ping_status":"open","sticky":false,"template":"","format":"standard","meta":{"_exactmetrics_skip_tracking":false,"_exactmetrics_sitenote_active":false,"_exactmetrics_sitenote_note":"","_exactmetrics_sitenote_category":0,"tdm_status":"","tdm_grid_status":"","footnotes":""},"categories":[28],"tags":[],"class_list":{"0":"post-19738","1":"post","2":"type-post","3":"status-publish","4":"format-standard","6":"category-archives"},"yoast_head":"<!-- This site is optimized with the Yoast SEO plugin v24.2 - https:\/\/yoast.com\/wordpress\/plugins\/seo\/ -->\n<title>Kankan fin des assises de la cour d\u2019appel : des condamn\u00e9s et des relax\u00e9s parmi les accus\u00e9s. | Guin\u00e9e Diversit\u00e9<\/title>\n<meta name=\"robots\" content=\"index, follow, max-snippet:-1, max-image-preview:large, max-video-preview:-1\" \/>\n<link rel=\"canonical\" href=\"https:\/\/guineediversite.com\/index.php\/2013\/12\/31\/kankan-fin-des-assises-de-la-cour-dappel-des-condamnes-et-des-relaxes-parmi-les-accuses\/\" \/>\n<meta property=\"og:locale\" content=\"fr_FR\" \/>\n<meta property=\"og:type\" content=\"article\" \/>\n<meta property=\"og:title\" content=\"Kankan fin des assises de la cour d\u2019appel : des condamn\u00e9s et des relax\u00e9s parmi les accus\u00e9s. | Guin\u00e9e Diversit\u00e9\" \/>\n<meta property=\"og:description\" content=\"Dans ce dossier ils \u00e9taient 19 accus\u00e9s du cot\u00e9 de Banko et de linkekokigneba pour meurtre, viol, vol, s\u00e9questration, incendie volontaire, pillage des biens priv\u00e9s et complicit\u00e9s. Des infractions dont ils reconnaissent avoir commises sans pour autant plaider coupable devant la cour. Les uns et les autres jouissant de l&rsquo;assistance des avocats, se sont constitu\u00e9s [&hellip;]\" \/>\n<meta property=\"og:url\" content=\"https:\/\/guineediversite.com\/index.php\/2013\/12\/31\/kankan-fin-des-assises-de-la-cour-dappel-des-condamnes-et-des-relaxes-parmi-les-accuses\/\" \/>\n<meta property=\"og:site_name\" content=\"Guin\u00e9e Diversit\u00e9\" \/>\n<meta property=\"article:publisher\" content=\"https:\/\/www.facebook.com\/guineediversite\/\" \/>\n<meta property=\"article:published_time\" content=\"2013-12-30T23:00:00+00:00\" \/>\n<meta name=\"author\" content=\"Guin\u00e9e Diversit\u00e9\" \/>\n<meta name=\"twitter:card\" content=\"summary_large_image\" \/>\n<meta name=\"twitter:creator\" content=\"@GuineeDiversite\" \/>\n<meta name=\"twitter:site\" content=\"@GuineeDiversite\" \/>\n<meta name=\"twitter:label1\" content=\"\u00c9crit par\" \/>\n\t<meta name=\"twitter:data1\" content=\"Guin\u00e9e Diversit\u00e9\" \/>\n\t<meta name=\"twitter:label2\" content=\"Dur\u00e9e de lecture estim\u00e9e\" \/>\n\t<meta name=\"twitter:data2\" content=\"1 minute\" \/>\n<script type=\"application\/ld+json\" class=\"yoast-schema-graph\">{\"@context\":\"https:\/\/schema.org\",\"@graph\":[{\"@type\":\"Article\",\"@id\":\"https:\/\/guineediversite.com\/index.php\/2013\/12\/31\/kankan-fin-des-assises-de-la-cour-dappel-des-condamnes-et-des-relaxes-parmi-les-accuses\/#article\",\"isPartOf\":{\"@id\":\"https:\/\/guineediversite.com\/index.php\/2013\/12\/31\/kankan-fin-des-assises-de-la-cour-dappel-des-condamnes-et-des-relaxes-parmi-les-accuses\/\"},\"author\":{\"name\":\"Guin\u00e9e Diversit\u00e9\",\"@id\":\"https:\/\/guineediversite.com\/#\/schema\/person\/afa08fb34e7fc6e1feafc892612bc836\"},\"headline\":\"Kankan fin des assises de la cour d\u2019appel : des condamn\u00e9s et des relax\u00e9s parmi les accus\u00e9s.\",\"datePublished\":\"2013-12-30T23:00:00+00:00\",\"dateModified\":\"2013-12-30T23:00:00+00:00\",\"mainEntityOfPage\":{\"@id\":\"https:\/\/guineediversite.com\/index.php\/2013\/12\/31\/kankan-fin-des-assises-de-la-cour-dappel-des-condamnes-et-des-relaxes-parmi-les-accuses\/\"},\"wordCount\":257,\"commentCount\":0,\"publisher\":{\"@id\":\"https:\/\/guineediversite.com\/#organization\"},\"articleSection\":[\"Archives\"],\"inLanguage\":\"fr-FR\",\"potentialAction\":[{\"@type\":\"CommentAction\",\"name\":\"Comment\",\"target\":[\"https:\/\/guineediversite.com\/index.php\/2013\/12\/31\/kankan-fin-des-assises-de-la-cour-dappel-des-condamnes-et-des-relaxes-parmi-les-accuses\/#respond\"]}]},{\"@type\":\"WebPage\",\"@id\":\"https:\/\/guineediversite.com\/index.php\/2013\/12\/31\/kankan-fin-des-assises-de-la-cour-dappel-des-condamnes-et-des-relaxes-parmi-les-accuses\/\",\"url\":\"https:\/\/guineediversite.com\/index.php\/2013\/12\/31\/kankan-fin-des-assises-de-la-cour-dappel-des-condamnes-et-des-relaxes-parmi-les-accuses\/\",\"name\":\"Kankan fin des assises de la cour d\u2019appel : des condamn\u00e9s et des relax\u00e9s parmi les accus\u00e9s. | Guin\u00e9e Diversit\u00e9\",\"isPartOf\":{\"@id\":\"https:\/\/guineediversite.com\/#website\"},\"datePublished\":\"2013-12-30T23:00:00+00:00\",\"dateModified\":\"2013-12-30T23:00:00+00:00\",\"breadcrumb\":{\"@id\":\"https:\/\/guineediversite.com\/index.php\/2013\/12\/31\/kankan-fin-des-assises-de-la-cour-dappel-des-condamnes-et-des-relaxes-parmi-les-accuses\/#breadcrumb\"},\"inLanguage\":\"fr-FR\",\"potentialAction\":[{\"@type\":\"ReadAction\",\"target\":[\"https:\/\/guineediversite.com\/index.php\/2013\/12\/31\/kankan-fin-des-assises-de-la-cour-dappel-des-condamnes-et-des-relaxes-parmi-les-accuses\/\"]}]},{\"@type\":\"BreadcrumbList\",\"@id\":\"https:\/\/guineediversite.com\/index.php\/2013\/12\/31\/kankan-fin-des-assises-de-la-cour-dappel-des-condamnes-et-des-relaxes-parmi-les-accuses\/#breadcrumb\",\"itemListElement\":[{\"@type\":\"ListItem\",\"position\":1,\"name\":\"Accueil\",\"item\":\"https:\/\/guineediversite.com\/\"},{\"@type\":\"ListItem\",\"position\":2,\"name\":\"Kankan fin des assises de la cour d\u2019appel : des condamn\u00e9s et des relax\u00e9s parmi les accus\u00e9s.\"}]},{\"@type\":\"WebSite\",\"@id\":\"https:\/\/guineediversite.com\/#website\",\"url\":\"https:\/\/guineediversite.com\/\",\"name\":\"Guin\u00e9e Diversit\u00e9\",\"description\":\"L&#039;Info dans toute sa diversit\u00e9\",\"publisher\":{\"@id\":\"https:\/\/guineediversite.com\/#organization\"},\"potentialAction\":[{\"@type\":\"SearchAction\",\"target\":{\"@type\":\"EntryPoint\",\"urlTemplate\":\"https:\/\/guineediversite.com\/?s={search_term_string}\"},\"query-input\":{\"@type\":\"PropertyValueSpecification\",\"valueRequired\":true,\"valueName\":\"search_term_string\"}}],\"inLanguage\":\"fr-FR\"},{\"@type\":\"Organization\",\"@id\":\"https:\/\/guineediversite.com\/#organization\",\"name\":\"Guin\u00e9e Diversit\u00e9\",\"url\":\"https:\/\/guineediversite.com\/\",\"logo\":{\"@type\":\"ImageObject\",\"inLanguage\":\"fr-FR\",\"@id\":\"https:\/\/guineediversite.com\/#\/schema\/logo\/image\/\",\"url\":\"https:\/\/guineediversite.com\/wp-content\/uploads\/2017\/04\/cropped-1jojlxEOMkX9Wyqfhe43D6kjPOGqBBKmx3EwWJqZ0cMrFF54yM49.png\",\"contentUrl\":\"https:\/\/guineediversite.com\/wp-content\/uploads\/2017\/04\/cropped-1jojlxEOMkX9Wyqfhe43D6kjPOGqBBKmx3EwWJqZ0cMrFF54yM49.png\",\"width\":186,\"height\":112,\"caption\":\"Guin\u00e9e Diversit\u00e9\"},\"image\":{\"@id\":\"https:\/\/guineediversite.com\/#\/schema\/logo\/image\/\"},\"sameAs\":[\"https:\/\/www.facebook.com\/guineediversite\/\",\"https:\/\/x.com\/GuineeDiversite\",\"https:\/\/www.youtube.com\/channel\/UC8sUY16qelG5ge6_D5SB83g\"]},{\"@type\":\"Person\",\"@id\":\"https:\/\/guineediversite.com\/#\/schema\/person\/afa08fb34e7fc6e1feafc892612bc836\",\"name\":\"Guin\u00e9e Diversit\u00e9\",\"image\":{\"@type\":\"ImageObject\",\"inLanguage\":\"fr-FR\",\"@id\":\"https:\/\/guineediversite.com\/#\/schema\/person\/image\/\",\"url\":\"https:\/\/secure.gravatar.com\/avatar\/50d5eb5b390f8b65ac30ac6f898eb83a?s=96&d=mm&r=g\",\"contentUrl\":\"https:\/\/secure.gravatar.com\/avatar\/50d5eb5b390f8b65ac30ac6f898eb83a?s=96&d=mm&r=g\",\"caption\":\"Guin\u00e9e Diversit\u00e9\"},\"url\":\"https:\/\/guineediversite.com\/index.php\/author\/guineediversite\/\"}]}<\/script>\n<!-- \/ Yoast SEO plugin. -->","yoast_head_json":{"title":"Kankan fin des assises de la cour d\u2019appel : des condamn\u00e9s et des relax\u00e9s parmi les accus\u00e9s. | Guin\u00e9e Diversit\u00e9","robots":{"index":"index","follow":"follow","max-snippet":"max-snippet:-1","max-image-preview":"max-image-preview:large","max-video-preview":"max-video-preview:-1"},"canonical":"https:\/\/guineediversite.com\/index.php\/2013\/12\/31\/kankan-fin-des-assises-de-la-cour-dappel-des-condamnes-et-des-relaxes-parmi-les-accuses\/","og_locale":"fr_FR","og_type":"article","og_title":"Kankan fin des assises de la cour d\u2019appel : des condamn\u00e9s et des relax\u00e9s parmi les accus\u00e9s. | Guin\u00e9e Diversit\u00e9","og_description":"Dans ce dossier ils \u00e9taient 19 accus\u00e9s du cot\u00e9 de Banko et de linkekokigneba pour meurtre, viol, vol, s\u00e9questration, incendie volontaire, pillage des biens priv\u00e9s et complicit\u00e9s. Des infractions dont ils reconnaissent avoir commises sans pour autant plaider coupable devant la cour. Les uns et les autres jouissant de l&rsquo;assistance des avocats, se sont constitu\u00e9s [&hellip;]","og_url":"https:\/\/guineediversite.com\/index.php\/2013\/12\/31\/kankan-fin-des-assises-de-la-cour-dappel-des-condamnes-et-des-relaxes-parmi-les-accuses\/","og_site_name":"Guin\u00e9e Diversit\u00e9","article_publisher":"https:\/\/www.facebook.com\/guineediversite\/","article_published_time":"2013-12-30T23:00:00+00:00","author":"Guin\u00e9e Diversit\u00e9","twitter_card":"summary_large_image","twitter_creator":"@GuineeDiversite","twitter_site":"@GuineeDiversite","twitter_misc":{"\u00c9crit par":"Guin\u00e9e Diversit\u00e9","Dur\u00e9e de lecture estim\u00e9e":"1 minute"},"schema":{"@context":"https:\/\/schema.org","@graph":[{"@type":"Article","@id":"https:\/\/guineediversite.com\/index.php\/2013\/12\/31\/kankan-fin-des-assises-de-la-cour-dappel-des-condamnes-et-des-relaxes-parmi-les-accuses\/#article","isPartOf":{"@id":"https:\/\/guineediversite.com\/index.php\/2013\/12\/31\/kankan-fin-des-assises-de-la-cour-dappel-des-condamnes-et-des-relaxes-parmi-les-accuses\/"},"author":{"name":"Guin\u00e9e Diversit\u00e9","@id":"https:\/\/guineediversite.com\/#\/schema\/person\/afa08fb34e7fc6e1feafc892612bc836"},"headline":"Kankan fin des assises de la cour d\u2019appel : des condamn\u00e9s et des relax\u00e9s parmi les accus\u00e9s.","datePublished":"2013-12-30T23:00:00+00:00","dateModified":"2013-12-30T23:00:00+00:00","mainEntityOfPage":{"@id":"https:\/\/guineediversite.com\/index.php\/2013\/12\/31\/kankan-fin-des-assises-de-la-cour-dappel-des-condamnes-et-des-relaxes-parmi-les-accuses\/"},"wordCount":257,"commentCount":0,"publisher":{"@id":"https:\/\/guineediversite.com\/#organization"},"articleSection":["Archives"],"inLanguage":"fr-FR","potentialAction":[{"@type":"CommentAction","name":"Comment","target":["https:\/\/guineediversite.com\/index.php\/2013\/12\/31\/kankan-fin-des-assises-de-la-cour-dappel-des-condamnes-et-des-relaxes-parmi-les-accuses\/#respond"]}]},{"@type":"WebPage","@id":"https:\/\/guineediversite.com\/index.php\/2013\/12\/31\/kankan-fin-des-assises-de-la-cour-dappel-des-condamnes-et-des-relaxes-parmi-les-accuses\/","url":"https:\/\/guineediversite.com\/index.php\/2013\/12\/31\/kankan-fin-des-assises-de-la-cour-dappel-des-condamnes-et-des-relaxes-parmi-les-accuses\/","name":"Kankan fin des assises de la cour d\u2019appel : des condamn\u00e9s et des relax\u00e9s parmi les accus\u00e9s. | Guin\u00e9e Diversit\u00e9","isPartOf":{"@id":"https:\/\/guineediversite.com\/#website"},"datePublished":"2013-12-30T23:00:00+00:00","dateModified":"2013-12-30T23:00:00+00:00","breadcrumb":{"@id":"https:\/\/guineediversite.com\/index.php\/2013\/12\/31\/kankan-fin-des-assises-de-la-cour-dappel-des-condamnes-et-des-relaxes-parmi-les-accuses\/#breadcrumb"},"inLanguage":"fr-FR","potentialAction":[{"@type":"ReadAction","target":["https:\/\/guineediversite.com\/index.php\/2013\/12\/31\/kankan-fin-des-assises-de-la-cour-dappel-des-condamnes-et-des-relaxes-parmi-les-accuses\/"]}]},{"@type":"BreadcrumbList","@id":"https:\/\/guineediversite.com\/index.php\/2013\/12\/31\/kankan-fin-des-assises-de-la-cour-dappel-des-condamnes-et-des-relaxes-parmi-les-accuses\/#breadcrumb","itemListElement":[{"@type":"ListItem","position":1,"name":"Accueil","item":"https:\/\/guineediversite.com\/"},{"@type":"ListItem","position":2,"name":"Kankan fin des assises de la cour d\u2019appel : des condamn\u00e9s et des relax\u00e9s parmi les accus\u00e9s."}]},{"@type":"WebSite","@id":"https:\/\/guineediversite.com\/#website","url":"https:\/\/guineediversite.com\/","name":"Guin\u00e9e Diversit\u00e9","description":"L&#039;Info dans toute sa diversit\u00e9","publisher":{"@id":"https:\/\/guineediversite.com\/#organization"},"potentialAction":[{"@type":"SearchAction","target":{"@type":"EntryPoint","urlTemplate":"https:\/\/guineediversite.com\/?s={search_term_string}"},"query-input":{"@type":"PropertyValueSpecification","valueRequired":true,"valueName":"search_term_string"}}],"inLanguage":"fr-FR"},{"@type":"Organization","@id":"https:\/\/guineediversite.com\/#organization","name":"Guin\u00e9e Diversit\u00e9","url":"https:\/\/guineediversite.com\/","logo":{"@type":"ImageObject","inLanguage":"fr-FR","@id":"https:\/\/guineediversite.com\/#\/schema\/logo\/image\/","url":"https:\/\/guineediversite.com\/wp-content\/uploads\/2017\/04\/cropped-1jojlxEOMkX9Wyqfhe43D6kjPOGqBBKmx3EwWJqZ0cMrFF54yM49.png","contentUrl":"https:\/\/guineediversite.com\/wp-content\/uploads\/2017\/04\/cropped-1jojlxEOMkX9Wyqfhe43D6kjPOGqBBKmx3EwWJqZ0cMrFF54yM49.png","width":186,"height":112,"caption":"Guin\u00e9e Diversit\u00e9"},"image":{"@id":"https:\/\/guineediversite.com\/#\/schema\/logo\/image\/"},"sameAs":["https:\/\/www.facebook.com\/guineediversite\/","https:\/\/x.com\/GuineeDiversite","https:\/\/www.youtube.com\/channel\/UC8sUY16qelG5ge6_D5SB83g"]},{"@type":"Person","@id":"https:\/\/guineediversite.com\/#\/schema\/person\/afa08fb34e7fc6e1feafc892612bc836","name":"Guin\u00e9e Diversit\u00e9","image":{"@type":"ImageObject","inLanguage":"fr-FR","@id":"https:\/\/guineediversite.com\/#\/schema\/person\/image\/","url":"https:\/\/secure.gravatar.com\/avatar\/50d5eb5b390f8b65ac30ac6f898eb83a?s=96&d=mm&r=g","contentUrl":"https:\/\/secure.gravatar.com\/avatar\/50d5eb5b390f8b65ac30ac6f898eb83a?s=96&d=mm&r=g","caption":"Guin\u00e9e Diversit\u00e9"},"url":"https:\/\/guineediversite.com\/index.php\/author\/guineediversite\/"}]}},"_links":{"self":[{"href":"https:\/\/guineediversite.com\/index.php\/wp-json\/wp\/v2\/posts\/19738"}],"collection":[{"href":"https:\/\/guineediversite.com\/index.php\/wp-json\/wp\/v2\/posts"}],"about":[{"href":"https:\/\/guineediversite.com\/index.php\/wp-json\/wp\/v2\/types\/post"}],"author":[{"embeddable":true,"href":"https:\/\/guineediversite.com\/index.php\/wp-json\/wp\/v2\/users\/12"}],"replies":[{"embeddable":true,"href":"https:\/\/guineediversite.com\/index.php\/wp-json\/wp\/v2\/comments?post=19738"}],"version-history":[{"count":0,"href":"https:\/\/guineediversite.com\/index.php\/wp-json\/wp\/v2\/posts\/19738\/revisions"}],"wp:attachment":[{"href":"https:\/\/guineediversite.com\/index.php\/wp-json\/wp\/v2\/media?parent=19738"}],"wp:term":[{"taxonomy":"category","embeddable":true,"href":"https:\/\/guineediversite.com\/index.php\/wp-json\/wp\/v2\/categories?post=19738"},{"taxonomy":"post_tag","embeddable":true,"href":"https:\/\/guineediversite.com\/index.php\/wp-json\/wp\/v2\/tags?post=19738"}],"curies":[{"name":"wp","href":"https:\/\/api.w.org\/{rel}","templated":true}]}}