{"id":19737,"date":"2013-12-31T00:00:00","date_gmt":"2013-12-30T23:00:00","guid":{"rendered":"https:\/\/www.guineediversite.com\/index.php\/2013\/12\/31\/la-jeune-chambre-internationale-conakry-elite-se-dote-dune-nouvelle-equipe-dirigeante\/"},"modified":"2013-12-31T00:00:00","modified_gmt":"2013-12-30T23:00:00","slug":"la-jeune-chambre-internationale-conakry-elite-se-dote-dune-nouvelle-equipe-dirigeante","status":"publish","type":"post","link":"https:\/\/guineediversite.com\/index.php\/2013\/12\/31\/la-jeune-chambre-internationale-conakry-elite-se-dote-dune-nouvelle-equipe-dirigeante\/","title":{"rendered":"La jeune chambre internationale Conakry Elite se dote d\u2019une nouvelle \u00e9quipe dirigeante."},"content":{"rendered":"<p>Les membres de la Jeune chambre internationale de Guin\u00e9e Conakry Elite ont organis\u00e9 ce samedi leur toute premi\u00e8re Assembl\u00e9e introductive au compte de l\u2019ann\u00e9e 2014. La validation des postes nominatifs, l\u2019adoption du plan d\u2019action 2014 et l\u2019intronisation des nouveaux membres ont \u00e9t\u00e9 les diff\u00e9rents points inscrits \u00e0 l\u2019ordre du jour.<\/p>\n<p> Dans son discours, la pr\u00e9sidente sortante Aissatou Bah est longuement revenue sur les acquis de l\u2019ann\u00e9e 2013, avant de  reconnaitre qu\u2019il ya eu des difficult\u00e9s dans l\u2019exercice de son mandat. C\u2019est pourquoi, elle  invite le nouveau bureau local et ses membres \u00e0 une forte mobilisation pour maintenir le cap et relever le d\u00e9fi en 2014.<br \/>\n\u00ab La r\u00e9ussite des projets passe obligatoirement par une bonne politique de recrutement des membres et une m\u00e9thodologie de travail \u00bb soutien la pr\u00e9sidente sortante. <\/p>\n<p>Le pr\u00e9sident entrant, Robin LANKOANDE prenant la parole, a tout d\u2019abord remerci\u00e9 les membres de son organisation locale pour la marque de confiance, avant de d\u00e9voiler les priorit\u00e9s de son mandat. Parmi ses priorit\u00e9s, il y a notamment,  la communication et la m\u00e9diatisation des activit\u00e9s de la Jeune Chambre Internationale Conakry Elite.<br \/>\n \u00ab Bien communiquer pour mieux impacter \u00bb est d\u2019ailleurs, le slogan du pr\u00e9sident entrant. Robin LANKOANDE, s\u2019est engag\u00e9 au nom de son \u00e9quipe de faire briller davantage la jeune chambre internationale Conakry Elite. \u00ab Le signe du mandat 2014, nous interpelle tous. Nous mesurons donc l\u2019ampleur de la t\u00e2che qui nous attend, mais comme le souligne le slogan mondial, Unir pour impacter, c\u2019est ensemble que nous r\u00e9ussirons \u00e0 faire de grandes choses \u00bb, a d\u00e9clar\u00e9 le pr\u00e9sident entrant. <\/p>\n<p>A pr\u00e9ciser qu\u2019au cours de cette assembl\u00e9e G\u00e9n\u00e9rale, trois personnes ont \u00e9t\u00e9 intronis\u00e9e dont deux filles. <\/p>\n<p>Thierno Abdoul Bald\u00e9 : +224 657 385 876<\/p>\n","protected":false},"excerpt":{"rendered":"<p>Les membres de la Jeune chambre internationale de Guin\u00e9e Conakry Elite ont organis\u00e9 ce samedi leur toute premi\u00e8re Assembl\u00e9e introductive au compte de l\u2019ann\u00e9e 2014. La validation des postes nominatifs, l\u2019adoption du plan d\u2019action 2014 et l\u2019intronisation des nouveaux membres ont \u00e9t\u00e9 les diff\u00e9rents points inscrits \u00e0 l\u2019ordre du jour. Dans son discours, la pr\u00e9sidente [&hellip;]<\/p>\n","protected":false},"author":12,"featured_media":0,"comment_status":"open","ping_status":"open","sticky":false,"template":"","format":"standard","meta":{"_exactmetrics_skip_tracking":false,"_exactmetrics_sitenote_active":false,"_exactmetrics_sitenote_note":"","_exactmetrics_sitenote_category":0,"tdm_status":"","tdm_grid_status":"","footnotes":""},"categories":[28],"tags":[],"class_list":{"0":"post-19737","1":"post","2":"type-post","3":"status-publish","4":"format-standard","6":"category-archives"},"yoast_head":"<!-- This site is optimized with the Yoast SEO plugin v24.2 - https:\/\/yoast.com\/wordpress\/plugins\/seo\/ -->\n<title>La jeune chambre internationale Conakry Elite se dote d\u2019une nouvelle \u00e9quipe dirigeante. | Guin\u00e9e Diversit\u00e9<\/title>\n<meta name=\"robots\" content=\"index, follow, max-snippet:-1, max-image-preview:large, max-video-preview:-1\" \/>\n<link rel=\"canonical\" href=\"https:\/\/guineediversite.com\/index.php\/2013\/12\/31\/la-jeune-chambre-internationale-conakry-elite-se-dote-dune-nouvelle-equipe-dirigeante\/\" \/>\n<meta property=\"og:locale\" content=\"fr_FR\" \/>\n<meta property=\"og:type\" content=\"article\" \/>\n<meta property=\"og:title\" content=\"La jeune chambre internationale Conakry Elite se dote d\u2019une nouvelle \u00e9quipe dirigeante. | Guin\u00e9e Diversit\u00e9\" \/>\n<meta property=\"og:description\" content=\"Les membres de la Jeune chambre internationale de Guin\u00e9e Conakry Elite ont organis\u00e9 ce samedi leur toute premi\u00e8re Assembl\u00e9e introductive au compte de l\u2019ann\u00e9e 2014. La validation des postes nominatifs, l\u2019adoption du plan d\u2019action 2014 et l\u2019intronisation des nouveaux membres ont \u00e9t\u00e9 les diff\u00e9rents points inscrits \u00e0 l\u2019ordre du jour. Dans son discours, la pr\u00e9sidente [&hellip;]\" \/>\n<meta property=\"og:url\" content=\"https:\/\/guineediversite.com\/index.php\/2013\/12\/31\/la-jeune-chambre-internationale-conakry-elite-se-dote-dune-nouvelle-equipe-dirigeante\/\" \/>\n<meta property=\"og:site_name\" content=\"Guin\u00e9e Diversit\u00e9\" \/>\n<meta property=\"article:publisher\" content=\"https:\/\/www.facebook.com\/guineediversite\/\" \/>\n<meta property=\"article:published_time\" content=\"2013-12-30T23:00:00+00:00\" \/>\n<meta name=\"author\" content=\"Guin\u00e9e Diversit\u00e9\" \/>\n<meta name=\"twitter:card\" content=\"summary_large_image\" \/>\n<meta name=\"twitter:creator\" content=\"@GuineeDiversite\" \/>\n<meta name=\"twitter:site\" content=\"@GuineeDiversite\" \/>\n<meta name=\"twitter:label1\" content=\"\u00c9crit par\" \/>\n\t<meta name=\"twitter:data1\" content=\"Guin\u00e9e Diversit\u00e9\" \/>\n\t<meta name=\"twitter:label2\" content=\"Dur\u00e9e de lecture estim\u00e9e\" \/>\n\t<meta name=\"twitter:data2\" content=\"2 minutes\" \/>\n<script type=\"application\/ld+json\" class=\"yoast-schema-graph\">{\"@context\":\"https:\/\/schema.org\",\"@graph\":[{\"@type\":\"Article\",\"@id\":\"https:\/\/guineediversite.com\/index.php\/2013\/12\/31\/la-jeune-chambre-internationale-conakry-elite-se-dote-dune-nouvelle-equipe-dirigeante\/#article\",\"isPartOf\":{\"@id\":\"https:\/\/guineediversite.com\/index.php\/2013\/12\/31\/la-jeune-chambre-internationale-conakry-elite-se-dote-dune-nouvelle-equipe-dirigeante\/\"},\"author\":{\"name\":\"Guin\u00e9e Diversit\u00e9\",\"@id\":\"https:\/\/guineediversite.com\/#\/schema\/person\/afa08fb34e7fc6e1feafc892612bc836\"},\"headline\":\"La jeune chambre internationale Conakry Elite se dote d\u2019une nouvelle \u00e9quipe dirigeante.\",\"datePublished\":\"2013-12-30T23:00:00+00:00\",\"dateModified\":\"2013-12-30T23:00:00+00:00\",\"mainEntityOfPage\":{\"@id\":\"https:\/\/guineediversite.com\/index.php\/2013\/12\/31\/la-jeune-chambre-internationale-conakry-elite-se-dote-dune-nouvelle-equipe-dirigeante\/\"},\"wordCount\":321,\"commentCount\":0,\"publisher\":{\"@id\":\"https:\/\/guineediversite.com\/#organization\"},\"articleSection\":[\"Archives\"],\"inLanguage\":\"fr-FR\",\"potentialAction\":[{\"@type\":\"CommentAction\",\"name\":\"Comment\",\"target\":[\"https:\/\/guineediversite.com\/index.php\/2013\/12\/31\/la-jeune-chambre-internationale-conakry-elite-se-dote-dune-nouvelle-equipe-dirigeante\/#respond\"]}]},{\"@type\":\"WebPage\",\"@id\":\"https:\/\/guineediversite.com\/index.php\/2013\/12\/31\/la-jeune-chambre-internationale-conakry-elite-se-dote-dune-nouvelle-equipe-dirigeante\/\",\"url\":\"https:\/\/guineediversite.com\/index.php\/2013\/12\/31\/la-jeune-chambre-internationale-conakry-elite-se-dote-dune-nouvelle-equipe-dirigeante\/\",\"name\":\"La jeune chambre internationale Conakry Elite se dote d\u2019une nouvelle \u00e9quipe dirigeante. | Guin\u00e9e Diversit\u00e9\",\"isPartOf\":{\"@id\":\"https:\/\/guineediversite.com\/#website\"},\"datePublished\":\"2013-12-30T23:00:00+00:00\",\"dateModified\":\"2013-12-30T23:00:00+00:00\",\"breadcrumb\":{\"@id\":\"https:\/\/guineediversite.com\/index.php\/2013\/12\/31\/la-jeune-chambre-internationale-conakry-elite-se-dote-dune-nouvelle-equipe-dirigeante\/#breadcrumb\"},\"inLanguage\":\"fr-FR\",\"potentialAction\":[{\"@type\":\"ReadAction\",\"target\":[\"https:\/\/guineediversite.com\/index.php\/2013\/12\/31\/la-jeune-chambre-internationale-conakry-elite-se-dote-dune-nouvelle-equipe-dirigeante\/\"]}]},{\"@type\":\"BreadcrumbList\",\"@id\":\"https:\/\/guineediversite.com\/index.php\/2013\/12\/31\/la-jeune-chambre-internationale-conakry-elite-se-dote-dune-nouvelle-equipe-dirigeante\/#breadcrumb\",\"itemListElement\":[{\"@type\":\"ListItem\",\"position\":1,\"name\":\"Accueil\",\"item\":\"https:\/\/guineediversite.com\/\"},{\"@type\":\"ListItem\",\"position\":2,\"name\":\"La jeune chambre internationale Conakry Elite se dote d\u2019une nouvelle \u00e9quipe dirigeante.\"}]},{\"@type\":\"WebSite\",\"@id\":\"https:\/\/guineediversite.com\/#website\",\"url\":\"https:\/\/guineediversite.com\/\",\"name\":\"Guin\u00e9e Diversit\u00e9\",\"description\":\"L&#039;Info dans toute sa diversit\u00e9\",\"publisher\":{\"@id\":\"https:\/\/guineediversite.com\/#organization\"},\"potentialAction\":[{\"@type\":\"SearchAction\",\"target\":{\"@type\":\"EntryPoint\",\"urlTemplate\":\"https:\/\/guineediversite.com\/?s={search_term_string}\"},\"query-input\":{\"@type\":\"PropertyValueSpecification\",\"valueRequired\":true,\"valueName\":\"search_term_string\"}}],\"inLanguage\":\"fr-FR\"},{\"@type\":\"Organization\",\"@id\":\"https:\/\/guineediversite.com\/#organization\",\"name\":\"Guin\u00e9e Diversit\u00e9\",\"url\":\"https:\/\/guineediversite.com\/\",\"logo\":{\"@type\":\"ImageObject\",\"inLanguage\":\"fr-FR\",\"@id\":\"https:\/\/guineediversite.com\/#\/schema\/logo\/image\/\",\"url\":\"https:\/\/guineediversite.com\/wp-content\/uploads\/2017\/04\/cropped-1jojlxEOMkX9Wyqfhe43D6kjPOGqBBKmx3EwWJqZ0cMrFF54yM49.png\",\"contentUrl\":\"https:\/\/guineediversite.com\/wp-content\/uploads\/2017\/04\/cropped-1jojlxEOMkX9Wyqfhe43D6kjPOGqBBKmx3EwWJqZ0cMrFF54yM49.png\",\"width\":186,\"height\":112,\"caption\":\"Guin\u00e9e Diversit\u00e9\"},\"image\":{\"@id\":\"https:\/\/guineediversite.com\/#\/schema\/logo\/image\/\"},\"sameAs\":[\"https:\/\/www.facebook.com\/guineediversite\/\",\"https:\/\/x.com\/GuineeDiversite\",\"https:\/\/www.youtube.com\/channel\/UC8sUY16qelG5ge6_D5SB83g\"]},{\"@type\":\"Person\",\"@id\":\"https:\/\/guineediversite.com\/#\/schema\/person\/afa08fb34e7fc6e1feafc892612bc836\",\"name\":\"Guin\u00e9e Diversit\u00e9\",\"image\":{\"@type\":\"ImageObject\",\"inLanguage\":\"fr-FR\",\"@id\":\"https:\/\/guineediversite.com\/#\/schema\/person\/image\/\",\"url\":\"https:\/\/secure.gravatar.com\/avatar\/50d5eb5b390f8b65ac30ac6f898eb83a?s=96&d=mm&r=g\",\"contentUrl\":\"https:\/\/secure.gravatar.com\/avatar\/50d5eb5b390f8b65ac30ac6f898eb83a?s=96&d=mm&r=g\",\"caption\":\"Guin\u00e9e Diversit\u00e9\"},\"url\":\"https:\/\/guineediversite.com\/index.php\/author\/guineediversite\/\"}]}<\/script>\n<!-- \/ Yoast SEO plugin. -->","yoast_head_json":{"title":"La jeune chambre internationale Conakry Elite se dote d\u2019une nouvelle \u00e9quipe dirigeante. | Guin\u00e9e Diversit\u00e9","robots":{"index":"index","follow":"follow","max-snippet":"max-snippet:-1","max-image-preview":"max-image-preview:large","max-video-preview":"max-video-preview:-1"},"canonical":"https:\/\/guineediversite.com\/index.php\/2013\/12\/31\/la-jeune-chambre-internationale-conakry-elite-se-dote-dune-nouvelle-equipe-dirigeante\/","og_locale":"fr_FR","og_type":"article","og_title":"La jeune chambre internationale Conakry Elite se dote d\u2019une nouvelle \u00e9quipe dirigeante. | Guin\u00e9e Diversit\u00e9","og_description":"Les membres de la Jeune chambre internationale de Guin\u00e9e Conakry Elite ont organis\u00e9 ce samedi leur toute premi\u00e8re Assembl\u00e9e introductive au compte de l\u2019ann\u00e9e 2014. La validation des postes nominatifs, l\u2019adoption du plan d\u2019action 2014 et l\u2019intronisation des nouveaux membres ont \u00e9t\u00e9 les diff\u00e9rents points inscrits \u00e0 l\u2019ordre du jour. Dans son discours, la pr\u00e9sidente [&hellip;]","og_url":"https:\/\/guineediversite.com\/index.php\/2013\/12\/31\/la-jeune-chambre-internationale-conakry-elite-se-dote-dune-nouvelle-equipe-dirigeante\/","og_site_name":"Guin\u00e9e Diversit\u00e9","article_publisher":"https:\/\/www.facebook.com\/guineediversite\/","article_published_time":"2013-12-30T23:00:00+00:00","author":"Guin\u00e9e Diversit\u00e9","twitter_card":"summary_large_image","twitter_creator":"@GuineeDiversite","twitter_site":"@GuineeDiversite","twitter_misc":{"\u00c9crit par":"Guin\u00e9e Diversit\u00e9","Dur\u00e9e de lecture estim\u00e9e":"2 minutes"},"schema":{"@context":"https:\/\/schema.org","@graph":[{"@type":"Article","@id":"https:\/\/guineediversite.com\/index.php\/2013\/12\/31\/la-jeune-chambre-internationale-conakry-elite-se-dote-dune-nouvelle-equipe-dirigeante\/#article","isPartOf":{"@id":"https:\/\/guineediversite.com\/index.php\/2013\/12\/31\/la-jeune-chambre-internationale-conakry-elite-se-dote-dune-nouvelle-equipe-dirigeante\/"},"author":{"name":"Guin\u00e9e Diversit\u00e9","@id":"https:\/\/guineediversite.com\/#\/schema\/person\/afa08fb34e7fc6e1feafc892612bc836"},"headline":"La jeune chambre internationale Conakry Elite se dote d\u2019une nouvelle \u00e9quipe dirigeante.","datePublished":"2013-12-30T23:00:00+00:00","dateModified":"2013-12-30T23:00:00+00:00","mainEntityOfPage":{"@id":"https:\/\/guineediversite.com\/index.php\/2013\/12\/31\/la-jeune-chambre-internationale-conakry-elite-se-dote-dune-nouvelle-equipe-dirigeante\/"},"wordCount":321,"commentCount":0,"publisher":{"@id":"https:\/\/guineediversite.com\/#organization"},"articleSection":["Archives"],"inLanguage":"fr-FR","potentialAction":[{"@type":"CommentAction","name":"Comment","target":["https:\/\/guineediversite.com\/index.php\/2013\/12\/31\/la-jeune-chambre-internationale-conakry-elite-se-dote-dune-nouvelle-equipe-dirigeante\/#respond"]}]},{"@type":"WebPage","@id":"https:\/\/guineediversite.com\/index.php\/2013\/12\/31\/la-jeune-chambre-internationale-conakry-elite-se-dote-dune-nouvelle-equipe-dirigeante\/","url":"https:\/\/guineediversite.com\/index.php\/2013\/12\/31\/la-jeune-chambre-internationale-conakry-elite-se-dote-dune-nouvelle-equipe-dirigeante\/","name":"La jeune chambre internationale Conakry Elite se dote d\u2019une nouvelle \u00e9quipe dirigeante. | Guin\u00e9e Diversit\u00e9","isPartOf":{"@id":"https:\/\/guineediversite.com\/#website"},"datePublished":"2013-12-30T23:00:00+00:00","dateModified":"2013-12-30T23:00:00+00:00","breadcrumb":{"@id":"https:\/\/guineediversite.com\/index.php\/2013\/12\/31\/la-jeune-chambre-internationale-conakry-elite-se-dote-dune-nouvelle-equipe-dirigeante\/#breadcrumb"},"inLanguage":"fr-FR","potentialAction":[{"@type":"ReadAction","target":["https:\/\/guineediversite.com\/index.php\/2013\/12\/31\/la-jeune-chambre-internationale-conakry-elite-se-dote-dune-nouvelle-equipe-dirigeante\/"]}]},{"@type":"BreadcrumbList","@id":"https:\/\/guineediversite.com\/index.php\/2013\/12\/31\/la-jeune-chambre-internationale-conakry-elite-se-dote-dune-nouvelle-equipe-dirigeante\/#breadcrumb","itemListElement":[{"@type":"ListItem","position":1,"name":"Accueil","item":"https:\/\/guineediversite.com\/"},{"@type":"ListItem","position":2,"name":"La jeune chambre internationale Conakry Elite se dote d\u2019une nouvelle \u00e9quipe dirigeante."}]},{"@type":"WebSite","@id":"https:\/\/guineediversite.com\/#website","url":"https:\/\/guineediversite.com\/","name":"Guin\u00e9e Diversit\u00e9","description":"L&#039;Info dans toute sa diversit\u00e9","publisher":{"@id":"https:\/\/guineediversite.com\/#organization"},"potentialAction":[{"@type":"SearchAction","target":{"@type":"EntryPoint","urlTemplate":"https:\/\/guineediversite.com\/?s={search_term_string}"},"query-input":{"@type":"PropertyValueSpecification","valueRequired":true,"valueName":"search_term_string"}}],"inLanguage":"fr-FR"},{"@type":"Organization","@id":"https:\/\/guineediversite.com\/#organization","name":"Guin\u00e9e Diversit\u00e9","url":"https:\/\/guineediversite.com\/","logo":{"@type":"ImageObject","inLanguage":"fr-FR","@id":"https:\/\/guineediversite.com\/#\/schema\/logo\/image\/","url":"https:\/\/guineediversite.com\/wp-content\/uploads\/2017\/04\/cropped-1jojlxEOMkX9Wyqfhe43D6kjPOGqBBKmx3EwWJqZ0cMrFF54yM49.png","contentUrl":"https:\/\/guineediversite.com\/wp-content\/uploads\/2017\/04\/cropped-1jojlxEOMkX9Wyqfhe43D6kjPOGqBBKmx3EwWJqZ0cMrFF54yM49.png","width":186,"height":112,"caption":"Guin\u00e9e Diversit\u00e9"},"image":{"@id":"https:\/\/guineediversite.com\/#\/schema\/logo\/image\/"},"sameAs":["https:\/\/www.facebook.com\/guineediversite\/","https:\/\/x.com\/GuineeDiversite","https:\/\/www.youtube.com\/channel\/UC8sUY16qelG5ge6_D5SB83g"]},{"@type":"Person","@id":"https:\/\/guineediversite.com\/#\/schema\/person\/afa08fb34e7fc6e1feafc892612bc836","name":"Guin\u00e9e Diversit\u00e9","image":{"@type":"ImageObject","inLanguage":"fr-FR","@id":"https:\/\/guineediversite.com\/#\/schema\/person\/image\/","url":"https:\/\/secure.gravatar.com\/avatar\/50d5eb5b390f8b65ac30ac6f898eb83a?s=96&d=mm&r=g","contentUrl":"https:\/\/secure.gravatar.com\/avatar\/50d5eb5b390f8b65ac30ac6f898eb83a?s=96&d=mm&r=g","caption":"Guin\u00e9e Diversit\u00e9"},"url":"https:\/\/guineediversite.com\/index.php\/author\/guineediversite\/"}]}},"_links":{"self":[{"href":"https:\/\/guineediversite.com\/index.php\/wp-json\/wp\/v2\/posts\/19737"}],"collection":[{"href":"https:\/\/guineediversite.com\/index.php\/wp-json\/wp\/v2\/posts"}],"about":[{"href":"https:\/\/guineediversite.com\/index.php\/wp-json\/wp\/v2\/types\/post"}],"author":[{"embeddable":true,"href":"https:\/\/guineediversite.com\/index.php\/wp-json\/wp\/v2\/users\/12"}],"replies":[{"embeddable":true,"href":"https:\/\/guineediversite.com\/index.php\/wp-json\/wp\/v2\/comments?post=19737"}],"version-history":[{"count":0,"href":"https:\/\/guineediversite.com\/index.php\/wp-json\/wp\/v2\/posts\/19737\/revisions"}],"wp:attachment":[{"href":"https:\/\/guineediversite.com\/index.php\/wp-json\/wp\/v2\/media?parent=19737"}],"wp:term":[{"taxonomy":"category","embeddable":true,"href":"https:\/\/guineediversite.com\/index.php\/wp-json\/wp\/v2\/categories?post=19737"},{"taxonomy":"post_tag","embeddable":true,"href":"https:\/\/guineediversite.com\/index.php\/wp-json\/wp\/v2\/tags?post=19737"}],"curies":[{"name":"wp","href":"https:\/\/api.w.org\/{rel}","templated":true}]}}