{"id":19736,"date":"2013-12-31T00:00:00","date_gmt":"2013-12-30T23:00:00","guid":{"rendered":"https:\/\/www.guineediversite.com\/index.php\/2013\/12\/31\/43e-anniversaire-des-pendaisons-du-25-janvier-1971-les-victimes-demandent-justice\/"},"modified":"2013-12-31T00:00:00","modified_gmt":"2013-12-30T23:00:00","slug":"43e-anniversaire-des-pendaisons-du-25-janvier-1971-les-victimes-demandent-justice","status":"publish","type":"post","link":"https:\/\/guineediversite.com\/index.php\/2013\/12\/31\/43e-anniversaire-des-pendaisons-du-25-janvier-1971-les-victimes-demandent-justice\/","title":{"rendered":"43e anniversaire des pendaisons du 25 Janvier 1971 : les victimes demandent justice"},"content":{"rendered":"<p>C\u2019est sous le th\u00e8me \u00ab plus jamais \u00e7a \u00bb, que le 43e anniversaire des pendaisons du 25 Janvier 1971 a \u00e9t\u00e9 c\u00e9l\u00e9br\u00e9 ce Samedi 25 Janvier 2014 \u00e0 Conakry. A cette occasion, les membres de cette association se sont donn\u00e9s rendez- vous au pont 8 Novembre, situ\u00e9 dans la commune de Kaloum.<br \/>\nCette rencontre a connue la pr\u00e9sence du ministre des droits de l\u2019homme et des libert\u00e9s publiques et certains leaders de l\u2019opposition.  Dans la nuit du 24 au 25 janvier 1971 85 citoyens guin\u00e9ens ont \u00e9t\u00e9 ex\u00e9cut\u00e9 par pendaison \u00e0 travers tout le pays dont 4 \u00e0 Conakry.<br \/>\n Pour Dr Fod\u00e9 Marega  pr\u00e9sident de l\u2019association des victimes du Camp Boiro, cette journ\u00e9e est une occasion pour eux, d\u2019interpeller les autorit\u00e9s guin\u00e9ennes  pour qu\u2019enfin, justice soit rendue aux victimes de la premi\u00e8re r\u00e9publique.  \u00ab Rendre justice, c\u2019est de reconnaitre que les victimes et leurs familles ont subi l\u2019aveuglement de l\u2019\u00e9tat \u00bb d\u00e9clare Fod\u00e9 Mar\u00e9ga. <\/p>\n<p> De son cot\u00e9, le ministre des Droits de l\u2019homme et des libert\u00e9s publiques, Kalifa Gassama Diaby a indiqu\u00e9 que l\u2019Etat guin\u00e9en doit pleinement jouer son r\u00f4le pour r\u00e9tablir les victimes de cette p\u00e9riode sombre de l\u2019histoire de notre pays dans leur droit et de veiller \u00e0 ce que les injustices commises ne se reproduisent plus. <\/p>\n<p>A noter que cette journ\u00e9e de comm\u00e9moration des pendaisons du 25 Janvier 1971, a \u00e9t\u00e9 marqu\u00e9e par le d\u00e9p\u00f4t d\u2019une gerbe de fleure au pont 8 novembre,  suivi d\u2019une lecture du saint coran dans l\u2019enceinte du Camp Boiro, l\u2019actuel Camp Camayenne.<br \/>\nCiss\u00e9 Abdoulaye +224 664 294 847<\/p>\n","protected":false},"excerpt":{"rendered":"<p>C\u2019est sous le th\u00e8me \u00ab plus jamais \u00e7a \u00bb, que le 43e anniversaire des pendaisons du 25 Janvier 1971 a \u00e9t\u00e9 c\u00e9l\u00e9br\u00e9 ce Samedi 25 Janvier 2014 \u00e0 Conakry. A cette occasion, les membres de cette association se sont donn\u00e9s rendez- vous au pont 8 Novembre, situ\u00e9 dans la commune de Kaloum. Cette rencontre a [&hellip;]<\/p>\n","protected":false},"author":12,"featured_media":0,"comment_status":"open","ping_status":"open","sticky":false,"template":"","format":"standard","meta":{"_exactmetrics_skip_tracking":false,"_exactmetrics_sitenote_active":false,"_exactmetrics_sitenote_note":"","_exactmetrics_sitenote_category":0,"tdm_status":"","tdm_grid_status":"","footnotes":""},"categories":[28],"tags":[],"class_list":{"0":"post-19736","1":"post","2":"type-post","3":"status-publish","4":"format-standard","6":"category-archives"},"yoast_head":"<!-- This site is optimized with the Yoast SEO plugin v24.2 - https:\/\/yoast.com\/wordpress\/plugins\/seo\/ -->\n<title>43e anniversaire des pendaisons du 25 Janvier 1971 : les victimes demandent justice | Guin\u00e9e Diversit\u00e9<\/title>\n<meta name=\"robots\" content=\"index, follow, max-snippet:-1, max-image-preview:large, max-video-preview:-1\" \/>\n<link rel=\"canonical\" href=\"https:\/\/guineediversite.com\/index.php\/2013\/12\/31\/43e-anniversaire-des-pendaisons-du-25-janvier-1971-les-victimes-demandent-justice\/\" \/>\n<meta property=\"og:locale\" content=\"fr_FR\" \/>\n<meta property=\"og:type\" content=\"article\" \/>\n<meta property=\"og:title\" content=\"43e anniversaire des pendaisons du 25 Janvier 1971 : les victimes demandent justice | Guin\u00e9e Diversit\u00e9\" \/>\n<meta property=\"og:description\" content=\"C\u2019est sous le th\u00e8me \u00ab plus jamais \u00e7a \u00bb, que le 43e anniversaire des pendaisons du 25 Janvier 1971 a \u00e9t\u00e9 c\u00e9l\u00e9br\u00e9 ce Samedi 25 Janvier 2014 \u00e0 Conakry. A cette occasion, les membres de cette association se sont donn\u00e9s rendez- vous au pont 8 Novembre, situ\u00e9 dans la commune de Kaloum. Cette rencontre a [&hellip;]\" \/>\n<meta property=\"og:url\" content=\"https:\/\/guineediversite.com\/index.php\/2013\/12\/31\/43e-anniversaire-des-pendaisons-du-25-janvier-1971-les-victimes-demandent-justice\/\" \/>\n<meta property=\"og:site_name\" content=\"Guin\u00e9e Diversit\u00e9\" \/>\n<meta property=\"article:publisher\" content=\"https:\/\/www.facebook.com\/guineediversite\/\" \/>\n<meta property=\"article:published_time\" content=\"2013-12-30T23:00:00+00:00\" \/>\n<meta name=\"author\" content=\"Guin\u00e9e Diversit\u00e9\" \/>\n<meta name=\"twitter:card\" content=\"summary_large_image\" \/>\n<meta name=\"twitter:creator\" content=\"@GuineeDiversite\" \/>\n<meta name=\"twitter:site\" content=\"@GuineeDiversite\" \/>\n<meta name=\"twitter:label1\" content=\"\u00c9crit par\" \/>\n\t<meta name=\"twitter:data1\" content=\"Guin\u00e9e Diversit\u00e9\" \/>\n\t<meta name=\"twitter:label2\" content=\"Dur\u00e9e de lecture estim\u00e9e\" \/>\n\t<meta name=\"twitter:data2\" content=\"1 minute\" \/>\n<script type=\"application\/ld+json\" class=\"yoast-schema-graph\">{\"@context\":\"https:\/\/schema.org\",\"@graph\":[{\"@type\":\"Article\",\"@id\":\"https:\/\/guineediversite.com\/index.php\/2013\/12\/31\/43e-anniversaire-des-pendaisons-du-25-janvier-1971-les-victimes-demandent-justice\/#article\",\"isPartOf\":{\"@id\":\"https:\/\/guineediversite.com\/index.php\/2013\/12\/31\/43e-anniversaire-des-pendaisons-du-25-janvier-1971-les-victimes-demandent-justice\/\"},\"author\":{\"name\":\"Guin\u00e9e Diversit\u00e9\",\"@id\":\"https:\/\/guineediversite.com\/#\/schema\/person\/afa08fb34e7fc6e1feafc892612bc836\"},\"headline\":\"43e anniversaire des pendaisons du 25 Janvier 1971 : les victimes demandent justice\",\"datePublished\":\"2013-12-30T23:00:00+00:00\",\"dateModified\":\"2013-12-30T23:00:00+00:00\",\"mainEntityOfPage\":{\"@id\":\"https:\/\/guineediversite.com\/index.php\/2013\/12\/31\/43e-anniversaire-des-pendaisons-du-25-janvier-1971-les-victimes-demandent-justice\/\"},\"wordCount\":283,\"commentCount\":0,\"publisher\":{\"@id\":\"https:\/\/guineediversite.com\/#organization\"},\"articleSection\":[\"Archives\"],\"inLanguage\":\"fr-FR\",\"potentialAction\":[{\"@type\":\"CommentAction\",\"name\":\"Comment\",\"target\":[\"https:\/\/guineediversite.com\/index.php\/2013\/12\/31\/43e-anniversaire-des-pendaisons-du-25-janvier-1971-les-victimes-demandent-justice\/#respond\"]}]},{\"@type\":\"WebPage\",\"@id\":\"https:\/\/guineediversite.com\/index.php\/2013\/12\/31\/43e-anniversaire-des-pendaisons-du-25-janvier-1971-les-victimes-demandent-justice\/\",\"url\":\"https:\/\/guineediversite.com\/index.php\/2013\/12\/31\/43e-anniversaire-des-pendaisons-du-25-janvier-1971-les-victimes-demandent-justice\/\",\"name\":\"43e anniversaire des pendaisons du 25 Janvier 1971 : les victimes demandent justice | Guin\u00e9e Diversit\u00e9\",\"isPartOf\":{\"@id\":\"https:\/\/guineediversite.com\/#website\"},\"datePublished\":\"2013-12-30T23:00:00+00:00\",\"dateModified\":\"2013-12-30T23:00:00+00:00\",\"breadcrumb\":{\"@id\":\"https:\/\/guineediversite.com\/index.php\/2013\/12\/31\/43e-anniversaire-des-pendaisons-du-25-janvier-1971-les-victimes-demandent-justice\/#breadcrumb\"},\"inLanguage\":\"fr-FR\",\"potentialAction\":[{\"@type\":\"ReadAction\",\"target\":[\"https:\/\/guineediversite.com\/index.php\/2013\/12\/31\/43e-anniversaire-des-pendaisons-du-25-janvier-1971-les-victimes-demandent-justice\/\"]}]},{\"@type\":\"BreadcrumbList\",\"@id\":\"https:\/\/guineediversite.com\/index.php\/2013\/12\/31\/43e-anniversaire-des-pendaisons-du-25-janvier-1971-les-victimes-demandent-justice\/#breadcrumb\",\"itemListElement\":[{\"@type\":\"ListItem\",\"position\":1,\"name\":\"Accueil\",\"item\":\"https:\/\/guineediversite.com\/\"},{\"@type\":\"ListItem\",\"position\":2,\"name\":\"43e anniversaire des pendaisons du 25 Janvier 1971 : les victimes demandent justice\"}]},{\"@type\":\"WebSite\",\"@id\":\"https:\/\/guineediversite.com\/#website\",\"url\":\"https:\/\/guineediversite.com\/\",\"name\":\"Guin\u00e9e Diversit\u00e9\",\"description\":\"L&#039;Info dans toute sa diversit\u00e9\",\"publisher\":{\"@id\":\"https:\/\/guineediversite.com\/#organization\"},\"potentialAction\":[{\"@type\":\"SearchAction\",\"target\":{\"@type\":\"EntryPoint\",\"urlTemplate\":\"https:\/\/guineediversite.com\/?s={search_term_string}\"},\"query-input\":{\"@type\":\"PropertyValueSpecification\",\"valueRequired\":true,\"valueName\":\"search_term_string\"}}],\"inLanguage\":\"fr-FR\"},{\"@type\":\"Organization\",\"@id\":\"https:\/\/guineediversite.com\/#organization\",\"name\":\"Guin\u00e9e Diversit\u00e9\",\"url\":\"https:\/\/guineediversite.com\/\",\"logo\":{\"@type\":\"ImageObject\",\"inLanguage\":\"fr-FR\",\"@id\":\"https:\/\/guineediversite.com\/#\/schema\/logo\/image\/\",\"url\":\"https:\/\/guineediversite.com\/wp-content\/uploads\/2017\/04\/cropped-1jojlxEOMkX9Wyqfhe43D6kjPOGqBBKmx3EwWJqZ0cMrFF54yM49.png\",\"contentUrl\":\"https:\/\/guineediversite.com\/wp-content\/uploads\/2017\/04\/cropped-1jojlxEOMkX9Wyqfhe43D6kjPOGqBBKmx3EwWJqZ0cMrFF54yM49.png\",\"width\":186,\"height\":112,\"caption\":\"Guin\u00e9e Diversit\u00e9\"},\"image\":{\"@id\":\"https:\/\/guineediversite.com\/#\/schema\/logo\/image\/\"},\"sameAs\":[\"https:\/\/www.facebook.com\/guineediversite\/\",\"https:\/\/x.com\/GuineeDiversite\",\"https:\/\/www.youtube.com\/channel\/UC8sUY16qelG5ge6_D5SB83g\"]},{\"@type\":\"Person\",\"@id\":\"https:\/\/guineediversite.com\/#\/schema\/person\/afa08fb34e7fc6e1feafc892612bc836\",\"name\":\"Guin\u00e9e Diversit\u00e9\",\"image\":{\"@type\":\"ImageObject\",\"inLanguage\":\"fr-FR\",\"@id\":\"https:\/\/guineediversite.com\/#\/schema\/person\/image\/\",\"url\":\"https:\/\/secure.gravatar.com\/avatar\/50d5eb5b390f8b65ac30ac6f898eb83a?s=96&d=mm&r=g\",\"contentUrl\":\"https:\/\/secure.gravatar.com\/avatar\/50d5eb5b390f8b65ac30ac6f898eb83a?s=96&d=mm&r=g\",\"caption\":\"Guin\u00e9e Diversit\u00e9\"},\"url\":\"https:\/\/guineediversite.com\/index.php\/author\/guineediversite\/\"}]}<\/script>\n<!-- \/ Yoast SEO plugin. -->","yoast_head_json":{"title":"43e anniversaire des pendaisons du 25 Janvier 1971 : les victimes demandent justice | Guin\u00e9e Diversit\u00e9","robots":{"index":"index","follow":"follow","max-snippet":"max-snippet:-1","max-image-preview":"max-image-preview:large","max-video-preview":"max-video-preview:-1"},"canonical":"https:\/\/guineediversite.com\/index.php\/2013\/12\/31\/43e-anniversaire-des-pendaisons-du-25-janvier-1971-les-victimes-demandent-justice\/","og_locale":"fr_FR","og_type":"article","og_title":"43e anniversaire des pendaisons du 25 Janvier 1971 : les victimes demandent justice | Guin\u00e9e Diversit\u00e9","og_description":"C\u2019est sous le th\u00e8me \u00ab plus jamais \u00e7a \u00bb, que le 43e anniversaire des pendaisons du 25 Janvier 1971 a \u00e9t\u00e9 c\u00e9l\u00e9br\u00e9 ce Samedi 25 Janvier 2014 \u00e0 Conakry. A cette occasion, les membres de cette association se sont donn\u00e9s rendez- vous au pont 8 Novembre, situ\u00e9 dans la commune de Kaloum. Cette rencontre a [&hellip;]","og_url":"https:\/\/guineediversite.com\/index.php\/2013\/12\/31\/43e-anniversaire-des-pendaisons-du-25-janvier-1971-les-victimes-demandent-justice\/","og_site_name":"Guin\u00e9e Diversit\u00e9","article_publisher":"https:\/\/www.facebook.com\/guineediversite\/","article_published_time":"2013-12-30T23:00:00+00:00","author":"Guin\u00e9e Diversit\u00e9","twitter_card":"summary_large_image","twitter_creator":"@GuineeDiversite","twitter_site":"@GuineeDiversite","twitter_misc":{"\u00c9crit par":"Guin\u00e9e Diversit\u00e9","Dur\u00e9e de lecture estim\u00e9e":"1 minute"},"schema":{"@context":"https:\/\/schema.org","@graph":[{"@type":"Article","@id":"https:\/\/guineediversite.com\/index.php\/2013\/12\/31\/43e-anniversaire-des-pendaisons-du-25-janvier-1971-les-victimes-demandent-justice\/#article","isPartOf":{"@id":"https:\/\/guineediversite.com\/index.php\/2013\/12\/31\/43e-anniversaire-des-pendaisons-du-25-janvier-1971-les-victimes-demandent-justice\/"},"author":{"name":"Guin\u00e9e Diversit\u00e9","@id":"https:\/\/guineediversite.com\/#\/schema\/person\/afa08fb34e7fc6e1feafc892612bc836"},"headline":"43e anniversaire des pendaisons du 25 Janvier 1971 : les victimes demandent justice","datePublished":"2013-12-30T23:00:00+00:00","dateModified":"2013-12-30T23:00:00+00:00","mainEntityOfPage":{"@id":"https:\/\/guineediversite.com\/index.php\/2013\/12\/31\/43e-anniversaire-des-pendaisons-du-25-janvier-1971-les-victimes-demandent-justice\/"},"wordCount":283,"commentCount":0,"publisher":{"@id":"https:\/\/guineediversite.com\/#organization"},"articleSection":["Archives"],"inLanguage":"fr-FR","potentialAction":[{"@type":"CommentAction","name":"Comment","target":["https:\/\/guineediversite.com\/index.php\/2013\/12\/31\/43e-anniversaire-des-pendaisons-du-25-janvier-1971-les-victimes-demandent-justice\/#respond"]}]},{"@type":"WebPage","@id":"https:\/\/guineediversite.com\/index.php\/2013\/12\/31\/43e-anniversaire-des-pendaisons-du-25-janvier-1971-les-victimes-demandent-justice\/","url":"https:\/\/guineediversite.com\/index.php\/2013\/12\/31\/43e-anniversaire-des-pendaisons-du-25-janvier-1971-les-victimes-demandent-justice\/","name":"43e anniversaire des pendaisons du 25 Janvier 1971 : les victimes demandent justice | Guin\u00e9e Diversit\u00e9","isPartOf":{"@id":"https:\/\/guineediversite.com\/#website"},"datePublished":"2013-12-30T23:00:00+00:00","dateModified":"2013-12-30T23:00:00+00:00","breadcrumb":{"@id":"https:\/\/guineediversite.com\/index.php\/2013\/12\/31\/43e-anniversaire-des-pendaisons-du-25-janvier-1971-les-victimes-demandent-justice\/#breadcrumb"},"inLanguage":"fr-FR","potentialAction":[{"@type":"ReadAction","target":["https:\/\/guineediversite.com\/index.php\/2013\/12\/31\/43e-anniversaire-des-pendaisons-du-25-janvier-1971-les-victimes-demandent-justice\/"]}]},{"@type":"BreadcrumbList","@id":"https:\/\/guineediversite.com\/index.php\/2013\/12\/31\/43e-anniversaire-des-pendaisons-du-25-janvier-1971-les-victimes-demandent-justice\/#breadcrumb","itemListElement":[{"@type":"ListItem","position":1,"name":"Accueil","item":"https:\/\/guineediversite.com\/"},{"@type":"ListItem","position":2,"name":"43e anniversaire des pendaisons du 25 Janvier 1971 : les victimes demandent justice"}]},{"@type":"WebSite","@id":"https:\/\/guineediversite.com\/#website","url":"https:\/\/guineediversite.com\/","name":"Guin\u00e9e Diversit\u00e9","description":"L&#039;Info dans toute sa diversit\u00e9","publisher":{"@id":"https:\/\/guineediversite.com\/#organization"},"potentialAction":[{"@type":"SearchAction","target":{"@type":"EntryPoint","urlTemplate":"https:\/\/guineediversite.com\/?s={search_term_string}"},"query-input":{"@type":"PropertyValueSpecification","valueRequired":true,"valueName":"search_term_string"}}],"inLanguage":"fr-FR"},{"@type":"Organization","@id":"https:\/\/guineediversite.com\/#organization","name":"Guin\u00e9e Diversit\u00e9","url":"https:\/\/guineediversite.com\/","logo":{"@type":"ImageObject","inLanguage":"fr-FR","@id":"https:\/\/guineediversite.com\/#\/schema\/logo\/image\/","url":"https:\/\/guineediversite.com\/wp-content\/uploads\/2017\/04\/cropped-1jojlxEOMkX9Wyqfhe43D6kjPOGqBBKmx3EwWJqZ0cMrFF54yM49.png","contentUrl":"https:\/\/guineediversite.com\/wp-content\/uploads\/2017\/04\/cropped-1jojlxEOMkX9Wyqfhe43D6kjPOGqBBKmx3EwWJqZ0cMrFF54yM49.png","width":186,"height":112,"caption":"Guin\u00e9e Diversit\u00e9"},"image":{"@id":"https:\/\/guineediversite.com\/#\/schema\/logo\/image\/"},"sameAs":["https:\/\/www.facebook.com\/guineediversite\/","https:\/\/x.com\/GuineeDiversite","https:\/\/www.youtube.com\/channel\/UC8sUY16qelG5ge6_D5SB83g"]},{"@type":"Person","@id":"https:\/\/guineediversite.com\/#\/schema\/person\/afa08fb34e7fc6e1feafc892612bc836","name":"Guin\u00e9e Diversit\u00e9","image":{"@type":"ImageObject","inLanguage":"fr-FR","@id":"https:\/\/guineediversite.com\/#\/schema\/person\/image\/","url":"https:\/\/secure.gravatar.com\/avatar\/50d5eb5b390f8b65ac30ac6f898eb83a?s=96&d=mm&r=g","contentUrl":"https:\/\/secure.gravatar.com\/avatar\/50d5eb5b390f8b65ac30ac6f898eb83a?s=96&d=mm&r=g","caption":"Guin\u00e9e Diversit\u00e9"},"url":"https:\/\/guineediversite.com\/index.php\/author\/guineediversite\/"}]}},"_links":{"self":[{"href":"https:\/\/guineediversite.com\/index.php\/wp-json\/wp\/v2\/posts\/19736"}],"collection":[{"href":"https:\/\/guineediversite.com\/index.php\/wp-json\/wp\/v2\/posts"}],"about":[{"href":"https:\/\/guineediversite.com\/index.php\/wp-json\/wp\/v2\/types\/post"}],"author":[{"embeddable":true,"href":"https:\/\/guineediversite.com\/index.php\/wp-json\/wp\/v2\/users\/12"}],"replies":[{"embeddable":true,"href":"https:\/\/guineediversite.com\/index.php\/wp-json\/wp\/v2\/comments?post=19736"}],"version-history":[{"count":0,"href":"https:\/\/guineediversite.com\/index.php\/wp-json\/wp\/v2\/posts\/19736\/revisions"}],"wp:attachment":[{"href":"https:\/\/guineediversite.com\/index.php\/wp-json\/wp\/v2\/media?parent=19736"}],"wp:term":[{"taxonomy":"category","embeddable":true,"href":"https:\/\/guineediversite.com\/index.php\/wp-json\/wp\/v2\/categories?post=19736"},{"taxonomy":"post_tag","embeddable":true,"href":"https:\/\/guineediversite.com\/index.php\/wp-json\/wp\/v2\/tags?post=19736"}],"curies":[{"name":"wp","href":"https:\/\/api.w.org\/{rel}","templated":true}]}}