{"id":19735,"date":"2013-12-31T00:00:00","date_gmt":"2013-12-30T23:00:00","guid":{"rendered":"https:\/\/www.guineediversite.com\/index.php\/2013\/12\/31\/alhousseiny-makanera-kake-annonce-ses-projets-pour-le-ministere-de-la-communication\/"},"modified":"2013-12-31T00:00:00","modified_gmt":"2013-12-30T23:00:00","slug":"alhousseiny-makanera-kake-annonce-ses-projets-pour-le-ministere-de-la-communication","status":"publish","type":"post","link":"https:\/\/guineediversite.com\/index.php\/2013\/12\/31\/alhousseiny-makanera-kake-annonce-ses-projets-pour-le-ministere-de-la-communication\/","title":{"rendered":"Alhousseiny Makanera Kak\u00e9 annonce ses projets pour le Minist\u00e8re de la communication"},"content":{"rendered":"<p>Alhousseiny Makanera Kak\u00e9 a officiellement pris fonction ce vendredi 24 janvier 2014, \u00e0 la t\u00eate du minist\u00e8re de la communication. Dans son discours de circonstance, le nouveau ministre de la communication a rendu un vibrant hommage  \u00e0 son \u00ab grand parti \u00bb, le RPG Arc-en-ciel gr\u00e2ce auquel il a \u00e9t\u00e9 nomm\u00e9 ministre.  <\/p>\n<p>En suite, Dr Makanera dit avoir mesur\u00e9 le poids de la responsabilit\u00e9 qui lui est  confi\u00e9e et l\u2019importance de la fonction, avant de s\u2019engager de r\u00e9pondre promptement aux attentes de la population guin\u00e9enne, en mettant en \u0153uvre le programme de d\u00e9veloppement du Pr\u00e9sident Alpha Cond\u00e9 qui, selon lui, est sa premi\u00e8re mission.<\/p>\n<p> \u00ab J\u2019invite honorablement les journalistes, les entreprises de presses priv\u00e9es et publique \u00e0 une franche collaboration pour qu\u2019ensemble, les piliers d\u2019une bonne et juste collaboration soit \u00e9difi\u00e9es dans l\u2019int\u00e9r\u00eat de notre pays. Pour cela, je vous tends la main tout en vous invitant au stricte respect des lois et r\u00e8glements du m\u00e9tier \u00bb a d\u00e9clar\u00e9 Alhousseiny Makanera Kak\u00e9.<br \/>\n Renforcer  l\u2019ind\u00e9pendance de la presse guin\u00e9enne et la rendre  plus professionnelle et soucieuse de sa responsabilit\u00e9 dans l\u2019\u00e9dification d\u2019une d\u00e9mocratie forte, sont entre autres,  les priorit\u00e9s du nouveau ministre de la communication.<\/p>\n<p>Pour rappel, Alhousseiny Makanera Kak\u00e9 avant d\u2019\u00eatre nomm\u00e9 ministre dans le nouveau gouvernement de Mohamed Sa\u00efd Fofana, \u00e9tait Conseill\u00e9 charg\u00e9 de mission au minist\u00e8re de l\u2019administration du territoire et de la d\u00e9centralisation. Il est \u00e9galement un membre actif du RPG Arc-en-ciel, parti au pouvoir.<\/p>\n<p>Thierno Moussa Bah<\/p>\n","protected":false},"excerpt":{"rendered":"<p>Alhousseiny Makanera Kak\u00e9 a officiellement pris fonction ce vendredi 24 janvier 2014, \u00e0 la t\u00eate du minist\u00e8re de la communication. Dans son discours de circonstance, le nouveau ministre de la communication a rendu un vibrant hommage \u00e0 son \u00ab grand parti \u00bb, le RPG Arc-en-ciel gr\u00e2ce auquel il a \u00e9t\u00e9 nomm\u00e9 ministre. En suite, Dr [&hellip;]<\/p>\n","protected":false},"author":12,"featured_media":0,"comment_status":"open","ping_status":"open","sticky":false,"template":"","format":"standard","meta":{"_exactmetrics_skip_tracking":false,"_exactmetrics_sitenote_active":false,"_exactmetrics_sitenote_note":"","_exactmetrics_sitenote_category":0,"tdm_status":"","tdm_grid_status":"","footnotes":""},"categories":[28],"tags":[],"class_list":{"0":"post-19735","1":"post","2":"type-post","3":"status-publish","4":"format-standard","6":"category-archives"},"yoast_head":"<!-- This site is optimized with the Yoast SEO plugin v24.2 - https:\/\/yoast.com\/wordpress\/plugins\/seo\/ -->\n<title>Alhousseiny Makanera Kak\u00e9 annonce ses projets pour le Minist\u00e8re de la communication | Guin\u00e9e Diversit\u00e9<\/title>\n<meta name=\"robots\" content=\"index, follow, max-snippet:-1, max-image-preview:large, max-video-preview:-1\" \/>\n<link rel=\"canonical\" href=\"https:\/\/guineediversite.com\/index.php\/2013\/12\/31\/alhousseiny-makanera-kake-annonce-ses-projets-pour-le-ministere-de-la-communication\/\" \/>\n<meta property=\"og:locale\" content=\"fr_FR\" \/>\n<meta property=\"og:type\" content=\"article\" \/>\n<meta property=\"og:title\" content=\"Alhousseiny Makanera Kak\u00e9 annonce ses projets pour le Minist\u00e8re de la communication | Guin\u00e9e Diversit\u00e9\" \/>\n<meta property=\"og:description\" content=\"Alhousseiny Makanera Kak\u00e9 a officiellement pris fonction ce vendredi 24 janvier 2014, \u00e0 la t\u00eate du minist\u00e8re de la communication. Dans son discours de circonstance, le nouveau ministre de la communication a rendu un vibrant hommage \u00e0 son \u00ab grand parti \u00bb, le RPG Arc-en-ciel gr\u00e2ce auquel il a \u00e9t\u00e9 nomm\u00e9 ministre. En suite, Dr [&hellip;]\" \/>\n<meta property=\"og:url\" content=\"https:\/\/guineediversite.com\/index.php\/2013\/12\/31\/alhousseiny-makanera-kake-annonce-ses-projets-pour-le-ministere-de-la-communication\/\" \/>\n<meta property=\"og:site_name\" content=\"Guin\u00e9e Diversit\u00e9\" \/>\n<meta property=\"article:publisher\" content=\"https:\/\/www.facebook.com\/guineediversite\/\" \/>\n<meta property=\"article:published_time\" content=\"2013-12-30T23:00:00+00:00\" \/>\n<meta name=\"author\" content=\"Guin\u00e9e Diversit\u00e9\" \/>\n<meta name=\"twitter:card\" content=\"summary_large_image\" \/>\n<meta name=\"twitter:creator\" content=\"@GuineeDiversite\" \/>\n<meta name=\"twitter:site\" content=\"@GuineeDiversite\" \/>\n<meta name=\"twitter:label1\" content=\"\u00c9crit par\" \/>\n\t<meta name=\"twitter:data1\" content=\"Guin\u00e9e Diversit\u00e9\" \/>\n\t<meta name=\"twitter:label2\" content=\"Dur\u00e9e de lecture estim\u00e9e\" \/>\n\t<meta name=\"twitter:data2\" content=\"1 minute\" \/>\n<script type=\"application\/ld+json\" class=\"yoast-schema-graph\">{\"@context\":\"https:\/\/schema.org\",\"@graph\":[{\"@type\":\"Article\",\"@id\":\"https:\/\/guineediversite.com\/index.php\/2013\/12\/31\/alhousseiny-makanera-kake-annonce-ses-projets-pour-le-ministere-de-la-communication\/#article\",\"isPartOf\":{\"@id\":\"https:\/\/guineediversite.com\/index.php\/2013\/12\/31\/alhousseiny-makanera-kake-annonce-ses-projets-pour-le-ministere-de-la-communication\/\"},\"author\":{\"name\":\"Guin\u00e9e Diversit\u00e9\",\"@id\":\"https:\/\/guineediversite.com\/#\/schema\/person\/afa08fb34e7fc6e1feafc892612bc836\"},\"headline\":\"Alhousseiny Makanera Kak\u00e9 annonce ses projets pour le Minist\u00e8re de la communication\",\"datePublished\":\"2013-12-30T23:00:00+00:00\",\"dateModified\":\"2013-12-30T23:00:00+00:00\",\"mainEntityOfPage\":{\"@id\":\"https:\/\/guineediversite.com\/index.php\/2013\/12\/31\/alhousseiny-makanera-kake-annonce-ses-projets-pour-le-ministere-de-la-communication\/\"},\"wordCount\":279,\"commentCount\":0,\"publisher\":{\"@id\":\"https:\/\/guineediversite.com\/#organization\"},\"articleSection\":[\"Archives\"],\"inLanguage\":\"fr-FR\",\"potentialAction\":[{\"@type\":\"CommentAction\",\"name\":\"Comment\",\"target\":[\"https:\/\/guineediversite.com\/index.php\/2013\/12\/31\/alhousseiny-makanera-kake-annonce-ses-projets-pour-le-ministere-de-la-communication\/#respond\"]}]},{\"@type\":\"WebPage\",\"@id\":\"https:\/\/guineediversite.com\/index.php\/2013\/12\/31\/alhousseiny-makanera-kake-annonce-ses-projets-pour-le-ministere-de-la-communication\/\",\"url\":\"https:\/\/guineediversite.com\/index.php\/2013\/12\/31\/alhousseiny-makanera-kake-annonce-ses-projets-pour-le-ministere-de-la-communication\/\",\"name\":\"Alhousseiny Makanera Kak\u00e9 annonce ses projets pour le Minist\u00e8re de la communication | Guin\u00e9e Diversit\u00e9\",\"isPartOf\":{\"@id\":\"https:\/\/guineediversite.com\/#website\"},\"datePublished\":\"2013-12-30T23:00:00+00:00\",\"dateModified\":\"2013-12-30T23:00:00+00:00\",\"breadcrumb\":{\"@id\":\"https:\/\/guineediversite.com\/index.php\/2013\/12\/31\/alhousseiny-makanera-kake-annonce-ses-projets-pour-le-ministere-de-la-communication\/#breadcrumb\"},\"inLanguage\":\"fr-FR\",\"potentialAction\":[{\"@type\":\"ReadAction\",\"target\":[\"https:\/\/guineediversite.com\/index.php\/2013\/12\/31\/alhousseiny-makanera-kake-annonce-ses-projets-pour-le-ministere-de-la-communication\/\"]}]},{\"@type\":\"BreadcrumbList\",\"@id\":\"https:\/\/guineediversite.com\/index.php\/2013\/12\/31\/alhousseiny-makanera-kake-annonce-ses-projets-pour-le-ministere-de-la-communication\/#breadcrumb\",\"itemListElement\":[{\"@type\":\"ListItem\",\"position\":1,\"name\":\"Accueil\",\"item\":\"https:\/\/guineediversite.com\/\"},{\"@type\":\"ListItem\",\"position\":2,\"name\":\"Alhousseiny Makanera Kak\u00e9 annonce ses projets pour le Minist\u00e8re de la communication\"}]},{\"@type\":\"WebSite\",\"@id\":\"https:\/\/guineediversite.com\/#website\",\"url\":\"https:\/\/guineediversite.com\/\",\"name\":\"Guin\u00e9e Diversit\u00e9\",\"description\":\"L&#039;Info dans toute sa diversit\u00e9\",\"publisher\":{\"@id\":\"https:\/\/guineediversite.com\/#organization\"},\"potentialAction\":[{\"@type\":\"SearchAction\",\"target\":{\"@type\":\"EntryPoint\",\"urlTemplate\":\"https:\/\/guineediversite.com\/?s={search_term_string}\"},\"query-input\":{\"@type\":\"PropertyValueSpecification\",\"valueRequired\":true,\"valueName\":\"search_term_string\"}}],\"inLanguage\":\"fr-FR\"},{\"@type\":\"Organization\",\"@id\":\"https:\/\/guineediversite.com\/#organization\",\"name\":\"Guin\u00e9e Diversit\u00e9\",\"url\":\"https:\/\/guineediversite.com\/\",\"logo\":{\"@type\":\"ImageObject\",\"inLanguage\":\"fr-FR\",\"@id\":\"https:\/\/guineediversite.com\/#\/schema\/logo\/image\/\",\"url\":\"https:\/\/guineediversite.com\/wp-content\/uploads\/2017\/04\/cropped-1jojlxEOMkX9Wyqfhe43D6kjPOGqBBKmx3EwWJqZ0cMrFF54yM49.png\",\"contentUrl\":\"https:\/\/guineediversite.com\/wp-content\/uploads\/2017\/04\/cropped-1jojlxEOMkX9Wyqfhe43D6kjPOGqBBKmx3EwWJqZ0cMrFF54yM49.png\",\"width\":186,\"height\":112,\"caption\":\"Guin\u00e9e Diversit\u00e9\"},\"image\":{\"@id\":\"https:\/\/guineediversite.com\/#\/schema\/logo\/image\/\"},\"sameAs\":[\"https:\/\/www.facebook.com\/guineediversite\/\",\"https:\/\/x.com\/GuineeDiversite\",\"https:\/\/www.youtube.com\/channel\/UC8sUY16qelG5ge6_D5SB83g\"]},{\"@type\":\"Person\",\"@id\":\"https:\/\/guineediversite.com\/#\/schema\/person\/afa08fb34e7fc6e1feafc892612bc836\",\"name\":\"Guin\u00e9e Diversit\u00e9\",\"image\":{\"@type\":\"ImageObject\",\"inLanguage\":\"fr-FR\",\"@id\":\"https:\/\/guineediversite.com\/#\/schema\/person\/image\/\",\"url\":\"https:\/\/secure.gravatar.com\/avatar\/50d5eb5b390f8b65ac30ac6f898eb83a?s=96&d=mm&r=g\",\"contentUrl\":\"https:\/\/secure.gravatar.com\/avatar\/50d5eb5b390f8b65ac30ac6f898eb83a?s=96&d=mm&r=g\",\"caption\":\"Guin\u00e9e Diversit\u00e9\"},\"url\":\"https:\/\/guineediversite.com\/index.php\/author\/guineediversite\/\"}]}<\/script>\n<!-- \/ Yoast SEO plugin. -->","yoast_head_json":{"title":"Alhousseiny Makanera Kak\u00e9 annonce ses projets pour le Minist\u00e8re de la communication | Guin\u00e9e Diversit\u00e9","robots":{"index":"index","follow":"follow","max-snippet":"max-snippet:-1","max-image-preview":"max-image-preview:large","max-video-preview":"max-video-preview:-1"},"canonical":"https:\/\/guineediversite.com\/index.php\/2013\/12\/31\/alhousseiny-makanera-kake-annonce-ses-projets-pour-le-ministere-de-la-communication\/","og_locale":"fr_FR","og_type":"article","og_title":"Alhousseiny Makanera Kak\u00e9 annonce ses projets pour le Minist\u00e8re de la communication | Guin\u00e9e Diversit\u00e9","og_description":"Alhousseiny Makanera Kak\u00e9 a officiellement pris fonction ce vendredi 24 janvier 2014, \u00e0 la t\u00eate du minist\u00e8re de la communication. Dans son discours de circonstance, le nouveau ministre de la communication a rendu un vibrant hommage \u00e0 son \u00ab grand parti \u00bb, le RPG Arc-en-ciel gr\u00e2ce auquel il a \u00e9t\u00e9 nomm\u00e9 ministre. En suite, Dr [&hellip;]","og_url":"https:\/\/guineediversite.com\/index.php\/2013\/12\/31\/alhousseiny-makanera-kake-annonce-ses-projets-pour-le-ministere-de-la-communication\/","og_site_name":"Guin\u00e9e Diversit\u00e9","article_publisher":"https:\/\/www.facebook.com\/guineediversite\/","article_published_time":"2013-12-30T23:00:00+00:00","author":"Guin\u00e9e Diversit\u00e9","twitter_card":"summary_large_image","twitter_creator":"@GuineeDiversite","twitter_site":"@GuineeDiversite","twitter_misc":{"\u00c9crit par":"Guin\u00e9e Diversit\u00e9","Dur\u00e9e de lecture estim\u00e9e":"1 minute"},"schema":{"@context":"https:\/\/schema.org","@graph":[{"@type":"Article","@id":"https:\/\/guineediversite.com\/index.php\/2013\/12\/31\/alhousseiny-makanera-kake-annonce-ses-projets-pour-le-ministere-de-la-communication\/#article","isPartOf":{"@id":"https:\/\/guineediversite.com\/index.php\/2013\/12\/31\/alhousseiny-makanera-kake-annonce-ses-projets-pour-le-ministere-de-la-communication\/"},"author":{"name":"Guin\u00e9e Diversit\u00e9","@id":"https:\/\/guineediversite.com\/#\/schema\/person\/afa08fb34e7fc6e1feafc892612bc836"},"headline":"Alhousseiny Makanera Kak\u00e9 annonce ses projets pour le Minist\u00e8re de la communication","datePublished":"2013-12-30T23:00:00+00:00","dateModified":"2013-12-30T23:00:00+00:00","mainEntityOfPage":{"@id":"https:\/\/guineediversite.com\/index.php\/2013\/12\/31\/alhousseiny-makanera-kake-annonce-ses-projets-pour-le-ministere-de-la-communication\/"},"wordCount":279,"commentCount":0,"publisher":{"@id":"https:\/\/guineediversite.com\/#organization"},"articleSection":["Archives"],"inLanguage":"fr-FR","potentialAction":[{"@type":"CommentAction","name":"Comment","target":["https:\/\/guineediversite.com\/index.php\/2013\/12\/31\/alhousseiny-makanera-kake-annonce-ses-projets-pour-le-ministere-de-la-communication\/#respond"]}]},{"@type":"WebPage","@id":"https:\/\/guineediversite.com\/index.php\/2013\/12\/31\/alhousseiny-makanera-kake-annonce-ses-projets-pour-le-ministere-de-la-communication\/","url":"https:\/\/guineediversite.com\/index.php\/2013\/12\/31\/alhousseiny-makanera-kake-annonce-ses-projets-pour-le-ministere-de-la-communication\/","name":"Alhousseiny Makanera Kak\u00e9 annonce ses projets pour le Minist\u00e8re de la communication | Guin\u00e9e Diversit\u00e9","isPartOf":{"@id":"https:\/\/guineediversite.com\/#website"},"datePublished":"2013-12-30T23:00:00+00:00","dateModified":"2013-12-30T23:00:00+00:00","breadcrumb":{"@id":"https:\/\/guineediversite.com\/index.php\/2013\/12\/31\/alhousseiny-makanera-kake-annonce-ses-projets-pour-le-ministere-de-la-communication\/#breadcrumb"},"inLanguage":"fr-FR","potentialAction":[{"@type":"ReadAction","target":["https:\/\/guineediversite.com\/index.php\/2013\/12\/31\/alhousseiny-makanera-kake-annonce-ses-projets-pour-le-ministere-de-la-communication\/"]}]},{"@type":"BreadcrumbList","@id":"https:\/\/guineediversite.com\/index.php\/2013\/12\/31\/alhousseiny-makanera-kake-annonce-ses-projets-pour-le-ministere-de-la-communication\/#breadcrumb","itemListElement":[{"@type":"ListItem","position":1,"name":"Accueil","item":"https:\/\/guineediversite.com\/"},{"@type":"ListItem","position":2,"name":"Alhousseiny Makanera Kak\u00e9 annonce ses projets pour le Minist\u00e8re de la communication"}]},{"@type":"WebSite","@id":"https:\/\/guineediversite.com\/#website","url":"https:\/\/guineediversite.com\/","name":"Guin\u00e9e Diversit\u00e9","description":"L&#039;Info dans toute sa diversit\u00e9","publisher":{"@id":"https:\/\/guineediversite.com\/#organization"},"potentialAction":[{"@type":"SearchAction","target":{"@type":"EntryPoint","urlTemplate":"https:\/\/guineediversite.com\/?s={search_term_string}"},"query-input":{"@type":"PropertyValueSpecification","valueRequired":true,"valueName":"search_term_string"}}],"inLanguage":"fr-FR"},{"@type":"Organization","@id":"https:\/\/guineediversite.com\/#organization","name":"Guin\u00e9e Diversit\u00e9","url":"https:\/\/guineediversite.com\/","logo":{"@type":"ImageObject","inLanguage":"fr-FR","@id":"https:\/\/guineediversite.com\/#\/schema\/logo\/image\/","url":"https:\/\/guineediversite.com\/wp-content\/uploads\/2017\/04\/cropped-1jojlxEOMkX9Wyqfhe43D6kjPOGqBBKmx3EwWJqZ0cMrFF54yM49.png","contentUrl":"https:\/\/guineediversite.com\/wp-content\/uploads\/2017\/04\/cropped-1jojlxEOMkX9Wyqfhe43D6kjPOGqBBKmx3EwWJqZ0cMrFF54yM49.png","width":186,"height":112,"caption":"Guin\u00e9e Diversit\u00e9"},"image":{"@id":"https:\/\/guineediversite.com\/#\/schema\/logo\/image\/"},"sameAs":["https:\/\/www.facebook.com\/guineediversite\/","https:\/\/x.com\/GuineeDiversite","https:\/\/www.youtube.com\/channel\/UC8sUY16qelG5ge6_D5SB83g"]},{"@type":"Person","@id":"https:\/\/guineediversite.com\/#\/schema\/person\/afa08fb34e7fc6e1feafc892612bc836","name":"Guin\u00e9e Diversit\u00e9","image":{"@type":"ImageObject","inLanguage":"fr-FR","@id":"https:\/\/guineediversite.com\/#\/schema\/person\/image\/","url":"https:\/\/secure.gravatar.com\/avatar\/50d5eb5b390f8b65ac30ac6f898eb83a?s=96&d=mm&r=g","contentUrl":"https:\/\/secure.gravatar.com\/avatar\/50d5eb5b390f8b65ac30ac6f898eb83a?s=96&d=mm&r=g","caption":"Guin\u00e9e Diversit\u00e9"},"url":"https:\/\/guineediversite.com\/index.php\/author\/guineediversite\/"}]}},"_links":{"self":[{"href":"https:\/\/guineediversite.com\/index.php\/wp-json\/wp\/v2\/posts\/19735"}],"collection":[{"href":"https:\/\/guineediversite.com\/index.php\/wp-json\/wp\/v2\/posts"}],"about":[{"href":"https:\/\/guineediversite.com\/index.php\/wp-json\/wp\/v2\/types\/post"}],"author":[{"embeddable":true,"href":"https:\/\/guineediversite.com\/index.php\/wp-json\/wp\/v2\/users\/12"}],"replies":[{"embeddable":true,"href":"https:\/\/guineediversite.com\/index.php\/wp-json\/wp\/v2\/comments?post=19735"}],"version-history":[{"count":0,"href":"https:\/\/guineediversite.com\/index.php\/wp-json\/wp\/v2\/posts\/19735\/revisions"}],"wp:attachment":[{"href":"https:\/\/guineediversite.com\/index.php\/wp-json\/wp\/v2\/media?parent=19735"}],"wp:term":[{"taxonomy":"category","embeddable":true,"href":"https:\/\/guineediversite.com\/index.php\/wp-json\/wp\/v2\/categories?post=19735"},{"taxonomy":"post_tag","embeddable":true,"href":"https:\/\/guineediversite.com\/index.php\/wp-json\/wp\/v2\/tags?post=19735"}],"curies":[{"name":"wp","href":"https:\/\/api.w.org\/{rel}","templated":true}]}}