{"id":19729,"date":"2013-12-31T00:00:00","date_gmt":"2013-12-30T23:00:00","guid":{"rendered":"https:\/\/www.guineediversite.com\/index.php\/2013\/12\/31\/lassociation-des-victimes-du-camp-boiro-reclament-justice-au-tour-des-executions-tragiques-de-janvier-1971\/"},"modified":"2013-12-31T00:00:00","modified_gmt":"2013-12-30T23:00:00","slug":"lassociation-des-victimes-du-camp-boiro-reclament-justice-au-tour-des-executions-tragiques-de-janvier-1971","status":"publish","type":"post","link":"https:\/\/guineediversite.com\/index.php\/2013\/12\/31\/lassociation-des-victimes-du-camp-boiro-reclament-justice-au-tour-des-executions-tragiques-de-janvier-1971\/","title":{"rendered":"L\u2019association des victimes du camp Boiro r\u00e9clament justice au tour des ex\u00e9cutions tragiques de janvier 1971"},"content":{"rendered":"<p>L\u2019association des victimes du camp Boiro a anim\u00e9 ce jeudi 23 janvier 2014 une conf\u00e9rence de presse en pr\u00e9lude de la 43\u00e8me   comm\u00e9moration de ce triste anniversaire, sous le th\u00e8me \u00ab  plus jamais \u00e7a \u00bb.<br \/>\nAu cours de cette conf\u00e9rence, les membres de l\u2019association sont revenus sur les ex\u00e9cutions d\u2019une centaine des guin\u00e9ens sous le r\u00e9gime d\u2019Ahmed S\u00e9kou Tour\u00e9. C\u2019est notamment le cas de la nuit du 25 janvier 1971. Une nuit pendant laquelle, des intellectuels guin\u00e9ens ont \u00e9t\u00e9 pendus sur le pont 8 novembre ici m\u00eame \u00e0 Kaloum. Ils s\u2019agissaient pr\u00e9cis\u00e9ment  de Barry III, Bald\u00e9 Ousmane, Magassouba Moriba et Keita Kara, tous compagnons de l\u2019ind\u00e9pendance. Dans la m\u00eame nuit du 24 au 25 janvier 1971, environs 85 personnes tous des hauts cadres de l\u2019Etat, ont \u00e9t\u00e9 ex\u00e9cut\u00e9 dans les 33 pr\u00e9fectures de la Guin\u00e9e.<br \/>\nPlus de 40 ans apr\u00e8s, les parents et amis des victimes attendent toujours justice. Pour le pr\u00e9sident de l\u2019Association des victimes du camp Boiro, Dr Fod\u00e9 Marega \u00ab rendre justice, c\u2019est d\u2019abord reconnaitre le caract\u00e8re extrajudiciaire des instances qualifi\u00e9es du tribunal populaire et r\u00e9volutionnaire, qui ont si\u00e9g\u00e9 en dehors des institutions juridictionnelles l\u00e9gales et au m\u00e9pris des lois et r\u00e8glement de l\u2019\u00e9poque \u00bb.<br \/>\nPlus loin, l\u2019AVCB r\u00e9clame l\u2019identification des fosses communes et les tombes des victimes. L\u2019Association souhaite aussi que l\u2019Etat reconnaisse que ces hommes et leurs familles ont subit aveuglement l\u2019abus de l\u2019Etat.<br \/>\n \u00ab Je suis d\u00e9put\u00e9 \u00e9lu \u00e0 la nouvelle Assembl\u00e9e nationale, je ferai de mon mieux pour d\u00e9fendre \u00e0 l\u2019h\u00e9micycle, le dossier des victimes des r\u00e9gimes politiques surtout ceux de S\u00e9kou Tour\u00e9 \u00bb s\u2019est engag\u00e9 Dr Fod\u00e9 Mar\u00e9ga. En attendant que   justice soit faite sur cette douloureuse page de l\u2019histoire de la Guin\u00e9e, les membres de l\u2019Association organisent chaque 25 janvier, une journ\u00e9e de pri\u00e8re, pour le repos des \u00e2mes des personnes ex\u00e9cut\u00e9es sous le r\u00e8gne de S\u00e9kou Tour\u00e9.<\/p>\n<p>Thierno Abdoul Bald\u00e9<br \/>\n +224 657 385 876<\/p>\n","protected":false},"excerpt":{"rendered":"<p>L\u2019association des victimes du camp Boiro a anim\u00e9 ce jeudi 23 janvier 2014 une conf\u00e9rence de presse en pr\u00e9lude de la 43\u00e8me comm\u00e9moration de ce triste anniversaire, sous le th\u00e8me \u00ab plus jamais \u00e7a \u00bb. Au cours de cette conf\u00e9rence, les membres de l\u2019association sont revenus sur les ex\u00e9cutions d\u2019une centaine des guin\u00e9ens sous le [&hellip;]<\/p>\n","protected":false},"author":12,"featured_media":0,"comment_status":"open","ping_status":"open","sticky":false,"template":"","format":"standard","meta":{"_exactmetrics_skip_tracking":false,"_exactmetrics_sitenote_active":false,"_exactmetrics_sitenote_note":"","_exactmetrics_sitenote_category":0,"tdm_status":"","tdm_grid_status":"","footnotes":""},"categories":[28],"tags":[],"class_list":{"0":"post-19729","1":"post","2":"type-post","3":"status-publish","4":"format-standard","6":"category-archives"},"yoast_head":"<!-- This site is optimized with the Yoast SEO plugin v24.2 - https:\/\/yoast.com\/wordpress\/plugins\/seo\/ -->\n<title>L\u2019association des victimes du camp Boiro r\u00e9clament justice au tour des ex\u00e9cutions tragiques de janvier 1971 | Guin\u00e9e Diversit\u00e9<\/title>\n<meta name=\"robots\" content=\"index, follow, max-snippet:-1, max-image-preview:large, max-video-preview:-1\" \/>\n<link rel=\"canonical\" href=\"https:\/\/guineediversite.com\/index.php\/2013\/12\/31\/lassociation-des-victimes-du-camp-boiro-reclament-justice-au-tour-des-executions-tragiques-de-janvier-1971\/\" \/>\n<meta property=\"og:locale\" content=\"fr_FR\" \/>\n<meta property=\"og:type\" content=\"article\" \/>\n<meta property=\"og:title\" content=\"L\u2019association des victimes du camp Boiro r\u00e9clament justice au tour des ex\u00e9cutions tragiques de janvier 1971 | Guin\u00e9e Diversit\u00e9\" \/>\n<meta property=\"og:description\" content=\"L\u2019association des victimes du camp Boiro a anim\u00e9 ce jeudi 23 janvier 2014 une conf\u00e9rence de presse en pr\u00e9lude de la 43\u00e8me comm\u00e9moration de ce triste anniversaire, sous le th\u00e8me \u00ab plus jamais \u00e7a \u00bb. Au cours de cette conf\u00e9rence, les membres de l\u2019association sont revenus sur les ex\u00e9cutions d\u2019une centaine des guin\u00e9ens sous le [&hellip;]\" \/>\n<meta property=\"og:url\" content=\"https:\/\/guineediversite.com\/index.php\/2013\/12\/31\/lassociation-des-victimes-du-camp-boiro-reclament-justice-au-tour-des-executions-tragiques-de-janvier-1971\/\" \/>\n<meta property=\"og:site_name\" content=\"Guin\u00e9e Diversit\u00e9\" \/>\n<meta property=\"article:publisher\" content=\"https:\/\/www.facebook.com\/guineediversite\/\" \/>\n<meta property=\"article:published_time\" content=\"2013-12-30T23:00:00+00:00\" \/>\n<meta name=\"author\" content=\"Guin\u00e9e Diversit\u00e9\" \/>\n<meta name=\"twitter:card\" content=\"summary_large_image\" \/>\n<meta name=\"twitter:creator\" content=\"@GuineeDiversite\" \/>\n<meta name=\"twitter:site\" content=\"@GuineeDiversite\" \/>\n<meta name=\"twitter:label1\" content=\"\u00c9crit par\" \/>\n\t<meta name=\"twitter:data1\" content=\"Guin\u00e9e Diversit\u00e9\" \/>\n\t<meta name=\"twitter:label2\" content=\"Dur\u00e9e de lecture estim\u00e9e\" \/>\n\t<meta name=\"twitter:data2\" content=\"2 minutes\" \/>\n<script type=\"application\/ld+json\" class=\"yoast-schema-graph\">{\"@context\":\"https:\/\/schema.org\",\"@graph\":[{\"@type\":\"Article\",\"@id\":\"https:\/\/guineediversite.com\/index.php\/2013\/12\/31\/lassociation-des-victimes-du-camp-boiro-reclament-justice-au-tour-des-executions-tragiques-de-janvier-1971\/#article\",\"isPartOf\":{\"@id\":\"https:\/\/guineediversite.com\/index.php\/2013\/12\/31\/lassociation-des-victimes-du-camp-boiro-reclament-justice-au-tour-des-executions-tragiques-de-janvier-1971\/\"},\"author\":{\"name\":\"Guin\u00e9e Diversit\u00e9\",\"@id\":\"https:\/\/guineediversite.com\/#\/schema\/person\/afa08fb34e7fc6e1feafc892612bc836\"},\"headline\":\"L\u2019association des victimes du camp Boiro r\u00e9clament justice au tour des ex\u00e9cutions tragiques de janvier 1971\",\"datePublished\":\"2013-12-30T23:00:00+00:00\",\"dateModified\":\"2013-12-30T23:00:00+00:00\",\"mainEntityOfPage\":{\"@id\":\"https:\/\/guineediversite.com\/index.php\/2013\/12\/31\/lassociation-des-victimes-du-camp-boiro-reclament-justice-au-tour-des-executions-tragiques-de-janvier-1971\/\"},\"wordCount\":371,\"commentCount\":0,\"publisher\":{\"@id\":\"https:\/\/guineediversite.com\/#organization\"},\"articleSection\":[\"Archives\"],\"inLanguage\":\"fr-FR\",\"potentialAction\":[{\"@type\":\"CommentAction\",\"name\":\"Comment\",\"target\":[\"https:\/\/guineediversite.com\/index.php\/2013\/12\/31\/lassociation-des-victimes-du-camp-boiro-reclament-justice-au-tour-des-executions-tragiques-de-janvier-1971\/#respond\"]}]},{\"@type\":\"WebPage\",\"@id\":\"https:\/\/guineediversite.com\/index.php\/2013\/12\/31\/lassociation-des-victimes-du-camp-boiro-reclament-justice-au-tour-des-executions-tragiques-de-janvier-1971\/\",\"url\":\"https:\/\/guineediversite.com\/index.php\/2013\/12\/31\/lassociation-des-victimes-du-camp-boiro-reclament-justice-au-tour-des-executions-tragiques-de-janvier-1971\/\",\"name\":\"L\u2019association des victimes du camp Boiro r\u00e9clament justice au tour des ex\u00e9cutions tragiques de janvier 1971 | Guin\u00e9e Diversit\u00e9\",\"isPartOf\":{\"@id\":\"https:\/\/guineediversite.com\/#website\"},\"datePublished\":\"2013-12-30T23:00:00+00:00\",\"dateModified\":\"2013-12-30T23:00:00+00:00\",\"breadcrumb\":{\"@id\":\"https:\/\/guineediversite.com\/index.php\/2013\/12\/31\/lassociation-des-victimes-du-camp-boiro-reclament-justice-au-tour-des-executions-tragiques-de-janvier-1971\/#breadcrumb\"},\"inLanguage\":\"fr-FR\",\"potentialAction\":[{\"@type\":\"ReadAction\",\"target\":[\"https:\/\/guineediversite.com\/index.php\/2013\/12\/31\/lassociation-des-victimes-du-camp-boiro-reclament-justice-au-tour-des-executions-tragiques-de-janvier-1971\/\"]}]},{\"@type\":\"BreadcrumbList\",\"@id\":\"https:\/\/guineediversite.com\/index.php\/2013\/12\/31\/lassociation-des-victimes-du-camp-boiro-reclament-justice-au-tour-des-executions-tragiques-de-janvier-1971\/#breadcrumb\",\"itemListElement\":[{\"@type\":\"ListItem\",\"position\":1,\"name\":\"Accueil\",\"item\":\"https:\/\/guineediversite.com\/\"},{\"@type\":\"ListItem\",\"position\":2,\"name\":\"L\u2019association des victimes du camp Boiro r\u00e9clament justice au tour des ex\u00e9cutions tragiques de janvier 1971\"}]},{\"@type\":\"WebSite\",\"@id\":\"https:\/\/guineediversite.com\/#website\",\"url\":\"https:\/\/guineediversite.com\/\",\"name\":\"Guin\u00e9e Diversit\u00e9\",\"description\":\"L&#039;Info dans toute sa diversit\u00e9\",\"publisher\":{\"@id\":\"https:\/\/guineediversite.com\/#organization\"},\"potentialAction\":[{\"@type\":\"SearchAction\",\"target\":{\"@type\":\"EntryPoint\",\"urlTemplate\":\"https:\/\/guineediversite.com\/?s={search_term_string}\"},\"query-input\":{\"@type\":\"PropertyValueSpecification\",\"valueRequired\":true,\"valueName\":\"search_term_string\"}}],\"inLanguage\":\"fr-FR\"},{\"@type\":\"Organization\",\"@id\":\"https:\/\/guineediversite.com\/#organization\",\"name\":\"Guin\u00e9e Diversit\u00e9\",\"url\":\"https:\/\/guineediversite.com\/\",\"logo\":{\"@type\":\"ImageObject\",\"inLanguage\":\"fr-FR\",\"@id\":\"https:\/\/guineediversite.com\/#\/schema\/logo\/image\/\",\"url\":\"https:\/\/guineediversite.com\/wp-content\/uploads\/2017\/04\/cropped-1jojlxEOMkX9Wyqfhe43D6kjPOGqBBKmx3EwWJqZ0cMrFF54yM49.png\",\"contentUrl\":\"https:\/\/guineediversite.com\/wp-content\/uploads\/2017\/04\/cropped-1jojlxEOMkX9Wyqfhe43D6kjPOGqBBKmx3EwWJqZ0cMrFF54yM49.png\",\"width\":186,\"height\":112,\"caption\":\"Guin\u00e9e Diversit\u00e9\"},\"image\":{\"@id\":\"https:\/\/guineediversite.com\/#\/schema\/logo\/image\/\"},\"sameAs\":[\"https:\/\/www.facebook.com\/guineediversite\/\",\"https:\/\/x.com\/GuineeDiversite\",\"https:\/\/www.youtube.com\/channel\/UC8sUY16qelG5ge6_D5SB83g\"]},{\"@type\":\"Person\",\"@id\":\"https:\/\/guineediversite.com\/#\/schema\/person\/afa08fb34e7fc6e1feafc892612bc836\",\"name\":\"Guin\u00e9e Diversit\u00e9\",\"image\":{\"@type\":\"ImageObject\",\"inLanguage\":\"fr-FR\",\"@id\":\"https:\/\/guineediversite.com\/#\/schema\/person\/image\/\",\"url\":\"https:\/\/secure.gravatar.com\/avatar\/50d5eb5b390f8b65ac30ac6f898eb83a?s=96&d=mm&r=g\",\"contentUrl\":\"https:\/\/secure.gravatar.com\/avatar\/50d5eb5b390f8b65ac30ac6f898eb83a?s=96&d=mm&r=g\",\"caption\":\"Guin\u00e9e Diversit\u00e9\"},\"url\":\"https:\/\/guineediversite.com\/index.php\/author\/guineediversite\/\"}]}<\/script>\n<!-- \/ Yoast SEO plugin. -->","yoast_head_json":{"title":"L\u2019association des victimes du camp Boiro r\u00e9clament justice au tour des ex\u00e9cutions tragiques de janvier 1971 | Guin\u00e9e Diversit\u00e9","robots":{"index":"index","follow":"follow","max-snippet":"max-snippet:-1","max-image-preview":"max-image-preview:large","max-video-preview":"max-video-preview:-1"},"canonical":"https:\/\/guineediversite.com\/index.php\/2013\/12\/31\/lassociation-des-victimes-du-camp-boiro-reclament-justice-au-tour-des-executions-tragiques-de-janvier-1971\/","og_locale":"fr_FR","og_type":"article","og_title":"L\u2019association des victimes du camp Boiro r\u00e9clament justice au tour des ex\u00e9cutions tragiques de janvier 1971 | Guin\u00e9e Diversit\u00e9","og_description":"L\u2019association des victimes du camp Boiro a anim\u00e9 ce jeudi 23 janvier 2014 une conf\u00e9rence de presse en pr\u00e9lude de la 43\u00e8me comm\u00e9moration de ce triste anniversaire, sous le th\u00e8me \u00ab plus jamais \u00e7a \u00bb. Au cours de cette conf\u00e9rence, les membres de l\u2019association sont revenus sur les ex\u00e9cutions d\u2019une centaine des guin\u00e9ens sous le [&hellip;]","og_url":"https:\/\/guineediversite.com\/index.php\/2013\/12\/31\/lassociation-des-victimes-du-camp-boiro-reclament-justice-au-tour-des-executions-tragiques-de-janvier-1971\/","og_site_name":"Guin\u00e9e Diversit\u00e9","article_publisher":"https:\/\/www.facebook.com\/guineediversite\/","article_published_time":"2013-12-30T23:00:00+00:00","author":"Guin\u00e9e Diversit\u00e9","twitter_card":"summary_large_image","twitter_creator":"@GuineeDiversite","twitter_site":"@GuineeDiversite","twitter_misc":{"\u00c9crit par":"Guin\u00e9e Diversit\u00e9","Dur\u00e9e de lecture estim\u00e9e":"2 minutes"},"schema":{"@context":"https:\/\/schema.org","@graph":[{"@type":"Article","@id":"https:\/\/guineediversite.com\/index.php\/2013\/12\/31\/lassociation-des-victimes-du-camp-boiro-reclament-justice-au-tour-des-executions-tragiques-de-janvier-1971\/#article","isPartOf":{"@id":"https:\/\/guineediversite.com\/index.php\/2013\/12\/31\/lassociation-des-victimes-du-camp-boiro-reclament-justice-au-tour-des-executions-tragiques-de-janvier-1971\/"},"author":{"name":"Guin\u00e9e Diversit\u00e9","@id":"https:\/\/guineediversite.com\/#\/schema\/person\/afa08fb34e7fc6e1feafc892612bc836"},"headline":"L\u2019association des victimes du camp Boiro r\u00e9clament justice au tour des ex\u00e9cutions tragiques de janvier 1971","datePublished":"2013-12-30T23:00:00+00:00","dateModified":"2013-12-30T23:00:00+00:00","mainEntityOfPage":{"@id":"https:\/\/guineediversite.com\/index.php\/2013\/12\/31\/lassociation-des-victimes-du-camp-boiro-reclament-justice-au-tour-des-executions-tragiques-de-janvier-1971\/"},"wordCount":371,"commentCount":0,"publisher":{"@id":"https:\/\/guineediversite.com\/#organization"},"articleSection":["Archives"],"inLanguage":"fr-FR","potentialAction":[{"@type":"CommentAction","name":"Comment","target":["https:\/\/guineediversite.com\/index.php\/2013\/12\/31\/lassociation-des-victimes-du-camp-boiro-reclament-justice-au-tour-des-executions-tragiques-de-janvier-1971\/#respond"]}]},{"@type":"WebPage","@id":"https:\/\/guineediversite.com\/index.php\/2013\/12\/31\/lassociation-des-victimes-du-camp-boiro-reclament-justice-au-tour-des-executions-tragiques-de-janvier-1971\/","url":"https:\/\/guineediversite.com\/index.php\/2013\/12\/31\/lassociation-des-victimes-du-camp-boiro-reclament-justice-au-tour-des-executions-tragiques-de-janvier-1971\/","name":"L\u2019association des victimes du camp Boiro r\u00e9clament justice au tour des ex\u00e9cutions tragiques de janvier 1971 | Guin\u00e9e Diversit\u00e9","isPartOf":{"@id":"https:\/\/guineediversite.com\/#website"},"datePublished":"2013-12-30T23:00:00+00:00","dateModified":"2013-12-30T23:00:00+00:00","breadcrumb":{"@id":"https:\/\/guineediversite.com\/index.php\/2013\/12\/31\/lassociation-des-victimes-du-camp-boiro-reclament-justice-au-tour-des-executions-tragiques-de-janvier-1971\/#breadcrumb"},"inLanguage":"fr-FR","potentialAction":[{"@type":"ReadAction","target":["https:\/\/guineediversite.com\/index.php\/2013\/12\/31\/lassociation-des-victimes-du-camp-boiro-reclament-justice-au-tour-des-executions-tragiques-de-janvier-1971\/"]}]},{"@type":"BreadcrumbList","@id":"https:\/\/guineediversite.com\/index.php\/2013\/12\/31\/lassociation-des-victimes-du-camp-boiro-reclament-justice-au-tour-des-executions-tragiques-de-janvier-1971\/#breadcrumb","itemListElement":[{"@type":"ListItem","position":1,"name":"Accueil","item":"https:\/\/guineediversite.com\/"},{"@type":"ListItem","position":2,"name":"L\u2019association des victimes du camp Boiro r\u00e9clament justice au tour des ex\u00e9cutions tragiques de janvier 1971"}]},{"@type":"WebSite","@id":"https:\/\/guineediversite.com\/#website","url":"https:\/\/guineediversite.com\/","name":"Guin\u00e9e Diversit\u00e9","description":"L&#039;Info dans toute sa diversit\u00e9","publisher":{"@id":"https:\/\/guineediversite.com\/#organization"},"potentialAction":[{"@type":"SearchAction","target":{"@type":"EntryPoint","urlTemplate":"https:\/\/guineediversite.com\/?s={search_term_string}"},"query-input":{"@type":"PropertyValueSpecification","valueRequired":true,"valueName":"search_term_string"}}],"inLanguage":"fr-FR"},{"@type":"Organization","@id":"https:\/\/guineediversite.com\/#organization","name":"Guin\u00e9e Diversit\u00e9","url":"https:\/\/guineediversite.com\/","logo":{"@type":"ImageObject","inLanguage":"fr-FR","@id":"https:\/\/guineediversite.com\/#\/schema\/logo\/image\/","url":"https:\/\/guineediversite.com\/wp-content\/uploads\/2017\/04\/cropped-1jojlxEOMkX9Wyqfhe43D6kjPOGqBBKmx3EwWJqZ0cMrFF54yM49.png","contentUrl":"https:\/\/guineediversite.com\/wp-content\/uploads\/2017\/04\/cropped-1jojlxEOMkX9Wyqfhe43D6kjPOGqBBKmx3EwWJqZ0cMrFF54yM49.png","width":186,"height":112,"caption":"Guin\u00e9e Diversit\u00e9"},"image":{"@id":"https:\/\/guineediversite.com\/#\/schema\/logo\/image\/"},"sameAs":["https:\/\/www.facebook.com\/guineediversite\/","https:\/\/x.com\/GuineeDiversite","https:\/\/www.youtube.com\/channel\/UC8sUY16qelG5ge6_D5SB83g"]},{"@type":"Person","@id":"https:\/\/guineediversite.com\/#\/schema\/person\/afa08fb34e7fc6e1feafc892612bc836","name":"Guin\u00e9e Diversit\u00e9","image":{"@type":"ImageObject","inLanguage":"fr-FR","@id":"https:\/\/guineediversite.com\/#\/schema\/person\/image\/","url":"https:\/\/secure.gravatar.com\/avatar\/50d5eb5b390f8b65ac30ac6f898eb83a?s=96&d=mm&r=g","contentUrl":"https:\/\/secure.gravatar.com\/avatar\/50d5eb5b390f8b65ac30ac6f898eb83a?s=96&d=mm&r=g","caption":"Guin\u00e9e Diversit\u00e9"},"url":"https:\/\/guineediversite.com\/index.php\/author\/guineediversite\/"}]}},"_links":{"self":[{"href":"https:\/\/guineediversite.com\/index.php\/wp-json\/wp\/v2\/posts\/19729"}],"collection":[{"href":"https:\/\/guineediversite.com\/index.php\/wp-json\/wp\/v2\/posts"}],"about":[{"href":"https:\/\/guineediversite.com\/index.php\/wp-json\/wp\/v2\/types\/post"}],"author":[{"embeddable":true,"href":"https:\/\/guineediversite.com\/index.php\/wp-json\/wp\/v2\/users\/12"}],"replies":[{"embeddable":true,"href":"https:\/\/guineediversite.com\/index.php\/wp-json\/wp\/v2\/comments?post=19729"}],"version-history":[{"count":0,"href":"https:\/\/guineediversite.com\/index.php\/wp-json\/wp\/v2\/posts\/19729\/revisions"}],"wp:attachment":[{"href":"https:\/\/guineediversite.com\/index.php\/wp-json\/wp\/v2\/media?parent=19729"}],"wp:term":[{"taxonomy":"category","embeddable":true,"href":"https:\/\/guineediversite.com\/index.php\/wp-json\/wp\/v2\/categories?post=19729"},{"taxonomy":"post_tag","embeddable":true,"href":"https:\/\/guineediversite.com\/index.php\/wp-json\/wp\/v2\/tags?post=19729"}],"curies":[{"name":"wp","href":"https:\/\/api.w.org\/{rel}","templated":true}]}}