{"id":19727,"date":"2013-12-31T00:00:00","date_gmt":"2013-12-30T23:00:00","guid":{"rendered":"https:\/\/www.guineediversite.com\/index.php\/2013\/12\/31\/letat-guineen-traduit-devant-les-juridictions-internationales-pour-violation-des-droits-de-lhomme\/"},"modified":"2013-12-31T00:00:00","modified_gmt":"2013-12-30T23:00:00","slug":"letat-guineen-traduit-devant-les-juridictions-internationales-pour-violation-des-droits-de-lhomme","status":"publish","type":"post","link":"https:\/\/guineediversite.com\/index.php\/2013\/12\/31\/letat-guineen-traduit-devant-les-juridictions-internationales-pour-violation-des-droits-de-lhomme\/","title":{"rendered":"L\u2019Etat guin\u00e9en traduit devant les juridictions internationales pour violation des droits de l\u2019Homme"},"content":{"rendered":"<p>L\u2019Institut de Recherche sur la D\u00e9mocratie et l\u2019Etat de Droit (IRDED), \u00e9tait devant les medias ce mercredi 22 Janvier 2013 \u00e0 la maison de la presse de coleah. Objectif, expliquer les proc\u00e9dures judiciaires engag\u00e9es aupr\u00e8s des organisations internationales des droits de l\u2019homme au nom des victimes et parents des victimes des violences politiques en Guin\u00e9e. Selon Thierno Souleymane Bald\u00e9, pr\u00e9sident de cette ONG, l\u2019Etat guin\u00e9en ne joue pas pleinement son r\u00f4le pour la manifestation de la justice dans cette affaire.<br \/>\n\u00ab Il ya eu plusieurs plaintes qui ont \u00e9t\u00e9 port\u00e9es devant les juridictions guin\u00e9ennes, mais malheureusement il n\u2019y a pas eu de volont\u00e9 politique pour que ces plaintes soient examiner afin que les auteurs de ces crimes soient arr\u00eat\u00e9, juger et condamner \u00e0 la hauteur de  leur forfaiture \u00bb d\u00e9clare Thierno Souleymane Bald\u00e9. Pour lui, Au lieu que l\u2019Etat soit l\u00e0 pour prot\u00e9ger les citoyens les plus faibles, il prot\u00e8ge plut\u00f4t les officiers responsables de ces actes.<br \/>\nC\u2019est compte tenu de tous ces aspects que l\u2019ONG a jug\u00e9 n\u00e9cessaire de porter plainte contre l\u2019Etat guin\u00e9en au pr\u00e8s des organisations internationales des droits de l\u2019homme \u00e0 Gen\u00e8ve, le 19 d\u00e9cembre 2013.<br \/>\nLe porte parole des victimes a quant \u00e0 lui, indiqu\u00e9 que son association ne m\u00e9nagera aucun effort pour la manifestation de la v\u00e9rit\u00e9. \u00ab Moi j\u2019ai \u00e9t\u00e9 tabass\u00e9 et mon jeune fr\u00e8re, un architecte de 25 ans a \u00e9t\u00e9 assassin\u00e9 sous mes yeux. C\u2019est pour quoi, notre association  s\u2019est propos\u00e9 de poursuivre ces auteurs pour qu\u2019ils r\u00e9pondent de leurs actes\u00bb. Indique Dr Oumar Sadio Diallo.<br \/>\nEsp\u00e9rons que cette fois ci, lumi\u00e8re sera faite sur cette douloureuse page de l\u2019histoire de la Guin\u00e9e.<br \/>\nAbdoulaye Ciss\u00e9 pour guineediversite.com<\/p>\n","protected":false},"excerpt":{"rendered":"<p>L\u2019Institut de Recherche sur la D\u00e9mocratie et l\u2019Etat de Droit (IRDED), \u00e9tait devant les medias ce mercredi 22 Janvier 2013 \u00e0 la maison de la presse de coleah. Objectif, expliquer les proc\u00e9dures judiciaires engag\u00e9es aupr\u00e8s des organisations internationales des droits de l\u2019homme au nom des victimes et parents des victimes des violences politiques en Guin\u00e9e. [&hellip;]<\/p>\n","protected":false},"author":12,"featured_media":0,"comment_status":"open","ping_status":"open","sticky":false,"template":"","format":"standard","meta":{"_exactmetrics_skip_tracking":false,"_exactmetrics_sitenote_active":false,"_exactmetrics_sitenote_note":"","_exactmetrics_sitenote_category":0,"tdm_status":"","tdm_grid_status":"","footnotes":""},"categories":[28],"tags":[],"class_list":{"0":"post-19727","1":"post","2":"type-post","3":"status-publish","4":"format-standard","6":"category-archives"},"yoast_head":"<!-- This site is optimized with the Yoast SEO plugin v24.2 - https:\/\/yoast.com\/wordpress\/plugins\/seo\/ -->\n<title>L\u2019Etat guin\u00e9en traduit devant les juridictions internationales pour violation des droits de l\u2019Homme | Guin\u00e9e Diversit\u00e9<\/title>\n<meta name=\"robots\" content=\"index, follow, max-snippet:-1, max-image-preview:large, max-video-preview:-1\" \/>\n<link rel=\"canonical\" href=\"https:\/\/guineediversite.com\/index.php\/2013\/12\/31\/letat-guineen-traduit-devant-les-juridictions-internationales-pour-violation-des-droits-de-lhomme\/\" \/>\n<meta property=\"og:locale\" content=\"fr_FR\" \/>\n<meta property=\"og:type\" content=\"article\" \/>\n<meta property=\"og:title\" content=\"L\u2019Etat guin\u00e9en traduit devant les juridictions internationales pour violation des droits de l\u2019Homme | Guin\u00e9e Diversit\u00e9\" \/>\n<meta property=\"og:description\" content=\"L\u2019Institut de Recherche sur la D\u00e9mocratie et l\u2019Etat de Droit (IRDED), \u00e9tait devant les medias ce mercredi 22 Janvier 2013 \u00e0 la maison de la presse de coleah. Objectif, expliquer les proc\u00e9dures judiciaires engag\u00e9es aupr\u00e8s des organisations internationales des droits de l\u2019homme au nom des victimes et parents des victimes des violences politiques en Guin\u00e9e. [&hellip;]\" \/>\n<meta property=\"og:url\" content=\"https:\/\/guineediversite.com\/index.php\/2013\/12\/31\/letat-guineen-traduit-devant-les-juridictions-internationales-pour-violation-des-droits-de-lhomme\/\" \/>\n<meta property=\"og:site_name\" content=\"Guin\u00e9e Diversit\u00e9\" \/>\n<meta property=\"article:publisher\" content=\"https:\/\/www.facebook.com\/guineediversite\/\" \/>\n<meta property=\"article:published_time\" content=\"2013-12-30T23:00:00+00:00\" \/>\n<meta name=\"author\" content=\"Guin\u00e9e Diversit\u00e9\" \/>\n<meta name=\"twitter:card\" content=\"summary_large_image\" \/>\n<meta name=\"twitter:creator\" content=\"@GuineeDiversite\" \/>\n<meta name=\"twitter:site\" content=\"@GuineeDiversite\" \/>\n<meta name=\"twitter:label1\" content=\"\u00c9crit par\" \/>\n\t<meta name=\"twitter:data1\" content=\"Guin\u00e9e Diversit\u00e9\" \/>\n\t<meta name=\"twitter:label2\" content=\"Dur\u00e9e de lecture estim\u00e9e\" \/>\n\t<meta name=\"twitter:data2\" content=\"2 minutes\" \/>\n<script type=\"application\/ld+json\" class=\"yoast-schema-graph\">{\"@context\":\"https:\/\/schema.org\",\"@graph\":[{\"@type\":\"Article\",\"@id\":\"https:\/\/guineediversite.com\/index.php\/2013\/12\/31\/letat-guineen-traduit-devant-les-juridictions-internationales-pour-violation-des-droits-de-lhomme\/#article\",\"isPartOf\":{\"@id\":\"https:\/\/guineediversite.com\/index.php\/2013\/12\/31\/letat-guineen-traduit-devant-les-juridictions-internationales-pour-violation-des-droits-de-lhomme\/\"},\"author\":{\"name\":\"Guin\u00e9e Diversit\u00e9\",\"@id\":\"https:\/\/guineediversite.com\/#\/schema\/person\/afa08fb34e7fc6e1feafc892612bc836\"},\"headline\":\"L\u2019Etat guin\u00e9en traduit devant les juridictions internationales pour violation des droits de l\u2019Homme\",\"datePublished\":\"2013-12-30T23:00:00+00:00\",\"dateModified\":\"2013-12-30T23:00:00+00:00\",\"mainEntityOfPage\":{\"@id\":\"https:\/\/guineediversite.com\/index.php\/2013\/12\/31\/letat-guineen-traduit-devant-les-juridictions-internationales-pour-violation-des-droits-de-lhomme\/\"},\"wordCount\":323,\"commentCount\":0,\"publisher\":{\"@id\":\"https:\/\/guineediversite.com\/#organization\"},\"articleSection\":[\"Archives\"],\"inLanguage\":\"fr-FR\",\"potentialAction\":[{\"@type\":\"CommentAction\",\"name\":\"Comment\",\"target\":[\"https:\/\/guineediversite.com\/index.php\/2013\/12\/31\/letat-guineen-traduit-devant-les-juridictions-internationales-pour-violation-des-droits-de-lhomme\/#respond\"]}]},{\"@type\":\"WebPage\",\"@id\":\"https:\/\/guineediversite.com\/index.php\/2013\/12\/31\/letat-guineen-traduit-devant-les-juridictions-internationales-pour-violation-des-droits-de-lhomme\/\",\"url\":\"https:\/\/guineediversite.com\/index.php\/2013\/12\/31\/letat-guineen-traduit-devant-les-juridictions-internationales-pour-violation-des-droits-de-lhomme\/\",\"name\":\"L\u2019Etat guin\u00e9en traduit devant les juridictions internationales pour violation des droits de l\u2019Homme | Guin\u00e9e Diversit\u00e9\",\"isPartOf\":{\"@id\":\"https:\/\/guineediversite.com\/#website\"},\"datePublished\":\"2013-12-30T23:00:00+00:00\",\"dateModified\":\"2013-12-30T23:00:00+00:00\",\"breadcrumb\":{\"@id\":\"https:\/\/guineediversite.com\/index.php\/2013\/12\/31\/letat-guineen-traduit-devant-les-juridictions-internationales-pour-violation-des-droits-de-lhomme\/#breadcrumb\"},\"inLanguage\":\"fr-FR\",\"potentialAction\":[{\"@type\":\"ReadAction\",\"target\":[\"https:\/\/guineediversite.com\/index.php\/2013\/12\/31\/letat-guineen-traduit-devant-les-juridictions-internationales-pour-violation-des-droits-de-lhomme\/\"]}]},{\"@type\":\"BreadcrumbList\",\"@id\":\"https:\/\/guineediversite.com\/index.php\/2013\/12\/31\/letat-guineen-traduit-devant-les-juridictions-internationales-pour-violation-des-droits-de-lhomme\/#breadcrumb\",\"itemListElement\":[{\"@type\":\"ListItem\",\"position\":1,\"name\":\"Accueil\",\"item\":\"https:\/\/guineediversite.com\/\"},{\"@type\":\"ListItem\",\"position\":2,\"name\":\"L\u2019Etat guin\u00e9en traduit devant les juridictions internationales pour violation des droits de l\u2019Homme\"}]},{\"@type\":\"WebSite\",\"@id\":\"https:\/\/guineediversite.com\/#website\",\"url\":\"https:\/\/guineediversite.com\/\",\"name\":\"Guin\u00e9e Diversit\u00e9\",\"description\":\"L&#039;Info dans toute sa diversit\u00e9\",\"publisher\":{\"@id\":\"https:\/\/guineediversite.com\/#organization\"},\"potentialAction\":[{\"@type\":\"SearchAction\",\"target\":{\"@type\":\"EntryPoint\",\"urlTemplate\":\"https:\/\/guineediversite.com\/?s={search_term_string}\"},\"query-input\":{\"@type\":\"PropertyValueSpecification\",\"valueRequired\":true,\"valueName\":\"search_term_string\"}}],\"inLanguage\":\"fr-FR\"},{\"@type\":\"Organization\",\"@id\":\"https:\/\/guineediversite.com\/#organization\",\"name\":\"Guin\u00e9e Diversit\u00e9\",\"url\":\"https:\/\/guineediversite.com\/\",\"logo\":{\"@type\":\"ImageObject\",\"inLanguage\":\"fr-FR\",\"@id\":\"https:\/\/guineediversite.com\/#\/schema\/logo\/image\/\",\"url\":\"https:\/\/guineediversite.com\/wp-content\/uploads\/2017\/04\/cropped-1jojlxEOMkX9Wyqfhe43D6kjPOGqBBKmx3EwWJqZ0cMrFF54yM49.png\",\"contentUrl\":\"https:\/\/guineediversite.com\/wp-content\/uploads\/2017\/04\/cropped-1jojlxEOMkX9Wyqfhe43D6kjPOGqBBKmx3EwWJqZ0cMrFF54yM49.png\",\"width\":186,\"height\":112,\"caption\":\"Guin\u00e9e Diversit\u00e9\"},\"image\":{\"@id\":\"https:\/\/guineediversite.com\/#\/schema\/logo\/image\/\"},\"sameAs\":[\"https:\/\/www.facebook.com\/guineediversite\/\",\"https:\/\/x.com\/GuineeDiversite\",\"https:\/\/www.youtube.com\/channel\/UC8sUY16qelG5ge6_D5SB83g\"]},{\"@type\":\"Person\",\"@id\":\"https:\/\/guineediversite.com\/#\/schema\/person\/afa08fb34e7fc6e1feafc892612bc836\",\"name\":\"Guin\u00e9e Diversit\u00e9\",\"image\":{\"@type\":\"ImageObject\",\"inLanguage\":\"fr-FR\",\"@id\":\"https:\/\/guineediversite.com\/#\/schema\/person\/image\/\",\"url\":\"https:\/\/secure.gravatar.com\/avatar\/50d5eb5b390f8b65ac30ac6f898eb83a?s=96&d=mm&r=g\",\"contentUrl\":\"https:\/\/secure.gravatar.com\/avatar\/50d5eb5b390f8b65ac30ac6f898eb83a?s=96&d=mm&r=g\",\"caption\":\"Guin\u00e9e Diversit\u00e9\"},\"url\":\"https:\/\/guineediversite.com\/index.php\/author\/guineediversite\/\"}]}<\/script>\n<!-- \/ Yoast SEO plugin. -->","yoast_head_json":{"title":"L\u2019Etat guin\u00e9en traduit devant les juridictions internationales pour violation des droits de l\u2019Homme | Guin\u00e9e Diversit\u00e9","robots":{"index":"index","follow":"follow","max-snippet":"max-snippet:-1","max-image-preview":"max-image-preview:large","max-video-preview":"max-video-preview:-1"},"canonical":"https:\/\/guineediversite.com\/index.php\/2013\/12\/31\/letat-guineen-traduit-devant-les-juridictions-internationales-pour-violation-des-droits-de-lhomme\/","og_locale":"fr_FR","og_type":"article","og_title":"L\u2019Etat guin\u00e9en traduit devant les juridictions internationales pour violation des droits de l\u2019Homme | Guin\u00e9e Diversit\u00e9","og_description":"L\u2019Institut de Recherche sur la D\u00e9mocratie et l\u2019Etat de Droit (IRDED), \u00e9tait devant les medias ce mercredi 22 Janvier 2013 \u00e0 la maison de la presse de coleah. Objectif, expliquer les proc\u00e9dures judiciaires engag\u00e9es aupr\u00e8s des organisations internationales des droits de l\u2019homme au nom des victimes et parents des victimes des violences politiques en Guin\u00e9e. [&hellip;]","og_url":"https:\/\/guineediversite.com\/index.php\/2013\/12\/31\/letat-guineen-traduit-devant-les-juridictions-internationales-pour-violation-des-droits-de-lhomme\/","og_site_name":"Guin\u00e9e Diversit\u00e9","article_publisher":"https:\/\/www.facebook.com\/guineediversite\/","article_published_time":"2013-12-30T23:00:00+00:00","author":"Guin\u00e9e Diversit\u00e9","twitter_card":"summary_large_image","twitter_creator":"@GuineeDiversite","twitter_site":"@GuineeDiversite","twitter_misc":{"\u00c9crit par":"Guin\u00e9e Diversit\u00e9","Dur\u00e9e de lecture estim\u00e9e":"2 minutes"},"schema":{"@context":"https:\/\/schema.org","@graph":[{"@type":"Article","@id":"https:\/\/guineediversite.com\/index.php\/2013\/12\/31\/letat-guineen-traduit-devant-les-juridictions-internationales-pour-violation-des-droits-de-lhomme\/#article","isPartOf":{"@id":"https:\/\/guineediversite.com\/index.php\/2013\/12\/31\/letat-guineen-traduit-devant-les-juridictions-internationales-pour-violation-des-droits-de-lhomme\/"},"author":{"name":"Guin\u00e9e Diversit\u00e9","@id":"https:\/\/guineediversite.com\/#\/schema\/person\/afa08fb34e7fc6e1feafc892612bc836"},"headline":"L\u2019Etat guin\u00e9en traduit devant les juridictions internationales pour violation des droits de l\u2019Homme","datePublished":"2013-12-30T23:00:00+00:00","dateModified":"2013-12-30T23:00:00+00:00","mainEntityOfPage":{"@id":"https:\/\/guineediversite.com\/index.php\/2013\/12\/31\/letat-guineen-traduit-devant-les-juridictions-internationales-pour-violation-des-droits-de-lhomme\/"},"wordCount":323,"commentCount":0,"publisher":{"@id":"https:\/\/guineediversite.com\/#organization"},"articleSection":["Archives"],"inLanguage":"fr-FR","potentialAction":[{"@type":"CommentAction","name":"Comment","target":["https:\/\/guineediversite.com\/index.php\/2013\/12\/31\/letat-guineen-traduit-devant-les-juridictions-internationales-pour-violation-des-droits-de-lhomme\/#respond"]}]},{"@type":"WebPage","@id":"https:\/\/guineediversite.com\/index.php\/2013\/12\/31\/letat-guineen-traduit-devant-les-juridictions-internationales-pour-violation-des-droits-de-lhomme\/","url":"https:\/\/guineediversite.com\/index.php\/2013\/12\/31\/letat-guineen-traduit-devant-les-juridictions-internationales-pour-violation-des-droits-de-lhomme\/","name":"L\u2019Etat guin\u00e9en traduit devant les juridictions internationales pour violation des droits de l\u2019Homme | Guin\u00e9e Diversit\u00e9","isPartOf":{"@id":"https:\/\/guineediversite.com\/#website"},"datePublished":"2013-12-30T23:00:00+00:00","dateModified":"2013-12-30T23:00:00+00:00","breadcrumb":{"@id":"https:\/\/guineediversite.com\/index.php\/2013\/12\/31\/letat-guineen-traduit-devant-les-juridictions-internationales-pour-violation-des-droits-de-lhomme\/#breadcrumb"},"inLanguage":"fr-FR","potentialAction":[{"@type":"ReadAction","target":["https:\/\/guineediversite.com\/index.php\/2013\/12\/31\/letat-guineen-traduit-devant-les-juridictions-internationales-pour-violation-des-droits-de-lhomme\/"]}]},{"@type":"BreadcrumbList","@id":"https:\/\/guineediversite.com\/index.php\/2013\/12\/31\/letat-guineen-traduit-devant-les-juridictions-internationales-pour-violation-des-droits-de-lhomme\/#breadcrumb","itemListElement":[{"@type":"ListItem","position":1,"name":"Accueil","item":"https:\/\/guineediversite.com\/"},{"@type":"ListItem","position":2,"name":"L\u2019Etat guin\u00e9en traduit devant les juridictions internationales pour violation des droits de l\u2019Homme"}]},{"@type":"WebSite","@id":"https:\/\/guineediversite.com\/#website","url":"https:\/\/guineediversite.com\/","name":"Guin\u00e9e Diversit\u00e9","description":"L&#039;Info dans toute sa diversit\u00e9","publisher":{"@id":"https:\/\/guineediversite.com\/#organization"},"potentialAction":[{"@type":"SearchAction","target":{"@type":"EntryPoint","urlTemplate":"https:\/\/guineediversite.com\/?s={search_term_string}"},"query-input":{"@type":"PropertyValueSpecification","valueRequired":true,"valueName":"search_term_string"}}],"inLanguage":"fr-FR"},{"@type":"Organization","@id":"https:\/\/guineediversite.com\/#organization","name":"Guin\u00e9e Diversit\u00e9","url":"https:\/\/guineediversite.com\/","logo":{"@type":"ImageObject","inLanguage":"fr-FR","@id":"https:\/\/guineediversite.com\/#\/schema\/logo\/image\/","url":"https:\/\/guineediversite.com\/wp-content\/uploads\/2017\/04\/cropped-1jojlxEOMkX9Wyqfhe43D6kjPOGqBBKmx3EwWJqZ0cMrFF54yM49.png","contentUrl":"https:\/\/guineediversite.com\/wp-content\/uploads\/2017\/04\/cropped-1jojlxEOMkX9Wyqfhe43D6kjPOGqBBKmx3EwWJqZ0cMrFF54yM49.png","width":186,"height":112,"caption":"Guin\u00e9e Diversit\u00e9"},"image":{"@id":"https:\/\/guineediversite.com\/#\/schema\/logo\/image\/"},"sameAs":["https:\/\/www.facebook.com\/guineediversite\/","https:\/\/x.com\/GuineeDiversite","https:\/\/www.youtube.com\/channel\/UC8sUY16qelG5ge6_D5SB83g"]},{"@type":"Person","@id":"https:\/\/guineediversite.com\/#\/schema\/person\/afa08fb34e7fc6e1feafc892612bc836","name":"Guin\u00e9e Diversit\u00e9","image":{"@type":"ImageObject","inLanguage":"fr-FR","@id":"https:\/\/guineediversite.com\/#\/schema\/person\/image\/","url":"https:\/\/secure.gravatar.com\/avatar\/50d5eb5b390f8b65ac30ac6f898eb83a?s=96&d=mm&r=g","contentUrl":"https:\/\/secure.gravatar.com\/avatar\/50d5eb5b390f8b65ac30ac6f898eb83a?s=96&d=mm&r=g","caption":"Guin\u00e9e Diversit\u00e9"},"url":"https:\/\/guineediversite.com\/index.php\/author\/guineediversite\/"}]}},"_links":{"self":[{"href":"https:\/\/guineediversite.com\/index.php\/wp-json\/wp\/v2\/posts\/19727"}],"collection":[{"href":"https:\/\/guineediversite.com\/index.php\/wp-json\/wp\/v2\/posts"}],"about":[{"href":"https:\/\/guineediversite.com\/index.php\/wp-json\/wp\/v2\/types\/post"}],"author":[{"embeddable":true,"href":"https:\/\/guineediversite.com\/index.php\/wp-json\/wp\/v2\/users\/12"}],"replies":[{"embeddable":true,"href":"https:\/\/guineediversite.com\/index.php\/wp-json\/wp\/v2\/comments?post=19727"}],"version-history":[{"count":0,"href":"https:\/\/guineediversite.com\/index.php\/wp-json\/wp\/v2\/posts\/19727\/revisions"}],"wp:attachment":[{"href":"https:\/\/guineediversite.com\/index.php\/wp-json\/wp\/v2\/media?parent=19727"}],"wp:term":[{"taxonomy":"category","embeddable":true,"href":"https:\/\/guineediversite.com\/index.php\/wp-json\/wp\/v2\/categories?post=19727"},{"taxonomy":"post_tag","embeddable":true,"href":"https:\/\/guineediversite.com\/index.php\/wp-json\/wp\/v2\/tags?post=19727"}],"curies":[{"name":"wp","href":"https:\/\/api.w.org\/{rel}","templated":true}]}}