{"id":19726,"date":"2013-12-31T00:00:00","date_gmt":"2013-12-30T23:00:00","guid":{"rendered":"https:\/\/www.guineediversite.com\/index.php\/2013\/12\/31\/alpha-conde-en-suisse-pour-le-forum-economique-mondiale-de-davos\/"},"modified":"2013-12-31T00:00:00","modified_gmt":"2013-12-30T23:00:00","slug":"alpha-conde-en-suisse-pour-le-forum-economique-mondiale-de-davos","status":"publish","type":"post","link":"https:\/\/guineediversite.com\/index.php\/2013\/12\/31\/alpha-conde-en-suisse-pour-le-forum-economique-mondiale-de-davos\/","title":{"rendered":"Alpha Cond\u00e9 en Suisse pour le forum \u00e9conomique mondiale de Davos"},"content":{"rendered":"<p>Le Pr\u00e9sident de la r\u00e9publique de Guin\u00e9e, s\u2019est envol\u00e9 hier mardi 21 janvier pour la Suisse pour participer au forum \u00e9conomique mondiale qui ouvre ses portes ce mercredi \u00e0 Davos.<\/p>\n<p>Plus de 1 500 dirigeants d&rsquo;entreprises et une quarantaine de chefs d&rsquo;Etat et de gouvernement, dont le Britannique David Cameron, la Br\u00e9silienne Dilma Rousseff, le Guin\u00e9en Alpha Cond\u00e9 ou encore l&rsquo;Iranien Hassan Rohani sont attendus pour quatre jours de d\u00e9bats sur le th\u00e8me \u00abLa reconstruction du monde: cons\u00e9quences pour la soci\u00e9t\u00e9, la politique et les affaires\u00bb.<\/p>\n<p>A cette occasion, le Professeur Alpha Cond\u00e9 aura des entretiens avec des hommes d\u2019affaires, des personnalit\u00e9s politiques , et des repr\u00e9sentants des multinationales sur des opportunit\u00e9s qu\u2019offre notre pays en mati\u00e8re d\u2019investissements, de potentialit\u00e9s agricoles , mini\u00e8res et touristiques.<\/p>\n<p>Thierno Moussa Bah<\/p>\n","protected":false},"excerpt":{"rendered":"<p>Le Pr\u00e9sident de la r\u00e9publique de Guin\u00e9e, s\u2019est envol\u00e9 hier mardi 21 janvier pour la Suisse pour participer au forum \u00e9conomique mondiale qui ouvre ses portes ce mercredi \u00e0 Davos. Plus de 1 500 dirigeants d&rsquo;entreprises et une quarantaine de chefs d&rsquo;Etat et de gouvernement, dont le Britannique David Cameron, la Br\u00e9silienne Dilma Rousseff, le [&hellip;]<\/p>\n","protected":false},"author":12,"featured_media":0,"comment_status":"open","ping_status":"open","sticky":false,"template":"","format":"standard","meta":{"_exactmetrics_skip_tracking":false,"_exactmetrics_sitenote_active":false,"_exactmetrics_sitenote_note":"","_exactmetrics_sitenote_category":0,"tdm_status":"","tdm_grid_status":"","footnotes":""},"categories":[28],"tags":[],"class_list":{"0":"post-19726","1":"post","2":"type-post","3":"status-publish","4":"format-standard","6":"category-archives"},"yoast_head":"<!-- This site is optimized with the Yoast SEO plugin v24.2 - https:\/\/yoast.com\/wordpress\/plugins\/seo\/ -->\n<title>Alpha Cond\u00e9 en Suisse pour le forum \u00e9conomique mondiale de Davos | Guin\u00e9e Diversit\u00e9<\/title>\n<meta name=\"robots\" content=\"index, follow, max-snippet:-1, max-image-preview:large, max-video-preview:-1\" \/>\n<link rel=\"canonical\" href=\"https:\/\/guineediversite.com\/index.php\/2013\/12\/31\/alpha-conde-en-suisse-pour-le-forum-economique-mondiale-de-davos\/\" \/>\n<meta property=\"og:locale\" content=\"fr_FR\" \/>\n<meta property=\"og:type\" content=\"article\" \/>\n<meta property=\"og:title\" content=\"Alpha Cond\u00e9 en Suisse pour le forum \u00e9conomique mondiale de Davos | Guin\u00e9e Diversit\u00e9\" \/>\n<meta property=\"og:description\" content=\"Le Pr\u00e9sident de la r\u00e9publique de Guin\u00e9e, s\u2019est envol\u00e9 hier mardi 21 janvier pour la Suisse pour participer au forum \u00e9conomique mondiale qui ouvre ses portes ce mercredi \u00e0 Davos. Plus de 1 500 dirigeants d&rsquo;entreprises et une quarantaine de chefs d&rsquo;Etat et de gouvernement, dont le Britannique David Cameron, la Br\u00e9silienne Dilma Rousseff, le [&hellip;]\" \/>\n<meta property=\"og:url\" content=\"https:\/\/guineediversite.com\/index.php\/2013\/12\/31\/alpha-conde-en-suisse-pour-le-forum-economique-mondiale-de-davos\/\" \/>\n<meta property=\"og:site_name\" content=\"Guin\u00e9e Diversit\u00e9\" \/>\n<meta property=\"article:publisher\" content=\"https:\/\/www.facebook.com\/guineediversite\/\" \/>\n<meta property=\"article:published_time\" content=\"2013-12-30T23:00:00+00:00\" \/>\n<meta name=\"author\" content=\"Guin\u00e9e Diversit\u00e9\" \/>\n<meta name=\"twitter:card\" content=\"summary_large_image\" \/>\n<meta name=\"twitter:creator\" content=\"@GuineeDiversite\" \/>\n<meta name=\"twitter:site\" content=\"@GuineeDiversite\" \/>\n<meta name=\"twitter:label1\" content=\"\u00c9crit par\" \/>\n\t<meta name=\"twitter:data1\" content=\"Guin\u00e9e Diversit\u00e9\" \/>\n\t<meta name=\"twitter:label2\" content=\"Dur\u00e9e de lecture estim\u00e9e\" \/>\n\t<meta name=\"twitter:data2\" content=\"1 minute\" \/>\n<script type=\"application\/ld+json\" class=\"yoast-schema-graph\">{\"@context\":\"https:\/\/schema.org\",\"@graph\":[{\"@type\":\"Article\",\"@id\":\"https:\/\/guineediversite.com\/index.php\/2013\/12\/31\/alpha-conde-en-suisse-pour-le-forum-economique-mondiale-de-davos\/#article\",\"isPartOf\":{\"@id\":\"https:\/\/guineediversite.com\/index.php\/2013\/12\/31\/alpha-conde-en-suisse-pour-le-forum-economique-mondiale-de-davos\/\"},\"author\":{\"name\":\"Guin\u00e9e Diversit\u00e9\",\"@id\":\"https:\/\/guineediversite.com\/#\/schema\/person\/afa08fb34e7fc6e1feafc892612bc836\"},\"headline\":\"Alpha Cond\u00e9 en Suisse pour le forum \u00e9conomique mondiale de Davos\",\"datePublished\":\"2013-12-30T23:00:00+00:00\",\"dateModified\":\"2013-12-30T23:00:00+00:00\",\"mainEntityOfPage\":{\"@id\":\"https:\/\/guineediversite.com\/index.php\/2013\/12\/31\/alpha-conde-en-suisse-pour-le-forum-economique-mondiale-de-davos\/\"},\"wordCount\":155,\"commentCount\":0,\"publisher\":{\"@id\":\"https:\/\/guineediversite.com\/#organization\"},\"articleSection\":[\"Archives\"],\"inLanguage\":\"fr-FR\",\"potentialAction\":[{\"@type\":\"CommentAction\",\"name\":\"Comment\",\"target\":[\"https:\/\/guineediversite.com\/index.php\/2013\/12\/31\/alpha-conde-en-suisse-pour-le-forum-economique-mondiale-de-davos\/#respond\"]}]},{\"@type\":\"WebPage\",\"@id\":\"https:\/\/guineediversite.com\/index.php\/2013\/12\/31\/alpha-conde-en-suisse-pour-le-forum-economique-mondiale-de-davos\/\",\"url\":\"https:\/\/guineediversite.com\/index.php\/2013\/12\/31\/alpha-conde-en-suisse-pour-le-forum-economique-mondiale-de-davos\/\",\"name\":\"Alpha Cond\u00e9 en Suisse pour le forum \u00e9conomique mondiale de Davos | Guin\u00e9e Diversit\u00e9\",\"isPartOf\":{\"@id\":\"https:\/\/guineediversite.com\/#website\"},\"datePublished\":\"2013-12-30T23:00:00+00:00\",\"dateModified\":\"2013-12-30T23:00:00+00:00\",\"breadcrumb\":{\"@id\":\"https:\/\/guineediversite.com\/index.php\/2013\/12\/31\/alpha-conde-en-suisse-pour-le-forum-economique-mondiale-de-davos\/#breadcrumb\"},\"inLanguage\":\"fr-FR\",\"potentialAction\":[{\"@type\":\"ReadAction\",\"target\":[\"https:\/\/guineediversite.com\/index.php\/2013\/12\/31\/alpha-conde-en-suisse-pour-le-forum-economique-mondiale-de-davos\/\"]}]},{\"@type\":\"BreadcrumbList\",\"@id\":\"https:\/\/guineediversite.com\/index.php\/2013\/12\/31\/alpha-conde-en-suisse-pour-le-forum-economique-mondiale-de-davos\/#breadcrumb\",\"itemListElement\":[{\"@type\":\"ListItem\",\"position\":1,\"name\":\"Accueil\",\"item\":\"https:\/\/guineediversite.com\/\"},{\"@type\":\"ListItem\",\"position\":2,\"name\":\"Alpha Cond\u00e9 en Suisse pour le forum \u00e9conomique mondiale de Davos\"}]},{\"@type\":\"WebSite\",\"@id\":\"https:\/\/guineediversite.com\/#website\",\"url\":\"https:\/\/guineediversite.com\/\",\"name\":\"Guin\u00e9e Diversit\u00e9\",\"description\":\"L&#039;Info dans toute sa diversit\u00e9\",\"publisher\":{\"@id\":\"https:\/\/guineediversite.com\/#organization\"},\"potentialAction\":[{\"@type\":\"SearchAction\",\"target\":{\"@type\":\"EntryPoint\",\"urlTemplate\":\"https:\/\/guineediversite.com\/?s={search_term_string}\"},\"query-input\":{\"@type\":\"PropertyValueSpecification\",\"valueRequired\":true,\"valueName\":\"search_term_string\"}}],\"inLanguage\":\"fr-FR\"},{\"@type\":\"Organization\",\"@id\":\"https:\/\/guineediversite.com\/#organization\",\"name\":\"Guin\u00e9e Diversit\u00e9\",\"url\":\"https:\/\/guineediversite.com\/\",\"logo\":{\"@type\":\"ImageObject\",\"inLanguage\":\"fr-FR\",\"@id\":\"https:\/\/guineediversite.com\/#\/schema\/logo\/image\/\",\"url\":\"https:\/\/guineediversite.com\/wp-content\/uploads\/2017\/04\/cropped-1jojlxEOMkX9Wyqfhe43D6kjPOGqBBKmx3EwWJqZ0cMrFF54yM49.png\",\"contentUrl\":\"https:\/\/guineediversite.com\/wp-content\/uploads\/2017\/04\/cropped-1jojlxEOMkX9Wyqfhe43D6kjPOGqBBKmx3EwWJqZ0cMrFF54yM49.png\",\"width\":186,\"height\":112,\"caption\":\"Guin\u00e9e Diversit\u00e9\"},\"image\":{\"@id\":\"https:\/\/guineediversite.com\/#\/schema\/logo\/image\/\"},\"sameAs\":[\"https:\/\/www.facebook.com\/guineediversite\/\",\"https:\/\/x.com\/GuineeDiversite\",\"https:\/\/www.youtube.com\/channel\/UC8sUY16qelG5ge6_D5SB83g\"]},{\"@type\":\"Person\",\"@id\":\"https:\/\/guineediversite.com\/#\/schema\/person\/afa08fb34e7fc6e1feafc892612bc836\",\"name\":\"Guin\u00e9e Diversit\u00e9\",\"image\":{\"@type\":\"ImageObject\",\"inLanguage\":\"fr-FR\",\"@id\":\"https:\/\/guineediversite.com\/#\/schema\/person\/image\/\",\"url\":\"https:\/\/secure.gravatar.com\/avatar\/50d5eb5b390f8b65ac30ac6f898eb83a?s=96&d=mm&r=g\",\"contentUrl\":\"https:\/\/secure.gravatar.com\/avatar\/50d5eb5b390f8b65ac30ac6f898eb83a?s=96&d=mm&r=g\",\"caption\":\"Guin\u00e9e Diversit\u00e9\"},\"url\":\"https:\/\/guineediversite.com\/index.php\/author\/guineediversite\/\"}]}<\/script>\n<!-- \/ Yoast SEO plugin. -->","yoast_head_json":{"title":"Alpha Cond\u00e9 en Suisse pour le forum \u00e9conomique mondiale de Davos | Guin\u00e9e Diversit\u00e9","robots":{"index":"index","follow":"follow","max-snippet":"max-snippet:-1","max-image-preview":"max-image-preview:large","max-video-preview":"max-video-preview:-1"},"canonical":"https:\/\/guineediversite.com\/index.php\/2013\/12\/31\/alpha-conde-en-suisse-pour-le-forum-economique-mondiale-de-davos\/","og_locale":"fr_FR","og_type":"article","og_title":"Alpha Cond\u00e9 en Suisse pour le forum \u00e9conomique mondiale de Davos | Guin\u00e9e Diversit\u00e9","og_description":"Le Pr\u00e9sident de la r\u00e9publique de Guin\u00e9e, s\u2019est envol\u00e9 hier mardi 21 janvier pour la Suisse pour participer au forum \u00e9conomique mondiale qui ouvre ses portes ce mercredi \u00e0 Davos. Plus de 1 500 dirigeants d&rsquo;entreprises et une quarantaine de chefs d&rsquo;Etat et de gouvernement, dont le Britannique David Cameron, la Br\u00e9silienne Dilma Rousseff, le [&hellip;]","og_url":"https:\/\/guineediversite.com\/index.php\/2013\/12\/31\/alpha-conde-en-suisse-pour-le-forum-economique-mondiale-de-davos\/","og_site_name":"Guin\u00e9e Diversit\u00e9","article_publisher":"https:\/\/www.facebook.com\/guineediversite\/","article_published_time":"2013-12-30T23:00:00+00:00","author":"Guin\u00e9e Diversit\u00e9","twitter_card":"summary_large_image","twitter_creator":"@GuineeDiversite","twitter_site":"@GuineeDiversite","twitter_misc":{"\u00c9crit par":"Guin\u00e9e Diversit\u00e9","Dur\u00e9e de lecture estim\u00e9e":"1 minute"},"schema":{"@context":"https:\/\/schema.org","@graph":[{"@type":"Article","@id":"https:\/\/guineediversite.com\/index.php\/2013\/12\/31\/alpha-conde-en-suisse-pour-le-forum-economique-mondiale-de-davos\/#article","isPartOf":{"@id":"https:\/\/guineediversite.com\/index.php\/2013\/12\/31\/alpha-conde-en-suisse-pour-le-forum-economique-mondiale-de-davos\/"},"author":{"name":"Guin\u00e9e Diversit\u00e9","@id":"https:\/\/guineediversite.com\/#\/schema\/person\/afa08fb34e7fc6e1feafc892612bc836"},"headline":"Alpha Cond\u00e9 en Suisse pour le forum \u00e9conomique mondiale de Davos","datePublished":"2013-12-30T23:00:00+00:00","dateModified":"2013-12-30T23:00:00+00:00","mainEntityOfPage":{"@id":"https:\/\/guineediversite.com\/index.php\/2013\/12\/31\/alpha-conde-en-suisse-pour-le-forum-economique-mondiale-de-davos\/"},"wordCount":155,"commentCount":0,"publisher":{"@id":"https:\/\/guineediversite.com\/#organization"},"articleSection":["Archives"],"inLanguage":"fr-FR","potentialAction":[{"@type":"CommentAction","name":"Comment","target":["https:\/\/guineediversite.com\/index.php\/2013\/12\/31\/alpha-conde-en-suisse-pour-le-forum-economique-mondiale-de-davos\/#respond"]}]},{"@type":"WebPage","@id":"https:\/\/guineediversite.com\/index.php\/2013\/12\/31\/alpha-conde-en-suisse-pour-le-forum-economique-mondiale-de-davos\/","url":"https:\/\/guineediversite.com\/index.php\/2013\/12\/31\/alpha-conde-en-suisse-pour-le-forum-economique-mondiale-de-davos\/","name":"Alpha Cond\u00e9 en Suisse pour le forum \u00e9conomique mondiale de Davos | Guin\u00e9e Diversit\u00e9","isPartOf":{"@id":"https:\/\/guineediversite.com\/#website"},"datePublished":"2013-12-30T23:00:00+00:00","dateModified":"2013-12-30T23:00:00+00:00","breadcrumb":{"@id":"https:\/\/guineediversite.com\/index.php\/2013\/12\/31\/alpha-conde-en-suisse-pour-le-forum-economique-mondiale-de-davos\/#breadcrumb"},"inLanguage":"fr-FR","potentialAction":[{"@type":"ReadAction","target":["https:\/\/guineediversite.com\/index.php\/2013\/12\/31\/alpha-conde-en-suisse-pour-le-forum-economique-mondiale-de-davos\/"]}]},{"@type":"BreadcrumbList","@id":"https:\/\/guineediversite.com\/index.php\/2013\/12\/31\/alpha-conde-en-suisse-pour-le-forum-economique-mondiale-de-davos\/#breadcrumb","itemListElement":[{"@type":"ListItem","position":1,"name":"Accueil","item":"https:\/\/guineediversite.com\/"},{"@type":"ListItem","position":2,"name":"Alpha Cond\u00e9 en Suisse pour le forum \u00e9conomique mondiale de Davos"}]},{"@type":"WebSite","@id":"https:\/\/guineediversite.com\/#website","url":"https:\/\/guineediversite.com\/","name":"Guin\u00e9e Diversit\u00e9","description":"L&#039;Info dans toute sa diversit\u00e9","publisher":{"@id":"https:\/\/guineediversite.com\/#organization"},"potentialAction":[{"@type":"SearchAction","target":{"@type":"EntryPoint","urlTemplate":"https:\/\/guineediversite.com\/?s={search_term_string}"},"query-input":{"@type":"PropertyValueSpecification","valueRequired":true,"valueName":"search_term_string"}}],"inLanguage":"fr-FR"},{"@type":"Organization","@id":"https:\/\/guineediversite.com\/#organization","name":"Guin\u00e9e Diversit\u00e9","url":"https:\/\/guineediversite.com\/","logo":{"@type":"ImageObject","inLanguage":"fr-FR","@id":"https:\/\/guineediversite.com\/#\/schema\/logo\/image\/","url":"https:\/\/guineediversite.com\/wp-content\/uploads\/2017\/04\/cropped-1jojlxEOMkX9Wyqfhe43D6kjPOGqBBKmx3EwWJqZ0cMrFF54yM49.png","contentUrl":"https:\/\/guineediversite.com\/wp-content\/uploads\/2017\/04\/cropped-1jojlxEOMkX9Wyqfhe43D6kjPOGqBBKmx3EwWJqZ0cMrFF54yM49.png","width":186,"height":112,"caption":"Guin\u00e9e Diversit\u00e9"},"image":{"@id":"https:\/\/guineediversite.com\/#\/schema\/logo\/image\/"},"sameAs":["https:\/\/www.facebook.com\/guineediversite\/","https:\/\/x.com\/GuineeDiversite","https:\/\/www.youtube.com\/channel\/UC8sUY16qelG5ge6_D5SB83g"]},{"@type":"Person","@id":"https:\/\/guineediversite.com\/#\/schema\/person\/afa08fb34e7fc6e1feafc892612bc836","name":"Guin\u00e9e Diversit\u00e9","image":{"@type":"ImageObject","inLanguage":"fr-FR","@id":"https:\/\/guineediversite.com\/#\/schema\/person\/image\/","url":"https:\/\/secure.gravatar.com\/avatar\/50d5eb5b390f8b65ac30ac6f898eb83a?s=96&d=mm&r=g","contentUrl":"https:\/\/secure.gravatar.com\/avatar\/50d5eb5b390f8b65ac30ac6f898eb83a?s=96&d=mm&r=g","caption":"Guin\u00e9e Diversit\u00e9"},"url":"https:\/\/guineediversite.com\/index.php\/author\/guineediversite\/"}]}},"_links":{"self":[{"href":"https:\/\/guineediversite.com\/index.php\/wp-json\/wp\/v2\/posts\/19726"}],"collection":[{"href":"https:\/\/guineediversite.com\/index.php\/wp-json\/wp\/v2\/posts"}],"about":[{"href":"https:\/\/guineediversite.com\/index.php\/wp-json\/wp\/v2\/types\/post"}],"author":[{"embeddable":true,"href":"https:\/\/guineediversite.com\/index.php\/wp-json\/wp\/v2\/users\/12"}],"replies":[{"embeddable":true,"href":"https:\/\/guineediversite.com\/index.php\/wp-json\/wp\/v2\/comments?post=19726"}],"version-history":[{"count":0,"href":"https:\/\/guineediversite.com\/index.php\/wp-json\/wp\/v2\/posts\/19726\/revisions"}],"wp:attachment":[{"href":"https:\/\/guineediversite.com\/index.php\/wp-json\/wp\/v2\/media?parent=19726"}],"wp:term":[{"taxonomy":"category","embeddable":true,"href":"https:\/\/guineediversite.com\/index.php\/wp-json\/wp\/v2\/categories?post=19726"},{"taxonomy":"post_tag","embeddable":true,"href":"https:\/\/guineediversite.com\/index.php\/wp-json\/wp\/v2\/tags?post=19726"}],"curies":[{"name":"wp","href":"https:\/\/api.w.org\/{rel}","templated":true}]}}