{"id":19725,"date":"2013-12-31T00:00:00","date_gmt":"2013-12-30T23:00:00","guid":{"rendered":"https:\/\/www.guineediversite.com\/index.php\/2013\/12\/31\/tueries-du-22-janvier-2007-des-organisations-de-defense-des-droits-de-lhomme-appellent-a-linculpation-des-presumes-responsables\/"},"modified":"2013-12-31T00:00:00","modified_gmt":"2013-12-30T23:00:00","slug":"tueries-du-22-janvier-2007-des-organisations-de-defense-des-droits-de-lhomme-appellent-a-linculpation-des-presumes-responsables","status":"publish","type":"post","link":"https:\/\/guineediversite.com\/index.php\/2013\/12\/31\/tueries-du-22-janvier-2007-des-organisations-de-defense-des-droits-de-lhomme-appellent-a-linculpation-des-presumes-responsables\/","title":{"rendered":"Tueries du 22 janvier 2007, des organisations de d\u00e9fense des droits de l\u2019homme appellent \u00e0 l\u2019inculpation des pr\u00e9sum\u00e9s responsables"},"content":{"rendered":"<p>Communiqu\u00e9 de presse conjoint- Conakry, Nairobi, Paris, le 21 janvier 2014 \u2013 A l\u2019occasion du septi\u00e8me anniversaire de la r\u00e9pression sanglante des manifestations organis\u00e9es par les centrales syndicales guin\u00e9ennes en janvier et f\u00e9vrier 2007, la FIDH et l&rsquo;OGDH, \u00e0 l\u2019origine de la proc\u00e9dure judiciaire et qui assistent les victimes devant la justice guin\u00e9enne, appellent \u00e0 l&rsquo;intensification des enqu\u00eates et \u00e0 l&rsquo;inculpation des responsables pr\u00e9sum\u00e9s d&rsquo;une r\u00e9pression qui avait fait plusieurs centaines de morts dans toute la Guin\u00e9e.<\/p>\n<p>Le 22 janvier 2007, en plein c\u0153ur de Conakry, des b\u00e9rets rouges de la garde pr\u00e9sidentielle de Lansana Cont\u00e9, accompagn\u00e9s par des \u00e9l\u00e9ments des forces de l&rsquo;ordre, ouvraient le feu sur des civils pacifiques, faisant des dizaines de morts et des centaines de bless\u00e9s. La r\u00e9pression allait se poursuivre jusqu&rsquo;\u00e0 la mi-f\u00e9vrier, dans les principales villes du pays, causant la mort de plusieurs centaines de personnes, des milliers de bless\u00e9s et des d\u00e9g\u00e2ts mat\u00e9riels consid\u00e9rables.<\/p>\n<p>Pendant plusieurs ann\u00e9es, ces graves violations des droits de l\u2019Homme n&rsquo;ont fait l&rsquo;objet d&rsquo;aucune enqu\u00eate judiciaire. En mai 2012, l&rsquo;OGDH et la FIDH ont d\u00e9cid\u00e9 de porter plainte et de se constituer parties civiles aux c\u00f4t\u00e9s de 50 victimes. Cette plainte a donn\u00e9 lieu \u00e0 l&rsquo;ouverture d&rsquo;une information judiciaire et deux juges d&rsquo;instruction sont d\u00e9sormais en charge d&rsquo;instruire cette affaire d&rsquo;envergure nationale.<\/p>\n<p>\u00ab La plainte et l&rsquo;ouverture de l&rsquo;enqu\u00eate a r\u00e9veill\u00e9 l&rsquo;espoir pour nous, les victimes. D\u00e9sormais, nous esp\u00e9rons que la justice ira jusqu&rsquo;au bout et pourra juger tous les responsables, ceux qui ont tu\u00e9 mon fils et tous ceux qui ont pris part \u00e0 ces crimes \u00bb a d\u00e9clar\u00e9 M. C., parent d&rsquo;une victime du 22 janvier 2007.<\/p>\n<p>Depuis l&rsquo;ouverture de l&rsquo;enqu\u00eate judiciaire, la plupart des victimes constitu\u00e9es parties civiles ont pu \u00eatre entendues par les magistrats. Cependant, un important travail reste \u00e0 mener dans cette affaire, tant pour l\u2019identification et la mise en cause des responsables, que pour l&rsquo;audition des victimes et t\u00e9moins sur l&rsquo;ensemble du territoire.<\/p>\n<p>\u00ab Dans cette affaire, le plus dur commence : l&rsquo;instruction ne pourra aboutir que si elle est \u00e9tendue \u00e0 toutes les villes o\u00f9 des crimes ont \u00e9t\u00e9 commis. Cela implique un soutien exceptionnel des autorit\u00e9s guin\u00e9ennes aux magistrats instructeurs, des moyens d&rsquo;enqu\u00eate importants et une volont\u00e9 claire de mettre fin \u00e0 l&rsquo;impunit\u00e9 \u00bb, a d\u00e9clar\u00e9 Me Drissa Traore, Vice-pr\u00e9sident de la FIDH.<\/p>\n<p>Pour faire face \u00e0 ces d\u00e9fis, nos organisations \u00e9tendront leur assistance judiciaire en 2014 afin de garantir que les victimes de ces \u00e9v\u00e9nements, partout o\u00f9 elles se trouvent, puissent participer \u00e0 la proc\u00e9dure et b\u00e9n\u00e9ficier de l&rsquo;assistance d&rsquo;avocats guin\u00e9ens et internationaux.<\/p>\n<p>\u00ab Aujourd&rsquo;hui, la Guin\u00e9e tourne une page de son histoire avec la mise en place d&rsquo;une assembl\u00e9e nationale qui marque la fin tant attendue de la transition politique. Plus que jamais, l&rsquo;Etat guin\u00e9en doit faire face \u00e0 son pass\u00e9, aussi douloureux soit-il, et r\u00e9pondre \u00e0 l&rsquo;attente de justice de ses citoyens. C&rsquo;est la condition sine qua non pour l&rsquo;instauration d&rsquo;un v\u00e9ritable Etat de droit, o\u00f9 l&rsquo;impunit\u00e9 et la violence politique n&rsquo;auront plus leur place \u00bb, a d\u00e9clar\u00e9 Thierno Sow, pr\u00e9sident de l&rsquo;OGDH.<\/p>\n<p>La FIDH et l\u2019OGDH rappellent que la Guin\u00e9e, qui a ratifi\u00e9 le Statut de Rome le 14 juillet 2003, fait l&rsquo;objet d&rsquo;un examen pr\u00e9liminaire du bureau du Procureur de la Cour p\u00e9nale internationale (CPI) depuis le 14 octobre 2009. En cons\u00e9quence, la CPI est comp\u00e9tente pour juger les crimes vis\u00e9s par le Statut de Rome commis en Guin\u00e9e ou par des ressortissants guin\u00e9ens depuis le 1er octobre 2003. Lors des diff\u00e9rentes rencontres avec nos organisations, la CPI a rappel\u00e9 que les crimes commis en 2007 entraient dans son champ de comp\u00e9tence et qu&rsquo;en l&rsquo;absence de poursuite de la part des autorit\u00e9s judiciaires guin\u00e9ennes, elle pourrait se pencher sur cette affaire.<\/p>\n<p>Enfin, nos organisations exhortent le nouveau gouvernement guin\u00e9en \u00e0 faire de la justice l\u2019une des ses priorit\u00e9s, pour ne pas laisser impunis les graves crimes commis depuis 2007 et notamment ceux du 28 septembre 2009, de Zogota en 2012, de Nz\u00e9r\u00e9kor\u00e9 en 2013 ou, plus largement, les violations des droits de l&rsquo;Homme commises au cours des diff\u00e9rentes manifestations politiques organis\u00e9es dans le cadre des processus \u00e9lectoraux de 2010 et 2013.<\/p>\n<p>Rappel des faits : Le 10 janvier 2007, les centrales syndicales guin\u00e9ennes lan\u00e7aient une gr\u00e8ve g\u00e9n\u00e9rale pour protester contre la chert\u00e9 de la vie, la mauvaise gouvernance et le manque de d\u00e9mocratie qui caract\u00e9risait le r\u00e9gime du g\u00e9n\u00e9ral Lansana Cont\u00e9, au pouvoir de 1984 jusqu&rsquo;\u00e0 sa mort en 2008. La r\u00e9pression par l&rsquo;arm\u00e9e et des forces de l&rsquo;ordre tout au long des mois de janvier et f\u00e9vrier 2007 des manifestations pacifiques des syndicats ont fait plusieurs centaines de morts.<\/p>\n<p>FIDH &#8211; F\u00e9d\u00e9ration internationale des ligues des droits de l\u2019Homme<br \/>\nOGDH &#8211; Organisation guin\u00e9enne de d\u00e9fense des droits de l\u2019Homme<\/p>\n","protected":false},"excerpt":{"rendered":"<p>Communiqu\u00e9 de presse conjoint- Conakry, Nairobi, Paris, le 21 janvier 2014 \u2013 A l\u2019occasion du septi\u00e8me anniversaire de la r\u00e9pression sanglante des manifestations organis\u00e9es par les centrales syndicales guin\u00e9ennes en janvier et f\u00e9vrier 2007, la FIDH et l&rsquo;OGDH, \u00e0 l\u2019origine de la proc\u00e9dure judiciaire et qui assistent les victimes devant la justice guin\u00e9enne, appellent \u00e0 [&hellip;]<\/p>\n","protected":false},"author":12,"featured_media":0,"comment_status":"open","ping_status":"open","sticky":false,"template":"","format":"standard","meta":{"_exactmetrics_skip_tracking":false,"_exactmetrics_sitenote_active":false,"_exactmetrics_sitenote_note":"","_exactmetrics_sitenote_category":0,"tdm_status":"","tdm_grid_status":"","footnotes":""},"categories":[28],"tags":[],"class_list":{"0":"post-19725","1":"post","2":"type-post","3":"status-publish","4":"format-standard","6":"category-archives"},"yoast_head":"<!-- This site is optimized with the Yoast SEO plugin v24.2 - https:\/\/yoast.com\/wordpress\/plugins\/seo\/ -->\n<title>Tueries du 22 janvier 2007, des organisations de d\u00e9fense des droits de l\u2019homme appellent \u00e0 l\u2019inculpation des pr\u00e9sum\u00e9s responsables | Guin\u00e9e Diversit\u00e9<\/title>\n<meta name=\"robots\" content=\"index, follow, max-snippet:-1, max-image-preview:large, max-video-preview:-1\" \/>\n<link rel=\"canonical\" href=\"https:\/\/guineediversite.com\/index.php\/2013\/12\/31\/tueries-du-22-janvier-2007-des-organisations-de-defense-des-droits-de-lhomme-appellent-a-linculpation-des-presumes-responsables\/\" \/>\n<meta property=\"og:locale\" content=\"fr_FR\" \/>\n<meta property=\"og:type\" content=\"article\" \/>\n<meta property=\"og:title\" content=\"Tueries du 22 janvier 2007, des organisations de d\u00e9fense des droits de l\u2019homme appellent \u00e0 l\u2019inculpation des pr\u00e9sum\u00e9s responsables | Guin\u00e9e Diversit\u00e9\" \/>\n<meta property=\"og:description\" content=\"Communiqu\u00e9 de presse conjoint- Conakry, Nairobi, Paris, le 21 janvier 2014 \u2013 A l\u2019occasion du septi\u00e8me anniversaire de la r\u00e9pression sanglante des manifestations organis\u00e9es par les centrales syndicales guin\u00e9ennes en janvier et f\u00e9vrier 2007, la FIDH et l&rsquo;OGDH, \u00e0 l\u2019origine de la proc\u00e9dure judiciaire et qui assistent les victimes devant la justice guin\u00e9enne, appellent \u00e0 [&hellip;]\" \/>\n<meta property=\"og:url\" content=\"https:\/\/guineediversite.com\/index.php\/2013\/12\/31\/tueries-du-22-janvier-2007-des-organisations-de-defense-des-droits-de-lhomme-appellent-a-linculpation-des-presumes-responsables\/\" \/>\n<meta property=\"og:site_name\" content=\"Guin\u00e9e Diversit\u00e9\" \/>\n<meta property=\"article:publisher\" content=\"https:\/\/www.facebook.com\/guineediversite\/\" \/>\n<meta property=\"article:published_time\" content=\"2013-12-30T23:00:00+00:00\" \/>\n<meta name=\"author\" content=\"Guin\u00e9e Diversit\u00e9\" \/>\n<meta name=\"twitter:card\" content=\"summary_large_image\" \/>\n<meta name=\"twitter:creator\" content=\"@GuineeDiversite\" \/>\n<meta name=\"twitter:site\" content=\"@GuineeDiversite\" \/>\n<meta name=\"twitter:label1\" content=\"\u00c9crit par\" \/>\n\t<meta name=\"twitter:data1\" content=\"Guin\u00e9e Diversit\u00e9\" \/>\n\t<meta name=\"twitter:label2\" content=\"Dur\u00e9e de lecture estim\u00e9e\" \/>\n\t<meta name=\"twitter:data2\" content=\"4 minutes\" \/>\n<script type=\"application\/ld+json\" class=\"yoast-schema-graph\">{\"@context\":\"https:\/\/schema.org\",\"@graph\":[{\"@type\":\"Article\",\"@id\":\"https:\/\/guineediversite.com\/index.php\/2013\/12\/31\/tueries-du-22-janvier-2007-des-organisations-de-defense-des-droits-de-lhomme-appellent-a-linculpation-des-presumes-responsables\/#article\",\"isPartOf\":{\"@id\":\"https:\/\/guineediversite.com\/index.php\/2013\/12\/31\/tueries-du-22-janvier-2007-des-organisations-de-defense-des-droits-de-lhomme-appellent-a-linculpation-des-presumes-responsables\/\"},\"author\":{\"name\":\"Guin\u00e9e Diversit\u00e9\",\"@id\":\"https:\/\/guineediversite.com\/#\/schema\/person\/afa08fb34e7fc6e1feafc892612bc836\"},\"headline\":\"Tueries du 22 janvier 2007, des organisations de d\u00e9fense des droits de l\u2019homme appellent \u00e0 l\u2019inculpation des pr\u00e9sum\u00e9s responsables\",\"datePublished\":\"2013-12-30T23:00:00+00:00\",\"dateModified\":\"2013-12-30T23:00:00+00:00\",\"mainEntityOfPage\":{\"@id\":\"https:\/\/guineediversite.com\/index.php\/2013\/12\/31\/tueries-du-22-janvier-2007-des-organisations-de-defense-des-droits-de-lhomme-appellent-a-linculpation-des-presumes-responsables\/\"},\"wordCount\":901,\"commentCount\":0,\"publisher\":{\"@id\":\"https:\/\/guineediversite.com\/#organization\"},\"articleSection\":[\"Archives\"],\"inLanguage\":\"fr-FR\",\"potentialAction\":[{\"@type\":\"CommentAction\",\"name\":\"Comment\",\"target\":[\"https:\/\/guineediversite.com\/index.php\/2013\/12\/31\/tueries-du-22-janvier-2007-des-organisations-de-defense-des-droits-de-lhomme-appellent-a-linculpation-des-presumes-responsables\/#respond\"]}]},{\"@type\":\"WebPage\",\"@id\":\"https:\/\/guineediversite.com\/index.php\/2013\/12\/31\/tueries-du-22-janvier-2007-des-organisations-de-defense-des-droits-de-lhomme-appellent-a-linculpation-des-presumes-responsables\/\",\"url\":\"https:\/\/guineediversite.com\/index.php\/2013\/12\/31\/tueries-du-22-janvier-2007-des-organisations-de-defense-des-droits-de-lhomme-appellent-a-linculpation-des-presumes-responsables\/\",\"name\":\"Tueries du 22 janvier 2007, des organisations de d\u00e9fense des droits de l\u2019homme appellent \u00e0 l\u2019inculpation des pr\u00e9sum\u00e9s responsables | Guin\u00e9e Diversit\u00e9\",\"isPartOf\":{\"@id\":\"https:\/\/guineediversite.com\/#website\"},\"datePublished\":\"2013-12-30T23:00:00+00:00\",\"dateModified\":\"2013-12-30T23:00:00+00:00\",\"breadcrumb\":{\"@id\":\"https:\/\/guineediversite.com\/index.php\/2013\/12\/31\/tueries-du-22-janvier-2007-des-organisations-de-defense-des-droits-de-lhomme-appellent-a-linculpation-des-presumes-responsables\/#breadcrumb\"},\"inLanguage\":\"fr-FR\",\"potentialAction\":[{\"@type\":\"ReadAction\",\"target\":[\"https:\/\/guineediversite.com\/index.php\/2013\/12\/31\/tueries-du-22-janvier-2007-des-organisations-de-defense-des-droits-de-lhomme-appellent-a-linculpation-des-presumes-responsables\/\"]}]},{\"@type\":\"BreadcrumbList\",\"@id\":\"https:\/\/guineediversite.com\/index.php\/2013\/12\/31\/tueries-du-22-janvier-2007-des-organisations-de-defense-des-droits-de-lhomme-appellent-a-linculpation-des-presumes-responsables\/#breadcrumb\",\"itemListElement\":[{\"@type\":\"ListItem\",\"position\":1,\"name\":\"Accueil\",\"item\":\"https:\/\/guineediversite.com\/\"},{\"@type\":\"ListItem\",\"position\":2,\"name\":\"Tueries du 22 janvier 2007, des organisations de d\u00e9fense des droits de l\u2019homme appellent \u00e0 l\u2019inculpation des pr\u00e9sum\u00e9s responsables\"}]},{\"@type\":\"WebSite\",\"@id\":\"https:\/\/guineediversite.com\/#website\",\"url\":\"https:\/\/guineediversite.com\/\",\"name\":\"Guin\u00e9e Diversit\u00e9\",\"description\":\"L&#039;Info dans toute sa diversit\u00e9\",\"publisher\":{\"@id\":\"https:\/\/guineediversite.com\/#organization\"},\"potentialAction\":[{\"@type\":\"SearchAction\",\"target\":{\"@type\":\"EntryPoint\",\"urlTemplate\":\"https:\/\/guineediversite.com\/?s={search_term_string}\"},\"query-input\":{\"@type\":\"PropertyValueSpecification\",\"valueRequired\":true,\"valueName\":\"search_term_string\"}}],\"inLanguage\":\"fr-FR\"},{\"@type\":\"Organization\",\"@id\":\"https:\/\/guineediversite.com\/#organization\",\"name\":\"Guin\u00e9e Diversit\u00e9\",\"url\":\"https:\/\/guineediversite.com\/\",\"logo\":{\"@type\":\"ImageObject\",\"inLanguage\":\"fr-FR\",\"@id\":\"https:\/\/guineediversite.com\/#\/schema\/logo\/image\/\",\"url\":\"https:\/\/guineediversite.com\/wp-content\/uploads\/2017\/04\/cropped-1jojlxEOMkX9Wyqfhe43D6kjPOGqBBKmx3EwWJqZ0cMrFF54yM49.png\",\"contentUrl\":\"https:\/\/guineediversite.com\/wp-content\/uploads\/2017\/04\/cropped-1jojlxEOMkX9Wyqfhe43D6kjPOGqBBKmx3EwWJqZ0cMrFF54yM49.png\",\"width\":186,\"height\":112,\"caption\":\"Guin\u00e9e Diversit\u00e9\"},\"image\":{\"@id\":\"https:\/\/guineediversite.com\/#\/schema\/logo\/image\/\"},\"sameAs\":[\"https:\/\/www.facebook.com\/guineediversite\/\",\"https:\/\/x.com\/GuineeDiversite\",\"https:\/\/www.youtube.com\/channel\/UC8sUY16qelG5ge6_D5SB83g\"]},{\"@type\":\"Person\",\"@id\":\"https:\/\/guineediversite.com\/#\/schema\/person\/afa08fb34e7fc6e1feafc892612bc836\",\"name\":\"Guin\u00e9e Diversit\u00e9\",\"image\":{\"@type\":\"ImageObject\",\"inLanguage\":\"fr-FR\",\"@id\":\"https:\/\/guineediversite.com\/#\/schema\/person\/image\/\",\"url\":\"https:\/\/secure.gravatar.com\/avatar\/50d5eb5b390f8b65ac30ac6f898eb83a?s=96&d=mm&r=g\",\"contentUrl\":\"https:\/\/secure.gravatar.com\/avatar\/50d5eb5b390f8b65ac30ac6f898eb83a?s=96&d=mm&r=g\",\"caption\":\"Guin\u00e9e Diversit\u00e9\"},\"url\":\"https:\/\/guineediversite.com\/index.php\/author\/guineediversite\/\"}]}<\/script>\n<!-- \/ Yoast SEO plugin. -->","yoast_head_json":{"title":"Tueries du 22 janvier 2007, des organisations de d\u00e9fense des droits de l\u2019homme appellent \u00e0 l\u2019inculpation des pr\u00e9sum\u00e9s responsables | Guin\u00e9e Diversit\u00e9","robots":{"index":"index","follow":"follow","max-snippet":"max-snippet:-1","max-image-preview":"max-image-preview:large","max-video-preview":"max-video-preview:-1"},"canonical":"https:\/\/guineediversite.com\/index.php\/2013\/12\/31\/tueries-du-22-janvier-2007-des-organisations-de-defense-des-droits-de-lhomme-appellent-a-linculpation-des-presumes-responsables\/","og_locale":"fr_FR","og_type":"article","og_title":"Tueries du 22 janvier 2007, des organisations de d\u00e9fense des droits de l\u2019homme appellent \u00e0 l\u2019inculpation des pr\u00e9sum\u00e9s responsables | Guin\u00e9e Diversit\u00e9","og_description":"Communiqu\u00e9 de presse conjoint- Conakry, Nairobi, Paris, le 21 janvier 2014 \u2013 A l\u2019occasion du septi\u00e8me anniversaire de la r\u00e9pression sanglante des manifestations organis\u00e9es par les centrales syndicales guin\u00e9ennes en janvier et f\u00e9vrier 2007, la FIDH et l&rsquo;OGDH, \u00e0 l\u2019origine de la proc\u00e9dure judiciaire et qui assistent les victimes devant la justice guin\u00e9enne, appellent \u00e0 [&hellip;]","og_url":"https:\/\/guineediversite.com\/index.php\/2013\/12\/31\/tueries-du-22-janvier-2007-des-organisations-de-defense-des-droits-de-lhomme-appellent-a-linculpation-des-presumes-responsables\/","og_site_name":"Guin\u00e9e Diversit\u00e9","article_publisher":"https:\/\/www.facebook.com\/guineediversite\/","article_published_time":"2013-12-30T23:00:00+00:00","author":"Guin\u00e9e Diversit\u00e9","twitter_card":"summary_large_image","twitter_creator":"@GuineeDiversite","twitter_site":"@GuineeDiversite","twitter_misc":{"\u00c9crit par":"Guin\u00e9e Diversit\u00e9","Dur\u00e9e de lecture estim\u00e9e":"4 minutes"},"schema":{"@context":"https:\/\/schema.org","@graph":[{"@type":"Article","@id":"https:\/\/guineediversite.com\/index.php\/2013\/12\/31\/tueries-du-22-janvier-2007-des-organisations-de-defense-des-droits-de-lhomme-appellent-a-linculpation-des-presumes-responsables\/#article","isPartOf":{"@id":"https:\/\/guineediversite.com\/index.php\/2013\/12\/31\/tueries-du-22-janvier-2007-des-organisations-de-defense-des-droits-de-lhomme-appellent-a-linculpation-des-presumes-responsables\/"},"author":{"name":"Guin\u00e9e Diversit\u00e9","@id":"https:\/\/guineediversite.com\/#\/schema\/person\/afa08fb34e7fc6e1feafc892612bc836"},"headline":"Tueries du 22 janvier 2007, des organisations de d\u00e9fense des droits de l\u2019homme appellent \u00e0 l\u2019inculpation des pr\u00e9sum\u00e9s responsables","datePublished":"2013-12-30T23:00:00+00:00","dateModified":"2013-12-30T23:00:00+00:00","mainEntityOfPage":{"@id":"https:\/\/guineediversite.com\/index.php\/2013\/12\/31\/tueries-du-22-janvier-2007-des-organisations-de-defense-des-droits-de-lhomme-appellent-a-linculpation-des-presumes-responsables\/"},"wordCount":901,"commentCount":0,"publisher":{"@id":"https:\/\/guineediversite.com\/#organization"},"articleSection":["Archives"],"inLanguage":"fr-FR","potentialAction":[{"@type":"CommentAction","name":"Comment","target":["https:\/\/guineediversite.com\/index.php\/2013\/12\/31\/tueries-du-22-janvier-2007-des-organisations-de-defense-des-droits-de-lhomme-appellent-a-linculpation-des-presumes-responsables\/#respond"]}]},{"@type":"WebPage","@id":"https:\/\/guineediversite.com\/index.php\/2013\/12\/31\/tueries-du-22-janvier-2007-des-organisations-de-defense-des-droits-de-lhomme-appellent-a-linculpation-des-presumes-responsables\/","url":"https:\/\/guineediversite.com\/index.php\/2013\/12\/31\/tueries-du-22-janvier-2007-des-organisations-de-defense-des-droits-de-lhomme-appellent-a-linculpation-des-presumes-responsables\/","name":"Tueries du 22 janvier 2007, des organisations de d\u00e9fense des droits de l\u2019homme appellent \u00e0 l\u2019inculpation des pr\u00e9sum\u00e9s responsables | Guin\u00e9e Diversit\u00e9","isPartOf":{"@id":"https:\/\/guineediversite.com\/#website"},"datePublished":"2013-12-30T23:00:00+00:00","dateModified":"2013-12-30T23:00:00+00:00","breadcrumb":{"@id":"https:\/\/guineediversite.com\/index.php\/2013\/12\/31\/tueries-du-22-janvier-2007-des-organisations-de-defense-des-droits-de-lhomme-appellent-a-linculpation-des-presumes-responsables\/#breadcrumb"},"inLanguage":"fr-FR","potentialAction":[{"@type":"ReadAction","target":["https:\/\/guineediversite.com\/index.php\/2013\/12\/31\/tueries-du-22-janvier-2007-des-organisations-de-defense-des-droits-de-lhomme-appellent-a-linculpation-des-presumes-responsables\/"]}]},{"@type":"BreadcrumbList","@id":"https:\/\/guineediversite.com\/index.php\/2013\/12\/31\/tueries-du-22-janvier-2007-des-organisations-de-defense-des-droits-de-lhomme-appellent-a-linculpation-des-presumes-responsables\/#breadcrumb","itemListElement":[{"@type":"ListItem","position":1,"name":"Accueil","item":"https:\/\/guineediversite.com\/"},{"@type":"ListItem","position":2,"name":"Tueries du 22 janvier 2007, des organisations de d\u00e9fense des droits de l\u2019homme appellent \u00e0 l\u2019inculpation des pr\u00e9sum\u00e9s responsables"}]},{"@type":"WebSite","@id":"https:\/\/guineediversite.com\/#website","url":"https:\/\/guineediversite.com\/","name":"Guin\u00e9e Diversit\u00e9","description":"L&#039;Info dans toute sa diversit\u00e9","publisher":{"@id":"https:\/\/guineediversite.com\/#organization"},"potentialAction":[{"@type":"SearchAction","target":{"@type":"EntryPoint","urlTemplate":"https:\/\/guineediversite.com\/?s={search_term_string}"},"query-input":{"@type":"PropertyValueSpecification","valueRequired":true,"valueName":"search_term_string"}}],"inLanguage":"fr-FR"},{"@type":"Organization","@id":"https:\/\/guineediversite.com\/#organization","name":"Guin\u00e9e Diversit\u00e9","url":"https:\/\/guineediversite.com\/","logo":{"@type":"ImageObject","inLanguage":"fr-FR","@id":"https:\/\/guineediversite.com\/#\/schema\/logo\/image\/","url":"https:\/\/guineediversite.com\/wp-content\/uploads\/2017\/04\/cropped-1jojlxEOMkX9Wyqfhe43D6kjPOGqBBKmx3EwWJqZ0cMrFF54yM49.png","contentUrl":"https:\/\/guineediversite.com\/wp-content\/uploads\/2017\/04\/cropped-1jojlxEOMkX9Wyqfhe43D6kjPOGqBBKmx3EwWJqZ0cMrFF54yM49.png","width":186,"height":112,"caption":"Guin\u00e9e Diversit\u00e9"},"image":{"@id":"https:\/\/guineediversite.com\/#\/schema\/logo\/image\/"},"sameAs":["https:\/\/www.facebook.com\/guineediversite\/","https:\/\/x.com\/GuineeDiversite","https:\/\/www.youtube.com\/channel\/UC8sUY16qelG5ge6_D5SB83g"]},{"@type":"Person","@id":"https:\/\/guineediversite.com\/#\/schema\/person\/afa08fb34e7fc6e1feafc892612bc836","name":"Guin\u00e9e Diversit\u00e9","image":{"@type":"ImageObject","inLanguage":"fr-FR","@id":"https:\/\/guineediversite.com\/#\/schema\/person\/image\/","url":"https:\/\/secure.gravatar.com\/avatar\/50d5eb5b390f8b65ac30ac6f898eb83a?s=96&d=mm&r=g","contentUrl":"https:\/\/secure.gravatar.com\/avatar\/50d5eb5b390f8b65ac30ac6f898eb83a?s=96&d=mm&r=g","caption":"Guin\u00e9e Diversit\u00e9"},"url":"https:\/\/guineediversite.com\/index.php\/author\/guineediversite\/"}]}},"_links":{"self":[{"href":"https:\/\/guineediversite.com\/index.php\/wp-json\/wp\/v2\/posts\/19725"}],"collection":[{"href":"https:\/\/guineediversite.com\/index.php\/wp-json\/wp\/v2\/posts"}],"about":[{"href":"https:\/\/guineediversite.com\/index.php\/wp-json\/wp\/v2\/types\/post"}],"author":[{"embeddable":true,"href":"https:\/\/guineediversite.com\/index.php\/wp-json\/wp\/v2\/users\/12"}],"replies":[{"embeddable":true,"href":"https:\/\/guineediversite.com\/index.php\/wp-json\/wp\/v2\/comments?post=19725"}],"version-history":[{"count":0,"href":"https:\/\/guineediversite.com\/index.php\/wp-json\/wp\/v2\/posts\/19725\/revisions"}],"wp:attachment":[{"href":"https:\/\/guineediversite.com\/index.php\/wp-json\/wp\/v2\/media?parent=19725"}],"wp:term":[{"taxonomy":"category","embeddable":true,"href":"https:\/\/guineediversite.com\/index.php\/wp-json\/wp\/v2\/categories?post=19725"},{"taxonomy":"post_tag","embeddable":true,"href":"https:\/\/guineediversite.com\/index.php\/wp-json\/wp\/v2\/tags?post=19725"}],"curies":[{"name":"wp","href":"https:\/\/api.w.org\/{rel}","templated":true}]}}