{"id":19722,"date":"2013-12-31T00:00:00","date_gmt":"2013-12-30T23:00:00","guid":{"rendered":"https:\/\/www.guineediversite.com\/index.php\/2013\/12\/31\/ministere-de-lenvironnement-bilan-et-perspective\/"},"modified":"2013-12-31T00:00:00","modified_gmt":"2013-12-30T23:00:00","slug":"ministere-de-lenvironnement-bilan-et-perspective","status":"publish","type":"post","link":"https:\/\/guineediversite.com\/index.php\/2013\/12\/31\/ministere-de-lenvironnement-bilan-et-perspective\/","title":{"rendered":"Minist\u00e8re de l\u2019environnement, bilan et perspective"},"content":{"rendered":"<p>Le Secr\u00e9taire g\u00e9n\u00e9ral du minist\u00e8re de l\u2019environnement, des eaux et for\u00eat a dans un entretien qu\u2019il nous a accord\u00e9 fait le bilan de son d\u00e9partement durant l\u2019ann\u00e9e 2013.<br \/>\nSelon Apollinaire Togba Kolie, l\u2019ann\u00e9e 2013 a \u00e9t\u00e9 marqu\u00e9e par la r\u00e9alisation de plusieurs projets, surtout dans le domaine de la protection environnementale. C\u2019est notamment l\u2019op\u00e9rationnalisation  du corps de conservateurs de la nature, commun\u00e9ment appel\u00e9 gardes forestiers,  l\u2019am\u00e9nagement de plusieurs ronds point de Conakry, l\u2019implantation d\u2019une usine de traitement d\u2019ordure dans la zone de kagb\u00e9l\u00e9.<br \/>\nSelon Apollinaire Togba Kolie son d\u00e9partement est en pourparler avec une soci\u00e9t\u00e9 pour le traitement des ordures au niveau des pr\u00e9fectures de Kindia et de Lab\u00e9.  \u00ab  Dans le m\u00eame cadre, nous avons \u00e9labor\u00e9 les normes environnementales qui feront en sorte que toute soci\u00e9t\u00e9, tout \u00e9tablissements qui s\u2019implantes en Guin\u00e9e ob\u00e9issent \u00e0 ces normes environnementales \u00bb a indiqu\u00e9 le secr\u00e9taire g\u00e9n\u00e9ral du minist\u00e8re de l\u2019environnement. Avant d\u2019ajouter : \u00ab un plan d\u2019investissement national dans le domaine de  l\u2019environnement a \u00e9t\u00e9 \u00e9galement \u00e9labor\u00e9 pour cinq ans. En plus, nous allons tr\u00e8s prochainement organiser une table ronde des partenaires techniques et financiers pour le financement de ce plan d\u2019investissement en environnement\u00bb.<br \/>\nEn d\u00e9pit de ces r\u00e9alisations, le minist\u00e8re de l\u2019environnement, des eaux et for\u00eats entend \u00e9galement poser des actes pour l\u2019ann\u00e9e 2014. A ce titre, il compte apporter de nouvelles impulsions pour le renforcement des capacit\u00e9s op\u00e9rationnelles de ses cadres.<br \/>\n\u00ab En terme de perspective, nous sommes entrain de poursuivre la mise en \u0153uvre ou l\u2019accompagnement du corps des gardes forestiers qui est une ambition du d\u00e9partement. Faire en sorte que  notre plan d\u2019investissement  qui s\u2019\u00e9tend sur cinq ans soit effectivement op\u00e9rationnel. Nous comptons \u00e9galement rendre plus ou moins performant notre administration \u00e0 la base \u00bb. A d\u00e9clar\u00e9 Apollinaire Togba Kolie.<br \/>\nAbdoulaye Ciss\u00e9<\/p>\n","protected":false},"excerpt":{"rendered":"<p>Le Secr\u00e9taire g\u00e9n\u00e9ral du minist\u00e8re de l\u2019environnement, des eaux et for\u00eat a dans un entretien qu\u2019il nous a accord\u00e9 fait le bilan de son d\u00e9partement durant l\u2019ann\u00e9e 2013. Selon Apollinaire Togba Kolie, l\u2019ann\u00e9e 2013 a \u00e9t\u00e9 marqu\u00e9e par la r\u00e9alisation de plusieurs projets, surtout dans le domaine de la protection environnementale. C\u2019est notamment l\u2019op\u00e9rationnalisation du [&hellip;]<\/p>\n","protected":false},"author":12,"featured_media":0,"comment_status":"open","ping_status":"open","sticky":false,"template":"","format":"standard","meta":{"_exactmetrics_skip_tracking":false,"_exactmetrics_sitenote_active":false,"_exactmetrics_sitenote_note":"","_exactmetrics_sitenote_category":0,"tdm_status":"","tdm_grid_status":"","footnotes":""},"categories":[28],"tags":[],"class_list":{"0":"post-19722","1":"post","2":"type-post","3":"status-publish","4":"format-standard","6":"category-archives"},"yoast_head":"<!-- This site is optimized with the Yoast SEO plugin v24.2 - https:\/\/yoast.com\/wordpress\/plugins\/seo\/ -->\n<title>Minist\u00e8re de l\u2019environnement, bilan et perspective | Guin\u00e9e Diversit\u00e9<\/title>\n<meta name=\"robots\" content=\"index, follow, max-snippet:-1, max-image-preview:large, max-video-preview:-1\" \/>\n<link rel=\"canonical\" href=\"https:\/\/guineediversite.com\/index.php\/2013\/12\/31\/ministere-de-lenvironnement-bilan-et-perspective\/\" \/>\n<meta property=\"og:locale\" content=\"fr_FR\" \/>\n<meta property=\"og:type\" content=\"article\" \/>\n<meta property=\"og:title\" content=\"Minist\u00e8re de l\u2019environnement, bilan et perspective | Guin\u00e9e Diversit\u00e9\" \/>\n<meta property=\"og:description\" content=\"Le Secr\u00e9taire g\u00e9n\u00e9ral du minist\u00e8re de l\u2019environnement, des eaux et for\u00eat a dans un entretien qu\u2019il nous a accord\u00e9 fait le bilan de son d\u00e9partement durant l\u2019ann\u00e9e 2013. Selon Apollinaire Togba Kolie, l\u2019ann\u00e9e 2013 a \u00e9t\u00e9 marqu\u00e9e par la r\u00e9alisation de plusieurs projets, surtout dans le domaine de la protection environnementale. C\u2019est notamment l\u2019op\u00e9rationnalisation du [&hellip;]\" \/>\n<meta property=\"og:url\" content=\"https:\/\/guineediversite.com\/index.php\/2013\/12\/31\/ministere-de-lenvironnement-bilan-et-perspective\/\" \/>\n<meta property=\"og:site_name\" content=\"Guin\u00e9e Diversit\u00e9\" \/>\n<meta property=\"article:publisher\" content=\"https:\/\/www.facebook.com\/guineediversite\/\" \/>\n<meta property=\"article:published_time\" content=\"2013-12-30T23:00:00+00:00\" \/>\n<meta name=\"author\" content=\"Guin\u00e9e Diversit\u00e9\" \/>\n<meta name=\"twitter:card\" content=\"summary_large_image\" \/>\n<meta name=\"twitter:creator\" content=\"@GuineeDiversite\" \/>\n<meta name=\"twitter:site\" content=\"@GuineeDiversite\" \/>\n<meta name=\"twitter:label1\" content=\"\u00c9crit par\" \/>\n\t<meta name=\"twitter:data1\" content=\"Guin\u00e9e Diversit\u00e9\" \/>\n\t<meta name=\"twitter:label2\" content=\"Dur\u00e9e de lecture estim\u00e9e\" \/>\n\t<meta name=\"twitter:data2\" content=\"2 minutes\" \/>\n<script type=\"application\/ld+json\" class=\"yoast-schema-graph\">{\"@context\":\"https:\/\/schema.org\",\"@graph\":[{\"@type\":\"Article\",\"@id\":\"https:\/\/guineediversite.com\/index.php\/2013\/12\/31\/ministere-de-lenvironnement-bilan-et-perspective\/#article\",\"isPartOf\":{\"@id\":\"https:\/\/guineediversite.com\/index.php\/2013\/12\/31\/ministere-de-lenvironnement-bilan-et-perspective\/\"},\"author\":{\"name\":\"Guin\u00e9e Diversit\u00e9\",\"@id\":\"https:\/\/guineediversite.com\/#\/schema\/person\/afa08fb34e7fc6e1feafc892612bc836\"},\"headline\":\"Minist\u00e8re de l\u2019environnement, bilan et perspective\",\"datePublished\":\"2013-12-30T23:00:00+00:00\",\"dateModified\":\"2013-12-30T23:00:00+00:00\",\"mainEntityOfPage\":{\"@id\":\"https:\/\/guineediversite.com\/index.php\/2013\/12\/31\/ministere-de-lenvironnement-bilan-et-perspective\/\"},\"wordCount\":348,\"commentCount\":0,\"publisher\":{\"@id\":\"https:\/\/guineediversite.com\/#organization\"},\"articleSection\":[\"Archives\"],\"inLanguage\":\"fr-FR\",\"potentialAction\":[{\"@type\":\"CommentAction\",\"name\":\"Comment\",\"target\":[\"https:\/\/guineediversite.com\/index.php\/2013\/12\/31\/ministere-de-lenvironnement-bilan-et-perspective\/#respond\"]}]},{\"@type\":\"WebPage\",\"@id\":\"https:\/\/guineediversite.com\/index.php\/2013\/12\/31\/ministere-de-lenvironnement-bilan-et-perspective\/\",\"url\":\"https:\/\/guineediversite.com\/index.php\/2013\/12\/31\/ministere-de-lenvironnement-bilan-et-perspective\/\",\"name\":\"Minist\u00e8re de l\u2019environnement, bilan et perspective | Guin\u00e9e Diversit\u00e9\",\"isPartOf\":{\"@id\":\"https:\/\/guineediversite.com\/#website\"},\"datePublished\":\"2013-12-30T23:00:00+00:00\",\"dateModified\":\"2013-12-30T23:00:00+00:00\",\"breadcrumb\":{\"@id\":\"https:\/\/guineediversite.com\/index.php\/2013\/12\/31\/ministere-de-lenvironnement-bilan-et-perspective\/#breadcrumb\"},\"inLanguage\":\"fr-FR\",\"potentialAction\":[{\"@type\":\"ReadAction\",\"target\":[\"https:\/\/guineediversite.com\/index.php\/2013\/12\/31\/ministere-de-lenvironnement-bilan-et-perspective\/\"]}]},{\"@type\":\"BreadcrumbList\",\"@id\":\"https:\/\/guineediversite.com\/index.php\/2013\/12\/31\/ministere-de-lenvironnement-bilan-et-perspective\/#breadcrumb\",\"itemListElement\":[{\"@type\":\"ListItem\",\"position\":1,\"name\":\"Accueil\",\"item\":\"https:\/\/guineediversite.com\/\"},{\"@type\":\"ListItem\",\"position\":2,\"name\":\"Minist\u00e8re de l\u2019environnement, bilan et perspective\"}]},{\"@type\":\"WebSite\",\"@id\":\"https:\/\/guineediversite.com\/#website\",\"url\":\"https:\/\/guineediversite.com\/\",\"name\":\"Guin\u00e9e Diversit\u00e9\",\"description\":\"L&#039;Info dans toute sa diversit\u00e9\",\"publisher\":{\"@id\":\"https:\/\/guineediversite.com\/#organization\"},\"potentialAction\":[{\"@type\":\"SearchAction\",\"target\":{\"@type\":\"EntryPoint\",\"urlTemplate\":\"https:\/\/guineediversite.com\/?s={search_term_string}\"},\"query-input\":{\"@type\":\"PropertyValueSpecification\",\"valueRequired\":true,\"valueName\":\"search_term_string\"}}],\"inLanguage\":\"fr-FR\"},{\"@type\":\"Organization\",\"@id\":\"https:\/\/guineediversite.com\/#organization\",\"name\":\"Guin\u00e9e Diversit\u00e9\",\"url\":\"https:\/\/guineediversite.com\/\",\"logo\":{\"@type\":\"ImageObject\",\"inLanguage\":\"fr-FR\",\"@id\":\"https:\/\/guineediversite.com\/#\/schema\/logo\/image\/\",\"url\":\"https:\/\/guineediversite.com\/wp-content\/uploads\/2017\/04\/cropped-1jojlxEOMkX9Wyqfhe43D6kjPOGqBBKmx3EwWJqZ0cMrFF54yM49.png\",\"contentUrl\":\"https:\/\/guineediversite.com\/wp-content\/uploads\/2017\/04\/cropped-1jojlxEOMkX9Wyqfhe43D6kjPOGqBBKmx3EwWJqZ0cMrFF54yM49.png\",\"width\":186,\"height\":112,\"caption\":\"Guin\u00e9e Diversit\u00e9\"},\"image\":{\"@id\":\"https:\/\/guineediversite.com\/#\/schema\/logo\/image\/\"},\"sameAs\":[\"https:\/\/www.facebook.com\/guineediversite\/\",\"https:\/\/x.com\/GuineeDiversite\",\"https:\/\/www.youtube.com\/channel\/UC8sUY16qelG5ge6_D5SB83g\"]},{\"@type\":\"Person\",\"@id\":\"https:\/\/guineediversite.com\/#\/schema\/person\/afa08fb34e7fc6e1feafc892612bc836\",\"name\":\"Guin\u00e9e Diversit\u00e9\",\"image\":{\"@type\":\"ImageObject\",\"inLanguage\":\"fr-FR\",\"@id\":\"https:\/\/guineediversite.com\/#\/schema\/person\/image\/\",\"url\":\"https:\/\/secure.gravatar.com\/avatar\/50d5eb5b390f8b65ac30ac6f898eb83a?s=96&d=mm&r=g\",\"contentUrl\":\"https:\/\/secure.gravatar.com\/avatar\/50d5eb5b390f8b65ac30ac6f898eb83a?s=96&d=mm&r=g\",\"caption\":\"Guin\u00e9e Diversit\u00e9\"},\"url\":\"https:\/\/guineediversite.com\/index.php\/author\/guineediversite\/\"}]}<\/script>\n<!-- \/ Yoast SEO plugin. -->","yoast_head_json":{"title":"Minist\u00e8re de l\u2019environnement, bilan et perspective | Guin\u00e9e Diversit\u00e9","robots":{"index":"index","follow":"follow","max-snippet":"max-snippet:-1","max-image-preview":"max-image-preview:large","max-video-preview":"max-video-preview:-1"},"canonical":"https:\/\/guineediversite.com\/index.php\/2013\/12\/31\/ministere-de-lenvironnement-bilan-et-perspective\/","og_locale":"fr_FR","og_type":"article","og_title":"Minist\u00e8re de l\u2019environnement, bilan et perspective | Guin\u00e9e Diversit\u00e9","og_description":"Le Secr\u00e9taire g\u00e9n\u00e9ral du minist\u00e8re de l\u2019environnement, des eaux et for\u00eat a dans un entretien qu\u2019il nous a accord\u00e9 fait le bilan de son d\u00e9partement durant l\u2019ann\u00e9e 2013. Selon Apollinaire Togba Kolie, l\u2019ann\u00e9e 2013 a \u00e9t\u00e9 marqu\u00e9e par la r\u00e9alisation de plusieurs projets, surtout dans le domaine de la protection environnementale. C\u2019est notamment l\u2019op\u00e9rationnalisation du [&hellip;]","og_url":"https:\/\/guineediversite.com\/index.php\/2013\/12\/31\/ministere-de-lenvironnement-bilan-et-perspective\/","og_site_name":"Guin\u00e9e Diversit\u00e9","article_publisher":"https:\/\/www.facebook.com\/guineediversite\/","article_published_time":"2013-12-30T23:00:00+00:00","author":"Guin\u00e9e Diversit\u00e9","twitter_card":"summary_large_image","twitter_creator":"@GuineeDiversite","twitter_site":"@GuineeDiversite","twitter_misc":{"\u00c9crit par":"Guin\u00e9e Diversit\u00e9","Dur\u00e9e de lecture estim\u00e9e":"2 minutes"},"schema":{"@context":"https:\/\/schema.org","@graph":[{"@type":"Article","@id":"https:\/\/guineediversite.com\/index.php\/2013\/12\/31\/ministere-de-lenvironnement-bilan-et-perspective\/#article","isPartOf":{"@id":"https:\/\/guineediversite.com\/index.php\/2013\/12\/31\/ministere-de-lenvironnement-bilan-et-perspective\/"},"author":{"name":"Guin\u00e9e Diversit\u00e9","@id":"https:\/\/guineediversite.com\/#\/schema\/person\/afa08fb34e7fc6e1feafc892612bc836"},"headline":"Minist\u00e8re de l\u2019environnement, bilan et perspective","datePublished":"2013-12-30T23:00:00+00:00","dateModified":"2013-12-30T23:00:00+00:00","mainEntityOfPage":{"@id":"https:\/\/guineediversite.com\/index.php\/2013\/12\/31\/ministere-de-lenvironnement-bilan-et-perspective\/"},"wordCount":348,"commentCount":0,"publisher":{"@id":"https:\/\/guineediversite.com\/#organization"},"articleSection":["Archives"],"inLanguage":"fr-FR","potentialAction":[{"@type":"CommentAction","name":"Comment","target":["https:\/\/guineediversite.com\/index.php\/2013\/12\/31\/ministere-de-lenvironnement-bilan-et-perspective\/#respond"]}]},{"@type":"WebPage","@id":"https:\/\/guineediversite.com\/index.php\/2013\/12\/31\/ministere-de-lenvironnement-bilan-et-perspective\/","url":"https:\/\/guineediversite.com\/index.php\/2013\/12\/31\/ministere-de-lenvironnement-bilan-et-perspective\/","name":"Minist\u00e8re de l\u2019environnement, bilan et perspective | Guin\u00e9e Diversit\u00e9","isPartOf":{"@id":"https:\/\/guineediversite.com\/#website"},"datePublished":"2013-12-30T23:00:00+00:00","dateModified":"2013-12-30T23:00:00+00:00","breadcrumb":{"@id":"https:\/\/guineediversite.com\/index.php\/2013\/12\/31\/ministere-de-lenvironnement-bilan-et-perspective\/#breadcrumb"},"inLanguage":"fr-FR","potentialAction":[{"@type":"ReadAction","target":["https:\/\/guineediversite.com\/index.php\/2013\/12\/31\/ministere-de-lenvironnement-bilan-et-perspective\/"]}]},{"@type":"BreadcrumbList","@id":"https:\/\/guineediversite.com\/index.php\/2013\/12\/31\/ministere-de-lenvironnement-bilan-et-perspective\/#breadcrumb","itemListElement":[{"@type":"ListItem","position":1,"name":"Accueil","item":"https:\/\/guineediversite.com\/"},{"@type":"ListItem","position":2,"name":"Minist\u00e8re de l\u2019environnement, bilan et perspective"}]},{"@type":"WebSite","@id":"https:\/\/guineediversite.com\/#website","url":"https:\/\/guineediversite.com\/","name":"Guin\u00e9e Diversit\u00e9","description":"L&#039;Info dans toute sa diversit\u00e9","publisher":{"@id":"https:\/\/guineediversite.com\/#organization"},"potentialAction":[{"@type":"SearchAction","target":{"@type":"EntryPoint","urlTemplate":"https:\/\/guineediversite.com\/?s={search_term_string}"},"query-input":{"@type":"PropertyValueSpecification","valueRequired":true,"valueName":"search_term_string"}}],"inLanguage":"fr-FR"},{"@type":"Organization","@id":"https:\/\/guineediversite.com\/#organization","name":"Guin\u00e9e Diversit\u00e9","url":"https:\/\/guineediversite.com\/","logo":{"@type":"ImageObject","inLanguage":"fr-FR","@id":"https:\/\/guineediversite.com\/#\/schema\/logo\/image\/","url":"https:\/\/guineediversite.com\/wp-content\/uploads\/2017\/04\/cropped-1jojlxEOMkX9Wyqfhe43D6kjPOGqBBKmx3EwWJqZ0cMrFF54yM49.png","contentUrl":"https:\/\/guineediversite.com\/wp-content\/uploads\/2017\/04\/cropped-1jojlxEOMkX9Wyqfhe43D6kjPOGqBBKmx3EwWJqZ0cMrFF54yM49.png","width":186,"height":112,"caption":"Guin\u00e9e Diversit\u00e9"},"image":{"@id":"https:\/\/guineediversite.com\/#\/schema\/logo\/image\/"},"sameAs":["https:\/\/www.facebook.com\/guineediversite\/","https:\/\/x.com\/GuineeDiversite","https:\/\/www.youtube.com\/channel\/UC8sUY16qelG5ge6_D5SB83g"]},{"@type":"Person","@id":"https:\/\/guineediversite.com\/#\/schema\/person\/afa08fb34e7fc6e1feafc892612bc836","name":"Guin\u00e9e Diversit\u00e9","image":{"@type":"ImageObject","inLanguage":"fr-FR","@id":"https:\/\/guineediversite.com\/#\/schema\/person\/image\/","url":"https:\/\/secure.gravatar.com\/avatar\/50d5eb5b390f8b65ac30ac6f898eb83a?s=96&d=mm&r=g","contentUrl":"https:\/\/secure.gravatar.com\/avatar\/50d5eb5b390f8b65ac30ac6f898eb83a?s=96&d=mm&r=g","caption":"Guin\u00e9e Diversit\u00e9"},"url":"https:\/\/guineediversite.com\/index.php\/author\/guineediversite\/"}]}},"_links":{"self":[{"href":"https:\/\/guineediversite.com\/index.php\/wp-json\/wp\/v2\/posts\/19722"}],"collection":[{"href":"https:\/\/guineediversite.com\/index.php\/wp-json\/wp\/v2\/posts"}],"about":[{"href":"https:\/\/guineediversite.com\/index.php\/wp-json\/wp\/v2\/types\/post"}],"author":[{"embeddable":true,"href":"https:\/\/guineediversite.com\/index.php\/wp-json\/wp\/v2\/users\/12"}],"replies":[{"embeddable":true,"href":"https:\/\/guineediversite.com\/index.php\/wp-json\/wp\/v2\/comments?post=19722"}],"version-history":[{"count":0,"href":"https:\/\/guineediversite.com\/index.php\/wp-json\/wp\/v2\/posts\/19722\/revisions"}],"wp:attachment":[{"href":"https:\/\/guineediversite.com\/index.php\/wp-json\/wp\/v2\/media?parent=19722"}],"wp:term":[{"taxonomy":"category","embeddable":true,"href":"https:\/\/guineediversite.com\/index.php\/wp-json\/wp\/v2\/categories?post=19722"},{"taxonomy":"post_tag","embeddable":true,"href":"https:\/\/guineediversite.com\/index.php\/wp-json\/wp\/v2\/tags?post=19722"}],"curies":[{"name":"wp","href":"https:\/\/api.w.org\/{rel}","templated":true}]}}