{"id":19710,"date":"2013-12-31T00:00:00","date_gmt":"2013-12-30T23:00:00","guid":{"rendered":"https:\/\/www.guineediversite.com\/index.php\/2013\/12\/31\/declaration-du-groupe-parlementaire-liberal-democrate\/"},"modified":"2013-12-31T00:00:00","modified_gmt":"2013-12-30T23:00:00","slug":"declaration-du-groupe-parlementaire-liberal-democrate","status":"publish","type":"post","link":"https:\/\/guineediversite.com\/index.php\/2013\/12\/31\/declaration-du-groupe-parlementaire-liberal-democrate\/","title":{"rendered":"Declaration du groupe parlementaire Lib\u00e9ral D\u00e9mocrate"},"content":{"rendered":"<p>Par la pr\u00e9sente d\u00e9claration, les d\u00e9put\u00e9s soussign\u00e9s de l&rsquo;Union des Forces D\u00e9mocratiques de Guin\u00e9e, ont d\u00e9cid\u00e9 de se constituer en un groupe parlementaire \u00e0 l\u2019Assembl\u00e9e nationale d\u00e9nomm\u00e9 \u00ab GROUPE LIBERAL-DEMOCRATE \u00bb.<br \/>\nNous r\u00e9affirmons notre attachement aux principes fondateurs de la R\u00e9publique : \u00ab Travail, Justice, Solidarit\u00e9 \u00bb, au caract\u00e8re unitaire et indivisible de la Nation guin\u00e9enne et au respect scrupuleux des droits humains et des lois de la R\u00e9publique.<br \/>\nNous sommes fiers de cette Guin\u00e9e que DIEU, le Tout-Puissant et Mis\u00e9ricordieux, nous a donn\u00e9 en partage et que nos ascendants, en d\u00e9pit de toutes les vicissitudes de l&rsquo;histoire nous ont l\u00e9gu\u00e9 unie dans sa diversit\u00e9. Cette diversit\u00e9 constitue sur tous les plans un plus \u00e0 la beaut\u00e9, \u00e0 la vitalit\u00e9 et \u00e0 la richesse de notre pays.<br \/>\nDepuis son accession \u00e0 l\u2019ind\u00e9pendance, notre pays a v\u00e9cu sans discontinuit\u00e9 sous la f\u00e9rule de r\u00e9gimes autoritaires ayant entrain\u00e9 de graves violations de droits humains, de ranc\u0153urs et de frustrations qui p\u00e8sent encore lourdement sur la coh\u00e9sion sociale et nationale. Ainsi, en d\u00e9pit de son potentiel humain et des ses ressources naturelles consid\u00e9rables, notre pays n\u2019a pas r\u00e9ussi \u00e0 b\u00e2tir un Etat de droit et \u00e0 promouvoir le progr\u00e8s \u00e9conomique, social et culturel.<br \/>\nA ce jour, notre pays continu de traverser une profonde crise politique, \u00e9conomique et sociale. En effet, apr\u00e8s trois ans d\u2019exercice, le nouveau pouvoir ex\u00e9cutif s\u2019est distingu\u00e9 par :<br \/>\n\u2022\tdes atteintes graves \u00e0 la d\u00e9mocratie, \u00e0 l\u2019Etat de droit et \u00e0 l\u2019unit\u00e9 nationale ;<br \/>\n\u2022\tla conception et la mise en \u0153uvre d\u2019une strat\u00e9gie de fraude \u00e9lectorale syst\u00e9matique ;<br \/>\n\u2022\tl\u2019aggravation de l\u2019ins\u00e9curit\u00e9 ;<br \/>\n\u2022\tla d\u00e9gradation \u00e9conomique et financi\u00e8re de notre pays ;<br \/>\n\u2022\tl\u2019aggravation du ch\u00f4mage ;<br \/>\n\u2022\tla d\u00e9t\u00e9rioration des conditions de vie et de travail des citoyens guin\u00e9ens ;<br \/>\n\u2022\tl&rsquo;accroissement des in\u00e9galit\u00e9s et la multiplication des injustices ; etc.<br \/>\nFace \u00e0 cette situation, il est urgent d\u2019am\u00e9liorer la gouvernance actuelle pour retrouver la voie du progr\u00e8s.<br \/>\nNotre engagement et notre action politiques reposent sur la volont\u00e9 de d\u00e9fendre et de promouvoir les droits civils, politiques, \u00e9conomiques, sociaux et culturels des Guin\u00e9ens et la bonne gouvernance pour assurer le d\u00e9veloppement de notre pays et am\u00e9liorer les conditions de vie de nos populations.<br \/>\nRassembl\u00e9s autour du Pr\u00e9sident de l&rsquo;Union des Forces D\u00e9mocratiques de Guin\u00e9e, Cellou Dalein Diallo, fid\u00e8les \u00e0 nos convictions et fiers du combat d\u00e9j\u00e0 men\u00e9 pour le respect des principes d\u00e9mocratiques et de l&rsquo;Etat de droit, nous souhaitons mettre en \u0153uvre un nouveau cadre de pens\u00e9e, de nouveaux principes directeurs pour la mise en place d&rsquo;une forme am\u00e9lior\u00e9e de gouvernance. .<br \/>\nDans ce cadre, les membres du groupe parlementaire entendent \u0153uvrer \u00e0 :<br \/>\n1 \u2013 l\u2019\u00e9dification d\u2019un Etat de droit fond\u00e9 sur la s\u00e9paration des pouvoirs et l\u2019imputabilit\u00e9 des gouvernants apte \u00e0 promouvoir le d\u00e9veloppement d\u2019une soci\u00e9t\u00e9 pluraliste et \u00e0 garantir les droits et libert\u00e9s des citoyens, ainsi que le respect par ces derniers de leurs devoirs<br \/>\n2 \u2013 l\u2019\u00e9galit\u00e9 des sexes pour assurer la pleine participation de la couche f\u00e9minine \u00e0 toutes les instances de prise de d\u00e9cision ;<br \/>\n3 \u2013 la mise en place d\u2019une protection sociale effective pour toutes les cat\u00e9gories socioprofessionnelles et les groupes vuln\u00e9rables, en particulier les femmes et les enfants ;<br \/>\n4 &#8211; renforcer l\u2019ind\u00e9pendance de la justice pour rendre effectif l\u2019Etat de droit et garantir ainsi le droit de propri\u00e9t\u00e9 et les droit fondamentaux de l\u2019homme ;<br \/>\n5 \u2013 rendre effectif le caract\u00e8re r\u00e9publicain des Forces de D\u00e9fense et de S\u00e9curit\u00e9 et veiller \u00e0 une repr\u00e9sentation \u00e9quitable de toues les communaut\u00e9s nationales sans exclusion ;<br \/>\n6 \u2013 promouvoir la d\u00e9centralisation afin de permettre aux populations \u00e0 la base de participer \u00e0 la gestion des affaires de leurs collectivit\u00e9s \u00e0 travers des organes \u00e9lus ;<br \/>\n7 \u2013 l\u2019am\u00e9lioration de la gouvernance par la modernisation de l\u2019administration et la lutte contre la corruption et l\u2019impunit\u00e9 ;<br \/>\n8 \u2013 renforcer la place et le r\u00f4le de la soci\u00e9t\u00e9 civile et des m\u00e9dias dans la gouvernance ;<br \/>\n9 \u2013 faire de l\u2019am\u00e9lioration du syst\u00e8me \u00e9ducatif une priorit\u00e9 nationale pour doter le pays d\u2019un capital humain comp\u00e9tent et comp\u00e9titif ;<br \/>\n10 &#8211; l\u2019am\u00e9lioration des services sociaux de base, tels que la sant\u00e9, l\u2019\u00e9ducation, l\u2019acc\u00e8s \u00e0 l\u2019eau, l\u2019\u00e9lectricit\u00e9, et un habitat viable ;<br \/>\n11 \u2013 l\u2019am\u00e9lioration de la gouvernance \u00e9conomique et financi\u00e8re et au d\u00e9veloppement d\u2019un secteur priv\u00e9 national dynamique capable d\u2019acc\u00e9l\u00e9rer la croissance notamment dans l\u2019agriculture et les mines et de favoriser la cr\u00e9ation d\u2019emplois ;<br \/>\n12- assurer une gestion durable des ressources naturelles et l&rsquo;\u00e9quilibre entre les populations et leur environnement ;<br \/>\n13- offrir \u00e0 chaque citoyen, notamment les jeunes, et \u00e0 la communaut\u00e9 nationale toute enti\u00e8re, les plus grandes opportunit\u00e9s d\u2019\u00e9panouissement.<br \/>\nEn effet, c&rsquo;est la conscience des int\u00e9r\u00eats vitaux de la soci\u00e9t\u00e9 qui a, de tout temps, justifi\u00e9 l&rsquo;exercice de l&rsquo;autorit\u00e9. C&rsquo;est aussi, au-del\u00e0 des lois et de la qualit\u00e9 des politiques suivies, la capacit\u00e9 des gouvernants \u00e0 poursuivre ces objectifs avec d\u00e9sint\u00e9ressement, sagesse et comp\u00e9tence qui les rend l\u00e9gitimes aux yeux du peuple. .<br \/>\nConvaincu de ce que la modernisation de notre Etat est indispensable pour am\u00e9liorer la Gouvernance du pays, nous invitons tous les acteurs politiques \u00e0 une r\u00e9volution de la gouvernance en Guin\u00e9e.<br \/>\nNous exercerons pleinement notre mandat dans le respect des lois de la R\u00e9publique et de nos institutions, en contribuant \u00e0 la qualit\u00e9 de la loi et en utilisant tous les moyens qui nous sont offerts pour \u00e9laborer des lois justes et n\u00e9cessaires, veiller \u00e0 leur bonne application et \u00e0 leur simplification, contr\u00f4ler l&rsquo;action du Gouvernement et \u00e9valuer les politiques publiques.<br \/>\nNous entendons assumer de fa\u00e7on solidaire nos convictions, dans le respect de nos formations politiques respectives, tout en travaillant dans un esprit d&rsquo;\u00e9coute et d&rsquo;ouverture, avec le respect d\u00fb aux groupes minoritaires et \u00e0 la majorit\u00e9, dans un dialogue constructif avec tous les acteurs politiques extra parlementaires, enrichis par des \u00e9changes constant et transparents avec la soci\u00e9t\u00e9 civile, les syndicats, les chefs religieux, les ONG des droits de l&rsquo;homme et les organisations de jeunesse.<br \/>\nNous continuerons de nous investir de toutes nos forces pour la r\u00e9conciliation nationale bien que nous soyons conscients que cela n&rsquo;est possible que sous l&rsquo;autorit\u00e9 d&rsquo;un Gouvernement d\u00e9mocratique qui saura d\u00e9finir et mettre en \u0153uvre des politiques publiques impartiales et b\u00e9n\u00e9fiques \u00e0 tous les citoyens guin\u00e9ens.<br \/>\nC&rsquo;est pourquoi, nous engageons l\u2019Assembl\u00e9e nationale et les autres institutions r\u00e9publicaines \u00e0 \u0153uvrer ensemble a plus de tol\u00e9rance et de responsabilit\u00e9 dans la voie de la r\u00e9conciliation nationale et du maintien de la paix dans notre pays.<br \/>\nDans cette perspective, nous demandons le respect int\u00e9gral de l\u2019Accords politique du 3 juillet 2013 et la lib\u00e9ration des prisonniers politiques.<br \/>\nEn ce d\u00e9but de troisi\u00e8me l\u00e9gislature 2013-2018, nous, d\u00e9put\u00e9s lib\u00e9raux et d\u00e9mocrates r\u00e9affirmons notre volont\u00e9 de nous opposer \u00e0 toute remise en cause des acquis d\u00e9mocratiques du peuple de Guin\u00e9e. Nous nous engageons, pour les cinq ann\u00e9es \u00e0 venir, \u00e0 nous investir de toutes nos forces au service de la Guin\u00e9e et des Guin\u00e9ens.<\/p>\n","protected":false},"excerpt":{"rendered":"<p>Par la pr\u00e9sente d\u00e9claration, les d\u00e9put\u00e9s soussign\u00e9s de l&rsquo;Union des Forces D\u00e9mocratiques de Guin\u00e9e, ont d\u00e9cid\u00e9 de se constituer en un groupe parlementaire \u00e0 l\u2019Assembl\u00e9e nationale d\u00e9nomm\u00e9 \u00ab GROUPE LIBERAL-DEMOCRATE \u00bb. Nous r\u00e9affirmons notre attachement aux principes fondateurs de la R\u00e9publique : \u00ab Travail, Justice, Solidarit\u00e9 \u00bb, au caract\u00e8re unitaire et indivisible de la Nation [&hellip;]<\/p>\n","protected":false},"author":12,"featured_media":0,"comment_status":"open","ping_status":"open","sticky":false,"template":"","format":"standard","meta":{"_exactmetrics_skip_tracking":false,"_exactmetrics_sitenote_active":false,"_exactmetrics_sitenote_note":"","_exactmetrics_sitenote_category":0,"tdm_status":"","tdm_grid_status":"","footnotes":""},"categories":[28],"tags":[],"class_list":{"0":"post-19710","1":"post","2":"type-post","3":"status-publish","4":"format-standard","6":"category-archives"},"yoast_head":"<!-- This site is optimized with the Yoast SEO plugin v24.2 - https:\/\/yoast.com\/wordpress\/plugins\/seo\/ -->\n<title>Declaration du groupe parlementaire Lib\u00e9ral D\u00e9mocrate | Guin\u00e9e Diversit\u00e9<\/title>\n<meta name=\"robots\" content=\"index, follow, max-snippet:-1, max-image-preview:large, max-video-preview:-1\" \/>\n<link rel=\"canonical\" href=\"https:\/\/guineediversite.com\/index.php\/2013\/12\/31\/declaration-du-groupe-parlementaire-liberal-democrate\/\" \/>\n<meta property=\"og:locale\" content=\"fr_FR\" \/>\n<meta property=\"og:type\" content=\"article\" \/>\n<meta property=\"og:title\" content=\"Declaration du groupe parlementaire Lib\u00e9ral D\u00e9mocrate | Guin\u00e9e Diversit\u00e9\" \/>\n<meta property=\"og:description\" content=\"Par la pr\u00e9sente d\u00e9claration, les d\u00e9put\u00e9s soussign\u00e9s de l&rsquo;Union des Forces D\u00e9mocratiques de Guin\u00e9e, ont d\u00e9cid\u00e9 de se constituer en un groupe parlementaire \u00e0 l\u2019Assembl\u00e9e nationale d\u00e9nomm\u00e9 \u00ab GROUPE LIBERAL-DEMOCRATE \u00bb. Nous r\u00e9affirmons notre attachement aux principes fondateurs de la R\u00e9publique : \u00ab Travail, Justice, Solidarit\u00e9 \u00bb, au caract\u00e8re unitaire et indivisible de la Nation [&hellip;]\" \/>\n<meta property=\"og:url\" content=\"https:\/\/guineediversite.com\/index.php\/2013\/12\/31\/declaration-du-groupe-parlementaire-liberal-democrate\/\" \/>\n<meta property=\"og:site_name\" content=\"Guin\u00e9e Diversit\u00e9\" \/>\n<meta property=\"article:publisher\" content=\"https:\/\/www.facebook.com\/guineediversite\/\" \/>\n<meta property=\"article:published_time\" content=\"2013-12-30T23:00:00+00:00\" \/>\n<meta name=\"author\" content=\"Guin\u00e9e Diversit\u00e9\" \/>\n<meta name=\"twitter:card\" content=\"summary_large_image\" \/>\n<meta name=\"twitter:creator\" content=\"@GuineeDiversite\" \/>\n<meta name=\"twitter:site\" content=\"@GuineeDiversite\" \/>\n<meta name=\"twitter:label1\" content=\"\u00c9crit par\" \/>\n\t<meta name=\"twitter:data1\" content=\"Guin\u00e9e Diversit\u00e9\" \/>\n\t<meta name=\"twitter:label2\" content=\"Dur\u00e9e de lecture estim\u00e9e\" \/>\n\t<meta name=\"twitter:data2\" content=\"6 minutes\" \/>\n<script type=\"application\/ld+json\" class=\"yoast-schema-graph\">{\"@context\":\"https:\/\/schema.org\",\"@graph\":[{\"@type\":\"Article\",\"@id\":\"https:\/\/guineediversite.com\/index.php\/2013\/12\/31\/declaration-du-groupe-parlementaire-liberal-democrate\/#article\",\"isPartOf\":{\"@id\":\"https:\/\/guineediversite.com\/index.php\/2013\/12\/31\/declaration-du-groupe-parlementaire-liberal-democrate\/\"},\"author\":{\"name\":\"Guin\u00e9e Diversit\u00e9\",\"@id\":\"https:\/\/guineediversite.com\/#\/schema\/person\/afa08fb34e7fc6e1feafc892612bc836\"},\"headline\":\"Declaration du groupe parlementaire Lib\u00e9ral D\u00e9mocrate\",\"datePublished\":\"2013-12-30T23:00:00+00:00\",\"dateModified\":\"2013-12-30T23:00:00+00:00\",\"mainEntityOfPage\":{\"@id\":\"https:\/\/guineediversite.com\/index.php\/2013\/12\/31\/declaration-du-groupe-parlementaire-liberal-democrate\/\"},\"wordCount\":1261,\"commentCount\":0,\"publisher\":{\"@id\":\"https:\/\/guineediversite.com\/#organization\"},\"articleSection\":[\"Archives\"],\"inLanguage\":\"fr-FR\",\"potentialAction\":[{\"@type\":\"CommentAction\",\"name\":\"Comment\",\"target\":[\"https:\/\/guineediversite.com\/index.php\/2013\/12\/31\/declaration-du-groupe-parlementaire-liberal-democrate\/#respond\"]}]},{\"@type\":\"WebPage\",\"@id\":\"https:\/\/guineediversite.com\/index.php\/2013\/12\/31\/declaration-du-groupe-parlementaire-liberal-democrate\/\",\"url\":\"https:\/\/guineediversite.com\/index.php\/2013\/12\/31\/declaration-du-groupe-parlementaire-liberal-democrate\/\",\"name\":\"Declaration du groupe parlementaire Lib\u00e9ral D\u00e9mocrate | Guin\u00e9e Diversit\u00e9\",\"isPartOf\":{\"@id\":\"https:\/\/guineediversite.com\/#website\"},\"datePublished\":\"2013-12-30T23:00:00+00:00\",\"dateModified\":\"2013-12-30T23:00:00+00:00\",\"breadcrumb\":{\"@id\":\"https:\/\/guineediversite.com\/index.php\/2013\/12\/31\/declaration-du-groupe-parlementaire-liberal-democrate\/#breadcrumb\"},\"inLanguage\":\"fr-FR\",\"potentialAction\":[{\"@type\":\"ReadAction\",\"target\":[\"https:\/\/guineediversite.com\/index.php\/2013\/12\/31\/declaration-du-groupe-parlementaire-liberal-democrate\/\"]}]},{\"@type\":\"BreadcrumbList\",\"@id\":\"https:\/\/guineediversite.com\/index.php\/2013\/12\/31\/declaration-du-groupe-parlementaire-liberal-democrate\/#breadcrumb\",\"itemListElement\":[{\"@type\":\"ListItem\",\"position\":1,\"name\":\"Accueil\",\"item\":\"https:\/\/guineediversite.com\/\"},{\"@type\":\"ListItem\",\"position\":2,\"name\":\"Declaration du groupe parlementaire Lib\u00e9ral D\u00e9mocrate\"}]},{\"@type\":\"WebSite\",\"@id\":\"https:\/\/guineediversite.com\/#website\",\"url\":\"https:\/\/guineediversite.com\/\",\"name\":\"Guin\u00e9e Diversit\u00e9\",\"description\":\"L&#039;Info dans toute sa diversit\u00e9\",\"publisher\":{\"@id\":\"https:\/\/guineediversite.com\/#organization\"},\"potentialAction\":[{\"@type\":\"SearchAction\",\"target\":{\"@type\":\"EntryPoint\",\"urlTemplate\":\"https:\/\/guineediversite.com\/?s={search_term_string}\"},\"query-input\":{\"@type\":\"PropertyValueSpecification\",\"valueRequired\":true,\"valueName\":\"search_term_string\"}}],\"inLanguage\":\"fr-FR\"},{\"@type\":\"Organization\",\"@id\":\"https:\/\/guineediversite.com\/#organization\",\"name\":\"Guin\u00e9e Diversit\u00e9\",\"url\":\"https:\/\/guineediversite.com\/\",\"logo\":{\"@type\":\"ImageObject\",\"inLanguage\":\"fr-FR\",\"@id\":\"https:\/\/guineediversite.com\/#\/schema\/logo\/image\/\",\"url\":\"https:\/\/guineediversite.com\/wp-content\/uploads\/2017\/04\/cropped-1jojlxEOMkX9Wyqfhe43D6kjPOGqBBKmx3EwWJqZ0cMrFF54yM49.png\",\"contentUrl\":\"https:\/\/guineediversite.com\/wp-content\/uploads\/2017\/04\/cropped-1jojlxEOMkX9Wyqfhe43D6kjPOGqBBKmx3EwWJqZ0cMrFF54yM49.png\",\"width\":186,\"height\":112,\"caption\":\"Guin\u00e9e Diversit\u00e9\"},\"image\":{\"@id\":\"https:\/\/guineediversite.com\/#\/schema\/logo\/image\/\"},\"sameAs\":[\"https:\/\/www.facebook.com\/guineediversite\/\",\"https:\/\/x.com\/GuineeDiversite\",\"https:\/\/www.youtube.com\/channel\/UC8sUY16qelG5ge6_D5SB83g\"]},{\"@type\":\"Person\",\"@id\":\"https:\/\/guineediversite.com\/#\/schema\/person\/afa08fb34e7fc6e1feafc892612bc836\",\"name\":\"Guin\u00e9e Diversit\u00e9\",\"image\":{\"@type\":\"ImageObject\",\"inLanguage\":\"fr-FR\",\"@id\":\"https:\/\/guineediversite.com\/#\/schema\/person\/image\/\",\"url\":\"https:\/\/secure.gravatar.com\/avatar\/50d5eb5b390f8b65ac30ac6f898eb83a?s=96&d=mm&r=g\",\"contentUrl\":\"https:\/\/secure.gravatar.com\/avatar\/50d5eb5b390f8b65ac30ac6f898eb83a?s=96&d=mm&r=g\",\"caption\":\"Guin\u00e9e Diversit\u00e9\"},\"url\":\"https:\/\/guineediversite.com\/index.php\/author\/guineediversite\/\"}]}<\/script>\n<!-- \/ Yoast SEO plugin. -->","yoast_head_json":{"title":"Declaration du groupe parlementaire Lib\u00e9ral D\u00e9mocrate | Guin\u00e9e Diversit\u00e9","robots":{"index":"index","follow":"follow","max-snippet":"max-snippet:-1","max-image-preview":"max-image-preview:large","max-video-preview":"max-video-preview:-1"},"canonical":"https:\/\/guineediversite.com\/index.php\/2013\/12\/31\/declaration-du-groupe-parlementaire-liberal-democrate\/","og_locale":"fr_FR","og_type":"article","og_title":"Declaration du groupe parlementaire Lib\u00e9ral D\u00e9mocrate | Guin\u00e9e Diversit\u00e9","og_description":"Par la pr\u00e9sente d\u00e9claration, les d\u00e9put\u00e9s soussign\u00e9s de l&rsquo;Union des Forces D\u00e9mocratiques de Guin\u00e9e, ont d\u00e9cid\u00e9 de se constituer en un groupe parlementaire \u00e0 l\u2019Assembl\u00e9e nationale d\u00e9nomm\u00e9 \u00ab GROUPE LIBERAL-DEMOCRATE \u00bb. Nous r\u00e9affirmons notre attachement aux principes fondateurs de la R\u00e9publique : \u00ab Travail, Justice, Solidarit\u00e9 \u00bb, au caract\u00e8re unitaire et indivisible de la Nation [&hellip;]","og_url":"https:\/\/guineediversite.com\/index.php\/2013\/12\/31\/declaration-du-groupe-parlementaire-liberal-democrate\/","og_site_name":"Guin\u00e9e Diversit\u00e9","article_publisher":"https:\/\/www.facebook.com\/guineediversite\/","article_published_time":"2013-12-30T23:00:00+00:00","author":"Guin\u00e9e Diversit\u00e9","twitter_card":"summary_large_image","twitter_creator":"@GuineeDiversite","twitter_site":"@GuineeDiversite","twitter_misc":{"\u00c9crit par":"Guin\u00e9e Diversit\u00e9","Dur\u00e9e de lecture estim\u00e9e":"6 minutes"},"schema":{"@context":"https:\/\/schema.org","@graph":[{"@type":"Article","@id":"https:\/\/guineediversite.com\/index.php\/2013\/12\/31\/declaration-du-groupe-parlementaire-liberal-democrate\/#article","isPartOf":{"@id":"https:\/\/guineediversite.com\/index.php\/2013\/12\/31\/declaration-du-groupe-parlementaire-liberal-democrate\/"},"author":{"name":"Guin\u00e9e Diversit\u00e9","@id":"https:\/\/guineediversite.com\/#\/schema\/person\/afa08fb34e7fc6e1feafc892612bc836"},"headline":"Declaration du groupe parlementaire Lib\u00e9ral D\u00e9mocrate","datePublished":"2013-12-30T23:00:00+00:00","dateModified":"2013-12-30T23:00:00+00:00","mainEntityOfPage":{"@id":"https:\/\/guineediversite.com\/index.php\/2013\/12\/31\/declaration-du-groupe-parlementaire-liberal-democrate\/"},"wordCount":1261,"commentCount":0,"publisher":{"@id":"https:\/\/guineediversite.com\/#organization"},"articleSection":["Archives"],"inLanguage":"fr-FR","potentialAction":[{"@type":"CommentAction","name":"Comment","target":["https:\/\/guineediversite.com\/index.php\/2013\/12\/31\/declaration-du-groupe-parlementaire-liberal-democrate\/#respond"]}]},{"@type":"WebPage","@id":"https:\/\/guineediversite.com\/index.php\/2013\/12\/31\/declaration-du-groupe-parlementaire-liberal-democrate\/","url":"https:\/\/guineediversite.com\/index.php\/2013\/12\/31\/declaration-du-groupe-parlementaire-liberal-democrate\/","name":"Declaration du groupe parlementaire Lib\u00e9ral D\u00e9mocrate | Guin\u00e9e Diversit\u00e9","isPartOf":{"@id":"https:\/\/guineediversite.com\/#website"},"datePublished":"2013-12-30T23:00:00+00:00","dateModified":"2013-12-30T23:00:00+00:00","breadcrumb":{"@id":"https:\/\/guineediversite.com\/index.php\/2013\/12\/31\/declaration-du-groupe-parlementaire-liberal-democrate\/#breadcrumb"},"inLanguage":"fr-FR","potentialAction":[{"@type":"ReadAction","target":["https:\/\/guineediversite.com\/index.php\/2013\/12\/31\/declaration-du-groupe-parlementaire-liberal-democrate\/"]}]},{"@type":"BreadcrumbList","@id":"https:\/\/guineediversite.com\/index.php\/2013\/12\/31\/declaration-du-groupe-parlementaire-liberal-democrate\/#breadcrumb","itemListElement":[{"@type":"ListItem","position":1,"name":"Accueil","item":"https:\/\/guineediversite.com\/"},{"@type":"ListItem","position":2,"name":"Declaration du groupe parlementaire Lib\u00e9ral D\u00e9mocrate"}]},{"@type":"WebSite","@id":"https:\/\/guineediversite.com\/#website","url":"https:\/\/guineediversite.com\/","name":"Guin\u00e9e Diversit\u00e9","description":"L&#039;Info dans toute sa diversit\u00e9","publisher":{"@id":"https:\/\/guineediversite.com\/#organization"},"potentialAction":[{"@type":"SearchAction","target":{"@type":"EntryPoint","urlTemplate":"https:\/\/guineediversite.com\/?s={search_term_string}"},"query-input":{"@type":"PropertyValueSpecification","valueRequired":true,"valueName":"search_term_string"}}],"inLanguage":"fr-FR"},{"@type":"Organization","@id":"https:\/\/guineediversite.com\/#organization","name":"Guin\u00e9e Diversit\u00e9","url":"https:\/\/guineediversite.com\/","logo":{"@type":"ImageObject","inLanguage":"fr-FR","@id":"https:\/\/guineediversite.com\/#\/schema\/logo\/image\/","url":"https:\/\/guineediversite.com\/wp-content\/uploads\/2017\/04\/cropped-1jojlxEOMkX9Wyqfhe43D6kjPOGqBBKmx3EwWJqZ0cMrFF54yM49.png","contentUrl":"https:\/\/guineediversite.com\/wp-content\/uploads\/2017\/04\/cropped-1jojlxEOMkX9Wyqfhe43D6kjPOGqBBKmx3EwWJqZ0cMrFF54yM49.png","width":186,"height":112,"caption":"Guin\u00e9e Diversit\u00e9"},"image":{"@id":"https:\/\/guineediversite.com\/#\/schema\/logo\/image\/"},"sameAs":["https:\/\/www.facebook.com\/guineediversite\/","https:\/\/x.com\/GuineeDiversite","https:\/\/www.youtube.com\/channel\/UC8sUY16qelG5ge6_D5SB83g"]},{"@type":"Person","@id":"https:\/\/guineediversite.com\/#\/schema\/person\/afa08fb34e7fc6e1feafc892612bc836","name":"Guin\u00e9e Diversit\u00e9","image":{"@type":"ImageObject","inLanguage":"fr-FR","@id":"https:\/\/guineediversite.com\/#\/schema\/person\/image\/","url":"https:\/\/secure.gravatar.com\/avatar\/50d5eb5b390f8b65ac30ac6f898eb83a?s=96&d=mm&r=g","contentUrl":"https:\/\/secure.gravatar.com\/avatar\/50d5eb5b390f8b65ac30ac6f898eb83a?s=96&d=mm&r=g","caption":"Guin\u00e9e Diversit\u00e9"},"url":"https:\/\/guineediversite.com\/index.php\/author\/guineediversite\/"}]}},"_links":{"self":[{"href":"https:\/\/guineediversite.com\/index.php\/wp-json\/wp\/v2\/posts\/19710"}],"collection":[{"href":"https:\/\/guineediversite.com\/index.php\/wp-json\/wp\/v2\/posts"}],"about":[{"href":"https:\/\/guineediversite.com\/index.php\/wp-json\/wp\/v2\/types\/post"}],"author":[{"embeddable":true,"href":"https:\/\/guineediversite.com\/index.php\/wp-json\/wp\/v2\/users\/12"}],"replies":[{"embeddable":true,"href":"https:\/\/guineediversite.com\/index.php\/wp-json\/wp\/v2\/comments?post=19710"}],"version-history":[{"count":0,"href":"https:\/\/guineediversite.com\/index.php\/wp-json\/wp\/v2\/posts\/19710\/revisions"}],"wp:attachment":[{"href":"https:\/\/guineediversite.com\/index.php\/wp-json\/wp\/v2\/media?parent=19710"}],"wp:term":[{"taxonomy":"category","embeddable":true,"href":"https:\/\/guineediversite.com\/index.php\/wp-json\/wp\/v2\/categories?post=19710"},{"taxonomy":"post_tag","embeddable":true,"href":"https:\/\/guineediversite.com\/index.php\/wp-json\/wp\/v2\/tags?post=19710"}],"curies":[{"name":"wp","href":"https:\/\/api.w.org\/{rel}","templated":true}]}}