{"id":19709,"date":"2013-12-31T00:00:00","date_gmt":"2013-12-30T23:00:00","guid":{"rendered":"https:\/\/www.guineediversite.com\/index.php\/2013\/12\/31\/justice-letat-guineen-traduit-en-justice-dans-laffaire-des-33-jeunes-de-lopposition-incarceres-au-camp-de-soronkony\/"},"modified":"2013-12-31T00:00:00","modified_gmt":"2013-12-30T23:00:00","slug":"justice-letat-guineen-traduit-en-justice-dans-laffaire-des-33-jeunes-de-lopposition-incarceres-au-camp-de-soronkony","status":"publish","type":"post","link":"https:\/\/guineediversite.com\/index.php\/2013\/12\/31\/justice-letat-guineen-traduit-en-justice-dans-laffaire-des-33-jeunes-de-lopposition-incarceres-au-camp-de-soronkony\/","title":{"rendered":"Justice : l\u2019Etat guin\u00e9en traduit en justice dans l\u2019affaire des 33 jeunes de l\u2019opposition incarc\u00e9r\u00e9s au camp de Soronkony"},"content":{"rendered":"<p>Le collectif des avocats de la d\u00e9fense dans le dossier d\u2019incarc\u00e9ration et d\u00e9tention arbitraire de jeunes de l\u2019opposition entend traduire l\u2019Etat guin\u00e9en en justice. Les faits remontent en septembre 2013, lorsque ces jeunes ont \u00e9t\u00e9 interpell\u00e9s \u00e0 Conakry et d\u00e9port\u00e9s au camp militaire de Soronkony dans la pr\u00e9fecture de Kankan. Selon les avocats, ces jeunes ont subi pendant deux semaines, des tortures et des traitements inhumains dans le camp militaire de Soronkony. C\u2019est pourquoi, les avocats de la d\u00e9fense reviennent \u00e0 la charge et attaquent l\u2019Etat, devant les juridictions comp\u00e9tentes pour exiger la r\u00e9paration des dommages. L\u2019un des avocats de la d\u00e9fense Maitre Thierno Souleymane Bald\u00e9 soutient que ses clients ont \u00e9t\u00e9 arbitrairement arr\u00eat\u00e9s entre la commune de Dixinn et celle de Ratoma.<br \/>\n\u00ab Ce nouveau feuilleton judiciaire signifie qu\u2019on peut poursuivre l\u2019Etat contre certaines d\u00e9rives dans l\u2019exercice du pouvoir \u00bb affirme t-il.  La bataille pourrait donc s\u2019annoncer rude dans les prochains jours entre les avocats et l\u2019Etat Guin\u00e9en. Pour rappel, le jeune nomm\u00e9 Boubacar Sow a trouv\u00e9 la mort suite aux tortures .Les rescap\u00e9s ont \u00e9t\u00e9 re\u00e7u  par le pr\u00e9sident Alpha Cond\u00e9 au palais S\u00e9koutour\u00e9yah juste apr\u00e8s leur lib\u00e9ration. A cette occasion, le pr\u00e9sident a fait un geste symbolique aux jeunes.<br \/>\n Bald\u00e9 Thierno Abdoul:<br \/>\n +224 657 385 876<\/p>\n","protected":false},"excerpt":{"rendered":"<p>Le collectif des avocats de la d\u00e9fense dans le dossier d\u2019incarc\u00e9ration et d\u00e9tention arbitraire de jeunes de l\u2019opposition entend traduire l\u2019Etat guin\u00e9en en justice. Les faits remontent en septembre 2013, lorsque ces jeunes ont \u00e9t\u00e9 interpell\u00e9s \u00e0 Conakry et d\u00e9port\u00e9s au camp militaire de Soronkony dans la pr\u00e9fecture de Kankan. Selon les avocats, ces jeunes [&hellip;]<\/p>\n","protected":false},"author":12,"featured_media":0,"comment_status":"open","ping_status":"open","sticky":false,"template":"","format":"standard","meta":{"_exactmetrics_skip_tracking":false,"_exactmetrics_sitenote_active":false,"_exactmetrics_sitenote_note":"","_exactmetrics_sitenote_category":0,"tdm_status":"","tdm_grid_status":"","footnotes":""},"categories":[28],"tags":[],"class_list":{"0":"post-19709","1":"post","2":"type-post","3":"status-publish","4":"format-standard","6":"category-archives"},"yoast_head":"<!-- This site is optimized with the Yoast SEO plugin v24.2 - https:\/\/yoast.com\/wordpress\/plugins\/seo\/ -->\n<title>Justice : l\u2019Etat guin\u00e9en traduit en justice dans l\u2019affaire des 33 jeunes de l\u2019opposition incarc\u00e9r\u00e9s au camp de Soronkony | Guin\u00e9e Diversit\u00e9<\/title>\n<meta name=\"robots\" content=\"index, follow, max-snippet:-1, max-image-preview:large, max-video-preview:-1\" \/>\n<link rel=\"canonical\" href=\"https:\/\/guineediversite.com\/index.php\/2013\/12\/31\/justice-letat-guineen-traduit-en-justice-dans-laffaire-des-33-jeunes-de-lopposition-incarceres-au-camp-de-soronkony\/\" \/>\n<meta property=\"og:locale\" content=\"fr_FR\" \/>\n<meta property=\"og:type\" content=\"article\" \/>\n<meta property=\"og:title\" content=\"Justice : l\u2019Etat guin\u00e9en traduit en justice dans l\u2019affaire des 33 jeunes de l\u2019opposition incarc\u00e9r\u00e9s au camp de Soronkony | Guin\u00e9e Diversit\u00e9\" \/>\n<meta property=\"og:description\" content=\"Le collectif des avocats de la d\u00e9fense dans le dossier d\u2019incarc\u00e9ration et d\u00e9tention arbitraire de jeunes de l\u2019opposition entend traduire l\u2019Etat guin\u00e9en en justice. Les faits remontent en septembre 2013, lorsque ces jeunes ont \u00e9t\u00e9 interpell\u00e9s \u00e0 Conakry et d\u00e9port\u00e9s au camp militaire de Soronkony dans la pr\u00e9fecture de Kankan. Selon les avocats, ces jeunes [&hellip;]\" \/>\n<meta property=\"og:url\" content=\"https:\/\/guineediversite.com\/index.php\/2013\/12\/31\/justice-letat-guineen-traduit-en-justice-dans-laffaire-des-33-jeunes-de-lopposition-incarceres-au-camp-de-soronkony\/\" \/>\n<meta property=\"og:site_name\" content=\"Guin\u00e9e Diversit\u00e9\" \/>\n<meta property=\"article:publisher\" content=\"https:\/\/www.facebook.com\/guineediversite\/\" \/>\n<meta property=\"article:published_time\" content=\"2013-12-30T23:00:00+00:00\" \/>\n<meta name=\"author\" content=\"Guin\u00e9e Diversit\u00e9\" \/>\n<meta name=\"twitter:card\" content=\"summary_large_image\" \/>\n<meta name=\"twitter:creator\" content=\"@GuineeDiversite\" \/>\n<meta name=\"twitter:site\" content=\"@GuineeDiversite\" \/>\n<meta name=\"twitter:label1\" content=\"\u00c9crit par\" \/>\n\t<meta name=\"twitter:data1\" content=\"Guin\u00e9e Diversit\u00e9\" \/>\n\t<meta name=\"twitter:label2\" content=\"Dur\u00e9e de lecture estim\u00e9e\" \/>\n\t<meta name=\"twitter:data2\" content=\"1 minute\" \/>\n<script type=\"application\/ld+json\" class=\"yoast-schema-graph\">{\"@context\":\"https:\/\/schema.org\",\"@graph\":[{\"@type\":\"Article\",\"@id\":\"https:\/\/guineediversite.com\/index.php\/2013\/12\/31\/justice-letat-guineen-traduit-en-justice-dans-laffaire-des-33-jeunes-de-lopposition-incarceres-au-camp-de-soronkony\/#article\",\"isPartOf\":{\"@id\":\"https:\/\/guineediversite.com\/index.php\/2013\/12\/31\/justice-letat-guineen-traduit-en-justice-dans-laffaire-des-33-jeunes-de-lopposition-incarceres-au-camp-de-soronkony\/\"},\"author\":{\"name\":\"Guin\u00e9e Diversit\u00e9\",\"@id\":\"https:\/\/guineediversite.com\/#\/schema\/person\/afa08fb34e7fc6e1feafc892612bc836\"},\"headline\":\"Justice : l\u2019Etat guin\u00e9en traduit en justice dans l\u2019affaire des 33 jeunes de l\u2019opposition incarc\u00e9r\u00e9s au camp de Soronkony\",\"datePublished\":\"2013-12-30T23:00:00+00:00\",\"dateModified\":\"2013-12-30T23:00:00+00:00\",\"mainEntityOfPage\":{\"@id\":\"https:\/\/guineediversite.com\/index.php\/2013\/12\/31\/justice-letat-guineen-traduit-en-justice-dans-laffaire-des-33-jeunes-de-lopposition-incarceres-au-camp-de-soronkony\/\"},\"wordCount\":258,\"commentCount\":0,\"publisher\":{\"@id\":\"https:\/\/guineediversite.com\/#organization\"},\"articleSection\":[\"Archives\"],\"inLanguage\":\"fr-FR\",\"potentialAction\":[{\"@type\":\"CommentAction\",\"name\":\"Comment\",\"target\":[\"https:\/\/guineediversite.com\/index.php\/2013\/12\/31\/justice-letat-guineen-traduit-en-justice-dans-laffaire-des-33-jeunes-de-lopposition-incarceres-au-camp-de-soronkony\/#respond\"]}]},{\"@type\":\"WebPage\",\"@id\":\"https:\/\/guineediversite.com\/index.php\/2013\/12\/31\/justice-letat-guineen-traduit-en-justice-dans-laffaire-des-33-jeunes-de-lopposition-incarceres-au-camp-de-soronkony\/\",\"url\":\"https:\/\/guineediversite.com\/index.php\/2013\/12\/31\/justice-letat-guineen-traduit-en-justice-dans-laffaire-des-33-jeunes-de-lopposition-incarceres-au-camp-de-soronkony\/\",\"name\":\"Justice : l\u2019Etat guin\u00e9en traduit en justice dans l\u2019affaire des 33 jeunes de l\u2019opposition incarc\u00e9r\u00e9s au camp de Soronkony | Guin\u00e9e Diversit\u00e9\",\"isPartOf\":{\"@id\":\"https:\/\/guineediversite.com\/#website\"},\"datePublished\":\"2013-12-30T23:00:00+00:00\",\"dateModified\":\"2013-12-30T23:00:00+00:00\",\"breadcrumb\":{\"@id\":\"https:\/\/guineediversite.com\/index.php\/2013\/12\/31\/justice-letat-guineen-traduit-en-justice-dans-laffaire-des-33-jeunes-de-lopposition-incarceres-au-camp-de-soronkony\/#breadcrumb\"},\"inLanguage\":\"fr-FR\",\"potentialAction\":[{\"@type\":\"ReadAction\",\"target\":[\"https:\/\/guineediversite.com\/index.php\/2013\/12\/31\/justice-letat-guineen-traduit-en-justice-dans-laffaire-des-33-jeunes-de-lopposition-incarceres-au-camp-de-soronkony\/\"]}]},{\"@type\":\"BreadcrumbList\",\"@id\":\"https:\/\/guineediversite.com\/index.php\/2013\/12\/31\/justice-letat-guineen-traduit-en-justice-dans-laffaire-des-33-jeunes-de-lopposition-incarceres-au-camp-de-soronkony\/#breadcrumb\",\"itemListElement\":[{\"@type\":\"ListItem\",\"position\":1,\"name\":\"Accueil\",\"item\":\"https:\/\/guineediversite.com\/\"},{\"@type\":\"ListItem\",\"position\":2,\"name\":\"Justice : l\u2019Etat guin\u00e9en traduit en justice dans l\u2019affaire des 33 jeunes de l\u2019opposition incarc\u00e9r\u00e9s au camp de Soronkony\"}]},{\"@type\":\"WebSite\",\"@id\":\"https:\/\/guineediversite.com\/#website\",\"url\":\"https:\/\/guineediversite.com\/\",\"name\":\"Guin\u00e9e Diversit\u00e9\",\"description\":\"L&#039;Info dans toute sa diversit\u00e9\",\"publisher\":{\"@id\":\"https:\/\/guineediversite.com\/#organization\"},\"potentialAction\":[{\"@type\":\"SearchAction\",\"target\":{\"@type\":\"EntryPoint\",\"urlTemplate\":\"https:\/\/guineediversite.com\/?s={search_term_string}\"},\"query-input\":{\"@type\":\"PropertyValueSpecification\",\"valueRequired\":true,\"valueName\":\"search_term_string\"}}],\"inLanguage\":\"fr-FR\"},{\"@type\":\"Organization\",\"@id\":\"https:\/\/guineediversite.com\/#organization\",\"name\":\"Guin\u00e9e Diversit\u00e9\",\"url\":\"https:\/\/guineediversite.com\/\",\"logo\":{\"@type\":\"ImageObject\",\"inLanguage\":\"fr-FR\",\"@id\":\"https:\/\/guineediversite.com\/#\/schema\/logo\/image\/\",\"url\":\"https:\/\/guineediversite.com\/wp-content\/uploads\/2017\/04\/cropped-1jojlxEOMkX9Wyqfhe43D6kjPOGqBBKmx3EwWJqZ0cMrFF54yM49.png\",\"contentUrl\":\"https:\/\/guineediversite.com\/wp-content\/uploads\/2017\/04\/cropped-1jojlxEOMkX9Wyqfhe43D6kjPOGqBBKmx3EwWJqZ0cMrFF54yM49.png\",\"width\":186,\"height\":112,\"caption\":\"Guin\u00e9e Diversit\u00e9\"},\"image\":{\"@id\":\"https:\/\/guineediversite.com\/#\/schema\/logo\/image\/\"},\"sameAs\":[\"https:\/\/www.facebook.com\/guineediversite\/\",\"https:\/\/x.com\/GuineeDiversite\",\"https:\/\/www.youtube.com\/channel\/UC8sUY16qelG5ge6_D5SB83g\"]},{\"@type\":\"Person\",\"@id\":\"https:\/\/guineediversite.com\/#\/schema\/person\/afa08fb34e7fc6e1feafc892612bc836\",\"name\":\"Guin\u00e9e Diversit\u00e9\",\"image\":{\"@type\":\"ImageObject\",\"inLanguage\":\"fr-FR\",\"@id\":\"https:\/\/guineediversite.com\/#\/schema\/person\/image\/\",\"url\":\"https:\/\/secure.gravatar.com\/avatar\/50d5eb5b390f8b65ac30ac6f898eb83a?s=96&d=mm&r=g\",\"contentUrl\":\"https:\/\/secure.gravatar.com\/avatar\/50d5eb5b390f8b65ac30ac6f898eb83a?s=96&d=mm&r=g\",\"caption\":\"Guin\u00e9e Diversit\u00e9\"},\"url\":\"https:\/\/guineediversite.com\/index.php\/author\/guineediversite\/\"}]}<\/script>\n<!-- \/ Yoast SEO plugin. -->","yoast_head_json":{"title":"Justice : l\u2019Etat guin\u00e9en traduit en justice dans l\u2019affaire des 33 jeunes de l\u2019opposition incarc\u00e9r\u00e9s au camp de Soronkony | Guin\u00e9e Diversit\u00e9","robots":{"index":"index","follow":"follow","max-snippet":"max-snippet:-1","max-image-preview":"max-image-preview:large","max-video-preview":"max-video-preview:-1"},"canonical":"https:\/\/guineediversite.com\/index.php\/2013\/12\/31\/justice-letat-guineen-traduit-en-justice-dans-laffaire-des-33-jeunes-de-lopposition-incarceres-au-camp-de-soronkony\/","og_locale":"fr_FR","og_type":"article","og_title":"Justice : l\u2019Etat guin\u00e9en traduit en justice dans l\u2019affaire des 33 jeunes de l\u2019opposition incarc\u00e9r\u00e9s au camp de Soronkony | Guin\u00e9e Diversit\u00e9","og_description":"Le collectif des avocats de la d\u00e9fense dans le dossier d\u2019incarc\u00e9ration et d\u00e9tention arbitraire de jeunes de l\u2019opposition entend traduire l\u2019Etat guin\u00e9en en justice. Les faits remontent en septembre 2013, lorsque ces jeunes ont \u00e9t\u00e9 interpell\u00e9s \u00e0 Conakry et d\u00e9port\u00e9s au camp militaire de Soronkony dans la pr\u00e9fecture de Kankan. Selon les avocats, ces jeunes [&hellip;]","og_url":"https:\/\/guineediversite.com\/index.php\/2013\/12\/31\/justice-letat-guineen-traduit-en-justice-dans-laffaire-des-33-jeunes-de-lopposition-incarceres-au-camp-de-soronkony\/","og_site_name":"Guin\u00e9e Diversit\u00e9","article_publisher":"https:\/\/www.facebook.com\/guineediversite\/","article_published_time":"2013-12-30T23:00:00+00:00","author":"Guin\u00e9e Diversit\u00e9","twitter_card":"summary_large_image","twitter_creator":"@GuineeDiversite","twitter_site":"@GuineeDiversite","twitter_misc":{"\u00c9crit par":"Guin\u00e9e Diversit\u00e9","Dur\u00e9e de lecture estim\u00e9e":"1 minute"},"schema":{"@context":"https:\/\/schema.org","@graph":[{"@type":"Article","@id":"https:\/\/guineediversite.com\/index.php\/2013\/12\/31\/justice-letat-guineen-traduit-en-justice-dans-laffaire-des-33-jeunes-de-lopposition-incarceres-au-camp-de-soronkony\/#article","isPartOf":{"@id":"https:\/\/guineediversite.com\/index.php\/2013\/12\/31\/justice-letat-guineen-traduit-en-justice-dans-laffaire-des-33-jeunes-de-lopposition-incarceres-au-camp-de-soronkony\/"},"author":{"name":"Guin\u00e9e Diversit\u00e9","@id":"https:\/\/guineediversite.com\/#\/schema\/person\/afa08fb34e7fc6e1feafc892612bc836"},"headline":"Justice : l\u2019Etat guin\u00e9en traduit en justice dans l\u2019affaire des 33 jeunes de l\u2019opposition incarc\u00e9r\u00e9s au camp de Soronkony","datePublished":"2013-12-30T23:00:00+00:00","dateModified":"2013-12-30T23:00:00+00:00","mainEntityOfPage":{"@id":"https:\/\/guineediversite.com\/index.php\/2013\/12\/31\/justice-letat-guineen-traduit-en-justice-dans-laffaire-des-33-jeunes-de-lopposition-incarceres-au-camp-de-soronkony\/"},"wordCount":258,"commentCount":0,"publisher":{"@id":"https:\/\/guineediversite.com\/#organization"},"articleSection":["Archives"],"inLanguage":"fr-FR","potentialAction":[{"@type":"CommentAction","name":"Comment","target":["https:\/\/guineediversite.com\/index.php\/2013\/12\/31\/justice-letat-guineen-traduit-en-justice-dans-laffaire-des-33-jeunes-de-lopposition-incarceres-au-camp-de-soronkony\/#respond"]}]},{"@type":"WebPage","@id":"https:\/\/guineediversite.com\/index.php\/2013\/12\/31\/justice-letat-guineen-traduit-en-justice-dans-laffaire-des-33-jeunes-de-lopposition-incarceres-au-camp-de-soronkony\/","url":"https:\/\/guineediversite.com\/index.php\/2013\/12\/31\/justice-letat-guineen-traduit-en-justice-dans-laffaire-des-33-jeunes-de-lopposition-incarceres-au-camp-de-soronkony\/","name":"Justice : l\u2019Etat guin\u00e9en traduit en justice dans l\u2019affaire des 33 jeunes de l\u2019opposition incarc\u00e9r\u00e9s au camp de Soronkony | Guin\u00e9e Diversit\u00e9","isPartOf":{"@id":"https:\/\/guineediversite.com\/#website"},"datePublished":"2013-12-30T23:00:00+00:00","dateModified":"2013-12-30T23:00:00+00:00","breadcrumb":{"@id":"https:\/\/guineediversite.com\/index.php\/2013\/12\/31\/justice-letat-guineen-traduit-en-justice-dans-laffaire-des-33-jeunes-de-lopposition-incarceres-au-camp-de-soronkony\/#breadcrumb"},"inLanguage":"fr-FR","potentialAction":[{"@type":"ReadAction","target":["https:\/\/guineediversite.com\/index.php\/2013\/12\/31\/justice-letat-guineen-traduit-en-justice-dans-laffaire-des-33-jeunes-de-lopposition-incarceres-au-camp-de-soronkony\/"]}]},{"@type":"BreadcrumbList","@id":"https:\/\/guineediversite.com\/index.php\/2013\/12\/31\/justice-letat-guineen-traduit-en-justice-dans-laffaire-des-33-jeunes-de-lopposition-incarceres-au-camp-de-soronkony\/#breadcrumb","itemListElement":[{"@type":"ListItem","position":1,"name":"Accueil","item":"https:\/\/guineediversite.com\/"},{"@type":"ListItem","position":2,"name":"Justice : l\u2019Etat guin\u00e9en traduit en justice dans l\u2019affaire des 33 jeunes de l\u2019opposition incarc\u00e9r\u00e9s au camp de Soronkony"}]},{"@type":"WebSite","@id":"https:\/\/guineediversite.com\/#website","url":"https:\/\/guineediversite.com\/","name":"Guin\u00e9e Diversit\u00e9","description":"L&#039;Info dans toute sa diversit\u00e9","publisher":{"@id":"https:\/\/guineediversite.com\/#organization"},"potentialAction":[{"@type":"SearchAction","target":{"@type":"EntryPoint","urlTemplate":"https:\/\/guineediversite.com\/?s={search_term_string}"},"query-input":{"@type":"PropertyValueSpecification","valueRequired":true,"valueName":"search_term_string"}}],"inLanguage":"fr-FR"},{"@type":"Organization","@id":"https:\/\/guineediversite.com\/#organization","name":"Guin\u00e9e Diversit\u00e9","url":"https:\/\/guineediversite.com\/","logo":{"@type":"ImageObject","inLanguage":"fr-FR","@id":"https:\/\/guineediversite.com\/#\/schema\/logo\/image\/","url":"https:\/\/guineediversite.com\/wp-content\/uploads\/2017\/04\/cropped-1jojlxEOMkX9Wyqfhe43D6kjPOGqBBKmx3EwWJqZ0cMrFF54yM49.png","contentUrl":"https:\/\/guineediversite.com\/wp-content\/uploads\/2017\/04\/cropped-1jojlxEOMkX9Wyqfhe43D6kjPOGqBBKmx3EwWJqZ0cMrFF54yM49.png","width":186,"height":112,"caption":"Guin\u00e9e Diversit\u00e9"},"image":{"@id":"https:\/\/guineediversite.com\/#\/schema\/logo\/image\/"},"sameAs":["https:\/\/www.facebook.com\/guineediversite\/","https:\/\/x.com\/GuineeDiversite","https:\/\/www.youtube.com\/channel\/UC8sUY16qelG5ge6_D5SB83g"]},{"@type":"Person","@id":"https:\/\/guineediversite.com\/#\/schema\/person\/afa08fb34e7fc6e1feafc892612bc836","name":"Guin\u00e9e Diversit\u00e9","image":{"@type":"ImageObject","inLanguage":"fr-FR","@id":"https:\/\/guineediversite.com\/#\/schema\/person\/image\/","url":"https:\/\/secure.gravatar.com\/avatar\/50d5eb5b390f8b65ac30ac6f898eb83a?s=96&d=mm&r=g","contentUrl":"https:\/\/secure.gravatar.com\/avatar\/50d5eb5b390f8b65ac30ac6f898eb83a?s=96&d=mm&r=g","caption":"Guin\u00e9e Diversit\u00e9"},"url":"https:\/\/guineediversite.com\/index.php\/author\/guineediversite\/"}]}},"_links":{"self":[{"href":"https:\/\/guineediversite.com\/index.php\/wp-json\/wp\/v2\/posts\/19709"}],"collection":[{"href":"https:\/\/guineediversite.com\/index.php\/wp-json\/wp\/v2\/posts"}],"about":[{"href":"https:\/\/guineediversite.com\/index.php\/wp-json\/wp\/v2\/types\/post"}],"author":[{"embeddable":true,"href":"https:\/\/guineediversite.com\/index.php\/wp-json\/wp\/v2\/users\/12"}],"replies":[{"embeddable":true,"href":"https:\/\/guineediversite.com\/index.php\/wp-json\/wp\/v2\/comments?post=19709"}],"version-history":[{"count":0,"href":"https:\/\/guineediversite.com\/index.php\/wp-json\/wp\/v2\/posts\/19709\/revisions"}],"wp:attachment":[{"href":"https:\/\/guineediversite.com\/index.php\/wp-json\/wp\/v2\/media?parent=19709"}],"wp:term":[{"taxonomy":"category","embeddable":true,"href":"https:\/\/guineediversite.com\/index.php\/wp-json\/wp\/v2\/categories?post=19709"},{"taxonomy":"post_tag","embeddable":true,"href":"https:\/\/guineediversite.com\/index.php\/wp-json\/wp\/v2\/tags?post=19709"}],"curies":[{"name":"wp","href":"https:\/\/api.w.org\/{rel}","templated":true}]}}