{"id":19701,"date":"2013-12-31T00:00:00","date_gmt":"2013-12-30T23:00:00","guid":{"rendered":"https:\/\/www.guineediversite.com\/index.php\/2013\/12\/31\/la-demission-du-gouvernement-said-fofana-attendue-ce-mercredi\/"},"modified":"2013-12-31T00:00:00","modified_gmt":"2013-12-30T23:00:00","slug":"la-demission-du-gouvernement-said-fofana-attendue-ce-mercredi","status":"publish","type":"post","link":"https:\/\/guineediversite.com\/index.php\/2013\/12\/31\/la-demission-du-gouvernement-said-fofana-attendue-ce-mercredi\/","title":{"rendered":"La d\u00e9mission du gouvernement Said Fofana attendue ce mercredi"},"content":{"rendered":"<p>La d\u00e9mission du gouvernement guin\u00e9en n\u2019est qu\u2019une question d\u2019heure maintenant. D\u2019ailleurs, elle pourrait intervenir dans la journ\u00e9e de ce mercredi. Selon nos informations, la lettre de d\u00e9mission du Chef de gouvernement et de son \u00e9quipe est d\u00e9j\u00e0 pr\u00eate. Elle sera d\u00e9pos\u00e9e \u00e0 S\u00e9kourour\u00e9yah ce mercredi matin.<br \/>\nIl faut dire que cette d\u00e9mission du gouvernement est attendue depuis plus d\u2019une semaine maintenant.<br \/>\nDans la m\u00eame journ\u00e9e, un d\u00e9cret du Pr\u00e9sident Alpha Cond\u00e9 est attendu pour d\u00e9voiler le nom du nouveau Premier ministre qui va peut \u00eatre conduire le gouvernement pour les deux ans qui reste au Pr\u00e9sident guin\u00e9en au compte de son premier mandat.<\/p>\n<p>D\u00e9j\u00e0, quatre noms circulent dans les couloirs du palais Sekoutoureyah, tous originaires de la basse cote. A savoir : K\u00e9moko Tour\u00e9 l\u2019ancien directeur de la Compagnie de Bauxite de Guin\u00e9e, Kerfala Yansan\u00e9 ministre de l\u2019\u00e9conomie et des finances, Maitre Abdoul Kabel\u00e9 Camara ministre d\u00e9l\u00e9gu\u00e9 \u00e0 la d\u00e9fense et Nabilaye Youssouf Kiridi Bangoura ministre secr\u00e9taire g\u00e9n\u00e9ral \u00e0 la pr\u00e9sidence. Mais les guin\u00e9ens peuvent s\u2019attendre \u00e0 d\u2019autres surprises selon certains observateurs. Avec cette nouvelle \u00e9quipe gouvernementale et l\u2019installation de la nouvelle Assembl\u00e9e natiaonale, les Guin\u00e9ens pourraient-ils se frotter les mains ? Attendons de voir dans les prochains jours.<\/p>\n<p> Bald\u00e9 Thierno Abdoul<br \/>\n+224 657 385 876<\/p>\n","protected":false},"excerpt":{"rendered":"<p>La d\u00e9mission du gouvernement guin\u00e9en n\u2019est qu\u2019une question d\u2019heure maintenant. D\u2019ailleurs, elle pourrait intervenir dans la journ\u00e9e de ce mercredi. Selon nos informations, la lettre de d\u00e9mission du Chef de gouvernement et de son \u00e9quipe est d\u00e9j\u00e0 pr\u00eate. Elle sera d\u00e9pos\u00e9e \u00e0 S\u00e9kourour\u00e9yah ce mercredi matin. Il faut dire que cette d\u00e9mission du gouvernement est [&hellip;]<\/p>\n","protected":false},"author":12,"featured_media":0,"comment_status":"open","ping_status":"open","sticky":false,"template":"","format":"standard","meta":{"_exactmetrics_skip_tracking":false,"_exactmetrics_sitenote_active":false,"_exactmetrics_sitenote_note":"","_exactmetrics_sitenote_category":0,"tdm_status":"","tdm_grid_status":"","footnotes":""},"categories":[28],"tags":[],"class_list":{"0":"post-19701","1":"post","2":"type-post","3":"status-publish","4":"format-standard","6":"category-archives"},"yoast_head":"<!-- This site is optimized with the Yoast SEO plugin v24.2 - https:\/\/yoast.com\/wordpress\/plugins\/seo\/ -->\n<title>La d\u00e9mission du gouvernement Said Fofana attendue ce mercredi | Guin\u00e9e Diversit\u00e9<\/title>\n<meta name=\"robots\" content=\"index, follow, max-snippet:-1, max-image-preview:large, max-video-preview:-1\" \/>\n<link rel=\"canonical\" href=\"https:\/\/guineediversite.com\/index.php\/2013\/12\/31\/la-demission-du-gouvernement-said-fofana-attendue-ce-mercredi\/\" \/>\n<meta property=\"og:locale\" content=\"fr_FR\" \/>\n<meta property=\"og:type\" content=\"article\" \/>\n<meta property=\"og:title\" content=\"La d\u00e9mission du gouvernement Said Fofana attendue ce mercredi | Guin\u00e9e Diversit\u00e9\" \/>\n<meta property=\"og:description\" content=\"La d\u00e9mission du gouvernement guin\u00e9en n\u2019est qu\u2019une question d\u2019heure maintenant. D\u2019ailleurs, elle pourrait intervenir dans la journ\u00e9e de ce mercredi. Selon nos informations, la lettre de d\u00e9mission du Chef de gouvernement et de son \u00e9quipe est d\u00e9j\u00e0 pr\u00eate. Elle sera d\u00e9pos\u00e9e \u00e0 S\u00e9kourour\u00e9yah ce mercredi matin. Il faut dire que cette d\u00e9mission du gouvernement est [&hellip;]\" \/>\n<meta property=\"og:url\" content=\"https:\/\/guineediversite.com\/index.php\/2013\/12\/31\/la-demission-du-gouvernement-said-fofana-attendue-ce-mercredi\/\" \/>\n<meta property=\"og:site_name\" content=\"Guin\u00e9e Diversit\u00e9\" \/>\n<meta property=\"article:publisher\" content=\"https:\/\/www.facebook.com\/guineediversite\/\" \/>\n<meta property=\"article:published_time\" content=\"2013-12-30T23:00:00+00:00\" \/>\n<meta name=\"author\" content=\"Guin\u00e9e Diversit\u00e9\" \/>\n<meta name=\"twitter:card\" content=\"summary_large_image\" \/>\n<meta name=\"twitter:creator\" content=\"@GuineeDiversite\" \/>\n<meta name=\"twitter:site\" content=\"@GuineeDiversite\" \/>\n<meta name=\"twitter:label1\" content=\"\u00c9crit par\" \/>\n\t<meta name=\"twitter:data1\" content=\"Guin\u00e9e Diversit\u00e9\" \/>\n\t<meta name=\"twitter:label2\" content=\"Dur\u00e9e de lecture estim\u00e9e\" \/>\n\t<meta name=\"twitter:data2\" content=\"1 minute\" \/>\n<script type=\"application\/ld+json\" class=\"yoast-schema-graph\">{\"@context\":\"https:\/\/schema.org\",\"@graph\":[{\"@type\":\"Article\",\"@id\":\"https:\/\/guineediversite.com\/index.php\/2013\/12\/31\/la-demission-du-gouvernement-said-fofana-attendue-ce-mercredi\/#article\",\"isPartOf\":{\"@id\":\"https:\/\/guineediversite.com\/index.php\/2013\/12\/31\/la-demission-du-gouvernement-said-fofana-attendue-ce-mercredi\/\"},\"author\":{\"name\":\"Guin\u00e9e Diversit\u00e9\",\"@id\":\"https:\/\/guineediversite.com\/#\/schema\/person\/afa08fb34e7fc6e1feafc892612bc836\"},\"headline\":\"La d\u00e9mission du gouvernement Said Fofana attendue ce mercredi\",\"datePublished\":\"2013-12-30T23:00:00+00:00\",\"dateModified\":\"2013-12-30T23:00:00+00:00\",\"mainEntityOfPage\":{\"@id\":\"https:\/\/guineediversite.com\/index.php\/2013\/12\/31\/la-demission-du-gouvernement-said-fofana-attendue-ce-mercredi\/\"},\"wordCount\":247,\"commentCount\":0,\"publisher\":{\"@id\":\"https:\/\/guineediversite.com\/#organization\"},\"articleSection\":[\"Archives\"],\"inLanguage\":\"fr-FR\",\"potentialAction\":[{\"@type\":\"CommentAction\",\"name\":\"Comment\",\"target\":[\"https:\/\/guineediversite.com\/index.php\/2013\/12\/31\/la-demission-du-gouvernement-said-fofana-attendue-ce-mercredi\/#respond\"]}]},{\"@type\":\"WebPage\",\"@id\":\"https:\/\/guineediversite.com\/index.php\/2013\/12\/31\/la-demission-du-gouvernement-said-fofana-attendue-ce-mercredi\/\",\"url\":\"https:\/\/guineediversite.com\/index.php\/2013\/12\/31\/la-demission-du-gouvernement-said-fofana-attendue-ce-mercredi\/\",\"name\":\"La d\u00e9mission du gouvernement Said Fofana attendue ce mercredi | Guin\u00e9e Diversit\u00e9\",\"isPartOf\":{\"@id\":\"https:\/\/guineediversite.com\/#website\"},\"datePublished\":\"2013-12-30T23:00:00+00:00\",\"dateModified\":\"2013-12-30T23:00:00+00:00\",\"breadcrumb\":{\"@id\":\"https:\/\/guineediversite.com\/index.php\/2013\/12\/31\/la-demission-du-gouvernement-said-fofana-attendue-ce-mercredi\/#breadcrumb\"},\"inLanguage\":\"fr-FR\",\"potentialAction\":[{\"@type\":\"ReadAction\",\"target\":[\"https:\/\/guineediversite.com\/index.php\/2013\/12\/31\/la-demission-du-gouvernement-said-fofana-attendue-ce-mercredi\/\"]}]},{\"@type\":\"BreadcrumbList\",\"@id\":\"https:\/\/guineediversite.com\/index.php\/2013\/12\/31\/la-demission-du-gouvernement-said-fofana-attendue-ce-mercredi\/#breadcrumb\",\"itemListElement\":[{\"@type\":\"ListItem\",\"position\":1,\"name\":\"Accueil\",\"item\":\"https:\/\/guineediversite.com\/\"},{\"@type\":\"ListItem\",\"position\":2,\"name\":\"La d\u00e9mission du gouvernement Said Fofana attendue ce mercredi\"}]},{\"@type\":\"WebSite\",\"@id\":\"https:\/\/guineediversite.com\/#website\",\"url\":\"https:\/\/guineediversite.com\/\",\"name\":\"Guin\u00e9e Diversit\u00e9\",\"description\":\"L&#039;Info dans toute sa diversit\u00e9\",\"publisher\":{\"@id\":\"https:\/\/guineediversite.com\/#organization\"},\"potentialAction\":[{\"@type\":\"SearchAction\",\"target\":{\"@type\":\"EntryPoint\",\"urlTemplate\":\"https:\/\/guineediversite.com\/?s={search_term_string}\"},\"query-input\":{\"@type\":\"PropertyValueSpecification\",\"valueRequired\":true,\"valueName\":\"search_term_string\"}}],\"inLanguage\":\"fr-FR\"},{\"@type\":\"Organization\",\"@id\":\"https:\/\/guineediversite.com\/#organization\",\"name\":\"Guin\u00e9e Diversit\u00e9\",\"url\":\"https:\/\/guineediversite.com\/\",\"logo\":{\"@type\":\"ImageObject\",\"inLanguage\":\"fr-FR\",\"@id\":\"https:\/\/guineediversite.com\/#\/schema\/logo\/image\/\",\"url\":\"https:\/\/guineediversite.com\/wp-content\/uploads\/2017\/04\/cropped-1jojlxEOMkX9Wyqfhe43D6kjPOGqBBKmx3EwWJqZ0cMrFF54yM49.png\",\"contentUrl\":\"https:\/\/guineediversite.com\/wp-content\/uploads\/2017\/04\/cropped-1jojlxEOMkX9Wyqfhe43D6kjPOGqBBKmx3EwWJqZ0cMrFF54yM49.png\",\"width\":186,\"height\":112,\"caption\":\"Guin\u00e9e Diversit\u00e9\"},\"image\":{\"@id\":\"https:\/\/guineediversite.com\/#\/schema\/logo\/image\/\"},\"sameAs\":[\"https:\/\/www.facebook.com\/guineediversite\/\",\"https:\/\/x.com\/GuineeDiversite\",\"https:\/\/www.youtube.com\/channel\/UC8sUY16qelG5ge6_D5SB83g\"]},{\"@type\":\"Person\",\"@id\":\"https:\/\/guineediversite.com\/#\/schema\/person\/afa08fb34e7fc6e1feafc892612bc836\",\"name\":\"Guin\u00e9e Diversit\u00e9\",\"image\":{\"@type\":\"ImageObject\",\"inLanguage\":\"fr-FR\",\"@id\":\"https:\/\/guineediversite.com\/#\/schema\/person\/image\/\",\"url\":\"https:\/\/secure.gravatar.com\/avatar\/50d5eb5b390f8b65ac30ac6f898eb83a?s=96&d=mm&r=g\",\"contentUrl\":\"https:\/\/secure.gravatar.com\/avatar\/50d5eb5b390f8b65ac30ac6f898eb83a?s=96&d=mm&r=g\",\"caption\":\"Guin\u00e9e Diversit\u00e9\"},\"url\":\"https:\/\/guineediversite.com\/index.php\/author\/guineediversite\/\"}]}<\/script>\n<!-- \/ Yoast SEO plugin. -->","yoast_head_json":{"title":"La d\u00e9mission du gouvernement Said Fofana attendue ce mercredi | Guin\u00e9e Diversit\u00e9","robots":{"index":"index","follow":"follow","max-snippet":"max-snippet:-1","max-image-preview":"max-image-preview:large","max-video-preview":"max-video-preview:-1"},"canonical":"https:\/\/guineediversite.com\/index.php\/2013\/12\/31\/la-demission-du-gouvernement-said-fofana-attendue-ce-mercredi\/","og_locale":"fr_FR","og_type":"article","og_title":"La d\u00e9mission du gouvernement Said Fofana attendue ce mercredi | Guin\u00e9e Diversit\u00e9","og_description":"La d\u00e9mission du gouvernement guin\u00e9en n\u2019est qu\u2019une question d\u2019heure maintenant. D\u2019ailleurs, elle pourrait intervenir dans la journ\u00e9e de ce mercredi. Selon nos informations, la lettre de d\u00e9mission du Chef de gouvernement et de son \u00e9quipe est d\u00e9j\u00e0 pr\u00eate. Elle sera d\u00e9pos\u00e9e \u00e0 S\u00e9kourour\u00e9yah ce mercredi matin. Il faut dire que cette d\u00e9mission du gouvernement est [&hellip;]","og_url":"https:\/\/guineediversite.com\/index.php\/2013\/12\/31\/la-demission-du-gouvernement-said-fofana-attendue-ce-mercredi\/","og_site_name":"Guin\u00e9e Diversit\u00e9","article_publisher":"https:\/\/www.facebook.com\/guineediversite\/","article_published_time":"2013-12-30T23:00:00+00:00","author":"Guin\u00e9e Diversit\u00e9","twitter_card":"summary_large_image","twitter_creator":"@GuineeDiversite","twitter_site":"@GuineeDiversite","twitter_misc":{"\u00c9crit par":"Guin\u00e9e Diversit\u00e9","Dur\u00e9e de lecture estim\u00e9e":"1 minute"},"schema":{"@context":"https:\/\/schema.org","@graph":[{"@type":"Article","@id":"https:\/\/guineediversite.com\/index.php\/2013\/12\/31\/la-demission-du-gouvernement-said-fofana-attendue-ce-mercredi\/#article","isPartOf":{"@id":"https:\/\/guineediversite.com\/index.php\/2013\/12\/31\/la-demission-du-gouvernement-said-fofana-attendue-ce-mercredi\/"},"author":{"name":"Guin\u00e9e Diversit\u00e9","@id":"https:\/\/guineediversite.com\/#\/schema\/person\/afa08fb34e7fc6e1feafc892612bc836"},"headline":"La d\u00e9mission du gouvernement Said Fofana attendue ce mercredi","datePublished":"2013-12-30T23:00:00+00:00","dateModified":"2013-12-30T23:00:00+00:00","mainEntityOfPage":{"@id":"https:\/\/guineediversite.com\/index.php\/2013\/12\/31\/la-demission-du-gouvernement-said-fofana-attendue-ce-mercredi\/"},"wordCount":247,"commentCount":0,"publisher":{"@id":"https:\/\/guineediversite.com\/#organization"},"articleSection":["Archives"],"inLanguage":"fr-FR","potentialAction":[{"@type":"CommentAction","name":"Comment","target":["https:\/\/guineediversite.com\/index.php\/2013\/12\/31\/la-demission-du-gouvernement-said-fofana-attendue-ce-mercredi\/#respond"]}]},{"@type":"WebPage","@id":"https:\/\/guineediversite.com\/index.php\/2013\/12\/31\/la-demission-du-gouvernement-said-fofana-attendue-ce-mercredi\/","url":"https:\/\/guineediversite.com\/index.php\/2013\/12\/31\/la-demission-du-gouvernement-said-fofana-attendue-ce-mercredi\/","name":"La d\u00e9mission du gouvernement Said Fofana attendue ce mercredi | Guin\u00e9e Diversit\u00e9","isPartOf":{"@id":"https:\/\/guineediversite.com\/#website"},"datePublished":"2013-12-30T23:00:00+00:00","dateModified":"2013-12-30T23:00:00+00:00","breadcrumb":{"@id":"https:\/\/guineediversite.com\/index.php\/2013\/12\/31\/la-demission-du-gouvernement-said-fofana-attendue-ce-mercredi\/#breadcrumb"},"inLanguage":"fr-FR","potentialAction":[{"@type":"ReadAction","target":["https:\/\/guineediversite.com\/index.php\/2013\/12\/31\/la-demission-du-gouvernement-said-fofana-attendue-ce-mercredi\/"]}]},{"@type":"BreadcrumbList","@id":"https:\/\/guineediversite.com\/index.php\/2013\/12\/31\/la-demission-du-gouvernement-said-fofana-attendue-ce-mercredi\/#breadcrumb","itemListElement":[{"@type":"ListItem","position":1,"name":"Accueil","item":"https:\/\/guineediversite.com\/"},{"@type":"ListItem","position":2,"name":"La d\u00e9mission du gouvernement Said Fofana attendue ce mercredi"}]},{"@type":"WebSite","@id":"https:\/\/guineediversite.com\/#website","url":"https:\/\/guineediversite.com\/","name":"Guin\u00e9e Diversit\u00e9","description":"L&#039;Info dans toute sa diversit\u00e9","publisher":{"@id":"https:\/\/guineediversite.com\/#organization"},"potentialAction":[{"@type":"SearchAction","target":{"@type":"EntryPoint","urlTemplate":"https:\/\/guineediversite.com\/?s={search_term_string}"},"query-input":{"@type":"PropertyValueSpecification","valueRequired":true,"valueName":"search_term_string"}}],"inLanguage":"fr-FR"},{"@type":"Organization","@id":"https:\/\/guineediversite.com\/#organization","name":"Guin\u00e9e Diversit\u00e9","url":"https:\/\/guineediversite.com\/","logo":{"@type":"ImageObject","inLanguage":"fr-FR","@id":"https:\/\/guineediversite.com\/#\/schema\/logo\/image\/","url":"https:\/\/guineediversite.com\/wp-content\/uploads\/2017\/04\/cropped-1jojlxEOMkX9Wyqfhe43D6kjPOGqBBKmx3EwWJqZ0cMrFF54yM49.png","contentUrl":"https:\/\/guineediversite.com\/wp-content\/uploads\/2017\/04\/cropped-1jojlxEOMkX9Wyqfhe43D6kjPOGqBBKmx3EwWJqZ0cMrFF54yM49.png","width":186,"height":112,"caption":"Guin\u00e9e Diversit\u00e9"},"image":{"@id":"https:\/\/guineediversite.com\/#\/schema\/logo\/image\/"},"sameAs":["https:\/\/www.facebook.com\/guineediversite\/","https:\/\/x.com\/GuineeDiversite","https:\/\/www.youtube.com\/channel\/UC8sUY16qelG5ge6_D5SB83g"]},{"@type":"Person","@id":"https:\/\/guineediversite.com\/#\/schema\/person\/afa08fb34e7fc6e1feafc892612bc836","name":"Guin\u00e9e Diversit\u00e9","image":{"@type":"ImageObject","inLanguage":"fr-FR","@id":"https:\/\/guineediversite.com\/#\/schema\/person\/image\/","url":"https:\/\/secure.gravatar.com\/avatar\/50d5eb5b390f8b65ac30ac6f898eb83a?s=96&d=mm&r=g","contentUrl":"https:\/\/secure.gravatar.com\/avatar\/50d5eb5b390f8b65ac30ac6f898eb83a?s=96&d=mm&r=g","caption":"Guin\u00e9e Diversit\u00e9"},"url":"https:\/\/guineediversite.com\/index.php\/author\/guineediversite\/"}]}},"_links":{"self":[{"href":"https:\/\/guineediversite.com\/index.php\/wp-json\/wp\/v2\/posts\/19701"}],"collection":[{"href":"https:\/\/guineediversite.com\/index.php\/wp-json\/wp\/v2\/posts"}],"about":[{"href":"https:\/\/guineediversite.com\/index.php\/wp-json\/wp\/v2\/types\/post"}],"author":[{"embeddable":true,"href":"https:\/\/guineediversite.com\/index.php\/wp-json\/wp\/v2\/users\/12"}],"replies":[{"embeddable":true,"href":"https:\/\/guineediversite.com\/index.php\/wp-json\/wp\/v2\/comments?post=19701"}],"version-history":[{"count":0,"href":"https:\/\/guineediversite.com\/index.php\/wp-json\/wp\/v2\/posts\/19701\/revisions"}],"wp:attachment":[{"href":"https:\/\/guineediversite.com\/index.php\/wp-json\/wp\/v2\/media?parent=19701"}],"wp:term":[{"taxonomy":"category","embeddable":true,"href":"https:\/\/guineediversite.com\/index.php\/wp-json\/wp\/v2\/categories?post=19701"},{"taxonomy":"post_tag","embeddable":true,"href":"https:\/\/guineediversite.com\/index.php\/wp-json\/wp\/v2\/tags?post=19701"}],"curies":[{"name":"wp","href":"https:\/\/api.w.org\/{rel}","templated":true}]}}