{"id":19696,"date":"2013-12-31T00:00:00","date_gmt":"2013-12-30T23:00:00","guid":{"rendered":"https:\/\/www.guineediversite.com\/index.php\/2013\/12\/31\/session-inaugurale-de-lassemblee-nationale-le-vote-pour-le-poste-de-president-a-deja-commence\/"},"modified":"2013-12-31T00:00:00","modified_gmt":"2013-12-30T23:00:00","slug":"session-inaugurale-de-lassemblee-nationale-le-vote-pour-le-poste-de-president-a-deja-commence","status":"publish","type":"post","link":"https:\/\/guineediversite.com\/index.php\/2013\/12\/31\/session-inaugurale-de-lassemblee-nationale-le-vote-pour-le-poste-de-president-a-deja-commence\/","title":{"rendered":"Session inaugurale de l\u2019Assembl\u00e9e Nationale, le vote pour le poste de pr\u00e9sident a d\u00e9j\u00e0 commenc\u00e9"},"content":{"rendered":"<p>Au moment m\u00eame ou nous mettons cet article en ligne \u00e0 14 h 20 mn, les d\u00e9put\u00e9s de l\u2019Assembl\u00e9e nationale sont entrain de se succ\u00e9der un \u00e0 un pour introduire l\u2019enveloppe dans l\u2019urne du cot\u00e9 du palais des Nations. Ils ont le choix entre Koly Kondiano du RPG Arc-en ciel et Marie Anne Fofana de l\u2019opposition.  La session est pr\u00e9sid\u00e9e par le doyen des d\u00e9put\u00e9s Jean Marie Dor\u00e9 qui a finalement retir\u00e9 sa candidature pour le perchoir.<br \/>\nCette session qui se tient sous les yeux des membres du CNT, des anciens pr\u00e9sidents de l\u2019Assembl\u00e9e Nationale, des pr\u00e9sident des institutions r\u00e9publicaines et internationales et des plusieurs autres invit\u00e9s.<br \/>\nNotons que Dr Dialikatou Diallo Secr\u00e9taire G\u00e9n\u00e9rale du Parti de l\u2019Espoir pour le D\u00e9veloppement National (PEDN) est \u00e9galement dans la salle, malgr\u00e9 le refus de son parti de si\u00e9ger \u00e0 l\u2019Assembl\u00e9e Nationale.<br \/>\nNous y reviendrons !<\/p>\n<p>Thierno Moussa Bah<\/p>\n","protected":false},"excerpt":{"rendered":"<p>Au moment m\u00eame ou nous mettons cet article en ligne \u00e0 14 h 20 mn, les d\u00e9put\u00e9s de l\u2019Assembl\u00e9e nationale sont entrain de se succ\u00e9der un \u00e0 un pour introduire l\u2019enveloppe dans l\u2019urne du cot\u00e9 du palais des Nations. Ils ont le choix entre Koly Kondiano du RPG Arc-en ciel et Marie Anne Fofana de [&hellip;]<\/p>\n","protected":false},"author":12,"featured_media":0,"comment_status":"open","ping_status":"open","sticky":false,"template":"","format":"standard","meta":{"_exactmetrics_skip_tracking":false,"_exactmetrics_sitenote_active":false,"_exactmetrics_sitenote_note":"","_exactmetrics_sitenote_category":0,"tdm_status":"","tdm_grid_status":"","footnotes":""},"categories":[28],"tags":[],"class_list":{"0":"post-19696","1":"post","2":"type-post","3":"status-publish","4":"format-standard","6":"category-archives"},"yoast_head":"<!-- This site is optimized with the Yoast SEO plugin v24.2 - https:\/\/yoast.com\/wordpress\/plugins\/seo\/ -->\n<title>Session inaugurale de l\u2019Assembl\u00e9e Nationale, le vote pour le poste de pr\u00e9sident a d\u00e9j\u00e0 commenc\u00e9 | Guin\u00e9e Diversit\u00e9<\/title>\n<meta name=\"robots\" content=\"index, follow, max-snippet:-1, max-image-preview:large, max-video-preview:-1\" \/>\n<link rel=\"canonical\" href=\"https:\/\/guineediversite.com\/index.php\/2013\/12\/31\/session-inaugurale-de-lassemblee-nationale-le-vote-pour-le-poste-de-president-a-deja-commence\/\" \/>\n<meta property=\"og:locale\" content=\"fr_FR\" \/>\n<meta property=\"og:type\" content=\"article\" \/>\n<meta property=\"og:title\" content=\"Session inaugurale de l\u2019Assembl\u00e9e Nationale, le vote pour le poste de pr\u00e9sident a d\u00e9j\u00e0 commenc\u00e9 | Guin\u00e9e Diversit\u00e9\" \/>\n<meta property=\"og:description\" content=\"Au moment m\u00eame ou nous mettons cet article en ligne \u00e0 14 h 20 mn, les d\u00e9put\u00e9s de l\u2019Assembl\u00e9e nationale sont entrain de se succ\u00e9der un \u00e0 un pour introduire l\u2019enveloppe dans l\u2019urne du cot\u00e9 du palais des Nations. Ils ont le choix entre Koly Kondiano du RPG Arc-en ciel et Marie Anne Fofana de [&hellip;]\" \/>\n<meta property=\"og:url\" content=\"https:\/\/guineediversite.com\/index.php\/2013\/12\/31\/session-inaugurale-de-lassemblee-nationale-le-vote-pour-le-poste-de-president-a-deja-commence\/\" \/>\n<meta property=\"og:site_name\" content=\"Guin\u00e9e Diversit\u00e9\" \/>\n<meta property=\"article:publisher\" content=\"https:\/\/www.facebook.com\/guineediversite\/\" \/>\n<meta property=\"article:published_time\" content=\"2013-12-30T23:00:00+00:00\" \/>\n<meta name=\"author\" content=\"Guin\u00e9e Diversit\u00e9\" \/>\n<meta name=\"twitter:card\" content=\"summary_large_image\" \/>\n<meta name=\"twitter:creator\" content=\"@GuineeDiversite\" \/>\n<meta name=\"twitter:site\" content=\"@GuineeDiversite\" \/>\n<meta name=\"twitter:label1\" content=\"\u00c9crit par\" \/>\n\t<meta name=\"twitter:data1\" content=\"Guin\u00e9e Diversit\u00e9\" \/>\n\t<meta name=\"twitter:label2\" content=\"Dur\u00e9e de lecture estim\u00e9e\" \/>\n\t<meta name=\"twitter:data2\" content=\"1 minute\" \/>\n<script type=\"application\/ld+json\" class=\"yoast-schema-graph\">{\"@context\":\"https:\/\/schema.org\",\"@graph\":[{\"@type\":\"Article\",\"@id\":\"https:\/\/guineediversite.com\/index.php\/2013\/12\/31\/session-inaugurale-de-lassemblee-nationale-le-vote-pour-le-poste-de-president-a-deja-commence\/#article\",\"isPartOf\":{\"@id\":\"https:\/\/guineediversite.com\/index.php\/2013\/12\/31\/session-inaugurale-de-lassemblee-nationale-le-vote-pour-le-poste-de-president-a-deja-commence\/\"},\"author\":{\"name\":\"Guin\u00e9e Diversit\u00e9\",\"@id\":\"https:\/\/guineediversite.com\/#\/schema\/person\/afa08fb34e7fc6e1feafc892612bc836\"},\"headline\":\"Session inaugurale de l\u2019Assembl\u00e9e Nationale, le vote pour le poste de pr\u00e9sident a d\u00e9j\u00e0 commenc\u00e9\",\"datePublished\":\"2013-12-30T23:00:00+00:00\",\"dateModified\":\"2013-12-30T23:00:00+00:00\",\"mainEntityOfPage\":{\"@id\":\"https:\/\/guineediversite.com\/index.php\/2013\/12\/31\/session-inaugurale-de-lassemblee-nationale-le-vote-pour-le-poste-de-president-a-deja-commence\/\"},\"wordCount\":186,\"commentCount\":0,\"publisher\":{\"@id\":\"https:\/\/guineediversite.com\/#organization\"},\"articleSection\":[\"Archives\"],\"inLanguage\":\"fr-FR\",\"potentialAction\":[{\"@type\":\"CommentAction\",\"name\":\"Comment\",\"target\":[\"https:\/\/guineediversite.com\/index.php\/2013\/12\/31\/session-inaugurale-de-lassemblee-nationale-le-vote-pour-le-poste-de-president-a-deja-commence\/#respond\"]}]},{\"@type\":\"WebPage\",\"@id\":\"https:\/\/guineediversite.com\/index.php\/2013\/12\/31\/session-inaugurale-de-lassemblee-nationale-le-vote-pour-le-poste-de-president-a-deja-commence\/\",\"url\":\"https:\/\/guineediversite.com\/index.php\/2013\/12\/31\/session-inaugurale-de-lassemblee-nationale-le-vote-pour-le-poste-de-president-a-deja-commence\/\",\"name\":\"Session inaugurale de l\u2019Assembl\u00e9e Nationale, le vote pour le poste de pr\u00e9sident a d\u00e9j\u00e0 commenc\u00e9 | Guin\u00e9e Diversit\u00e9\",\"isPartOf\":{\"@id\":\"https:\/\/guineediversite.com\/#website\"},\"datePublished\":\"2013-12-30T23:00:00+00:00\",\"dateModified\":\"2013-12-30T23:00:00+00:00\",\"breadcrumb\":{\"@id\":\"https:\/\/guineediversite.com\/index.php\/2013\/12\/31\/session-inaugurale-de-lassemblee-nationale-le-vote-pour-le-poste-de-president-a-deja-commence\/#breadcrumb\"},\"inLanguage\":\"fr-FR\",\"potentialAction\":[{\"@type\":\"ReadAction\",\"target\":[\"https:\/\/guineediversite.com\/index.php\/2013\/12\/31\/session-inaugurale-de-lassemblee-nationale-le-vote-pour-le-poste-de-president-a-deja-commence\/\"]}]},{\"@type\":\"BreadcrumbList\",\"@id\":\"https:\/\/guineediversite.com\/index.php\/2013\/12\/31\/session-inaugurale-de-lassemblee-nationale-le-vote-pour-le-poste-de-president-a-deja-commence\/#breadcrumb\",\"itemListElement\":[{\"@type\":\"ListItem\",\"position\":1,\"name\":\"Accueil\",\"item\":\"https:\/\/guineediversite.com\/\"},{\"@type\":\"ListItem\",\"position\":2,\"name\":\"Session inaugurale de l\u2019Assembl\u00e9e Nationale, le vote pour le poste de pr\u00e9sident a d\u00e9j\u00e0 commenc\u00e9\"}]},{\"@type\":\"WebSite\",\"@id\":\"https:\/\/guineediversite.com\/#website\",\"url\":\"https:\/\/guineediversite.com\/\",\"name\":\"Guin\u00e9e Diversit\u00e9\",\"description\":\"L&#039;Info dans toute sa diversit\u00e9\",\"publisher\":{\"@id\":\"https:\/\/guineediversite.com\/#organization\"},\"potentialAction\":[{\"@type\":\"SearchAction\",\"target\":{\"@type\":\"EntryPoint\",\"urlTemplate\":\"https:\/\/guineediversite.com\/?s={search_term_string}\"},\"query-input\":{\"@type\":\"PropertyValueSpecification\",\"valueRequired\":true,\"valueName\":\"search_term_string\"}}],\"inLanguage\":\"fr-FR\"},{\"@type\":\"Organization\",\"@id\":\"https:\/\/guineediversite.com\/#organization\",\"name\":\"Guin\u00e9e Diversit\u00e9\",\"url\":\"https:\/\/guineediversite.com\/\",\"logo\":{\"@type\":\"ImageObject\",\"inLanguage\":\"fr-FR\",\"@id\":\"https:\/\/guineediversite.com\/#\/schema\/logo\/image\/\",\"url\":\"https:\/\/guineediversite.com\/wp-content\/uploads\/2017\/04\/cropped-1jojlxEOMkX9Wyqfhe43D6kjPOGqBBKmx3EwWJqZ0cMrFF54yM49.png\",\"contentUrl\":\"https:\/\/guineediversite.com\/wp-content\/uploads\/2017\/04\/cropped-1jojlxEOMkX9Wyqfhe43D6kjPOGqBBKmx3EwWJqZ0cMrFF54yM49.png\",\"width\":186,\"height\":112,\"caption\":\"Guin\u00e9e Diversit\u00e9\"},\"image\":{\"@id\":\"https:\/\/guineediversite.com\/#\/schema\/logo\/image\/\"},\"sameAs\":[\"https:\/\/www.facebook.com\/guineediversite\/\",\"https:\/\/x.com\/GuineeDiversite\",\"https:\/\/www.youtube.com\/channel\/UC8sUY16qelG5ge6_D5SB83g\"]},{\"@type\":\"Person\",\"@id\":\"https:\/\/guineediversite.com\/#\/schema\/person\/afa08fb34e7fc6e1feafc892612bc836\",\"name\":\"Guin\u00e9e Diversit\u00e9\",\"image\":{\"@type\":\"ImageObject\",\"inLanguage\":\"fr-FR\",\"@id\":\"https:\/\/guineediversite.com\/#\/schema\/person\/image\/\",\"url\":\"https:\/\/secure.gravatar.com\/avatar\/50d5eb5b390f8b65ac30ac6f898eb83a?s=96&d=mm&r=g\",\"contentUrl\":\"https:\/\/secure.gravatar.com\/avatar\/50d5eb5b390f8b65ac30ac6f898eb83a?s=96&d=mm&r=g\",\"caption\":\"Guin\u00e9e Diversit\u00e9\"},\"url\":\"https:\/\/guineediversite.com\/index.php\/author\/guineediversite\/\"}]}<\/script>\n<!-- \/ Yoast SEO plugin. -->","yoast_head_json":{"title":"Session inaugurale de l\u2019Assembl\u00e9e Nationale, le vote pour le poste de pr\u00e9sident a d\u00e9j\u00e0 commenc\u00e9 | Guin\u00e9e Diversit\u00e9","robots":{"index":"index","follow":"follow","max-snippet":"max-snippet:-1","max-image-preview":"max-image-preview:large","max-video-preview":"max-video-preview:-1"},"canonical":"https:\/\/guineediversite.com\/index.php\/2013\/12\/31\/session-inaugurale-de-lassemblee-nationale-le-vote-pour-le-poste-de-president-a-deja-commence\/","og_locale":"fr_FR","og_type":"article","og_title":"Session inaugurale de l\u2019Assembl\u00e9e Nationale, le vote pour le poste de pr\u00e9sident a d\u00e9j\u00e0 commenc\u00e9 | Guin\u00e9e Diversit\u00e9","og_description":"Au moment m\u00eame ou nous mettons cet article en ligne \u00e0 14 h 20 mn, les d\u00e9put\u00e9s de l\u2019Assembl\u00e9e nationale sont entrain de se succ\u00e9der un \u00e0 un pour introduire l\u2019enveloppe dans l\u2019urne du cot\u00e9 du palais des Nations. Ils ont le choix entre Koly Kondiano du RPG Arc-en ciel et Marie Anne Fofana de [&hellip;]","og_url":"https:\/\/guineediversite.com\/index.php\/2013\/12\/31\/session-inaugurale-de-lassemblee-nationale-le-vote-pour-le-poste-de-president-a-deja-commence\/","og_site_name":"Guin\u00e9e Diversit\u00e9","article_publisher":"https:\/\/www.facebook.com\/guineediversite\/","article_published_time":"2013-12-30T23:00:00+00:00","author":"Guin\u00e9e Diversit\u00e9","twitter_card":"summary_large_image","twitter_creator":"@GuineeDiversite","twitter_site":"@GuineeDiversite","twitter_misc":{"\u00c9crit par":"Guin\u00e9e Diversit\u00e9","Dur\u00e9e de lecture estim\u00e9e":"1 minute"},"schema":{"@context":"https:\/\/schema.org","@graph":[{"@type":"Article","@id":"https:\/\/guineediversite.com\/index.php\/2013\/12\/31\/session-inaugurale-de-lassemblee-nationale-le-vote-pour-le-poste-de-president-a-deja-commence\/#article","isPartOf":{"@id":"https:\/\/guineediversite.com\/index.php\/2013\/12\/31\/session-inaugurale-de-lassemblee-nationale-le-vote-pour-le-poste-de-president-a-deja-commence\/"},"author":{"name":"Guin\u00e9e Diversit\u00e9","@id":"https:\/\/guineediversite.com\/#\/schema\/person\/afa08fb34e7fc6e1feafc892612bc836"},"headline":"Session inaugurale de l\u2019Assembl\u00e9e Nationale, le vote pour le poste de pr\u00e9sident a d\u00e9j\u00e0 commenc\u00e9","datePublished":"2013-12-30T23:00:00+00:00","dateModified":"2013-12-30T23:00:00+00:00","mainEntityOfPage":{"@id":"https:\/\/guineediversite.com\/index.php\/2013\/12\/31\/session-inaugurale-de-lassemblee-nationale-le-vote-pour-le-poste-de-president-a-deja-commence\/"},"wordCount":186,"commentCount":0,"publisher":{"@id":"https:\/\/guineediversite.com\/#organization"},"articleSection":["Archives"],"inLanguage":"fr-FR","potentialAction":[{"@type":"CommentAction","name":"Comment","target":["https:\/\/guineediversite.com\/index.php\/2013\/12\/31\/session-inaugurale-de-lassemblee-nationale-le-vote-pour-le-poste-de-president-a-deja-commence\/#respond"]}]},{"@type":"WebPage","@id":"https:\/\/guineediversite.com\/index.php\/2013\/12\/31\/session-inaugurale-de-lassemblee-nationale-le-vote-pour-le-poste-de-president-a-deja-commence\/","url":"https:\/\/guineediversite.com\/index.php\/2013\/12\/31\/session-inaugurale-de-lassemblee-nationale-le-vote-pour-le-poste-de-president-a-deja-commence\/","name":"Session inaugurale de l\u2019Assembl\u00e9e Nationale, le vote pour le poste de pr\u00e9sident a d\u00e9j\u00e0 commenc\u00e9 | Guin\u00e9e Diversit\u00e9","isPartOf":{"@id":"https:\/\/guineediversite.com\/#website"},"datePublished":"2013-12-30T23:00:00+00:00","dateModified":"2013-12-30T23:00:00+00:00","breadcrumb":{"@id":"https:\/\/guineediversite.com\/index.php\/2013\/12\/31\/session-inaugurale-de-lassemblee-nationale-le-vote-pour-le-poste-de-president-a-deja-commence\/#breadcrumb"},"inLanguage":"fr-FR","potentialAction":[{"@type":"ReadAction","target":["https:\/\/guineediversite.com\/index.php\/2013\/12\/31\/session-inaugurale-de-lassemblee-nationale-le-vote-pour-le-poste-de-president-a-deja-commence\/"]}]},{"@type":"BreadcrumbList","@id":"https:\/\/guineediversite.com\/index.php\/2013\/12\/31\/session-inaugurale-de-lassemblee-nationale-le-vote-pour-le-poste-de-president-a-deja-commence\/#breadcrumb","itemListElement":[{"@type":"ListItem","position":1,"name":"Accueil","item":"https:\/\/guineediversite.com\/"},{"@type":"ListItem","position":2,"name":"Session inaugurale de l\u2019Assembl\u00e9e Nationale, le vote pour le poste de pr\u00e9sident a d\u00e9j\u00e0 commenc\u00e9"}]},{"@type":"WebSite","@id":"https:\/\/guineediversite.com\/#website","url":"https:\/\/guineediversite.com\/","name":"Guin\u00e9e Diversit\u00e9","description":"L&#039;Info dans toute sa diversit\u00e9","publisher":{"@id":"https:\/\/guineediversite.com\/#organization"},"potentialAction":[{"@type":"SearchAction","target":{"@type":"EntryPoint","urlTemplate":"https:\/\/guineediversite.com\/?s={search_term_string}"},"query-input":{"@type":"PropertyValueSpecification","valueRequired":true,"valueName":"search_term_string"}}],"inLanguage":"fr-FR"},{"@type":"Organization","@id":"https:\/\/guineediversite.com\/#organization","name":"Guin\u00e9e Diversit\u00e9","url":"https:\/\/guineediversite.com\/","logo":{"@type":"ImageObject","inLanguage":"fr-FR","@id":"https:\/\/guineediversite.com\/#\/schema\/logo\/image\/","url":"https:\/\/guineediversite.com\/wp-content\/uploads\/2017\/04\/cropped-1jojlxEOMkX9Wyqfhe43D6kjPOGqBBKmx3EwWJqZ0cMrFF54yM49.png","contentUrl":"https:\/\/guineediversite.com\/wp-content\/uploads\/2017\/04\/cropped-1jojlxEOMkX9Wyqfhe43D6kjPOGqBBKmx3EwWJqZ0cMrFF54yM49.png","width":186,"height":112,"caption":"Guin\u00e9e Diversit\u00e9"},"image":{"@id":"https:\/\/guineediversite.com\/#\/schema\/logo\/image\/"},"sameAs":["https:\/\/www.facebook.com\/guineediversite\/","https:\/\/x.com\/GuineeDiversite","https:\/\/www.youtube.com\/channel\/UC8sUY16qelG5ge6_D5SB83g"]},{"@type":"Person","@id":"https:\/\/guineediversite.com\/#\/schema\/person\/afa08fb34e7fc6e1feafc892612bc836","name":"Guin\u00e9e Diversit\u00e9","image":{"@type":"ImageObject","inLanguage":"fr-FR","@id":"https:\/\/guineediversite.com\/#\/schema\/person\/image\/","url":"https:\/\/secure.gravatar.com\/avatar\/50d5eb5b390f8b65ac30ac6f898eb83a?s=96&d=mm&r=g","contentUrl":"https:\/\/secure.gravatar.com\/avatar\/50d5eb5b390f8b65ac30ac6f898eb83a?s=96&d=mm&r=g","caption":"Guin\u00e9e Diversit\u00e9"},"url":"https:\/\/guineediversite.com\/index.php\/author\/guineediversite\/"}]}},"_links":{"self":[{"href":"https:\/\/guineediversite.com\/index.php\/wp-json\/wp\/v2\/posts\/19696"}],"collection":[{"href":"https:\/\/guineediversite.com\/index.php\/wp-json\/wp\/v2\/posts"}],"about":[{"href":"https:\/\/guineediversite.com\/index.php\/wp-json\/wp\/v2\/types\/post"}],"author":[{"embeddable":true,"href":"https:\/\/guineediversite.com\/index.php\/wp-json\/wp\/v2\/users\/12"}],"replies":[{"embeddable":true,"href":"https:\/\/guineediversite.com\/index.php\/wp-json\/wp\/v2\/comments?post=19696"}],"version-history":[{"count":0,"href":"https:\/\/guineediversite.com\/index.php\/wp-json\/wp\/v2\/posts\/19696\/revisions"}],"wp:attachment":[{"href":"https:\/\/guineediversite.com\/index.php\/wp-json\/wp\/v2\/media?parent=19696"}],"wp:term":[{"taxonomy":"category","embeddable":true,"href":"https:\/\/guineediversite.com\/index.php\/wp-json\/wp\/v2\/categories?post=19696"},{"taxonomy":"post_tag","embeddable":true,"href":"https:\/\/guineediversite.com\/index.php\/wp-json\/wp\/v2\/tags?post=19696"}],"curies":[{"name":"wp","href":"https:\/\/api.w.org\/{rel}","templated":true}]}}