{"id":19693,"date":"2013-12-31T00:00:00","date_gmt":"2013-12-30T23:00:00","guid":{"rendered":"https:\/\/www.guineediversite.com\/index.php\/2013\/12\/31\/cellou-dalein-diallo-retire-sa-candidature-pour-le-perchoir-pour-sauver-lunite-et-la-cohesion-au-sein-de-lopposition\/"},"modified":"2013-12-31T00:00:00","modified_gmt":"2013-12-30T23:00:00","slug":"cellou-dalein-diallo-retire-sa-candidature-pour-le-perchoir-pour-sauver-lunite-et-la-cohesion-au-sein-de-lopposition","status":"publish","type":"post","link":"https:\/\/guineediversite.com\/index.php\/2013\/12\/31\/cellou-dalein-diallo-retire-sa-candidature-pour-le-perchoir-pour-sauver-lunite-et-la-cohesion-au-sein-de-lopposition\/","title":{"rendered":"Cellou Dalein Diallo retire sa candidature pour le perchoir pour sauver l\u2019unit\u00e9 et la coh\u00e9sion au sein de l\u2019opposition"},"content":{"rendered":"<p>L\u2019information vient de tomber et c\u2019est l\u2019un des vices pr\u00e9sident de  l\u2019UFDG qui l\u2019a annonc\u00e9. El hadj Cellou  Dalein Diallo, d\u00e9cide de retirer sa candidature pour le perchoir par ce que Jean Marie Dor\u00e9 n\u2019a pas voulu se rallier pour donner une candidature unique \u00e0 l\u2019opposition.<br \/>\n\u00ab L&rsquo;opposition r\u00e9publicaine avait d\u00e9cid\u00e9 lors de sa r\u00e9union pl\u00e9ni\u00e8re tenue ce jour 12 janvier 2014 de d\u00e9signe le pr\u00e9sident Cellou Dalein Diallo comme candidat unique de l&rsquo;opposition pour la pr\u00e9sidence de l&rsquo;Assembl\u00e9e nationale<br \/>\nL&rsquo;acceptation de cette d\u00e9signation \u00e9tait conditionn\u00e9 par le ralliement de Jean Marie \u00e0 cette d\u00e9cision consensuelle<br \/>\nCette condition n&rsquo;ayant pas \u00e9t\u00e9 remplie, le Pr\u00e9sident Cellou \u00e0 pr\u00e9f\u00e8re renoncer pour sauvegarder l&rsquo;unit\u00e9 et la coh\u00e9sion au sein de l&rsquo;opposition<br \/>\nLes consultations continus pour la d\u00e9signation d&rsquo;un autre candidat \u00bb a pr\u00e9cis\u00e9 Dr Fod\u00e9 Oussou Fofana ce dimanche soir. <\/p>\n<p>Thierno Moussa Bah<br \/>\n+224664373398<\/p>\n","protected":false},"excerpt":{"rendered":"<p>L\u2019information vient de tomber et c\u2019est l\u2019un des vices pr\u00e9sident de l\u2019UFDG qui l\u2019a annonc\u00e9. El hadj Cellou Dalein Diallo, d\u00e9cide de retirer sa candidature pour le perchoir par ce que Jean Marie Dor\u00e9 n\u2019a pas voulu se rallier pour donner une candidature unique \u00e0 l\u2019opposition. \u00ab L&rsquo;opposition r\u00e9publicaine avait d\u00e9cid\u00e9 lors de sa r\u00e9union [&hellip;]<\/p>\n","protected":false},"author":12,"featured_media":0,"comment_status":"open","ping_status":"open","sticky":false,"template":"","format":"standard","meta":{"_exactmetrics_skip_tracking":false,"_exactmetrics_sitenote_active":false,"_exactmetrics_sitenote_note":"","_exactmetrics_sitenote_category":0,"tdm_status":"","tdm_grid_status":"","footnotes":""},"categories":[28],"tags":[],"class_list":{"0":"post-19693","1":"post","2":"type-post","3":"status-publish","4":"format-standard","6":"category-archives"},"yoast_head":"<!-- This site is optimized with the Yoast SEO plugin v24.2 - https:\/\/yoast.com\/wordpress\/plugins\/seo\/ -->\n<title>Cellou Dalein Diallo retire sa candidature pour le perchoir pour sauver l\u2019unit\u00e9 et la coh\u00e9sion au sein de l\u2019opposition | Guin\u00e9e Diversit\u00e9<\/title>\n<meta name=\"robots\" content=\"index, follow, max-snippet:-1, max-image-preview:large, max-video-preview:-1\" \/>\n<link rel=\"canonical\" href=\"https:\/\/guineediversite.com\/index.php\/2013\/12\/31\/cellou-dalein-diallo-retire-sa-candidature-pour-le-perchoir-pour-sauver-lunite-et-la-cohesion-au-sein-de-lopposition\/\" \/>\n<meta property=\"og:locale\" content=\"fr_FR\" \/>\n<meta property=\"og:type\" content=\"article\" \/>\n<meta property=\"og:title\" content=\"Cellou Dalein Diallo retire sa candidature pour le perchoir pour sauver l\u2019unit\u00e9 et la coh\u00e9sion au sein de l\u2019opposition | Guin\u00e9e Diversit\u00e9\" \/>\n<meta property=\"og:description\" content=\"L\u2019information vient de tomber et c\u2019est l\u2019un des vices pr\u00e9sident de l\u2019UFDG qui l\u2019a annonc\u00e9. El hadj Cellou Dalein Diallo, d\u00e9cide de retirer sa candidature pour le perchoir par ce que Jean Marie Dor\u00e9 n\u2019a pas voulu se rallier pour donner une candidature unique \u00e0 l\u2019opposition. \u00ab L&rsquo;opposition r\u00e9publicaine avait d\u00e9cid\u00e9 lors de sa r\u00e9union [&hellip;]\" \/>\n<meta property=\"og:url\" content=\"https:\/\/guineediversite.com\/index.php\/2013\/12\/31\/cellou-dalein-diallo-retire-sa-candidature-pour-le-perchoir-pour-sauver-lunite-et-la-cohesion-au-sein-de-lopposition\/\" \/>\n<meta property=\"og:site_name\" content=\"Guin\u00e9e Diversit\u00e9\" \/>\n<meta property=\"article:publisher\" content=\"https:\/\/www.facebook.com\/guineediversite\/\" \/>\n<meta property=\"article:published_time\" content=\"2013-12-30T23:00:00+00:00\" \/>\n<meta name=\"author\" content=\"Guin\u00e9e Diversit\u00e9\" \/>\n<meta name=\"twitter:card\" content=\"summary_large_image\" \/>\n<meta name=\"twitter:creator\" content=\"@GuineeDiversite\" \/>\n<meta name=\"twitter:site\" content=\"@GuineeDiversite\" \/>\n<meta name=\"twitter:label1\" content=\"\u00c9crit par\" \/>\n\t<meta name=\"twitter:data1\" content=\"Guin\u00e9e Diversit\u00e9\" \/>\n\t<meta name=\"twitter:label2\" content=\"Dur\u00e9e de lecture estim\u00e9e\" \/>\n\t<meta name=\"twitter:data2\" content=\"1 minute\" \/>\n<script type=\"application\/ld+json\" class=\"yoast-schema-graph\">{\"@context\":\"https:\/\/schema.org\",\"@graph\":[{\"@type\":\"Article\",\"@id\":\"https:\/\/guineediversite.com\/index.php\/2013\/12\/31\/cellou-dalein-diallo-retire-sa-candidature-pour-le-perchoir-pour-sauver-lunite-et-la-cohesion-au-sein-de-lopposition\/#article\",\"isPartOf\":{\"@id\":\"https:\/\/guineediversite.com\/index.php\/2013\/12\/31\/cellou-dalein-diallo-retire-sa-candidature-pour-le-perchoir-pour-sauver-lunite-et-la-cohesion-au-sein-de-lopposition\/\"},\"author\":{\"name\":\"Guin\u00e9e Diversit\u00e9\",\"@id\":\"https:\/\/guineediversite.com\/#\/schema\/person\/afa08fb34e7fc6e1feafc892612bc836\"},\"headline\":\"Cellou Dalein Diallo retire sa candidature pour le perchoir pour sauver l\u2019unit\u00e9 et la coh\u00e9sion au sein de l\u2019opposition\",\"datePublished\":\"2013-12-30T23:00:00+00:00\",\"dateModified\":\"2013-12-30T23:00:00+00:00\",\"mainEntityOfPage\":{\"@id\":\"https:\/\/guineediversite.com\/index.php\/2013\/12\/31\/cellou-dalein-diallo-retire-sa-candidature-pour-le-perchoir-pour-sauver-lunite-et-la-cohesion-au-sein-de-lopposition\/\"},\"wordCount\":189,\"commentCount\":0,\"publisher\":{\"@id\":\"https:\/\/guineediversite.com\/#organization\"},\"articleSection\":[\"Archives\"],\"inLanguage\":\"fr-FR\",\"potentialAction\":[{\"@type\":\"CommentAction\",\"name\":\"Comment\",\"target\":[\"https:\/\/guineediversite.com\/index.php\/2013\/12\/31\/cellou-dalein-diallo-retire-sa-candidature-pour-le-perchoir-pour-sauver-lunite-et-la-cohesion-au-sein-de-lopposition\/#respond\"]}]},{\"@type\":\"WebPage\",\"@id\":\"https:\/\/guineediversite.com\/index.php\/2013\/12\/31\/cellou-dalein-diallo-retire-sa-candidature-pour-le-perchoir-pour-sauver-lunite-et-la-cohesion-au-sein-de-lopposition\/\",\"url\":\"https:\/\/guineediversite.com\/index.php\/2013\/12\/31\/cellou-dalein-diallo-retire-sa-candidature-pour-le-perchoir-pour-sauver-lunite-et-la-cohesion-au-sein-de-lopposition\/\",\"name\":\"Cellou Dalein Diallo retire sa candidature pour le perchoir pour sauver l\u2019unit\u00e9 et la coh\u00e9sion au sein de l\u2019opposition | Guin\u00e9e Diversit\u00e9\",\"isPartOf\":{\"@id\":\"https:\/\/guineediversite.com\/#website\"},\"datePublished\":\"2013-12-30T23:00:00+00:00\",\"dateModified\":\"2013-12-30T23:00:00+00:00\",\"breadcrumb\":{\"@id\":\"https:\/\/guineediversite.com\/index.php\/2013\/12\/31\/cellou-dalein-diallo-retire-sa-candidature-pour-le-perchoir-pour-sauver-lunite-et-la-cohesion-au-sein-de-lopposition\/#breadcrumb\"},\"inLanguage\":\"fr-FR\",\"potentialAction\":[{\"@type\":\"ReadAction\",\"target\":[\"https:\/\/guineediversite.com\/index.php\/2013\/12\/31\/cellou-dalein-diallo-retire-sa-candidature-pour-le-perchoir-pour-sauver-lunite-et-la-cohesion-au-sein-de-lopposition\/\"]}]},{\"@type\":\"BreadcrumbList\",\"@id\":\"https:\/\/guineediversite.com\/index.php\/2013\/12\/31\/cellou-dalein-diallo-retire-sa-candidature-pour-le-perchoir-pour-sauver-lunite-et-la-cohesion-au-sein-de-lopposition\/#breadcrumb\",\"itemListElement\":[{\"@type\":\"ListItem\",\"position\":1,\"name\":\"Accueil\",\"item\":\"https:\/\/guineediversite.com\/\"},{\"@type\":\"ListItem\",\"position\":2,\"name\":\"Cellou Dalein Diallo retire sa candidature pour le perchoir pour sauver l\u2019unit\u00e9 et la coh\u00e9sion au sein de l\u2019opposition\"}]},{\"@type\":\"WebSite\",\"@id\":\"https:\/\/guineediversite.com\/#website\",\"url\":\"https:\/\/guineediversite.com\/\",\"name\":\"Guin\u00e9e Diversit\u00e9\",\"description\":\"L&#039;Info dans toute sa diversit\u00e9\",\"publisher\":{\"@id\":\"https:\/\/guineediversite.com\/#organization\"},\"potentialAction\":[{\"@type\":\"SearchAction\",\"target\":{\"@type\":\"EntryPoint\",\"urlTemplate\":\"https:\/\/guineediversite.com\/?s={search_term_string}\"},\"query-input\":{\"@type\":\"PropertyValueSpecification\",\"valueRequired\":true,\"valueName\":\"search_term_string\"}}],\"inLanguage\":\"fr-FR\"},{\"@type\":\"Organization\",\"@id\":\"https:\/\/guineediversite.com\/#organization\",\"name\":\"Guin\u00e9e Diversit\u00e9\",\"url\":\"https:\/\/guineediversite.com\/\",\"logo\":{\"@type\":\"ImageObject\",\"inLanguage\":\"fr-FR\",\"@id\":\"https:\/\/guineediversite.com\/#\/schema\/logo\/image\/\",\"url\":\"https:\/\/guineediversite.com\/wp-content\/uploads\/2017\/04\/cropped-1jojlxEOMkX9Wyqfhe43D6kjPOGqBBKmx3EwWJqZ0cMrFF54yM49.png\",\"contentUrl\":\"https:\/\/guineediversite.com\/wp-content\/uploads\/2017\/04\/cropped-1jojlxEOMkX9Wyqfhe43D6kjPOGqBBKmx3EwWJqZ0cMrFF54yM49.png\",\"width\":186,\"height\":112,\"caption\":\"Guin\u00e9e Diversit\u00e9\"},\"image\":{\"@id\":\"https:\/\/guineediversite.com\/#\/schema\/logo\/image\/\"},\"sameAs\":[\"https:\/\/www.facebook.com\/guineediversite\/\",\"https:\/\/x.com\/GuineeDiversite\",\"https:\/\/www.youtube.com\/channel\/UC8sUY16qelG5ge6_D5SB83g\"]},{\"@type\":\"Person\",\"@id\":\"https:\/\/guineediversite.com\/#\/schema\/person\/afa08fb34e7fc6e1feafc892612bc836\",\"name\":\"Guin\u00e9e Diversit\u00e9\",\"image\":{\"@type\":\"ImageObject\",\"inLanguage\":\"fr-FR\",\"@id\":\"https:\/\/guineediversite.com\/#\/schema\/person\/image\/\",\"url\":\"https:\/\/secure.gravatar.com\/avatar\/50d5eb5b390f8b65ac30ac6f898eb83a?s=96&d=mm&r=g\",\"contentUrl\":\"https:\/\/secure.gravatar.com\/avatar\/50d5eb5b390f8b65ac30ac6f898eb83a?s=96&d=mm&r=g\",\"caption\":\"Guin\u00e9e Diversit\u00e9\"},\"url\":\"https:\/\/guineediversite.com\/index.php\/author\/guineediversite\/\"}]}<\/script>\n<!-- \/ Yoast SEO plugin. -->","yoast_head_json":{"title":"Cellou Dalein Diallo retire sa candidature pour le perchoir pour sauver l\u2019unit\u00e9 et la coh\u00e9sion au sein de l\u2019opposition | Guin\u00e9e Diversit\u00e9","robots":{"index":"index","follow":"follow","max-snippet":"max-snippet:-1","max-image-preview":"max-image-preview:large","max-video-preview":"max-video-preview:-1"},"canonical":"https:\/\/guineediversite.com\/index.php\/2013\/12\/31\/cellou-dalein-diallo-retire-sa-candidature-pour-le-perchoir-pour-sauver-lunite-et-la-cohesion-au-sein-de-lopposition\/","og_locale":"fr_FR","og_type":"article","og_title":"Cellou Dalein Diallo retire sa candidature pour le perchoir pour sauver l\u2019unit\u00e9 et la coh\u00e9sion au sein de l\u2019opposition | Guin\u00e9e Diversit\u00e9","og_description":"L\u2019information vient de tomber et c\u2019est l\u2019un des vices pr\u00e9sident de l\u2019UFDG qui l\u2019a annonc\u00e9. El hadj Cellou Dalein Diallo, d\u00e9cide de retirer sa candidature pour le perchoir par ce que Jean Marie Dor\u00e9 n\u2019a pas voulu se rallier pour donner une candidature unique \u00e0 l\u2019opposition. \u00ab L&rsquo;opposition r\u00e9publicaine avait d\u00e9cid\u00e9 lors de sa r\u00e9union [&hellip;]","og_url":"https:\/\/guineediversite.com\/index.php\/2013\/12\/31\/cellou-dalein-diallo-retire-sa-candidature-pour-le-perchoir-pour-sauver-lunite-et-la-cohesion-au-sein-de-lopposition\/","og_site_name":"Guin\u00e9e Diversit\u00e9","article_publisher":"https:\/\/www.facebook.com\/guineediversite\/","article_published_time":"2013-12-30T23:00:00+00:00","author":"Guin\u00e9e Diversit\u00e9","twitter_card":"summary_large_image","twitter_creator":"@GuineeDiversite","twitter_site":"@GuineeDiversite","twitter_misc":{"\u00c9crit par":"Guin\u00e9e Diversit\u00e9","Dur\u00e9e de lecture estim\u00e9e":"1 minute"},"schema":{"@context":"https:\/\/schema.org","@graph":[{"@type":"Article","@id":"https:\/\/guineediversite.com\/index.php\/2013\/12\/31\/cellou-dalein-diallo-retire-sa-candidature-pour-le-perchoir-pour-sauver-lunite-et-la-cohesion-au-sein-de-lopposition\/#article","isPartOf":{"@id":"https:\/\/guineediversite.com\/index.php\/2013\/12\/31\/cellou-dalein-diallo-retire-sa-candidature-pour-le-perchoir-pour-sauver-lunite-et-la-cohesion-au-sein-de-lopposition\/"},"author":{"name":"Guin\u00e9e Diversit\u00e9","@id":"https:\/\/guineediversite.com\/#\/schema\/person\/afa08fb34e7fc6e1feafc892612bc836"},"headline":"Cellou Dalein Diallo retire sa candidature pour le perchoir pour sauver l\u2019unit\u00e9 et la coh\u00e9sion au sein de l\u2019opposition","datePublished":"2013-12-30T23:00:00+00:00","dateModified":"2013-12-30T23:00:00+00:00","mainEntityOfPage":{"@id":"https:\/\/guineediversite.com\/index.php\/2013\/12\/31\/cellou-dalein-diallo-retire-sa-candidature-pour-le-perchoir-pour-sauver-lunite-et-la-cohesion-au-sein-de-lopposition\/"},"wordCount":189,"commentCount":0,"publisher":{"@id":"https:\/\/guineediversite.com\/#organization"},"articleSection":["Archives"],"inLanguage":"fr-FR","potentialAction":[{"@type":"CommentAction","name":"Comment","target":["https:\/\/guineediversite.com\/index.php\/2013\/12\/31\/cellou-dalein-diallo-retire-sa-candidature-pour-le-perchoir-pour-sauver-lunite-et-la-cohesion-au-sein-de-lopposition\/#respond"]}]},{"@type":"WebPage","@id":"https:\/\/guineediversite.com\/index.php\/2013\/12\/31\/cellou-dalein-diallo-retire-sa-candidature-pour-le-perchoir-pour-sauver-lunite-et-la-cohesion-au-sein-de-lopposition\/","url":"https:\/\/guineediversite.com\/index.php\/2013\/12\/31\/cellou-dalein-diallo-retire-sa-candidature-pour-le-perchoir-pour-sauver-lunite-et-la-cohesion-au-sein-de-lopposition\/","name":"Cellou Dalein Diallo retire sa candidature pour le perchoir pour sauver l\u2019unit\u00e9 et la coh\u00e9sion au sein de l\u2019opposition | Guin\u00e9e Diversit\u00e9","isPartOf":{"@id":"https:\/\/guineediversite.com\/#website"},"datePublished":"2013-12-30T23:00:00+00:00","dateModified":"2013-12-30T23:00:00+00:00","breadcrumb":{"@id":"https:\/\/guineediversite.com\/index.php\/2013\/12\/31\/cellou-dalein-diallo-retire-sa-candidature-pour-le-perchoir-pour-sauver-lunite-et-la-cohesion-au-sein-de-lopposition\/#breadcrumb"},"inLanguage":"fr-FR","potentialAction":[{"@type":"ReadAction","target":["https:\/\/guineediversite.com\/index.php\/2013\/12\/31\/cellou-dalein-diallo-retire-sa-candidature-pour-le-perchoir-pour-sauver-lunite-et-la-cohesion-au-sein-de-lopposition\/"]}]},{"@type":"BreadcrumbList","@id":"https:\/\/guineediversite.com\/index.php\/2013\/12\/31\/cellou-dalein-diallo-retire-sa-candidature-pour-le-perchoir-pour-sauver-lunite-et-la-cohesion-au-sein-de-lopposition\/#breadcrumb","itemListElement":[{"@type":"ListItem","position":1,"name":"Accueil","item":"https:\/\/guineediversite.com\/"},{"@type":"ListItem","position":2,"name":"Cellou Dalein Diallo retire sa candidature pour le perchoir pour sauver l\u2019unit\u00e9 et la coh\u00e9sion au sein de l\u2019opposition"}]},{"@type":"WebSite","@id":"https:\/\/guineediversite.com\/#website","url":"https:\/\/guineediversite.com\/","name":"Guin\u00e9e Diversit\u00e9","description":"L&#039;Info dans toute sa diversit\u00e9","publisher":{"@id":"https:\/\/guineediversite.com\/#organization"},"potentialAction":[{"@type":"SearchAction","target":{"@type":"EntryPoint","urlTemplate":"https:\/\/guineediversite.com\/?s={search_term_string}"},"query-input":{"@type":"PropertyValueSpecification","valueRequired":true,"valueName":"search_term_string"}}],"inLanguage":"fr-FR"},{"@type":"Organization","@id":"https:\/\/guineediversite.com\/#organization","name":"Guin\u00e9e Diversit\u00e9","url":"https:\/\/guineediversite.com\/","logo":{"@type":"ImageObject","inLanguage":"fr-FR","@id":"https:\/\/guineediversite.com\/#\/schema\/logo\/image\/","url":"https:\/\/guineediversite.com\/wp-content\/uploads\/2017\/04\/cropped-1jojlxEOMkX9Wyqfhe43D6kjPOGqBBKmx3EwWJqZ0cMrFF54yM49.png","contentUrl":"https:\/\/guineediversite.com\/wp-content\/uploads\/2017\/04\/cropped-1jojlxEOMkX9Wyqfhe43D6kjPOGqBBKmx3EwWJqZ0cMrFF54yM49.png","width":186,"height":112,"caption":"Guin\u00e9e Diversit\u00e9"},"image":{"@id":"https:\/\/guineediversite.com\/#\/schema\/logo\/image\/"},"sameAs":["https:\/\/www.facebook.com\/guineediversite\/","https:\/\/x.com\/GuineeDiversite","https:\/\/www.youtube.com\/channel\/UC8sUY16qelG5ge6_D5SB83g"]},{"@type":"Person","@id":"https:\/\/guineediversite.com\/#\/schema\/person\/afa08fb34e7fc6e1feafc892612bc836","name":"Guin\u00e9e Diversit\u00e9","image":{"@type":"ImageObject","inLanguage":"fr-FR","@id":"https:\/\/guineediversite.com\/#\/schema\/person\/image\/","url":"https:\/\/secure.gravatar.com\/avatar\/50d5eb5b390f8b65ac30ac6f898eb83a?s=96&d=mm&r=g","contentUrl":"https:\/\/secure.gravatar.com\/avatar\/50d5eb5b390f8b65ac30ac6f898eb83a?s=96&d=mm&r=g","caption":"Guin\u00e9e Diversit\u00e9"},"url":"https:\/\/guineediversite.com\/index.php\/author\/guineediversite\/"}]}},"_links":{"self":[{"href":"https:\/\/guineediversite.com\/index.php\/wp-json\/wp\/v2\/posts\/19693"}],"collection":[{"href":"https:\/\/guineediversite.com\/index.php\/wp-json\/wp\/v2\/posts"}],"about":[{"href":"https:\/\/guineediversite.com\/index.php\/wp-json\/wp\/v2\/types\/post"}],"author":[{"embeddable":true,"href":"https:\/\/guineediversite.com\/index.php\/wp-json\/wp\/v2\/users\/12"}],"replies":[{"embeddable":true,"href":"https:\/\/guineediversite.com\/index.php\/wp-json\/wp\/v2\/comments?post=19693"}],"version-history":[{"count":0,"href":"https:\/\/guineediversite.com\/index.php\/wp-json\/wp\/v2\/posts\/19693\/revisions"}],"wp:attachment":[{"href":"https:\/\/guineediversite.com\/index.php\/wp-json\/wp\/v2\/media?parent=19693"}],"wp:term":[{"taxonomy":"category","embeddable":true,"href":"https:\/\/guineediversite.com\/index.php\/wp-json\/wp\/v2\/categories?post=19693"},{"taxonomy":"post_tag","embeddable":true,"href":"https:\/\/guineediversite.com\/index.php\/wp-json\/wp\/v2\/tags?post=19693"}],"curies":[{"name":"wp","href":"https:\/\/api.w.org\/{rel}","templated":true}]}}