{"id":19686,"date":"2013-12-31T00:00:00","date_gmt":"2013-12-30T23:00:00","guid":{"rendered":"https:\/\/www.guineediversite.com\/index.php\/2013\/12\/31\/le-directeur-general-du-patrimoine-bati-public-condamne-a-18-mois-de-prison-ferme-et-a-une-amende-de-50-millions\/"},"modified":"2013-12-31T00:00:00","modified_gmt":"2013-12-30T23:00:00","slug":"le-directeur-general-du-patrimoine-bati-public-condamne-a-18-mois-de-prison-ferme-et-a-une-amende-de-50-millions","status":"publish","type":"post","link":"https:\/\/guineediversite.com\/index.php\/2013\/12\/31\/le-directeur-general-du-patrimoine-bati-public-condamne-a-18-mois-de-prison-ferme-et-a-une-amende-de-50-millions\/","title":{"rendered":"Le Directeur G\u00e9n\u00e9ral du patrimoine b\u00e2ti public condamn\u00e9 \u00e0 18 mois de prison ferme et \u00e0 une amende de 50 millions"},"content":{"rendered":"<p>Le tribunal de premi\u00e8re instance de Mafanco en son audience correctionnelle du 5 d\u00e9cembre 2013 a condamn\u00e9 le Directeur g\u00e9n\u00e9ral du patrimoine B\u00e2ti public \u00e0 18 mois de prison ferme pour abus d\u2019autorit\u00e9 et r\u00e9bellion.<br \/>\nMoustapha Nait\u00e9 est accus\u00e9 d\u2019avoir ordonn\u00e9 l\u2019action ou l\u2019emploi de la force publique contre l\u2019ex\u00e9cution d\u2019une ordonnance de justice. Ce qui, selon la loi, est condamn\u00e9 par l\u2019article 221 qui dispose que \u00ab la r\u00e9bellion est le fait de s\u2019opposer avec violence \u00e0 l\u2019ex\u00e9cution soit des lois, soit d\u2019actes des d\u00e9positaires de l\u2019autorit\u00e9 publique \u00bb.<br \/>\nL\u2019affaire remonte en 1989 quand le patrimoine b\u00e2ti public avait saisi un immeuble situ\u00e9 \u00e0 la corniche de Madina et habit\u00e9 par Madame Aissata cont\u00e9.<br \/>\nMais apr\u00e8s plusieurs sentences la cour tranche en faveur de la dame Aissata cont\u00e9.<br \/>\nC\u2019est suite \u00e0 l\u2019assignation en revendication de propri\u00e9t\u00e9 que le tribunal civil de Mafanco  a par jugement N\u00b0 265 du 29 septembre 2010, reconnu Aissata Cont\u00e9 comme propri\u00e9taire. Cette d\u00e9cision a \u00e9t\u00e9 confirm\u00e9e par un arr\u00eat de la cour d\u2019appel de Conakry. La dite d\u00e9cision a \u00e9t\u00e9 ex\u00e9cut\u00e9e par les soins d\u2019un Huissier de justice et les lieux ont \u00e9t\u00e9 remis \u00e0 la propri\u00e9taire.<\/p>\n<p>Apr\u00e8s quelques semaines Moustapha Nait\u00e9 directeur g\u00e9n\u00e9ral du patrimoine b\u00e2ti public a ordonn\u00e9 aux agents de la force publique rattach\u00e9s \u00e0 son service, de venir emp\u00eacher tous travaux entrepris sur les lieux.<\/p>\n<p>Le tribunal soutien que M. Nait\u00e9 n\u2019a jamais accept\u00e9 de comparaitre pour se d\u00e9fendre.<\/p>\n<p>Le tribunal estime par ailleurs, que ces faits sont suffisamment constitutifs du d\u00e9lit d\u2019abus d\u2019autorit\u00e9. \u00ab D\u00e8s lors, il y a lieu de le d\u00e9clarer coupable dudit d\u00e9lit et le condamner \u00e0 18 mois d\u2019emprisonnement et 300 000 GNF d\u2019amende \u00bb.<\/p>\n<p>Sur l\u2019action civile, le tribunal condamne Moustapha Nait\u00e9 \u00e0 payer 50 millions de GNF pour tous pr\u00e9judices confondus.<\/p>\n<p>Le tout, en application des dispositions des articles 199, 221 du code p\u00e9nal, 6, 409, 458, 466 du code de proc\u00e9dure p\u00e9nal. <\/p>\n<p>Moustapha Nait\u00e9 que nous avons joint au t\u00e9l\u00e9phone il ya quelque heures, d\u00e9clare avoir fait opposition \u00e0 cet arr\u00eat du tribunal de premi\u00e8re instance de Mafanco. Et puis nous venons d\u2019apprendre que l&rsquo;Agent Judiciaire de l&rsquo;Etat doit tenir une conf\u00e9rence de presse cet apr\u00e8s midi pour donner toutes les pr\u00e9cisions.<\/p>\n<p>Nous y reviendrons <\/p>\n<p>L\u2019EMIR SOUARE<br \/>\n628487327<\/p>\n","protected":false},"excerpt":{"rendered":"<p>Le tribunal de premi\u00e8re instance de Mafanco en son audience correctionnelle du 5 d\u00e9cembre 2013 a condamn\u00e9 le Directeur g\u00e9n\u00e9ral du patrimoine B\u00e2ti public \u00e0 18 mois de prison ferme pour abus d\u2019autorit\u00e9 et r\u00e9bellion. Moustapha Nait\u00e9 est accus\u00e9 d\u2019avoir ordonn\u00e9 l\u2019action ou l\u2019emploi de la force publique contre l\u2019ex\u00e9cution d\u2019une ordonnance de justice. Ce [&hellip;]<\/p>\n","protected":false},"author":12,"featured_media":0,"comment_status":"open","ping_status":"open","sticky":false,"template":"","format":"standard","meta":{"_exactmetrics_skip_tracking":false,"_exactmetrics_sitenote_active":false,"_exactmetrics_sitenote_note":"","_exactmetrics_sitenote_category":0,"tdm_status":"","tdm_grid_status":"","footnotes":""},"categories":[28],"tags":[],"class_list":{"0":"post-19686","1":"post","2":"type-post","3":"status-publish","4":"format-standard","6":"category-archives"},"yoast_head":"<!-- This site is optimized with the Yoast SEO plugin v24.2 - https:\/\/yoast.com\/wordpress\/plugins\/seo\/ -->\n<title>Le Directeur G\u00e9n\u00e9ral du patrimoine b\u00e2ti public condamn\u00e9 \u00e0 18 mois de prison ferme et \u00e0 une amende de 50 millions | Guin\u00e9e Diversit\u00e9<\/title>\n<meta name=\"robots\" content=\"index, follow, max-snippet:-1, max-image-preview:large, max-video-preview:-1\" \/>\n<link rel=\"canonical\" href=\"https:\/\/guineediversite.com\/index.php\/2013\/12\/31\/le-directeur-general-du-patrimoine-bati-public-condamne-a-18-mois-de-prison-ferme-et-a-une-amende-de-50-millions\/\" \/>\n<meta property=\"og:locale\" content=\"fr_FR\" \/>\n<meta property=\"og:type\" content=\"article\" \/>\n<meta property=\"og:title\" content=\"Le Directeur G\u00e9n\u00e9ral du patrimoine b\u00e2ti public condamn\u00e9 \u00e0 18 mois de prison ferme et \u00e0 une amende de 50 millions | Guin\u00e9e Diversit\u00e9\" \/>\n<meta property=\"og:description\" content=\"Le tribunal de premi\u00e8re instance de Mafanco en son audience correctionnelle du 5 d\u00e9cembre 2013 a condamn\u00e9 le Directeur g\u00e9n\u00e9ral du patrimoine B\u00e2ti public \u00e0 18 mois de prison ferme pour abus d\u2019autorit\u00e9 et r\u00e9bellion. Moustapha Nait\u00e9 est accus\u00e9 d\u2019avoir ordonn\u00e9 l\u2019action ou l\u2019emploi de la force publique contre l\u2019ex\u00e9cution d\u2019une ordonnance de justice. Ce [&hellip;]\" \/>\n<meta property=\"og:url\" content=\"https:\/\/guineediversite.com\/index.php\/2013\/12\/31\/le-directeur-general-du-patrimoine-bati-public-condamne-a-18-mois-de-prison-ferme-et-a-une-amende-de-50-millions\/\" \/>\n<meta property=\"og:site_name\" content=\"Guin\u00e9e Diversit\u00e9\" \/>\n<meta property=\"article:publisher\" content=\"https:\/\/www.facebook.com\/guineediversite\/\" \/>\n<meta property=\"article:published_time\" content=\"2013-12-30T23:00:00+00:00\" \/>\n<meta name=\"author\" content=\"Guin\u00e9e Diversit\u00e9\" \/>\n<meta name=\"twitter:card\" content=\"summary_large_image\" \/>\n<meta name=\"twitter:creator\" content=\"@GuineeDiversite\" \/>\n<meta name=\"twitter:site\" content=\"@GuineeDiversite\" \/>\n<meta name=\"twitter:label1\" content=\"\u00c9crit par\" \/>\n\t<meta name=\"twitter:data1\" content=\"Guin\u00e9e Diversit\u00e9\" \/>\n\t<meta name=\"twitter:label2\" content=\"Dur\u00e9e de lecture estim\u00e9e\" \/>\n\t<meta name=\"twitter:data2\" content=\"2 minutes\" \/>\n<script type=\"application\/ld+json\" class=\"yoast-schema-graph\">{\"@context\":\"https:\/\/schema.org\",\"@graph\":[{\"@type\":\"Article\",\"@id\":\"https:\/\/guineediversite.com\/index.php\/2013\/12\/31\/le-directeur-general-du-patrimoine-bati-public-condamne-a-18-mois-de-prison-ferme-et-a-une-amende-de-50-millions\/#article\",\"isPartOf\":{\"@id\":\"https:\/\/guineediversite.com\/index.php\/2013\/12\/31\/le-directeur-general-du-patrimoine-bati-public-condamne-a-18-mois-de-prison-ferme-et-a-une-amende-de-50-millions\/\"},\"author\":{\"name\":\"Guin\u00e9e Diversit\u00e9\",\"@id\":\"https:\/\/guineediversite.com\/#\/schema\/person\/afa08fb34e7fc6e1feafc892612bc836\"},\"headline\":\"Le Directeur G\u00e9n\u00e9ral du patrimoine b\u00e2ti public condamn\u00e9 \u00e0 18 mois de prison ferme et \u00e0 une amende de 50 millions\",\"datePublished\":\"2013-12-30T23:00:00+00:00\",\"dateModified\":\"2013-12-30T23:00:00+00:00\",\"mainEntityOfPage\":{\"@id\":\"https:\/\/guineediversite.com\/index.php\/2013\/12\/31\/le-directeur-general-du-patrimoine-bati-public-condamne-a-18-mois-de-prison-ferme-et-a-une-amende-de-50-millions\/\"},\"wordCount\":434,\"commentCount\":0,\"publisher\":{\"@id\":\"https:\/\/guineediversite.com\/#organization\"},\"articleSection\":[\"Archives\"],\"inLanguage\":\"fr-FR\",\"potentialAction\":[{\"@type\":\"CommentAction\",\"name\":\"Comment\",\"target\":[\"https:\/\/guineediversite.com\/index.php\/2013\/12\/31\/le-directeur-general-du-patrimoine-bati-public-condamne-a-18-mois-de-prison-ferme-et-a-une-amende-de-50-millions\/#respond\"]}]},{\"@type\":\"WebPage\",\"@id\":\"https:\/\/guineediversite.com\/index.php\/2013\/12\/31\/le-directeur-general-du-patrimoine-bati-public-condamne-a-18-mois-de-prison-ferme-et-a-une-amende-de-50-millions\/\",\"url\":\"https:\/\/guineediversite.com\/index.php\/2013\/12\/31\/le-directeur-general-du-patrimoine-bati-public-condamne-a-18-mois-de-prison-ferme-et-a-une-amende-de-50-millions\/\",\"name\":\"Le Directeur G\u00e9n\u00e9ral du patrimoine b\u00e2ti public condamn\u00e9 \u00e0 18 mois de prison ferme et \u00e0 une amende de 50 millions | Guin\u00e9e Diversit\u00e9\",\"isPartOf\":{\"@id\":\"https:\/\/guineediversite.com\/#website\"},\"datePublished\":\"2013-12-30T23:00:00+00:00\",\"dateModified\":\"2013-12-30T23:00:00+00:00\",\"breadcrumb\":{\"@id\":\"https:\/\/guineediversite.com\/index.php\/2013\/12\/31\/le-directeur-general-du-patrimoine-bati-public-condamne-a-18-mois-de-prison-ferme-et-a-une-amende-de-50-millions\/#breadcrumb\"},\"inLanguage\":\"fr-FR\",\"potentialAction\":[{\"@type\":\"ReadAction\",\"target\":[\"https:\/\/guineediversite.com\/index.php\/2013\/12\/31\/le-directeur-general-du-patrimoine-bati-public-condamne-a-18-mois-de-prison-ferme-et-a-une-amende-de-50-millions\/\"]}]},{\"@type\":\"BreadcrumbList\",\"@id\":\"https:\/\/guineediversite.com\/index.php\/2013\/12\/31\/le-directeur-general-du-patrimoine-bati-public-condamne-a-18-mois-de-prison-ferme-et-a-une-amende-de-50-millions\/#breadcrumb\",\"itemListElement\":[{\"@type\":\"ListItem\",\"position\":1,\"name\":\"Accueil\",\"item\":\"https:\/\/guineediversite.com\/\"},{\"@type\":\"ListItem\",\"position\":2,\"name\":\"Le Directeur G\u00e9n\u00e9ral du patrimoine b\u00e2ti public condamn\u00e9 \u00e0 18 mois de prison ferme et \u00e0 une amende de 50 millions\"}]},{\"@type\":\"WebSite\",\"@id\":\"https:\/\/guineediversite.com\/#website\",\"url\":\"https:\/\/guineediversite.com\/\",\"name\":\"Guin\u00e9e Diversit\u00e9\",\"description\":\"L&#039;Info dans toute sa diversit\u00e9\",\"publisher\":{\"@id\":\"https:\/\/guineediversite.com\/#organization\"},\"potentialAction\":[{\"@type\":\"SearchAction\",\"target\":{\"@type\":\"EntryPoint\",\"urlTemplate\":\"https:\/\/guineediversite.com\/?s={search_term_string}\"},\"query-input\":{\"@type\":\"PropertyValueSpecification\",\"valueRequired\":true,\"valueName\":\"search_term_string\"}}],\"inLanguage\":\"fr-FR\"},{\"@type\":\"Organization\",\"@id\":\"https:\/\/guineediversite.com\/#organization\",\"name\":\"Guin\u00e9e Diversit\u00e9\",\"url\":\"https:\/\/guineediversite.com\/\",\"logo\":{\"@type\":\"ImageObject\",\"inLanguage\":\"fr-FR\",\"@id\":\"https:\/\/guineediversite.com\/#\/schema\/logo\/image\/\",\"url\":\"https:\/\/guineediversite.com\/wp-content\/uploads\/2017\/04\/cropped-1jojlxEOMkX9Wyqfhe43D6kjPOGqBBKmx3EwWJqZ0cMrFF54yM49.png\",\"contentUrl\":\"https:\/\/guineediversite.com\/wp-content\/uploads\/2017\/04\/cropped-1jojlxEOMkX9Wyqfhe43D6kjPOGqBBKmx3EwWJqZ0cMrFF54yM49.png\",\"width\":186,\"height\":112,\"caption\":\"Guin\u00e9e Diversit\u00e9\"},\"image\":{\"@id\":\"https:\/\/guineediversite.com\/#\/schema\/logo\/image\/\"},\"sameAs\":[\"https:\/\/www.facebook.com\/guineediversite\/\",\"https:\/\/x.com\/GuineeDiversite\",\"https:\/\/www.youtube.com\/channel\/UC8sUY16qelG5ge6_D5SB83g\"]},{\"@type\":\"Person\",\"@id\":\"https:\/\/guineediversite.com\/#\/schema\/person\/afa08fb34e7fc6e1feafc892612bc836\",\"name\":\"Guin\u00e9e Diversit\u00e9\",\"image\":{\"@type\":\"ImageObject\",\"inLanguage\":\"fr-FR\",\"@id\":\"https:\/\/guineediversite.com\/#\/schema\/person\/image\/\",\"url\":\"https:\/\/secure.gravatar.com\/avatar\/50d5eb5b390f8b65ac30ac6f898eb83a?s=96&d=mm&r=g\",\"contentUrl\":\"https:\/\/secure.gravatar.com\/avatar\/50d5eb5b390f8b65ac30ac6f898eb83a?s=96&d=mm&r=g\",\"caption\":\"Guin\u00e9e Diversit\u00e9\"},\"url\":\"https:\/\/guineediversite.com\/index.php\/author\/guineediversite\/\"}]}<\/script>\n<!-- \/ Yoast SEO plugin. -->","yoast_head_json":{"title":"Le Directeur G\u00e9n\u00e9ral du patrimoine b\u00e2ti public condamn\u00e9 \u00e0 18 mois de prison ferme et \u00e0 une amende de 50 millions | Guin\u00e9e Diversit\u00e9","robots":{"index":"index","follow":"follow","max-snippet":"max-snippet:-1","max-image-preview":"max-image-preview:large","max-video-preview":"max-video-preview:-1"},"canonical":"https:\/\/guineediversite.com\/index.php\/2013\/12\/31\/le-directeur-general-du-patrimoine-bati-public-condamne-a-18-mois-de-prison-ferme-et-a-une-amende-de-50-millions\/","og_locale":"fr_FR","og_type":"article","og_title":"Le Directeur G\u00e9n\u00e9ral du patrimoine b\u00e2ti public condamn\u00e9 \u00e0 18 mois de prison ferme et \u00e0 une amende de 50 millions | Guin\u00e9e Diversit\u00e9","og_description":"Le tribunal de premi\u00e8re instance de Mafanco en son audience correctionnelle du 5 d\u00e9cembre 2013 a condamn\u00e9 le Directeur g\u00e9n\u00e9ral du patrimoine B\u00e2ti public \u00e0 18 mois de prison ferme pour abus d\u2019autorit\u00e9 et r\u00e9bellion. Moustapha Nait\u00e9 est accus\u00e9 d\u2019avoir ordonn\u00e9 l\u2019action ou l\u2019emploi de la force publique contre l\u2019ex\u00e9cution d\u2019une ordonnance de justice. Ce [&hellip;]","og_url":"https:\/\/guineediversite.com\/index.php\/2013\/12\/31\/le-directeur-general-du-patrimoine-bati-public-condamne-a-18-mois-de-prison-ferme-et-a-une-amende-de-50-millions\/","og_site_name":"Guin\u00e9e Diversit\u00e9","article_publisher":"https:\/\/www.facebook.com\/guineediversite\/","article_published_time":"2013-12-30T23:00:00+00:00","author":"Guin\u00e9e Diversit\u00e9","twitter_card":"summary_large_image","twitter_creator":"@GuineeDiversite","twitter_site":"@GuineeDiversite","twitter_misc":{"\u00c9crit par":"Guin\u00e9e Diversit\u00e9","Dur\u00e9e de lecture estim\u00e9e":"2 minutes"},"schema":{"@context":"https:\/\/schema.org","@graph":[{"@type":"Article","@id":"https:\/\/guineediversite.com\/index.php\/2013\/12\/31\/le-directeur-general-du-patrimoine-bati-public-condamne-a-18-mois-de-prison-ferme-et-a-une-amende-de-50-millions\/#article","isPartOf":{"@id":"https:\/\/guineediversite.com\/index.php\/2013\/12\/31\/le-directeur-general-du-patrimoine-bati-public-condamne-a-18-mois-de-prison-ferme-et-a-une-amende-de-50-millions\/"},"author":{"name":"Guin\u00e9e Diversit\u00e9","@id":"https:\/\/guineediversite.com\/#\/schema\/person\/afa08fb34e7fc6e1feafc892612bc836"},"headline":"Le Directeur G\u00e9n\u00e9ral du patrimoine b\u00e2ti public condamn\u00e9 \u00e0 18 mois de prison ferme et \u00e0 une amende de 50 millions","datePublished":"2013-12-30T23:00:00+00:00","dateModified":"2013-12-30T23:00:00+00:00","mainEntityOfPage":{"@id":"https:\/\/guineediversite.com\/index.php\/2013\/12\/31\/le-directeur-general-du-patrimoine-bati-public-condamne-a-18-mois-de-prison-ferme-et-a-une-amende-de-50-millions\/"},"wordCount":434,"commentCount":0,"publisher":{"@id":"https:\/\/guineediversite.com\/#organization"},"articleSection":["Archives"],"inLanguage":"fr-FR","potentialAction":[{"@type":"CommentAction","name":"Comment","target":["https:\/\/guineediversite.com\/index.php\/2013\/12\/31\/le-directeur-general-du-patrimoine-bati-public-condamne-a-18-mois-de-prison-ferme-et-a-une-amende-de-50-millions\/#respond"]}]},{"@type":"WebPage","@id":"https:\/\/guineediversite.com\/index.php\/2013\/12\/31\/le-directeur-general-du-patrimoine-bati-public-condamne-a-18-mois-de-prison-ferme-et-a-une-amende-de-50-millions\/","url":"https:\/\/guineediversite.com\/index.php\/2013\/12\/31\/le-directeur-general-du-patrimoine-bati-public-condamne-a-18-mois-de-prison-ferme-et-a-une-amende-de-50-millions\/","name":"Le Directeur G\u00e9n\u00e9ral du patrimoine b\u00e2ti public condamn\u00e9 \u00e0 18 mois de prison ferme et \u00e0 une amende de 50 millions | Guin\u00e9e Diversit\u00e9","isPartOf":{"@id":"https:\/\/guineediversite.com\/#website"},"datePublished":"2013-12-30T23:00:00+00:00","dateModified":"2013-12-30T23:00:00+00:00","breadcrumb":{"@id":"https:\/\/guineediversite.com\/index.php\/2013\/12\/31\/le-directeur-general-du-patrimoine-bati-public-condamne-a-18-mois-de-prison-ferme-et-a-une-amende-de-50-millions\/#breadcrumb"},"inLanguage":"fr-FR","potentialAction":[{"@type":"ReadAction","target":["https:\/\/guineediversite.com\/index.php\/2013\/12\/31\/le-directeur-general-du-patrimoine-bati-public-condamne-a-18-mois-de-prison-ferme-et-a-une-amende-de-50-millions\/"]}]},{"@type":"BreadcrumbList","@id":"https:\/\/guineediversite.com\/index.php\/2013\/12\/31\/le-directeur-general-du-patrimoine-bati-public-condamne-a-18-mois-de-prison-ferme-et-a-une-amende-de-50-millions\/#breadcrumb","itemListElement":[{"@type":"ListItem","position":1,"name":"Accueil","item":"https:\/\/guineediversite.com\/"},{"@type":"ListItem","position":2,"name":"Le Directeur G\u00e9n\u00e9ral du patrimoine b\u00e2ti public condamn\u00e9 \u00e0 18 mois de prison ferme et \u00e0 une amende de 50 millions"}]},{"@type":"WebSite","@id":"https:\/\/guineediversite.com\/#website","url":"https:\/\/guineediversite.com\/","name":"Guin\u00e9e Diversit\u00e9","description":"L&#039;Info dans toute sa diversit\u00e9","publisher":{"@id":"https:\/\/guineediversite.com\/#organization"},"potentialAction":[{"@type":"SearchAction","target":{"@type":"EntryPoint","urlTemplate":"https:\/\/guineediversite.com\/?s={search_term_string}"},"query-input":{"@type":"PropertyValueSpecification","valueRequired":true,"valueName":"search_term_string"}}],"inLanguage":"fr-FR"},{"@type":"Organization","@id":"https:\/\/guineediversite.com\/#organization","name":"Guin\u00e9e Diversit\u00e9","url":"https:\/\/guineediversite.com\/","logo":{"@type":"ImageObject","inLanguage":"fr-FR","@id":"https:\/\/guineediversite.com\/#\/schema\/logo\/image\/","url":"https:\/\/guineediversite.com\/wp-content\/uploads\/2017\/04\/cropped-1jojlxEOMkX9Wyqfhe43D6kjPOGqBBKmx3EwWJqZ0cMrFF54yM49.png","contentUrl":"https:\/\/guineediversite.com\/wp-content\/uploads\/2017\/04\/cropped-1jojlxEOMkX9Wyqfhe43D6kjPOGqBBKmx3EwWJqZ0cMrFF54yM49.png","width":186,"height":112,"caption":"Guin\u00e9e Diversit\u00e9"},"image":{"@id":"https:\/\/guineediversite.com\/#\/schema\/logo\/image\/"},"sameAs":["https:\/\/www.facebook.com\/guineediversite\/","https:\/\/x.com\/GuineeDiversite","https:\/\/www.youtube.com\/channel\/UC8sUY16qelG5ge6_D5SB83g"]},{"@type":"Person","@id":"https:\/\/guineediversite.com\/#\/schema\/person\/afa08fb34e7fc6e1feafc892612bc836","name":"Guin\u00e9e Diversit\u00e9","image":{"@type":"ImageObject","inLanguage":"fr-FR","@id":"https:\/\/guineediversite.com\/#\/schema\/person\/image\/","url":"https:\/\/secure.gravatar.com\/avatar\/50d5eb5b390f8b65ac30ac6f898eb83a?s=96&d=mm&r=g","contentUrl":"https:\/\/secure.gravatar.com\/avatar\/50d5eb5b390f8b65ac30ac6f898eb83a?s=96&d=mm&r=g","caption":"Guin\u00e9e Diversit\u00e9"},"url":"https:\/\/guineediversite.com\/index.php\/author\/guineediversite\/"}]}},"_links":{"self":[{"href":"https:\/\/guineediversite.com\/index.php\/wp-json\/wp\/v2\/posts\/19686"}],"collection":[{"href":"https:\/\/guineediversite.com\/index.php\/wp-json\/wp\/v2\/posts"}],"about":[{"href":"https:\/\/guineediversite.com\/index.php\/wp-json\/wp\/v2\/types\/post"}],"author":[{"embeddable":true,"href":"https:\/\/guineediversite.com\/index.php\/wp-json\/wp\/v2\/users\/12"}],"replies":[{"embeddable":true,"href":"https:\/\/guineediversite.com\/index.php\/wp-json\/wp\/v2\/comments?post=19686"}],"version-history":[{"count":0,"href":"https:\/\/guineediversite.com\/index.php\/wp-json\/wp\/v2\/posts\/19686\/revisions"}],"wp:attachment":[{"href":"https:\/\/guineediversite.com\/index.php\/wp-json\/wp\/v2\/media?parent=19686"}],"wp:term":[{"taxonomy":"category","embeddable":true,"href":"https:\/\/guineediversite.com\/index.php\/wp-json\/wp\/v2\/categories?post=19686"},{"taxonomy":"post_tag","embeddable":true,"href":"https:\/\/guineediversite.com\/index.php\/wp-json\/wp\/v2\/tags?post=19686"}],"curies":[{"name":"wp","href":"https:\/\/api.w.org\/{rel}","templated":true}]}}