{"id":19685,"date":"2013-12-31T00:00:00","date_gmt":"2013-12-30T23:00:00","guid":{"rendered":"https:\/\/www.guineediversite.com\/index.php\/2013\/12\/31\/louceny-camara-fait-ses-adieux-aux-cadres-de-son-departement\/"},"modified":"2013-12-31T00:00:00","modified_gmt":"2013-12-30T23:00:00","slug":"louceny-camara-fait-ses-adieux-aux-cadres-de-son-departement","status":"publish","type":"post","link":"https:\/\/guineediversite.com\/index.php\/2013\/12\/31\/louceny-camara-fait-ses-adieux-aux-cadres-de-son-departement\/","title":{"rendered":"Louceny Camara fait ses adieux aux cadres de son d\u00e9partement"},"content":{"rendered":"<p>Le Ministre de l\u2019H\u00f4tellerie, du Tourisme et de l\u2019Artisanat, a fait ses adieux aux cadres de son d\u00e9partement et \u00e0 tous les promoteurs d\u2019h\u00f4tels en activit\u00e9 en Guin\u00e9e. C\u2019\u00e9tait \u00e0 l\u2019occasion d\u2019une c\u00e9r\u00e9monie de pr\u00e9sentation de v\u0153ux de nouvel an  que les cadres du Minist\u00e8re de l\u2019H\u00f4tellerie, du Tourisme et de l\u2019Artisanat ont organis\u00e9 ce mercredi.<br \/>\n\u00ab Dans quelques jours le Gouvernement va pr\u00e9senter sa  d\u00e9mission au Pr\u00e9sident de la r\u00e9publique et je fais partir de ce gouvernement  et nous allons nous retrouver au ch\u00f4mage, \u00e0 nous de nous d\u00e9brouiller pour retrouver du nouveau travail\u00bb a expliqu\u00e9 Louceny Camara aux cadres de son d\u00e9partement.<br \/>\nApr\u00e8s 14 mois \u00e0 la t\u00eate de ce d\u00e9partement, Louceny Camara dit partir en \u00e9tant tr\u00e8s satisfait, tr\u00e8s r\u00e9confort\u00e9 du d\u00e9partement du Tourisme, de l\u2019H\u00f4tellerie et de l\u2019Artisanat, avant de pr\u00e9senter ses excuses \u00e0 tous ceux qu\u2019il aurait frustr\u00e9 dans l\u2019exercice de sa mission. Il a ensuite rassur\u00e9 aux cadres pr\u00e9sents \u00e0 cette rencontre qu\u2019il sera toujours un fervent d\u00e9fenseur du secteur de l\u2019H\u00f4tellerie, du Tourisme et de l\u2019Artisanat.<br \/>\nIl faut rappeler que Louceny Camara a \u00e9t\u00e9 nomm\u00e9 ministre de l\u2019H\u00f4tellerie, du Tourisme et de l\u2019Artisanat en novembre 2012, apr\u00e8s avoir occup\u00e9 le poste de pr\u00e9sident de la Commission Electorale Nationale Ind\u00e9pendante CENI. Il a \u00e9t\u00e9 fortement d\u00e9cri\u00e9 par l\u2019opposition guin\u00e9enne pendant l\u2019organisation du second tour des \u00e9lections pr\u00e9sidentielles en 2010.<br \/>\nThierno Moussa Bah<br \/>\n+224664373398<\/p>\n","protected":false},"excerpt":{"rendered":"<p>Le Ministre de l\u2019H\u00f4tellerie, du Tourisme et de l\u2019Artisanat, a fait ses adieux aux cadres de son d\u00e9partement et \u00e0 tous les promoteurs d\u2019h\u00f4tels en activit\u00e9 en Guin\u00e9e. C\u2019\u00e9tait \u00e0 l\u2019occasion d\u2019une c\u00e9r\u00e9monie de pr\u00e9sentation de v\u0153ux de nouvel an que les cadres du Minist\u00e8re de l\u2019H\u00f4tellerie, du Tourisme et de l\u2019Artisanat ont organis\u00e9 ce [&hellip;]<\/p>\n","protected":false},"author":12,"featured_media":0,"comment_status":"open","ping_status":"open","sticky":false,"template":"","format":"standard","meta":{"_exactmetrics_skip_tracking":false,"_exactmetrics_sitenote_active":false,"_exactmetrics_sitenote_note":"","_exactmetrics_sitenote_category":0,"tdm_status":"","tdm_grid_status":"","footnotes":""},"categories":[28],"tags":[],"class_list":{"0":"post-19685","1":"post","2":"type-post","3":"status-publish","4":"format-standard","6":"category-archives"},"yoast_head":"<!-- This site is optimized with the Yoast SEO plugin v24.2 - https:\/\/yoast.com\/wordpress\/plugins\/seo\/ -->\n<title>Louceny Camara fait ses adieux aux cadres de son d\u00e9partement | Guin\u00e9e Diversit\u00e9<\/title>\n<meta name=\"robots\" content=\"index, follow, max-snippet:-1, max-image-preview:large, max-video-preview:-1\" \/>\n<link rel=\"canonical\" href=\"https:\/\/guineediversite.com\/index.php\/2013\/12\/31\/louceny-camara-fait-ses-adieux-aux-cadres-de-son-departement\/\" \/>\n<meta property=\"og:locale\" content=\"fr_FR\" \/>\n<meta property=\"og:type\" content=\"article\" \/>\n<meta property=\"og:title\" content=\"Louceny Camara fait ses adieux aux cadres de son d\u00e9partement | Guin\u00e9e Diversit\u00e9\" \/>\n<meta property=\"og:description\" content=\"Le Ministre de l\u2019H\u00f4tellerie, du Tourisme et de l\u2019Artisanat, a fait ses adieux aux cadres de son d\u00e9partement et \u00e0 tous les promoteurs d\u2019h\u00f4tels en activit\u00e9 en Guin\u00e9e. C\u2019\u00e9tait \u00e0 l\u2019occasion d\u2019une c\u00e9r\u00e9monie de pr\u00e9sentation de v\u0153ux de nouvel an que les cadres du Minist\u00e8re de l\u2019H\u00f4tellerie, du Tourisme et de l\u2019Artisanat ont organis\u00e9 ce [&hellip;]\" \/>\n<meta property=\"og:url\" content=\"https:\/\/guineediversite.com\/index.php\/2013\/12\/31\/louceny-camara-fait-ses-adieux-aux-cadres-de-son-departement\/\" \/>\n<meta property=\"og:site_name\" content=\"Guin\u00e9e Diversit\u00e9\" \/>\n<meta property=\"article:publisher\" content=\"https:\/\/www.facebook.com\/guineediversite\/\" \/>\n<meta property=\"article:published_time\" content=\"2013-12-30T23:00:00+00:00\" \/>\n<meta name=\"author\" content=\"Guin\u00e9e Diversit\u00e9\" \/>\n<meta name=\"twitter:card\" content=\"summary_large_image\" \/>\n<meta name=\"twitter:creator\" content=\"@GuineeDiversite\" \/>\n<meta name=\"twitter:site\" content=\"@GuineeDiversite\" \/>\n<meta name=\"twitter:label1\" content=\"\u00c9crit par\" \/>\n\t<meta name=\"twitter:data1\" content=\"Guin\u00e9e Diversit\u00e9\" \/>\n\t<meta name=\"twitter:label2\" content=\"Dur\u00e9e de lecture estim\u00e9e\" \/>\n\t<meta name=\"twitter:data2\" content=\"1 minute\" \/>\n<script type=\"application\/ld+json\" class=\"yoast-schema-graph\">{\"@context\":\"https:\/\/schema.org\",\"@graph\":[{\"@type\":\"Article\",\"@id\":\"https:\/\/guineediversite.com\/index.php\/2013\/12\/31\/louceny-camara-fait-ses-adieux-aux-cadres-de-son-departement\/#article\",\"isPartOf\":{\"@id\":\"https:\/\/guineediversite.com\/index.php\/2013\/12\/31\/louceny-camara-fait-ses-adieux-aux-cadres-de-son-departement\/\"},\"author\":{\"name\":\"Guin\u00e9e Diversit\u00e9\",\"@id\":\"https:\/\/guineediversite.com\/#\/schema\/person\/afa08fb34e7fc6e1feafc892612bc836\"},\"headline\":\"Louceny Camara fait ses adieux aux cadres de son d\u00e9partement\",\"datePublished\":\"2013-12-30T23:00:00+00:00\",\"dateModified\":\"2013-12-30T23:00:00+00:00\",\"mainEntityOfPage\":{\"@id\":\"https:\/\/guineediversite.com\/index.php\/2013\/12\/31\/louceny-camara-fait-ses-adieux-aux-cadres-de-son-departement\/\"},\"wordCount\":284,\"commentCount\":0,\"publisher\":{\"@id\":\"https:\/\/guineediversite.com\/#organization\"},\"articleSection\":[\"Archives\"],\"inLanguage\":\"fr-FR\",\"potentialAction\":[{\"@type\":\"CommentAction\",\"name\":\"Comment\",\"target\":[\"https:\/\/guineediversite.com\/index.php\/2013\/12\/31\/louceny-camara-fait-ses-adieux-aux-cadres-de-son-departement\/#respond\"]}]},{\"@type\":\"WebPage\",\"@id\":\"https:\/\/guineediversite.com\/index.php\/2013\/12\/31\/louceny-camara-fait-ses-adieux-aux-cadres-de-son-departement\/\",\"url\":\"https:\/\/guineediversite.com\/index.php\/2013\/12\/31\/louceny-camara-fait-ses-adieux-aux-cadres-de-son-departement\/\",\"name\":\"Louceny Camara fait ses adieux aux cadres de son d\u00e9partement | Guin\u00e9e Diversit\u00e9\",\"isPartOf\":{\"@id\":\"https:\/\/guineediversite.com\/#website\"},\"datePublished\":\"2013-12-30T23:00:00+00:00\",\"dateModified\":\"2013-12-30T23:00:00+00:00\",\"breadcrumb\":{\"@id\":\"https:\/\/guineediversite.com\/index.php\/2013\/12\/31\/louceny-camara-fait-ses-adieux-aux-cadres-de-son-departement\/#breadcrumb\"},\"inLanguage\":\"fr-FR\",\"potentialAction\":[{\"@type\":\"ReadAction\",\"target\":[\"https:\/\/guineediversite.com\/index.php\/2013\/12\/31\/louceny-camara-fait-ses-adieux-aux-cadres-de-son-departement\/\"]}]},{\"@type\":\"BreadcrumbList\",\"@id\":\"https:\/\/guineediversite.com\/index.php\/2013\/12\/31\/louceny-camara-fait-ses-adieux-aux-cadres-de-son-departement\/#breadcrumb\",\"itemListElement\":[{\"@type\":\"ListItem\",\"position\":1,\"name\":\"Accueil\",\"item\":\"https:\/\/guineediversite.com\/\"},{\"@type\":\"ListItem\",\"position\":2,\"name\":\"Louceny Camara fait ses adieux aux cadres de son d\u00e9partement\"}]},{\"@type\":\"WebSite\",\"@id\":\"https:\/\/guineediversite.com\/#website\",\"url\":\"https:\/\/guineediversite.com\/\",\"name\":\"Guin\u00e9e Diversit\u00e9\",\"description\":\"L&#039;Info dans toute sa diversit\u00e9\",\"publisher\":{\"@id\":\"https:\/\/guineediversite.com\/#organization\"},\"potentialAction\":[{\"@type\":\"SearchAction\",\"target\":{\"@type\":\"EntryPoint\",\"urlTemplate\":\"https:\/\/guineediversite.com\/?s={search_term_string}\"},\"query-input\":{\"@type\":\"PropertyValueSpecification\",\"valueRequired\":true,\"valueName\":\"search_term_string\"}}],\"inLanguage\":\"fr-FR\"},{\"@type\":\"Organization\",\"@id\":\"https:\/\/guineediversite.com\/#organization\",\"name\":\"Guin\u00e9e Diversit\u00e9\",\"url\":\"https:\/\/guineediversite.com\/\",\"logo\":{\"@type\":\"ImageObject\",\"inLanguage\":\"fr-FR\",\"@id\":\"https:\/\/guineediversite.com\/#\/schema\/logo\/image\/\",\"url\":\"https:\/\/guineediversite.com\/wp-content\/uploads\/2017\/04\/cropped-1jojlxEOMkX9Wyqfhe43D6kjPOGqBBKmx3EwWJqZ0cMrFF54yM49.png\",\"contentUrl\":\"https:\/\/guineediversite.com\/wp-content\/uploads\/2017\/04\/cropped-1jojlxEOMkX9Wyqfhe43D6kjPOGqBBKmx3EwWJqZ0cMrFF54yM49.png\",\"width\":186,\"height\":112,\"caption\":\"Guin\u00e9e Diversit\u00e9\"},\"image\":{\"@id\":\"https:\/\/guineediversite.com\/#\/schema\/logo\/image\/\"},\"sameAs\":[\"https:\/\/www.facebook.com\/guineediversite\/\",\"https:\/\/x.com\/GuineeDiversite\",\"https:\/\/www.youtube.com\/channel\/UC8sUY16qelG5ge6_D5SB83g\"]},{\"@type\":\"Person\",\"@id\":\"https:\/\/guineediversite.com\/#\/schema\/person\/afa08fb34e7fc6e1feafc892612bc836\",\"name\":\"Guin\u00e9e Diversit\u00e9\",\"image\":{\"@type\":\"ImageObject\",\"inLanguage\":\"fr-FR\",\"@id\":\"https:\/\/guineediversite.com\/#\/schema\/person\/image\/\",\"url\":\"https:\/\/secure.gravatar.com\/avatar\/50d5eb5b390f8b65ac30ac6f898eb83a?s=96&d=mm&r=g\",\"contentUrl\":\"https:\/\/secure.gravatar.com\/avatar\/50d5eb5b390f8b65ac30ac6f898eb83a?s=96&d=mm&r=g\",\"caption\":\"Guin\u00e9e Diversit\u00e9\"},\"url\":\"https:\/\/guineediversite.com\/index.php\/author\/guineediversite\/\"}]}<\/script>\n<!-- \/ Yoast SEO plugin. -->","yoast_head_json":{"title":"Louceny Camara fait ses adieux aux cadres de son d\u00e9partement | Guin\u00e9e Diversit\u00e9","robots":{"index":"index","follow":"follow","max-snippet":"max-snippet:-1","max-image-preview":"max-image-preview:large","max-video-preview":"max-video-preview:-1"},"canonical":"https:\/\/guineediversite.com\/index.php\/2013\/12\/31\/louceny-camara-fait-ses-adieux-aux-cadres-de-son-departement\/","og_locale":"fr_FR","og_type":"article","og_title":"Louceny Camara fait ses adieux aux cadres de son d\u00e9partement | Guin\u00e9e Diversit\u00e9","og_description":"Le Ministre de l\u2019H\u00f4tellerie, du Tourisme et de l\u2019Artisanat, a fait ses adieux aux cadres de son d\u00e9partement et \u00e0 tous les promoteurs d\u2019h\u00f4tels en activit\u00e9 en Guin\u00e9e. C\u2019\u00e9tait \u00e0 l\u2019occasion d\u2019une c\u00e9r\u00e9monie de pr\u00e9sentation de v\u0153ux de nouvel an que les cadres du Minist\u00e8re de l\u2019H\u00f4tellerie, du Tourisme et de l\u2019Artisanat ont organis\u00e9 ce [&hellip;]","og_url":"https:\/\/guineediversite.com\/index.php\/2013\/12\/31\/louceny-camara-fait-ses-adieux-aux-cadres-de-son-departement\/","og_site_name":"Guin\u00e9e Diversit\u00e9","article_publisher":"https:\/\/www.facebook.com\/guineediversite\/","article_published_time":"2013-12-30T23:00:00+00:00","author":"Guin\u00e9e Diversit\u00e9","twitter_card":"summary_large_image","twitter_creator":"@GuineeDiversite","twitter_site":"@GuineeDiversite","twitter_misc":{"\u00c9crit par":"Guin\u00e9e Diversit\u00e9","Dur\u00e9e de lecture estim\u00e9e":"1 minute"},"schema":{"@context":"https:\/\/schema.org","@graph":[{"@type":"Article","@id":"https:\/\/guineediversite.com\/index.php\/2013\/12\/31\/louceny-camara-fait-ses-adieux-aux-cadres-de-son-departement\/#article","isPartOf":{"@id":"https:\/\/guineediversite.com\/index.php\/2013\/12\/31\/louceny-camara-fait-ses-adieux-aux-cadres-de-son-departement\/"},"author":{"name":"Guin\u00e9e Diversit\u00e9","@id":"https:\/\/guineediversite.com\/#\/schema\/person\/afa08fb34e7fc6e1feafc892612bc836"},"headline":"Louceny Camara fait ses adieux aux cadres de son d\u00e9partement","datePublished":"2013-12-30T23:00:00+00:00","dateModified":"2013-12-30T23:00:00+00:00","mainEntityOfPage":{"@id":"https:\/\/guineediversite.com\/index.php\/2013\/12\/31\/louceny-camara-fait-ses-adieux-aux-cadres-de-son-departement\/"},"wordCount":284,"commentCount":0,"publisher":{"@id":"https:\/\/guineediversite.com\/#organization"},"articleSection":["Archives"],"inLanguage":"fr-FR","potentialAction":[{"@type":"CommentAction","name":"Comment","target":["https:\/\/guineediversite.com\/index.php\/2013\/12\/31\/louceny-camara-fait-ses-adieux-aux-cadres-de-son-departement\/#respond"]}]},{"@type":"WebPage","@id":"https:\/\/guineediversite.com\/index.php\/2013\/12\/31\/louceny-camara-fait-ses-adieux-aux-cadres-de-son-departement\/","url":"https:\/\/guineediversite.com\/index.php\/2013\/12\/31\/louceny-camara-fait-ses-adieux-aux-cadres-de-son-departement\/","name":"Louceny Camara fait ses adieux aux cadres de son d\u00e9partement | Guin\u00e9e Diversit\u00e9","isPartOf":{"@id":"https:\/\/guineediversite.com\/#website"},"datePublished":"2013-12-30T23:00:00+00:00","dateModified":"2013-12-30T23:00:00+00:00","breadcrumb":{"@id":"https:\/\/guineediversite.com\/index.php\/2013\/12\/31\/louceny-camara-fait-ses-adieux-aux-cadres-de-son-departement\/#breadcrumb"},"inLanguage":"fr-FR","potentialAction":[{"@type":"ReadAction","target":["https:\/\/guineediversite.com\/index.php\/2013\/12\/31\/louceny-camara-fait-ses-adieux-aux-cadres-de-son-departement\/"]}]},{"@type":"BreadcrumbList","@id":"https:\/\/guineediversite.com\/index.php\/2013\/12\/31\/louceny-camara-fait-ses-adieux-aux-cadres-de-son-departement\/#breadcrumb","itemListElement":[{"@type":"ListItem","position":1,"name":"Accueil","item":"https:\/\/guineediversite.com\/"},{"@type":"ListItem","position":2,"name":"Louceny Camara fait ses adieux aux cadres de son d\u00e9partement"}]},{"@type":"WebSite","@id":"https:\/\/guineediversite.com\/#website","url":"https:\/\/guineediversite.com\/","name":"Guin\u00e9e Diversit\u00e9","description":"L&#039;Info dans toute sa diversit\u00e9","publisher":{"@id":"https:\/\/guineediversite.com\/#organization"},"potentialAction":[{"@type":"SearchAction","target":{"@type":"EntryPoint","urlTemplate":"https:\/\/guineediversite.com\/?s={search_term_string}"},"query-input":{"@type":"PropertyValueSpecification","valueRequired":true,"valueName":"search_term_string"}}],"inLanguage":"fr-FR"},{"@type":"Organization","@id":"https:\/\/guineediversite.com\/#organization","name":"Guin\u00e9e Diversit\u00e9","url":"https:\/\/guineediversite.com\/","logo":{"@type":"ImageObject","inLanguage":"fr-FR","@id":"https:\/\/guineediversite.com\/#\/schema\/logo\/image\/","url":"https:\/\/guineediversite.com\/wp-content\/uploads\/2017\/04\/cropped-1jojlxEOMkX9Wyqfhe43D6kjPOGqBBKmx3EwWJqZ0cMrFF54yM49.png","contentUrl":"https:\/\/guineediversite.com\/wp-content\/uploads\/2017\/04\/cropped-1jojlxEOMkX9Wyqfhe43D6kjPOGqBBKmx3EwWJqZ0cMrFF54yM49.png","width":186,"height":112,"caption":"Guin\u00e9e Diversit\u00e9"},"image":{"@id":"https:\/\/guineediversite.com\/#\/schema\/logo\/image\/"},"sameAs":["https:\/\/www.facebook.com\/guineediversite\/","https:\/\/x.com\/GuineeDiversite","https:\/\/www.youtube.com\/channel\/UC8sUY16qelG5ge6_D5SB83g"]},{"@type":"Person","@id":"https:\/\/guineediversite.com\/#\/schema\/person\/afa08fb34e7fc6e1feafc892612bc836","name":"Guin\u00e9e Diversit\u00e9","image":{"@type":"ImageObject","inLanguage":"fr-FR","@id":"https:\/\/guineediversite.com\/#\/schema\/person\/image\/","url":"https:\/\/secure.gravatar.com\/avatar\/50d5eb5b390f8b65ac30ac6f898eb83a?s=96&d=mm&r=g","contentUrl":"https:\/\/secure.gravatar.com\/avatar\/50d5eb5b390f8b65ac30ac6f898eb83a?s=96&d=mm&r=g","caption":"Guin\u00e9e Diversit\u00e9"},"url":"https:\/\/guineediversite.com\/index.php\/author\/guineediversite\/"}]}},"_links":{"self":[{"href":"https:\/\/guineediversite.com\/index.php\/wp-json\/wp\/v2\/posts\/19685"}],"collection":[{"href":"https:\/\/guineediversite.com\/index.php\/wp-json\/wp\/v2\/posts"}],"about":[{"href":"https:\/\/guineediversite.com\/index.php\/wp-json\/wp\/v2\/types\/post"}],"author":[{"embeddable":true,"href":"https:\/\/guineediversite.com\/index.php\/wp-json\/wp\/v2\/users\/12"}],"replies":[{"embeddable":true,"href":"https:\/\/guineediversite.com\/index.php\/wp-json\/wp\/v2\/comments?post=19685"}],"version-history":[{"count":0,"href":"https:\/\/guineediversite.com\/index.php\/wp-json\/wp\/v2\/posts\/19685\/revisions"}],"wp:attachment":[{"href":"https:\/\/guineediversite.com\/index.php\/wp-json\/wp\/v2\/media?parent=19685"}],"wp:term":[{"taxonomy":"category","embeddable":true,"href":"https:\/\/guineediversite.com\/index.php\/wp-json\/wp\/v2\/categories?post=19685"},{"taxonomy":"post_tag","embeddable":true,"href":"https:\/\/guineediversite.com\/index.php\/wp-json\/wp\/v2\/tags?post=19685"}],"curies":[{"name":"wp","href":"https:\/\/api.w.org\/{rel}","templated":true}]}}