{"id":19676,"date":"2013-12-31T00:00:00","date_gmt":"2013-12-30T23:00:00","guid":{"rendered":"https:\/\/www.guineediversite.com\/index.php\/2013\/12\/31\/le-gouverneur-de-la-ville-de-conakry-decide-de-fermer-toutes-les-plages-de-la-capitale\/"},"modified":"2013-12-31T00:00:00","modified_gmt":"2013-12-30T23:00:00","slug":"le-gouverneur-de-la-ville-de-conakry-decide-de-fermer-toutes-les-plages-de-la-capitale","status":"publish","type":"post","link":"https:\/\/guineediversite.com\/index.php\/2013\/12\/31\/le-gouverneur-de-la-ville-de-conakry-decide-de-fermer-toutes-les-plages-de-la-capitale\/","title":{"rendered":"Le Gouverneur de la ville de Conakry, d\u00e9cide de fermer toutes les plages de la capitale"},"content":{"rendered":"<p>Pr\u00e8s d\u2019une semaine apr\u00e8s le drame de la plage de Lambandji le 1er janvier dernier, le gouverneur de la ville de Conakry S\u00e9kou Resco Camara s\u2019est rendu hier lundi dans les familles \u00e9plor\u00e9es.  Une occasion pour  Resco Camara de pr\u00e9senter ses condol\u00e9ances aux diff\u00e9rentes familles des victimes.<br \/>\nEn effet, plus d\u2019une dizaine de jeunes ont trouv\u00e9 la mort  dans cette plage lors d\u2019un  concert du reggae man guin\u00e9en Mouctar Soumah alias \u2018\u2019Takana Zion\u2019\u2019.  Un  drame provoqu\u00e9 par une forte mont\u00e9e de l\u2019eau de mer qui a prit au pi\u00e8ge une centaine de jeunes.  Apr\u00e8s donc ce drame, le gouverneur de Conakry prend la d\u00e9cision de fermer toutes les plages de Conakry, de km 36 jusqu\u2019\u00e0 la plage de Soro pour dit-il, sauver des vies.<br \/>\n\u00ab C\u2019est au nom du conseil de ville de Conakry, que nous avons pris cette mesure de fermer les plages de la capitale \u00bb. a d\u00e9clar\u00e9 le Gouverneur Resco Camara<br \/>\nAvant de demander aux maires des cinq communes de Conakry, les chefs de quartiers, la police et la gendarmerie de veiller \u00e0 l\u2019application strict de cette mesure \u00bb.<br \/>\nCependant nous avons appris que, le g\u00e9rant de la plage de Lambanyi a \u00e9t\u00e9 arr\u00eat\u00e9 par les services de s\u00e9curit\u00e9 pour des fins d\u2019enqu\u00eates. D\u2019ailleurs par crainte de repr\u00e9sailles, la famille du g\u00e9rant se trouve actuellement  \u00e0 l\u2019int\u00e9rieur du pays.<br \/>\nEsp\u00e9rons que cette d\u00e9cision du Chef de bataillon S\u00e9kou Resco Camara ne sera  pas un feu de paille.<\/p>\n<p>Thierno Abdoul Bald\u00e9<br \/>\n+224 657385876<\/p>\n","protected":false},"excerpt":{"rendered":"<p>Pr\u00e8s d\u2019une semaine apr\u00e8s le drame de la plage de Lambandji le 1er janvier dernier, le gouverneur de la ville de Conakry S\u00e9kou Resco Camara s\u2019est rendu hier lundi dans les familles \u00e9plor\u00e9es. Une occasion pour Resco Camara de pr\u00e9senter ses condol\u00e9ances aux diff\u00e9rentes familles des victimes. En effet, plus d\u2019une dizaine de jeunes ont [&hellip;]<\/p>\n","protected":false},"author":12,"featured_media":0,"comment_status":"open","ping_status":"open","sticky":false,"template":"","format":"standard","meta":{"_exactmetrics_skip_tracking":false,"_exactmetrics_sitenote_active":false,"_exactmetrics_sitenote_note":"","_exactmetrics_sitenote_category":0,"tdm_status":"","tdm_grid_status":"","footnotes":""},"categories":[28],"tags":[],"class_list":{"0":"post-19676","1":"post","2":"type-post","3":"status-publish","4":"format-standard","6":"category-archives"},"yoast_head":"<!-- This site is optimized with the Yoast SEO plugin v24.2 - https:\/\/yoast.com\/wordpress\/plugins\/seo\/ -->\n<title>Le Gouverneur de la ville de Conakry, d\u00e9cide de fermer toutes les plages de la capitale | Guin\u00e9e Diversit\u00e9<\/title>\n<meta name=\"robots\" content=\"index, follow, max-snippet:-1, max-image-preview:large, max-video-preview:-1\" \/>\n<link rel=\"canonical\" href=\"https:\/\/guineediversite.com\/index.php\/2013\/12\/31\/le-gouverneur-de-la-ville-de-conakry-decide-de-fermer-toutes-les-plages-de-la-capitale\/\" \/>\n<meta property=\"og:locale\" content=\"fr_FR\" \/>\n<meta property=\"og:type\" content=\"article\" \/>\n<meta property=\"og:title\" content=\"Le Gouverneur de la ville de Conakry, d\u00e9cide de fermer toutes les plages de la capitale | Guin\u00e9e Diversit\u00e9\" \/>\n<meta property=\"og:description\" content=\"Pr\u00e8s d\u2019une semaine apr\u00e8s le drame de la plage de Lambandji le 1er janvier dernier, le gouverneur de la ville de Conakry S\u00e9kou Resco Camara s\u2019est rendu hier lundi dans les familles \u00e9plor\u00e9es. Une occasion pour Resco Camara de pr\u00e9senter ses condol\u00e9ances aux diff\u00e9rentes familles des victimes. En effet, plus d\u2019une dizaine de jeunes ont [&hellip;]\" \/>\n<meta property=\"og:url\" content=\"https:\/\/guineediversite.com\/index.php\/2013\/12\/31\/le-gouverneur-de-la-ville-de-conakry-decide-de-fermer-toutes-les-plages-de-la-capitale\/\" \/>\n<meta property=\"og:site_name\" content=\"Guin\u00e9e Diversit\u00e9\" \/>\n<meta property=\"article:publisher\" content=\"https:\/\/www.facebook.com\/guineediversite\/\" \/>\n<meta property=\"article:published_time\" content=\"2013-12-30T23:00:00+00:00\" \/>\n<meta name=\"author\" content=\"Guin\u00e9e Diversit\u00e9\" \/>\n<meta name=\"twitter:card\" content=\"summary_large_image\" \/>\n<meta name=\"twitter:creator\" content=\"@GuineeDiversite\" \/>\n<meta name=\"twitter:site\" content=\"@GuineeDiversite\" \/>\n<meta name=\"twitter:label1\" content=\"\u00c9crit par\" \/>\n\t<meta name=\"twitter:data1\" content=\"Guin\u00e9e Diversit\u00e9\" \/>\n\t<meta name=\"twitter:label2\" content=\"Dur\u00e9e de lecture estim\u00e9e\" \/>\n\t<meta name=\"twitter:data2\" content=\"1 minute\" \/>\n<script type=\"application\/ld+json\" class=\"yoast-schema-graph\">{\"@context\":\"https:\/\/schema.org\",\"@graph\":[{\"@type\":\"Article\",\"@id\":\"https:\/\/guineediversite.com\/index.php\/2013\/12\/31\/le-gouverneur-de-la-ville-de-conakry-decide-de-fermer-toutes-les-plages-de-la-capitale\/#article\",\"isPartOf\":{\"@id\":\"https:\/\/guineediversite.com\/index.php\/2013\/12\/31\/le-gouverneur-de-la-ville-de-conakry-decide-de-fermer-toutes-les-plages-de-la-capitale\/\"},\"author\":{\"name\":\"Guin\u00e9e Diversit\u00e9\",\"@id\":\"https:\/\/guineediversite.com\/#\/schema\/person\/afa08fb34e7fc6e1feafc892612bc836\"},\"headline\":\"Le Gouverneur de la ville de Conakry, d\u00e9cide de fermer toutes les plages de la capitale\",\"datePublished\":\"2013-12-30T23:00:00+00:00\",\"dateModified\":\"2013-12-30T23:00:00+00:00\",\"mainEntityOfPage\":{\"@id\":\"https:\/\/guineediversite.com\/index.php\/2013\/12\/31\/le-gouverneur-de-la-ville-de-conakry-decide-de-fermer-toutes-les-plages-de-la-capitale\/\"},\"wordCount\":287,\"commentCount\":0,\"publisher\":{\"@id\":\"https:\/\/guineediversite.com\/#organization\"},\"articleSection\":[\"Archives\"],\"inLanguage\":\"fr-FR\",\"potentialAction\":[{\"@type\":\"CommentAction\",\"name\":\"Comment\",\"target\":[\"https:\/\/guineediversite.com\/index.php\/2013\/12\/31\/le-gouverneur-de-la-ville-de-conakry-decide-de-fermer-toutes-les-plages-de-la-capitale\/#respond\"]}]},{\"@type\":\"WebPage\",\"@id\":\"https:\/\/guineediversite.com\/index.php\/2013\/12\/31\/le-gouverneur-de-la-ville-de-conakry-decide-de-fermer-toutes-les-plages-de-la-capitale\/\",\"url\":\"https:\/\/guineediversite.com\/index.php\/2013\/12\/31\/le-gouverneur-de-la-ville-de-conakry-decide-de-fermer-toutes-les-plages-de-la-capitale\/\",\"name\":\"Le Gouverneur de la ville de Conakry, d\u00e9cide de fermer toutes les plages de la capitale | Guin\u00e9e Diversit\u00e9\",\"isPartOf\":{\"@id\":\"https:\/\/guineediversite.com\/#website\"},\"datePublished\":\"2013-12-30T23:00:00+00:00\",\"dateModified\":\"2013-12-30T23:00:00+00:00\",\"breadcrumb\":{\"@id\":\"https:\/\/guineediversite.com\/index.php\/2013\/12\/31\/le-gouverneur-de-la-ville-de-conakry-decide-de-fermer-toutes-les-plages-de-la-capitale\/#breadcrumb\"},\"inLanguage\":\"fr-FR\",\"potentialAction\":[{\"@type\":\"ReadAction\",\"target\":[\"https:\/\/guineediversite.com\/index.php\/2013\/12\/31\/le-gouverneur-de-la-ville-de-conakry-decide-de-fermer-toutes-les-plages-de-la-capitale\/\"]}]},{\"@type\":\"BreadcrumbList\",\"@id\":\"https:\/\/guineediversite.com\/index.php\/2013\/12\/31\/le-gouverneur-de-la-ville-de-conakry-decide-de-fermer-toutes-les-plages-de-la-capitale\/#breadcrumb\",\"itemListElement\":[{\"@type\":\"ListItem\",\"position\":1,\"name\":\"Accueil\",\"item\":\"https:\/\/guineediversite.com\/\"},{\"@type\":\"ListItem\",\"position\":2,\"name\":\"Le Gouverneur de la ville de Conakry, d\u00e9cide de fermer toutes les plages de la capitale\"}]},{\"@type\":\"WebSite\",\"@id\":\"https:\/\/guineediversite.com\/#website\",\"url\":\"https:\/\/guineediversite.com\/\",\"name\":\"Guin\u00e9e Diversit\u00e9\",\"description\":\"L&#039;Info dans toute sa diversit\u00e9\",\"publisher\":{\"@id\":\"https:\/\/guineediversite.com\/#organization\"},\"potentialAction\":[{\"@type\":\"SearchAction\",\"target\":{\"@type\":\"EntryPoint\",\"urlTemplate\":\"https:\/\/guineediversite.com\/?s={search_term_string}\"},\"query-input\":{\"@type\":\"PropertyValueSpecification\",\"valueRequired\":true,\"valueName\":\"search_term_string\"}}],\"inLanguage\":\"fr-FR\"},{\"@type\":\"Organization\",\"@id\":\"https:\/\/guineediversite.com\/#organization\",\"name\":\"Guin\u00e9e Diversit\u00e9\",\"url\":\"https:\/\/guineediversite.com\/\",\"logo\":{\"@type\":\"ImageObject\",\"inLanguage\":\"fr-FR\",\"@id\":\"https:\/\/guineediversite.com\/#\/schema\/logo\/image\/\",\"url\":\"https:\/\/guineediversite.com\/wp-content\/uploads\/2017\/04\/cropped-1jojlxEOMkX9Wyqfhe43D6kjPOGqBBKmx3EwWJqZ0cMrFF54yM49.png\",\"contentUrl\":\"https:\/\/guineediversite.com\/wp-content\/uploads\/2017\/04\/cropped-1jojlxEOMkX9Wyqfhe43D6kjPOGqBBKmx3EwWJqZ0cMrFF54yM49.png\",\"width\":186,\"height\":112,\"caption\":\"Guin\u00e9e Diversit\u00e9\"},\"image\":{\"@id\":\"https:\/\/guineediversite.com\/#\/schema\/logo\/image\/\"},\"sameAs\":[\"https:\/\/www.facebook.com\/guineediversite\/\",\"https:\/\/x.com\/GuineeDiversite\",\"https:\/\/www.youtube.com\/channel\/UC8sUY16qelG5ge6_D5SB83g\"]},{\"@type\":\"Person\",\"@id\":\"https:\/\/guineediversite.com\/#\/schema\/person\/afa08fb34e7fc6e1feafc892612bc836\",\"name\":\"Guin\u00e9e Diversit\u00e9\",\"image\":{\"@type\":\"ImageObject\",\"inLanguage\":\"fr-FR\",\"@id\":\"https:\/\/guineediversite.com\/#\/schema\/person\/image\/\",\"url\":\"https:\/\/secure.gravatar.com\/avatar\/50d5eb5b390f8b65ac30ac6f898eb83a?s=96&d=mm&r=g\",\"contentUrl\":\"https:\/\/secure.gravatar.com\/avatar\/50d5eb5b390f8b65ac30ac6f898eb83a?s=96&d=mm&r=g\",\"caption\":\"Guin\u00e9e Diversit\u00e9\"},\"url\":\"https:\/\/guineediversite.com\/index.php\/author\/guineediversite\/\"}]}<\/script>\n<!-- \/ Yoast SEO plugin. -->","yoast_head_json":{"title":"Le Gouverneur de la ville de Conakry, d\u00e9cide de fermer toutes les plages de la capitale | Guin\u00e9e Diversit\u00e9","robots":{"index":"index","follow":"follow","max-snippet":"max-snippet:-1","max-image-preview":"max-image-preview:large","max-video-preview":"max-video-preview:-1"},"canonical":"https:\/\/guineediversite.com\/index.php\/2013\/12\/31\/le-gouverneur-de-la-ville-de-conakry-decide-de-fermer-toutes-les-plages-de-la-capitale\/","og_locale":"fr_FR","og_type":"article","og_title":"Le Gouverneur de la ville de Conakry, d\u00e9cide de fermer toutes les plages de la capitale | Guin\u00e9e Diversit\u00e9","og_description":"Pr\u00e8s d\u2019une semaine apr\u00e8s le drame de la plage de Lambandji le 1er janvier dernier, le gouverneur de la ville de Conakry S\u00e9kou Resco Camara s\u2019est rendu hier lundi dans les familles \u00e9plor\u00e9es. Une occasion pour Resco Camara de pr\u00e9senter ses condol\u00e9ances aux diff\u00e9rentes familles des victimes. En effet, plus d\u2019une dizaine de jeunes ont [&hellip;]","og_url":"https:\/\/guineediversite.com\/index.php\/2013\/12\/31\/le-gouverneur-de-la-ville-de-conakry-decide-de-fermer-toutes-les-plages-de-la-capitale\/","og_site_name":"Guin\u00e9e Diversit\u00e9","article_publisher":"https:\/\/www.facebook.com\/guineediversite\/","article_published_time":"2013-12-30T23:00:00+00:00","author":"Guin\u00e9e Diversit\u00e9","twitter_card":"summary_large_image","twitter_creator":"@GuineeDiversite","twitter_site":"@GuineeDiversite","twitter_misc":{"\u00c9crit par":"Guin\u00e9e Diversit\u00e9","Dur\u00e9e de lecture estim\u00e9e":"1 minute"},"schema":{"@context":"https:\/\/schema.org","@graph":[{"@type":"Article","@id":"https:\/\/guineediversite.com\/index.php\/2013\/12\/31\/le-gouverneur-de-la-ville-de-conakry-decide-de-fermer-toutes-les-plages-de-la-capitale\/#article","isPartOf":{"@id":"https:\/\/guineediversite.com\/index.php\/2013\/12\/31\/le-gouverneur-de-la-ville-de-conakry-decide-de-fermer-toutes-les-plages-de-la-capitale\/"},"author":{"name":"Guin\u00e9e Diversit\u00e9","@id":"https:\/\/guineediversite.com\/#\/schema\/person\/afa08fb34e7fc6e1feafc892612bc836"},"headline":"Le Gouverneur de la ville de Conakry, d\u00e9cide de fermer toutes les plages de la capitale","datePublished":"2013-12-30T23:00:00+00:00","dateModified":"2013-12-30T23:00:00+00:00","mainEntityOfPage":{"@id":"https:\/\/guineediversite.com\/index.php\/2013\/12\/31\/le-gouverneur-de-la-ville-de-conakry-decide-de-fermer-toutes-les-plages-de-la-capitale\/"},"wordCount":287,"commentCount":0,"publisher":{"@id":"https:\/\/guineediversite.com\/#organization"},"articleSection":["Archives"],"inLanguage":"fr-FR","potentialAction":[{"@type":"CommentAction","name":"Comment","target":["https:\/\/guineediversite.com\/index.php\/2013\/12\/31\/le-gouverneur-de-la-ville-de-conakry-decide-de-fermer-toutes-les-plages-de-la-capitale\/#respond"]}]},{"@type":"WebPage","@id":"https:\/\/guineediversite.com\/index.php\/2013\/12\/31\/le-gouverneur-de-la-ville-de-conakry-decide-de-fermer-toutes-les-plages-de-la-capitale\/","url":"https:\/\/guineediversite.com\/index.php\/2013\/12\/31\/le-gouverneur-de-la-ville-de-conakry-decide-de-fermer-toutes-les-plages-de-la-capitale\/","name":"Le Gouverneur de la ville de Conakry, d\u00e9cide de fermer toutes les plages de la capitale | Guin\u00e9e Diversit\u00e9","isPartOf":{"@id":"https:\/\/guineediversite.com\/#website"},"datePublished":"2013-12-30T23:00:00+00:00","dateModified":"2013-12-30T23:00:00+00:00","breadcrumb":{"@id":"https:\/\/guineediversite.com\/index.php\/2013\/12\/31\/le-gouverneur-de-la-ville-de-conakry-decide-de-fermer-toutes-les-plages-de-la-capitale\/#breadcrumb"},"inLanguage":"fr-FR","potentialAction":[{"@type":"ReadAction","target":["https:\/\/guineediversite.com\/index.php\/2013\/12\/31\/le-gouverneur-de-la-ville-de-conakry-decide-de-fermer-toutes-les-plages-de-la-capitale\/"]}]},{"@type":"BreadcrumbList","@id":"https:\/\/guineediversite.com\/index.php\/2013\/12\/31\/le-gouverneur-de-la-ville-de-conakry-decide-de-fermer-toutes-les-plages-de-la-capitale\/#breadcrumb","itemListElement":[{"@type":"ListItem","position":1,"name":"Accueil","item":"https:\/\/guineediversite.com\/"},{"@type":"ListItem","position":2,"name":"Le Gouverneur de la ville de Conakry, d\u00e9cide de fermer toutes les plages de la capitale"}]},{"@type":"WebSite","@id":"https:\/\/guineediversite.com\/#website","url":"https:\/\/guineediversite.com\/","name":"Guin\u00e9e Diversit\u00e9","description":"L&#039;Info dans toute sa diversit\u00e9","publisher":{"@id":"https:\/\/guineediversite.com\/#organization"},"potentialAction":[{"@type":"SearchAction","target":{"@type":"EntryPoint","urlTemplate":"https:\/\/guineediversite.com\/?s={search_term_string}"},"query-input":{"@type":"PropertyValueSpecification","valueRequired":true,"valueName":"search_term_string"}}],"inLanguage":"fr-FR"},{"@type":"Organization","@id":"https:\/\/guineediversite.com\/#organization","name":"Guin\u00e9e Diversit\u00e9","url":"https:\/\/guineediversite.com\/","logo":{"@type":"ImageObject","inLanguage":"fr-FR","@id":"https:\/\/guineediversite.com\/#\/schema\/logo\/image\/","url":"https:\/\/guineediversite.com\/wp-content\/uploads\/2017\/04\/cropped-1jojlxEOMkX9Wyqfhe43D6kjPOGqBBKmx3EwWJqZ0cMrFF54yM49.png","contentUrl":"https:\/\/guineediversite.com\/wp-content\/uploads\/2017\/04\/cropped-1jojlxEOMkX9Wyqfhe43D6kjPOGqBBKmx3EwWJqZ0cMrFF54yM49.png","width":186,"height":112,"caption":"Guin\u00e9e Diversit\u00e9"},"image":{"@id":"https:\/\/guineediversite.com\/#\/schema\/logo\/image\/"},"sameAs":["https:\/\/www.facebook.com\/guineediversite\/","https:\/\/x.com\/GuineeDiversite","https:\/\/www.youtube.com\/channel\/UC8sUY16qelG5ge6_D5SB83g"]},{"@type":"Person","@id":"https:\/\/guineediversite.com\/#\/schema\/person\/afa08fb34e7fc6e1feafc892612bc836","name":"Guin\u00e9e Diversit\u00e9","image":{"@type":"ImageObject","inLanguage":"fr-FR","@id":"https:\/\/guineediversite.com\/#\/schema\/person\/image\/","url":"https:\/\/secure.gravatar.com\/avatar\/50d5eb5b390f8b65ac30ac6f898eb83a?s=96&d=mm&r=g","contentUrl":"https:\/\/secure.gravatar.com\/avatar\/50d5eb5b390f8b65ac30ac6f898eb83a?s=96&d=mm&r=g","caption":"Guin\u00e9e Diversit\u00e9"},"url":"https:\/\/guineediversite.com\/index.php\/author\/guineediversite\/"}]}},"_links":{"self":[{"href":"https:\/\/guineediversite.com\/index.php\/wp-json\/wp\/v2\/posts\/19676"}],"collection":[{"href":"https:\/\/guineediversite.com\/index.php\/wp-json\/wp\/v2\/posts"}],"about":[{"href":"https:\/\/guineediversite.com\/index.php\/wp-json\/wp\/v2\/types\/post"}],"author":[{"embeddable":true,"href":"https:\/\/guineediversite.com\/index.php\/wp-json\/wp\/v2\/users\/12"}],"replies":[{"embeddable":true,"href":"https:\/\/guineediversite.com\/index.php\/wp-json\/wp\/v2\/comments?post=19676"}],"version-history":[{"count":0,"href":"https:\/\/guineediversite.com\/index.php\/wp-json\/wp\/v2\/posts\/19676\/revisions"}],"wp:attachment":[{"href":"https:\/\/guineediversite.com\/index.php\/wp-json\/wp\/v2\/media?parent=19676"}],"wp:term":[{"taxonomy":"category","embeddable":true,"href":"https:\/\/guineediversite.com\/index.php\/wp-json\/wp\/v2\/categories?post=19676"},{"taxonomy":"post_tag","embeddable":true,"href":"https:\/\/guineediversite.com\/index.php\/wp-json\/wp\/v2\/tags?post=19676"}],"curies":[{"name":"wp","href":"https:\/\/api.w.org\/{rel}","templated":true}]}}