{"id":19674,"date":"2013-12-31T00:00:00","date_gmt":"2013-12-30T23:00:00","guid":{"rendered":"https:\/\/www.guineediversite.com\/index.php\/2013\/12\/31\/mandiana-un-calme-precaire-regne-dans-la-prefecture-apres-des-affrontements-au-tour-dune-mine-dor\/"},"modified":"2013-12-31T00:00:00","modified_gmt":"2013-12-30T23:00:00","slug":"mandiana-un-calme-precaire-regne-dans-la-prefecture-apres-des-affrontements-au-tour-dune-mine-dor","status":"publish","type":"post","link":"https:\/\/guineediversite.com\/index.php\/2013\/12\/31\/mandiana-un-calme-precaire-regne-dans-la-prefecture-apres-des-affrontements-au-tour-dune-mine-dor\/","title":{"rendered":"Mandiana : un calme pr\u00e9caire r\u00e8gne dans la pr\u00e9fecture, apr\u00e8s des affrontements au tour d\u2019une mine d\u2019or"},"content":{"rendered":"<p>Apr\u00e8s les affrontements communautaires la semaine derni\u00e8re entre les habitants des localit\u00e9s voisines de tignenkoura et sidikila, le calme pr\u00e9caire semble revenir dans la cit\u00e9.<br \/>\nCes affrontements communautaires qui ont caus\u00e9 plus de 38 bless\u00e9s  et des d\u00e9g\u00e2ts mat\u00e9riels importants, sont li\u00e9s \u00e0 l\u2019exploitation artisanale d\u2019une mine d\u2019or. Des  forces de l\u2019ordre et de s\u00e9curit\u00e9 ont \u00e9t\u00e9 d\u00e9ploy\u00e9es sur les lieux pour maintenir l\u2019ordre et assurer la s\u00e9curit\u00e9 des citoyens et leurs biens. Le gouverneur de la r\u00e9gion administrative de Kankan Nawa Dam\u00e9 s\u2019est rendu sur les lieux afin de calmer les tensions entre les citoyens des deux localit\u00e9s. Il a d\u2019ailleurs interdit toute exploitation artisanale des mines dans ces localit\u00e9s. Une d\u00e9cision mal per\u00e7ue par les citoyens de cette localit\u00e9 car la majeur partie de ces citoyens trouvent leur quotidien \u00e0 travers cette activit\u00e9 qui est la principale source de revenu des habitants. Cette  d\u00e9cision du gouverneur cause une vive pol\u00e9mique et alimente les d\u00e9bats dans la pr\u00e9fecture de Mandiana. Il faut rappeler que les affrontements communautaires li\u00e9s \u00e0 l\u2019exploitation artisanale des mines sont r\u00e9current en haute guin\u00e9e ces derniers temps. Il est temps que les autorit\u00e9s administratives prennent des mesures pour freiner  ces conflits.<br \/>\nGILBERT SAYI KAMANO<br \/>\n655-56-56-06<\/p>\n","protected":false},"excerpt":{"rendered":"<p>Apr\u00e8s les affrontements communautaires la semaine derni\u00e8re entre les habitants des localit\u00e9s voisines de tignenkoura et sidikila, le calme pr\u00e9caire semble revenir dans la cit\u00e9. Ces affrontements communautaires qui ont caus\u00e9 plus de 38 bless\u00e9s et des d\u00e9g\u00e2ts mat\u00e9riels importants, sont li\u00e9s \u00e0 l\u2019exploitation artisanale d\u2019une mine d\u2019or. Des forces de l\u2019ordre et de s\u00e9curit\u00e9 [&hellip;]<\/p>\n","protected":false},"author":12,"featured_media":0,"comment_status":"open","ping_status":"open","sticky":false,"template":"","format":"standard","meta":{"_exactmetrics_skip_tracking":false,"_exactmetrics_sitenote_active":false,"_exactmetrics_sitenote_note":"","_exactmetrics_sitenote_category":0,"tdm_status":"","tdm_grid_status":"","footnotes":""},"categories":[28],"tags":[],"class_list":{"0":"post-19674","1":"post","2":"type-post","3":"status-publish","4":"format-standard","6":"category-archives"},"yoast_head":"<!-- This site is optimized with the Yoast SEO plugin v24.2 - https:\/\/yoast.com\/wordpress\/plugins\/seo\/ -->\n<title>Mandiana : un calme pr\u00e9caire r\u00e8gne dans la pr\u00e9fecture, apr\u00e8s des affrontements au tour d\u2019une mine d\u2019or | Guin\u00e9e Diversit\u00e9<\/title>\n<meta name=\"robots\" content=\"index, follow, max-snippet:-1, max-image-preview:large, max-video-preview:-1\" \/>\n<link rel=\"canonical\" href=\"https:\/\/guineediversite.com\/index.php\/2013\/12\/31\/mandiana-un-calme-precaire-regne-dans-la-prefecture-apres-des-affrontements-au-tour-dune-mine-dor\/\" \/>\n<meta property=\"og:locale\" content=\"fr_FR\" \/>\n<meta property=\"og:type\" content=\"article\" \/>\n<meta property=\"og:title\" content=\"Mandiana : un calme pr\u00e9caire r\u00e8gne dans la pr\u00e9fecture, apr\u00e8s des affrontements au tour d\u2019une mine d\u2019or | Guin\u00e9e Diversit\u00e9\" \/>\n<meta property=\"og:description\" content=\"Apr\u00e8s les affrontements communautaires la semaine derni\u00e8re entre les habitants des localit\u00e9s voisines de tignenkoura et sidikila, le calme pr\u00e9caire semble revenir dans la cit\u00e9. Ces affrontements communautaires qui ont caus\u00e9 plus de 38 bless\u00e9s et des d\u00e9g\u00e2ts mat\u00e9riels importants, sont li\u00e9s \u00e0 l\u2019exploitation artisanale d\u2019une mine d\u2019or. Des forces de l\u2019ordre et de s\u00e9curit\u00e9 [&hellip;]\" \/>\n<meta property=\"og:url\" content=\"https:\/\/guineediversite.com\/index.php\/2013\/12\/31\/mandiana-un-calme-precaire-regne-dans-la-prefecture-apres-des-affrontements-au-tour-dune-mine-dor\/\" \/>\n<meta property=\"og:site_name\" content=\"Guin\u00e9e Diversit\u00e9\" \/>\n<meta property=\"article:publisher\" content=\"https:\/\/www.facebook.com\/guineediversite\/\" \/>\n<meta property=\"article:published_time\" content=\"2013-12-30T23:00:00+00:00\" \/>\n<meta name=\"author\" content=\"Guin\u00e9e Diversit\u00e9\" \/>\n<meta name=\"twitter:card\" content=\"summary_large_image\" \/>\n<meta name=\"twitter:creator\" content=\"@GuineeDiversite\" \/>\n<meta name=\"twitter:site\" content=\"@GuineeDiversite\" \/>\n<meta name=\"twitter:label1\" content=\"\u00c9crit par\" \/>\n\t<meta name=\"twitter:data1\" content=\"Guin\u00e9e Diversit\u00e9\" \/>\n\t<meta name=\"twitter:label2\" content=\"Dur\u00e9e de lecture estim\u00e9e\" \/>\n\t<meta name=\"twitter:data2\" content=\"1 minute\" \/>\n<script type=\"application\/ld+json\" class=\"yoast-schema-graph\">{\"@context\":\"https:\/\/schema.org\",\"@graph\":[{\"@type\":\"Article\",\"@id\":\"https:\/\/guineediversite.com\/index.php\/2013\/12\/31\/mandiana-un-calme-precaire-regne-dans-la-prefecture-apres-des-affrontements-au-tour-dune-mine-dor\/#article\",\"isPartOf\":{\"@id\":\"https:\/\/guineediversite.com\/index.php\/2013\/12\/31\/mandiana-un-calme-precaire-regne-dans-la-prefecture-apres-des-affrontements-au-tour-dune-mine-dor\/\"},\"author\":{\"name\":\"Guin\u00e9e Diversit\u00e9\",\"@id\":\"https:\/\/guineediversite.com\/#\/schema\/person\/afa08fb34e7fc6e1feafc892612bc836\"},\"headline\":\"Mandiana : un calme pr\u00e9caire r\u00e8gne dans la pr\u00e9fecture, apr\u00e8s des affrontements au tour d\u2019une mine d\u2019or\",\"datePublished\":\"2013-12-30T23:00:00+00:00\",\"dateModified\":\"2013-12-30T23:00:00+00:00\",\"mainEntityOfPage\":{\"@id\":\"https:\/\/guineediversite.com\/index.php\/2013\/12\/31\/mandiana-un-calme-precaire-regne-dans-la-prefecture-apres-des-affrontements-au-tour-dune-mine-dor\/\"},\"wordCount\":254,\"commentCount\":0,\"publisher\":{\"@id\":\"https:\/\/guineediversite.com\/#organization\"},\"articleSection\":[\"Archives\"],\"inLanguage\":\"fr-FR\",\"potentialAction\":[{\"@type\":\"CommentAction\",\"name\":\"Comment\",\"target\":[\"https:\/\/guineediversite.com\/index.php\/2013\/12\/31\/mandiana-un-calme-precaire-regne-dans-la-prefecture-apres-des-affrontements-au-tour-dune-mine-dor\/#respond\"]}]},{\"@type\":\"WebPage\",\"@id\":\"https:\/\/guineediversite.com\/index.php\/2013\/12\/31\/mandiana-un-calme-precaire-regne-dans-la-prefecture-apres-des-affrontements-au-tour-dune-mine-dor\/\",\"url\":\"https:\/\/guineediversite.com\/index.php\/2013\/12\/31\/mandiana-un-calme-precaire-regne-dans-la-prefecture-apres-des-affrontements-au-tour-dune-mine-dor\/\",\"name\":\"Mandiana : un calme pr\u00e9caire r\u00e8gne dans la pr\u00e9fecture, apr\u00e8s des affrontements au tour d\u2019une mine d\u2019or | Guin\u00e9e Diversit\u00e9\",\"isPartOf\":{\"@id\":\"https:\/\/guineediversite.com\/#website\"},\"datePublished\":\"2013-12-30T23:00:00+00:00\",\"dateModified\":\"2013-12-30T23:00:00+00:00\",\"breadcrumb\":{\"@id\":\"https:\/\/guineediversite.com\/index.php\/2013\/12\/31\/mandiana-un-calme-precaire-regne-dans-la-prefecture-apres-des-affrontements-au-tour-dune-mine-dor\/#breadcrumb\"},\"inLanguage\":\"fr-FR\",\"potentialAction\":[{\"@type\":\"ReadAction\",\"target\":[\"https:\/\/guineediversite.com\/index.php\/2013\/12\/31\/mandiana-un-calme-precaire-regne-dans-la-prefecture-apres-des-affrontements-au-tour-dune-mine-dor\/\"]}]},{\"@type\":\"BreadcrumbList\",\"@id\":\"https:\/\/guineediversite.com\/index.php\/2013\/12\/31\/mandiana-un-calme-precaire-regne-dans-la-prefecture-apres-des-affrontements-au-tour-dune-mine-dor\/#breadcrumb\",\"itemListElement\":[{\"@type\":\"ListItem\",\"position\":1,\"name\":\"Accueil\",\"item\":\"https:\/\/guineediversite.com\/\"},{\"@type\":\"ListItem\",\"position\":2,\"name\":\"Mandiana : un calme pr\u00e9caire r\u00e8gne dans la pr\u00e9fecture, apr\u00e8s des affrontements au tour d\u2019une mine d\u2019or\"}]},{\"@type\":\"WebSite\",\"@id\":\"https:\/\/guineediversite.com\/#website\",\"url\":\"https:\/\/guineediversite.com\/\",\"name\":\"Guin\u00e9e Diversit\u00e9\",\"description\":\"L&#039;Info dans toute sa diversit\u00e9\",\"publisher\":{\"@id\":\"https:\/\/guineediversite.com\/#organization\"},\"potentialAction\":[{\"@type\":\"SearchAction\",\"target\":{\"@type\":\"EntryPoint\",\"urlTemplate\":\"https:\/\/guineediversite.com\/?s={search_term_string}\"},\"query-input\":{\"@type\":\"PropertyValueSpecification\",\"valueRequired\":true,\"valueName\":\"search_term_string\"}}],\"inLanguage\":\"fr-FR\"},{\"@type\":\"Organization\",\"@id\":\"https:\/\/guineediversite.com\/#organization\",\"name\":\"Guin\u00e9e Diversit\u00e9\",\"url\":\"https:\/\/guineediversite.com\/\",\"logo\":{\"@type\":\"ImageObject\",\"inLanguage\":\"fr-FR\",\"@id\":\"https:\/\/guineediversite.com\/#\/schema\/logo\/image\/\",\"url\":\"https:\/\/guineediversite.com\/wp-content\/uploads\/2017\/04\/cropped-1jojlxEOMkX9Wyqfhe43D6kjPOGqBBKmx3EwWJqZ0cMrFF54yM49.png\",\"contentUrl\":\"https:\/\/guineediversite.com\/wp-content\/uploads\/2017\/04\/cropped-1jojlxEOMkX9Wyqfhe43D6kjPOGqBBKmx3EwWJqZ0cMrFF54yM49.png\",\"width\":186,\"height\":112,\"caption\":\"Guin\u00e9e Diversit\u00e9\"},\"image\":{\"@id\":\"https:\/\/guineediversite.com\/#\/schema\/logo\/image\/\"},\"sameAs\":[\"https:\/\/www.facebook.com\/guineediversite\/\",\"https:\/\/x.com\/GuineeDiversite\",\"https:\/\/www.youtube.com\/channel\/UC8sUY16qelG5ge6_D5SB83g\"]},{\"@type\":\"Person\",\"@id\":\"https:\/\/guineediversite.com\/#\/schema\/person\/afa08fb34e7fc6e1feafc892612bc836\",\"name\":\"Guin\u00e9e Diversit\u00e9\",\"image\":{\"@type\":\"ImageObject\",\"inLanguage\":\"fr-FR\",\"@id\":\"https:\/\/guineediversite.com\/#\/schema\/person\/image\/\",\"url\":\"https:\/\/secure.gravatar.com\/avatar\/50d5eb5b390f8b65ac30ac6f898eb83a?s=96&d=mm&r=g\",\"contentUrl\":\"https:\/\/secure.gravatar.com\/avatar\/50d5eb5b390f8b65ac30ac6f898eb83a?s=96&d=mm&r=g\",\"caption\":\"Guin\u00e9e Diversit\u00e9\"},\"url\":\"https:\/\/guineediversite.com\/index.php\/author\/guineediversite\/\"}]}<\/script>\n<!-- \/ Yoast SEO plugin. -->","yoast_head_json":{"title":"Mandiana : un calme pr\u00e9caire r\u00e8gne dans la pr\u00e9fecture, apr\u00e8s des affrontements au tour d\u2019une mine d\u2019or | Guin\u00e9e Diversit\u00e9","robots":{"index":"index","follow":"follow","max-snippet":"max-snippet:-1","max-image-preview":"max-image-preview:large","max-video-preview":"max-video-preview:-1"},"canonical":"https:\/\/guineediversite.com\/index.php\/2013\/12\/31\/mandiana-un-calme-precaire-regne-dans-la-prefecture-apres-des-affrontements-au-tour-dune-mine-dor\/","og_locale":"fr_FR","og_type":"article","og_title":"Mandiana : un calme pr\u00e9caire r\u00e8gne dans la pr\u00e9fecture, apr\u00e8s des affrontements au tour d\u2019une mine d\u2019or | Guin\u00e9e Diversit\u00e9","og_description":"Apr\u00e8s les affrontements communautaires la semaine derni\u00e8re entre les habitants des localit\u00e9s voisines de tignenkoura et sidikila, le calme pr\u00e9caire semble revenir dans la cit\u00e9. Ces affrontements communautaires qui ont caus\u00e9 plus de 38 bless\u00e9s et des d\u00e9g\u00e2ts mat\u00e9riels importants, sont li\u00e9s \u00e0 l\u2019exploitation artisanale d\u2019une mine d\u2019or. Des forces de l\u2019ordre et de s\u00e9curit\u00e9 [&hellip;]","og_url":"https:\/\/guineediversite.com\/index.php\/2013\/12\/31\/mandiana-un-calme-precaire-regne-dans-la-prefecture-apres-des-affrontements-au-tour-dune-mine-dor\/","og_site_name":"Guin\u00e9e Diversit\u00e9","article_publisher":"https:\/\/www.facebook.com\/guineediversite\/","article_published_time":"2013-12-30T23:00:00+00:00","author":"Guin\u00e9e Diversit\u00e9","twitter_card":"summary_large_image","twitter_creator":"@GuineeDiversite","twitter_site":"@GuineeDiversite","twitter_misc":{"\u00c9crit par":"Guin\u00e9e Diversit\u00e9","Dur\u00e9e de lecture estim\u00e9e":"1 minute"},"schema":{"@context":"https:\/\/schema.org","@graph":[{"@type":"Article","@id":"https:\/\/guineediversite.com\/index.php\/2013\/12\/31\/mandiana-un-calme-precaire-regne-dans-la-prefecture-apres-des-affrontements-au-tour-dune-mine-dor\/#article","isPartOf":{"@id":"https:\/\/guineediversite.com\/index.php\/2013\/12\/31\/mandiana-un-calme-precaire-regne-dans-la-prefecture-apres-des-affrontements-au-tour-dune-mine-dor\/"},"author":{"name":"Guin\u00e9e Diversit\u00e9","@id":"https:\/\/guineediversite.com\/#\/schema\/person\/afa08fb34e7fc6e1feafc892612bc836"},"headline":"Mandiana : un calme pr\u00e9caire r\u00e8gne dans la pr\u00e9fecture, apr\u00e8s des affrontements au tour d\u2019une mine d\u2019or","datePublished":"2013-12-30T23:00:00+00:00","dateModified":"2013-12-30T23:00:00+00:00","mainEntityOfPage":{"@id":"https:\/\/guineediversite.com\/index.php\/2013\/12\/31\/mandiana-un-calme-precaire-regne-dans-la-prefecture-apres-des-affrontements-au-tour-dune-mine-dor\/"},"wordCount":254,"commentCount":0,"publisher":{"@id":"https:\/\/guineediversite.com\/#organization"},"articleSection":["Archives"],"inLanguage":"fr-FR","potentialAction":[{"@type":"CommentAction","name":"Comment","target":["https:\/\/guineediversite.com\/index.php\/2013\/12\/31\/mandiana-un-calme-precaire-regne-dans-la-prefecture-apres-des-affrontements-au-tour-dune-mine-dor\/#respond"]}]},{"@type":"WebPage","@id":"https:\/\/guineediversite.com\/index.php\/2013\/12\/31\/mandiana-un-calme-precaire-regne-dans-la-prefecture-apres-des-affrontements-au-tour-dune-mine-dor\/","url":"https:\/\/guineediversite.com\/index.php\/2013\/12\/31\/mandiana-un-calme-precaire-regne-dans-la-prefecture-apres-des-affrontements-au-tour-dune-mine-dor\/","name":"Mandiana : un calme pr\u00e9caire r\u00e8gne dans la pr\u00e9fecture, apr\u00e8s des affrontements au tour d\u2019une mine d\u2019or | Guin\u00e9e Diversit\u00e9","isPartOf":{"@id":"https:\/\/guineediversite.com\/#website"},"datePublished":"2013-12-30T23:00:00+00:00","dateModified":"2013-12-30T23:00:00+00:00","breadcrumb":{"@id":"https:\/\/guineediversite.com\/index.php\/2013\/12\/31\/mandiana-un-calme-precaire-regne-dans-la-prefecture-apres-des-affrontements-au-tour-dune-mine-dor\/#breadcrumb"},"inLanguage":"fr-FR","potentialAction":[{"@type":"ReadAction","target":["https:\/\/guineediversite.com\/index.php\/2013\/12\/31\/mandiana-un-calme-precaire-regne-dans-la-prefecture-apres-des-affrontements-au-tour-dune-mine-dor\/"]}]},{"@type":"BreadcrumbList","@id":"https:\/\/guineediversite.com\/index.php\/2013\/12\/31\/mandiana-un-calme-precaire-regne-dans-la-prefecture-apres-des-affrontements-au-tour-dune-mine-dor\/#breadcrumb","itemListElement":[{"@type":"ListItem","position":1,"name":"Accueil","item":"https:\/\/guineediversite.com\/"},{"@type":"ListItem","position":2,"name":"Mandiana : un calme pr\u00e9caire r\u00e8gne dans la pr\u00e9fecture, apr\u00e8s des affrontements au tour d\u2019une mine d\u2019or"}]},{"@type":"WebSite","@id":"https:\/\/guineediversite.com\/#website","url":"https:\/\/guineediversite.com\/","name":"Guin\u00e9e Diversit\u00e9","description":"L&#039;Info dans toute sa diversit\u00e9","publisher":{"@id":"https:\/\/guineediversite.com\/#organization"},"potentialAction":[{"@type":"SearchAction","target":{"@type":"EntryPoint","urlTemplate":"https:\/\/guineediversite.com\/?s={search_term_string}"},"query-input":{"@type":"PropertyValueSpecification","valueRequired":true,"valueName":"search_term_string"}}],"inLanguage":"fr-FR"},{"@type":"Organization","@id":"https:\/\/guineediversite.com\/#organization","name":"Guin\u00e9e Diversit\u00e9","url":"https:\/\/guineediversite.com\/","logo":{"@type":"ImageObject","inLanguage":"fr-FR","@id":"https:\/\/guineediversite.com\/#\/schema\/logo\/image\/","url":"https:\/\/guineediversite.com\/wp-content\/uploads\/2017\/04\/cropped-1jojlxEOMkX9Wyqfhe43D6kjPOGqBBKmx3EwWJqZ0cMrFF54yM49.png","contentUrl":"https:\/\/guineediversite.com\/wp-content\/uploads\/2017\/04\/cropped-1jojlxEOMkX9Wyqfhe43D6kjPOGqBBKmx3EwWJqZ0cMrFF54yM49.png","width":186,"height":112,"caption":"Guin\u00e9e Diversit\u00e9"},"image":{"@id":"https:\/\/guineediversite.com\/#\/schema\/logo\/image\/"},"sameAs":["https:\/\/www.facebook.com\/guineediversite\/","https:\/\/x.com\/GuineeDiversite","https:\/\/www.youtube.com\/channel\/UC8sUY16qelG5ge6_D5SB83g"]},{"@type":"Person","@id":"https:\/\/guineediversite.com\/#\/schema\/person\/afa08fb34e7fc6e1feafc892612bc836","name":"Guin\u00e9e Diversit\u00e9","image":{"@type":"ImageObject","inLanguage":"fr-FR","@id":"https:\/\/guineediversite.com\/#\/schema\/person\/image\/","url":"https:\/\/secure.gravatar.com\/avatar\/50d5eb5b390f8b65ac30ac6f898eb83a?s=96&d=mm&r=g","contentUrl":"https:\/\/secure.gravatar.com\/avatar\/50d5eb5b390f8b65ac30ac6f898eb83a?s=96&d=mm&r=g","caption":"Guin\u00e9e Diversit\u00e9"},"url":"https:\/\/guineediversite.com\/index.php\/author\/guineediversite\/"}]}},"_links":{"self":[{"href":"https:\/\/guineediversite.com\/index.php\/wp-json\/wp\/v2\/posts\/19674"}],"collection":[{"href":"https:\/\/guineediversite.com\/index.php\/wp-json\/wp\/v2\/posts"}],"about":[{"href":"https:\/\/guineediversite.com\/index.php\/wp-json\/wp\/v2\/types\/post"}],"author":[{"embeddable":true,"href":"https:\/\/guineediversite.com\/index.php\/wp-json\/wp\/v2\/users\/12"}],"replies":[{"embeddable":true,"href":"https:\/\/guineediversite.com\/index.php\/wp-json\/wp\/v2\/comments?post=19674"}],"version-history":[{"count":0,"href":"https:\/\/guineediversite.com\/index.php\/wp-json\/wp\/v2\/posts\/19674\/revisions"}],"wp:attachment":[{"href":"https:\/\/guineediversite.com\/index.php\/wp-json\/wp\/v2\/media?parent=19674"}],"wp:term":[{"taxonomy":"category","embeddable":true,"href":"https:\/\/guineediversite.com\/index.php\/wp-json\/wp\/v2\/categories?post=19674"},{"taxonomy":"post_tag","embeddable":true,"href":"https:\/\/guineediversite.com\/index.php\/wp-json\/wp\/v2\/tags?post=19674"}],"curies":[{"name":"wp","href":"https:\/\/api.w.org\/{rel}","templated":true}]}}