{"id":19673,"date":"2013-12-31T00:00:00","date_gmt":"2013-12-30T23:00:00","guid":{"rendered":"https:\/\/www.guineediversite.com\/index.php\/2013\/12\/31\/gouvernement-de-mission-des-ministres-du-gouvernement-fofana-vont-ils-revenir\/"},"modified":"2013-12-31T00:00:00","modified_gmt":"2013-12-30T23:00:00","slug":"gouvernement-de-mission-des-ministres-du-gouvernement-fofana-vont-ils-revenir","status":"publish","type":"post","link":"https:\/\/guineediversite.com\/index.php\/2013\/12\/31\/gouvernement-de-mission-des-ministres-du-gouvernement-fofana-vont-ils-revenir\/","title":{"rendered":"Gouvernement de mission : des ministres du gouvernement Fofana vont \u2013ils revenir ?"},"content":{"rendered":"<p>La question reste pos\u00e9e jusqu\u2019\u00e0 la nomination du nouveau gouvernement qui a \u00e9t\u00e9 annonc\u00e9 par le Professeur Alpha Cond\u00e9 lors de son adresse \u00e0 la nation le 31 d\u00e9cembre 2013. Malgr\u00e9 les analyses de certains observateurs qui estiment que le bilan des trois ann\u00e9es de gestion de ce gouvernement de Mohamed Sa\u00efd Fofana a \u00e9t\u00e9 n\u00e9gatif, force est de reconnaitre que certains ministre parmi tant d\u2019autres, se sont distingu\u00e9 tant bien que mal dans leur d\u00e9partements respectifs. Pour des observateurs aguerris, ces ministres ont des fortes chances d\u2019\u00eatre rappeler par le Professeur Alpha Cond\u00e9 pour les deux ann\u00e9es qui lui restent de son mandat. C\u2019est le cas notamment,  du ministre de l\u2019\u00e9conomie et des finances Kerfala Yansan\u00e9 ; Ibrahima Kourouma de l\u2019enseignement pr\u00e9-universitaire, Moustapha Koutoubou Sano de la Coop\u00e9ration Internationale, Albert Damantang Camara actuel porte-parole du Gouvernement   et Bah Ousmane des travaux publics, qui, selon certains, va \u00eatre rep\u00each\u00e9 pour des raisons politiques.<br \/>\nEn attendant que les choses se pr\u00e9cisent du cot\u00e9 de S\u00e9koutour\u00e9yah, c\u2019est les marabouts et autres grands Karamokos qui profitent. Et tant pis pour les ch\u00e8vres et les moutons qui seront sacrifi\u00e9s \u00e0 cet effet pour que les uns et les autres soient retenus dans le futur Gouvernement. <\/p>\n<p>Abdoul Matlaby Bald\u00e9 : +224 664 295 032<\/p>\n","protected":false},"excerpt":{"rendered":"<p>La question reste pos\u00e9e jusqu\u2019\u00e0 la nomination du nouveau gouvernement qui a \u00e9t\u00e9 annonc\u00e9 par le Professeur Alpha Cond\u00e9 lors de son adresse \u00e0 la nation le 31 d\u00e9cembre 2013. Malgr\u00e9 les analyses de certains observateurs qui estiment que le bilan des trois ann\u00e9es de gestion de ce gouvernement de Mohamed Sa\u00efd Fofana a \u00e9t\u00e9 [&hellip;]<\/p>\n","protected":false},"author":12,"featured_media":0,"comment_status":"open","ping_status":"open","sticky":false,"template":"","format":"standard","meta":{"_exactmetrics_skip_tracking":false,"_exactmetrics_sitenote_active":false,"_exactmetrics_sitenote_note":"","_exactmetrics_sitenote_category":0,"tdm_status":"","tdm_grid_status":"","footnotes":""},"categories":[28],"tags":[],"class_list":{"0":"post-19673","1":"post","2":"type-post","3":"status-publish","4":"format-standard","6":"category-archives"},"yoast_head":"<!-- This site is optimized with the Yoast SEO plugin v24.2 - https:\/\/yoast.com\/wordpress\/plugins\/seo\/ -->\n<title>Gouvernement de mission : des ministres du gouvernement Fofana vont \u2013ils revenir ? | Guin\u00e9e Diversit\u00e9<\/title>\n<meta name=\"robots\" content=\"index, follow, max-snippet:-1, max-image-preview:large, max-video-preview:-1\" \/>\n<link rel=\"canonical\" href=\"https:\/\/guineediversite.com\/index.php\/2013\/12\/31\/gouvernement-de-mission-des-ministres-du-gouvernement-fofana-vont-ils-revenir\/\" \/>\n<meta property=\"og:locale\" content=\"fr_FR\" \/>\n<meta property=\"og:type\" content=\"article\" \/>\n<meta property=\"og:title\" content=\"Gouvernement de mission : des ministres du gouvernement Fofana vont \u2013ils revenir ? | Guin\u00e9e Diversit\u00e9\" \/>\n<meta property=\"og:description\" content=\"La question reste pos\u00e9e jusqu\u2019\u00e0 la nomination du nouveau gouvernement qui a \u00e9t\u00e9 annonc\u00e9 par le Professeur Alpha Cond\u00e9 lors de son adresse \u00e0 la nation le 31 d\u00e9cembre 2013. Malgr\u00e9 les analyses de certains observateurs qui estiment que le bilan des trois ann\u00e9es de gestion de ce gouvernement de Mohamed Sa\u00efd Fofana a \u00e9t\u00e9 [&hellip;]\" \/>\n<meta property=\"og:url\" content=\"https:\/\/guineediversite.com\/index.php\/2013\/12\/31\/gouvernement-de-mission-des-ministres-du-gouvernement-fofana-vont-ils-revenir\/\" \/>\n<meta property=\"og:site_name\" content=\"Guin\u00e9e Diversit\u00e9\" \/>\n<meta property=\"article:publisher\" content=\"https:\/\/www.facebook.com\/guineediversite\/\" \/>\n<meta property=\"article:published_time\" content=\"2013-12-30T23:00:00+00:00\" \/>\n<meta name=\"author\" content=\"Guin\u00e9e Diversit\u00e9\" \/>\n<meta name=\"twitter:card\" content=\"summary_large_image\" \/>\n<meta name=\"twitter:creator\" content=\"@GuineeDiversite\" \/>\n<meta name=\"twitter:site\" content=\"@GuineeDiversite\" \/>\n<meta name=\"twitter:label1\" content=\"\u00c9crit par\" \/>\n\t<meta name=\"twitter:data1\" content=\"Guin\u00e9e Diversit\u00e9\" \/>\n\t<meta name=\"twitter:label2\" content=\"Dur\u00e9e de lecture estim\u00e9e\" \/>\n\t<meta name=\"twitter:data2\" content=\"1 minute\" \/>\n<script type=\"application\/ld+json\" class=\"yoast-schema-graph\">{\"@context\":\"https:\/\/schema.org\",\"@graph\":[{\"@type\":\"Article\",\"@id\":\"https:\/\/guineediversite.com\/index.php\/2013\/12\/31\/gouvernement-de-mission-des-ministres-du-gouvernement-fofana-vont-ils-revenir\/#article\",\"isPartOf\":{\"@id\":\"https:\/\/guineediversite.com\/index.php\/2013\/12\/31\/gouvernement-de-mission-des-ministres-du-gouvernement-fofana-vont-ils-revenir\/\"},\"author\":{\"name\":\"Guin\u00e9e Diversit\u00e9\",\"@id\":\"https:\/\/guineediversite.com\/#\/schema\/person\/afa08fb34e7fc6e1feafc892612bc836\"},\"headline\":\"Gouvernement de mission : des ministres du gouvernement Fofana vont \u2013ils revenir ?\",\"datePublished\":\"2013-12-30T23:00:00+00:00\",\"dateModified\":\"2013-12-30T23:00:00+00:00\",\"mainEntityOfPage\":{\"@id\":\"https:\/\/guineediversite.com\/index.php\/2013\/12\/31\/gouvernement-de-mission-des-ministres-du-gouvernement-fofana-vont-ils-revenir\/\"},\"wordCount\":231,\"commentCount\":0,\"publisher\":{\"@id\":\"https:\/\/guineediversite.com\/#organization\"},\"articleSection\":[\"Archives\"],\"inLanguage\":\"fr-FR\",\"potentialAction\":[{\"@type\":\"CommentAction\",\"name\":\"Comment\",\"target\":[\"https:\/\/guineediversite.com\/index.php\/2013\/12\/31\/gouvernement-de-mission-des-ministres-du-gouvernement-fofana-vont-ils-revenir\/#respond\"]}]},{\"@type\":\"WebPage\",\"@id\":\"https:\/\/guineediversite.com\/index.php\/2013\/12\/31\/gouvernement-de-mission-des-ministres-du-gouvernement-fofana-vont-ils-revenir\/\",\"url\":\"https:\/\/guineediversite.com\/index.php\/2013\/12\/31\/gouvernement-de-mission-des-ministres-du-gouvernement-fofana-vont-ils-revenir\/\",\"name\":\"Gouvernement de mission : des ministres du gouvernement Fofana vont \u2013ils revenir ? | Guin\u00e9e Diversit\u00e9\",\"isPartOf\":{\"@id\":\"https:\/\/guineediversite.com\/#website\"},\"datePublished\":\"2013-12-30T23:00:00+00:00\",\"dateModified\":\"2013-12-30T23:00:00+00:00\",\"breadcrumb\":{\"@id\":\"https:\/\/guineediversite.com\/index.php\/2013\/12\/31\/gouvernement-de-mission-des-ministres-du-gouvernement-fofana-vont-ils-revenir\/#breadcrumb\"},\"inLanguage\":\"fr-FR\",\"potentialAction\":[{\"@type\":\"ReadAction\",\"target\":[\"https:\/\/guineediversite.com\/index.php\/2013\/12\/31\/gouvernement-de-mission-des-ministres-du-gouvernement-fofana-vont-ils-revenir\/\"]}]},{\"@type\":\"BreadcrumbList\",\"@id\":\"https:\/\/guineediversite.com\/index.php\/2013\/12\/31\/gouvernement-de-mission-des-ministres-du-gouvernement-fofana-vont-ils-revenir\/#breadcrumb\",\"itemListElement\":[{\"@type\":\"ListItem\",\"position\":1,\"name\":\"Accueil\",\"item\":\"https:\/\/guineediversite.com\/\"},{\"@type\":\"ListItem\",\"position\":2,\"name\":\"Gouvernement de mission : des ministres du gouvernement Fofana vont \u2013ils revenir ?\"}]},{\"@type\":\"WebSite\",\"@id\":\"https:\/\/guineediversite.com\/#website\",\"url\":\"https:\/\/guineediversite.com\/\",\"name\":\"Guin\u00e9e Diversit\u00e9\",\"description\":\"L&#039;Info dans toute sa diversit\u00e9\",\"publisher\":{\"@id\":\"https:\/\/guineediversite.com\/#organization\"},\"potentialAction\":[{\"@type\":\"SearchAction\",\"target\":{\"@type\":\"EntryPoint\",\"urlTemplate\":\"https:\/\/guineediversite.com\/?s={search_term_string}\"},\"query-input\":{\"@type\":\"PropertyValueSpecification\",\"valueRequired\":true,\"valueName\":\"search_term_string\"}}],\"inLanguage\":\"fr-FR\"},{\"@type\":\"Organization\",\"@id\":\"https:\/\/guineediversite.com\/#organization\",\"name\":\"Guin\u00e9e Diversit\u00e9\",\"url\":\"https:\/\/guineediversite.com\/\",\"logo\":{\"@type\":\"ImageObject\",\"inLanguage\":\"fr-FR\",\"@id\":\"https:\/\/guineediversite.com\/#\/schema\/logo\/image\/\",\"url\":\"https:\/\/guineediversite.com\/wp-content\/uploads\/2017\/04\/cropped-1jojlxEOMkX9Wyqfhe43D6kjPOGqBBKmx3EwWJqZ0cMrFF54yM49.png\",\"contentUrl\":\"https:\/\/guineediversite.com\/wp-content\/uploads\/2017\/04\/cropped-1jojlxEOMkX9Wyqfhe43D6kjPOGqBBKmx3EwWJqZ0cMrFF54yM49.png\",\"width\":186,\"height\":112,\"caption\":\"Guin\u00e9e Diversit\u00e9\"},\"image\":{\"@id\":\"https:\/\/guineediversite.com\/#\/schema\/logo\/image\/\"},\"sameAs\":[\"https:\/\/www.facebook.com\/guineediversite\/\",\"https:\/\/x.com\/GuineeDiversite\",\"https:\/\/www.youtube.com\/channel\/UC8sUY16qelG5ge6_D5SB83g\"]},{\"@type\":\"Person\",\"@id\":\"https:\/\/guineediversite.com\/#\/schema\/person\/afa08fb34e7fc6e1feafc892612bc836\",\"name\":\"Guin\u00e9e Diversit\u00e9\",\"image\":{\"@type\":\"ImageObject\",\"inLanguage\":\"fr-FR\",\"@id\":\"https:\/\/guineediversite.com\/#\/schema\/person\/image\/\",\"url\":\"https:\/\/secure.gravatar.com\/avatar\/50d5eb5b390f8b65ac30ac6f898eb83a?s=96&d=mm&r=g\",\"contentUrl\":\"https:\/\/secure.gravatar.com\/avatar\/50d5eb5b390f8b65ac30ac6f898eb83a?s=96&d=mm&r=g\",\"caption\":\"Guin\u00e9e Diversit\u00e9\"},\"url\":\"https:\/\/guineediversite.com\/index.php\/author\/guineediversite\/\"}]}<\/script>\n<!-- \/ Yoast SEO plugin. -->","yoast_head_json":{"title":"Gouvernement de mission : des ministres du gouvernement Fofana vont \u2013ils revenir ? | Guin\u00e9e Diversit\u00e9","robots":{"index":"index","follow":"follow","max-snippet":"max-snippet:-1","max-image-preview":"max-image-preview:large","max-video-preview":"max-video-preview:-1"},"canonical":"https:\/\/guineediversite.com\/index.php\/2013\/12\/31\/gouvernement-de-mission-des-ministres-du-gouvernement-fofana-vont-ils-revenir\/","og_locale":"fr_FR","og_type":"article","og_title":"Gouvernement de mission : des ministres du gouvernement Fofana vont \u2013ils revenir ? | Guin\u00e9e Diversit\u00e9","og_description":"La question reste pos\u00e9e jusqu\u2019\u00e0 la nomination du nouveau gouvernement qui a \u00e9t\u00e9 annonc\u00e9 par le Professeur Alpha Cond\u00e9 lors de son adresse \u00e0 la nation le 31 d\u00e9cembre 2013. Malgr\u00e9 les analyses de certains observateurs qui estiment que le bilan des trois ann\u00e9es de gestion de ce gouvernement de Mohamed Sa\u00efd Fofana a \u00e9t\u00e9 [&hellip;]","og_url":"https:\/\/guineediversite.com\/index.php\/2013\/12\/31\/gouvernement-de-mission-des-ministres-du-gouvernement-fofana-vont-ils-revenir\/","og_site_name":"Guin\u00e9e Diversit\u00e9","article_publisher":"https:\/\/www.facebook.com\/guineediversite\/","article_published_time":"2013-12-30T23:00:00+00:00","author":"Guin\u00e9e Diversit\u00e9","twitter_card":"summary_large_image","twitter_creator":"@GuineeDiversite","twitter_site":"@GuineeDiversite","twitter_misc":{"\u00c9crit par":"Guin\u00e9e Diversit\u00e9","Dur\u00e9e de lecture estim\u00e9e":"1 minute"},"schema":{"@context":"https:\/\/schema.org","@graph":[{"@type":"Article","@id":"https:\/\/guineediversite.com\/index.php\/2013\/12\/31\/gouvernement-de-mission-des-ministres-du-gouvernement-fofana-vont-ils-revenir\/#article","isPartOf":{"@id":"https:\/\/guineediversite.com\/index.php\/2013\/12\/31\/gouvernement-de-mission-des-ministres-du-gouvernement-fofana-vont-ils-revenir\/"},"author":{"name":"Guin\u00e9e Diversit\u00e9","@id":"https:\/\/guineediversite.com\/#\/schema\/person\/afa08fb34e7fc6e1feafc892612bc836"},"headline":"Gouvernement de mission : des ministres du gouvernement Fofana vont \u2013ils revenir ?","datePublished":"2013-12-30T23:00:00+00:00","dateModified":"2013-12-30T23:00:00+00:00","mainEntityOfPage":{"@id":"https:\/\/guineediversite.com\/index.php\/2013\/12\/31\/gouvernement-de-mission-des-ministres-du-gouvernement-fofana-vont-ils-revenir\/"},"wordCount":231,"commentCount":0,"publisher":{"@id":"https:\/\/guineediversite.com\/#organization"},"articleSection":["Archives"],"inLanguage":"fr-FR","potentialAction":[{"@type":"CommentAction","name":"Comment","target":["https:\/\/guineediversite.com\/index.php\/2013\/12\/31\/gouvernement-de-mission-des-ministres-du-gouvernement-fofana-vont-ils-revenir\/#respond"]}]},{"@type":"WebPage","@id":"https:\/\/guineediversite.com\/index.php\/2013\/12\/31\/gouvernement-de-mission-des-ministres-du-gouvernement-fofana-vont-ils-revenir\/","url":"https:\/\/guineediversite.com\/index.php\/2013\/12\/31\/gouvernement-de-mission-des-ministres-du-gouvernement-fofana-vont-ils-revenir\/","name":"Gouvernement de mission : des ministres du gouvernement Fofana vont \u2013ils revenir ? | Guin\u00e9e Diversit\u00e9","isPartOf":{"@id":"https:\/\/guineediversite.com\/#website"},"datePublished":"2013-12-30T23:00:00+00:00","dateModified":"2013-12-30T23:00:00+00:00","breadcrumb":{"@id":"https:\/\/guineediversite.com\/index.php\/2013\/12\/31\/gouvernement-de-mission-des-ministres-du-gouvernement-fofana-vont-ils-revenir\/#breadcrumb"},"inLanguage":"fr-FR","potentialAction":[{"@type":"ReadAction","target":["https:\/\/guineediversite.com\/index.php\/2013\/12\/31\/gouvernement-de-mission-des-ministres-du-gouvernement-fofana-vont-ils-revenir\/"]}]},{"@type":"BreadcrumbList","@id":"https:\/\/guineediversite.com\/index.php\/2013\/12\/31\/gouvernement-de-mission-des-ministres-du-gouvernement-fofana-vont-ils-revenir\/#breadcrumb","itemListElement":[{"@type":"ListItem","position":1,"name":"Accueil","item":"https:\/\/guineediversite.com\/"},{"@type":"ListItem","position":2,"name":"Gouvernement de mission : des ministres du gouvernement Fofana vont \u2013ils revenir ?"}]},{"@type":"WebSite","@id":"https:\/\/guineediversite.com\/#website","url":"https:\/\/guineediversite.com\/","name":"Guin\u00e9e Diversit\u00e9","description":"L&#039;Info dans toute sa diversit\u00e9","publisher":{"@id":"https:\/\/guineediversite.com\/#organization"},"potentialAction":[{"@type":"SearchAction","target":{"@type":"EntryPoint","urlTemplate":"https:\/\/guineediversite.com\/?s={search_term_string}"},"query-input":{"@type":"PropertyValueSpecification","valueRequired":true,"valueName":"search_term_string"}}],"inLanguage":"fr-FR"},{"@type":"Organization","@id":"https:\/\/guineediversite.com\/#organization","name":"Guin\u00e9e Diversit\u00e9","url":"https:\/\/guineediversite.com\/","logo":{"@type":"ImageObject","inLanguage":"fr-FR","@id":"https:\/\/guineediversite.com\/#\/schema\/logo\/image\/","url":"https:\/\/guineediversite.com\/wp-content\/uploads\/2017\/04\/cropped-1jojlxEOMkX9Wyqfhe43D6kjPOGqBBKmx3EwWJqZ0cMrFF54yM49.png","contentUrl":"https:\/\/guineediversite.com\/wp-content\/uploads\/2017\/04\/cropped-1jojlxEOMkX9Wyqfhe43D6kjPOGqBBKmx3EwWJqZ0cMrFF54yM49.png","width":186,"height":112,"caption":"Guin\u00e9e Diversit\u00e9"},"image":{"@id":"https:\/\/guineediversite.com\/#\/schema\/logo\/image\/"},"sameAs":["https:\/\/www.facebook.com\/guineediversite\/","https:\/\/x.com\/GuineeDiversite","https:\/\/www.youtube.com\/channel\/UC8sUY16qelG5ge6_D5SB83g"]},{"@type":"Person","@id":"https:\/\/guineediversite.com\/#\/schema\/person\/afa08fb34e7fc6e1feafc892612bc836","name":"Guin\u00e9e Diversit\u00e9","image":{"@type":"ImageObject","inLanguage":"fr-FR","@id":"https:\/\/guineediversite.com\/#\/schema\/person\/image\/","url":"https:\/\/secure.gravatar.com\/avatar\/50d5eb5b390f8b65ac30ac6f898eb83a?s=96&d=mm&r=g","contentUrl":"https:\/\/secure.gravatar.com\/avatar\/50d5eb5b390f8b65ac30ac6f898eb83a?s=96&d=mm&r=g","caption":"Guin\u00e9e Diversit\u00e9"},"url":"https:\/\/guineediversite.com\/index.php\/author\/guineediversite\/"}]}},"_links":{"self":[{"href":"https:\/\/guineediversite.com\/index.php\/wp-json\/wp\/v2\/posts\/19673"}],"collection":[{"href":"https:\/\/guineediversite.com\/index.php\/wp-json\/wp\/v2\/posts"}],"about":[{"href":"https:\/\/guineediversite.com\/index.php\/wp-json\/wp\/v2\/types\/post"}],"author":[{"embeddable":true,"href":"https:\/\/guineediversite.com\/index.php\/wp-json\/wp\/v2\/users\/12"}],"replies":[{"embeddable":true,"href":"https:\/\/guineediversite.com\/index.php\/wp-json\/wp\/v2\/comments?post=19673"}],"version-history":[{"count":0,"href":"https:\/\/guineediversite.com\/index.php\/wp-json\/wp\/v2\/posts\/19673\/revisions"}],"wp:attachment":[{"href":"https:\/\/guineediversite.com\/index.php\/wp-json\/wp\/v2\/media?parent=19673"}],"wp:term":[{"taxonomy":"category","embeddable":true,"href":"https:\/\/guineediversite.com\/index.php\/wp-json\/wp\/v2\/categories?post=19673"},{"taxonomy":"post_tag","embeddable":true,"href":"https:\/\/guineediversite.com\/index.php\/wp-json\/wp\/v2\/tags?post=19673"}],"curies":[{"name":"wp","href":"https:\/\/api.w.org\/{rel}","templated":true}]}}