{"id":19672,"date":"2013-12-31T00:00:00","date_gmt":"2013-12-30T23:00:00","guid":{"rendered":"https:\/\/www.guineediversite.com\/index.php\/2013\/12\/31\/reaction-del-hadj-mamadou-sylla-apres-la-demission-de-vingt-cadres-de-son-parti\/"},"modified":"2013-12-31T00:00:00","modified_gmt":"2013-12-30T23:00:00","slug":"reaction-del-hadj-mamadou-sylla-apres-la-demission-de-vingt-cadres-de-son-parti","status":"publish","type":"post","link":"https:\/\/guineediversite.com\/index.php\/2013\/12\/31\/reaction-del-hadj-mamadou-sylla-apres-la-demission-de-vingt-cadres-de-son-parti\/","title":{"rendered":"R\u00e9action d\u2019El hadj Mamadou Sylla apr\u00e8s la d\u00e9mission de vingt cadres de son parti"},"content":{"rendered":"<p>Le pr\u00e9sident de l\u2019UDG qualifie de non \u00e9v\u00e8nement la d\u00e9mission de 20 cadres de son parti dont son Secr\u00e9taire g\u00e9n\u00e9ral Soriba Sorel Camara. El hadj Mamadou Sylla s\u2019est exprim\u00e9 ce samedi, lors d\u2019un entretien qu\u2019il a accord\u00e9 \u00e0 la presse guin\u00e9enne.<br \/>\n\u00ab Un secr\u00e9taire g\u00e9n\u00e9ral qui a fait trois ans \u00e0 la t\u00eate d\u2019un parti, s\u2019il n\u2019arrive qu\u2019\u00e0 faire d\u00e9missionner que 19 personnes plus sa voix, cela d\u00e9montre \u00e0 suffisance sa d\u00e9faite \u00bb a d\u00e9clar\u00e9 le Pr\u00e9sident de l\u2019UDG.<br \/>\n. Parlant des rumeurs faisant \u00e9tat de son alliance avec l\u2019opposition, El hadj Mamadou Sylla, affirme qu\u2019aucun accord d\u2019alliance n\u2019a \u00e9t\u00e9 sign\u00e9 entre lui et l\u2019opposions.          \u00ab Certains membre de l\u2019opposition m\u2019ont appel\u00e9 et d\u2019autres sont venus chez moi pour me demander de me joindre \u00e0 eux. Je me suis entretenu avec eux. Mais dire que j\u2019ai sign\u00e9 un accord d\u2019alliance avec l\u2019opposition, cela n\u2019est pas vrai. Pour le moment, ma famille politique c\u2019est le RPG ARC-EN-CIEL \u00bb a indiqu\u00e9 El hadj Mamadou Sylla.<br \/>\nCiss\u00e9 Abdoulaye +224 664 294 847<\/p>\n","protected":false},"excerpt":{"rendered":"<p>Le pr\u00e9sident de l\u2019UDG qualifie de non \u00e9v\u00e8nement la d\u00e9mission de 20 cadres de son parti dont son Secr\u00e9taire g\u00e9n\u00e9ral Soriba Sorel Camara. El hadj Mamadou Sylla s\u2019est exprim\u00e9 ce samedi, lors d\u2019un entretien qu\u2019il a accord\u00e9 \u00e0 la presse guin\u00e9enne. \u00ab Un secr\u00e9taire g\u00e9n\u00e9ral qui a fait trois ans \u00e0 la t\u00eate d\u2019un parti, [&hellip;]<\/p>\n","protected":false},"author":12,"featured_media":0,"comment_status":"open","ping_status":"open","sticky":false,"template":"","format":"standard","meta":{"_exactmetrics_skip_tracking":false,"_exactmetrics_sitenote_active":false,"_exactmetrics_sitenote_note":"","_exactmetrics_sitenote_category":0,"tdm_status":"","tdm_grid_status":"","footnotes":""},"categories":[28],"tags":[],"class_list":{"0":"post-19672","1":"post","2":"type-post","3":"status-publish","4":"format-standard","6":"category-archives"},"yoast_head":"<!-- This site is optimized with the Yoast SEO plugin v24.2 - https:\/\/yoast.com\/wordpress\/plugins\/seo\/ -->\n<title>R\u00e9action d\u2019El hadj Mamadou Sylla apr\u00e8s la d\u00e9mission de vingt cadres de son parti | Guin\u00e9e Diversit\u00e9<\/title>\n<meta name=\"robots\" content=\"index, follow, max-snippet:-1, max-image-preview:large, max-video-preview:-1\" \/>\n<link rel=\"canonical\" href=\"https:\/\/guineediversite.com\/index.php\/2013\/12\/31\/reaction-del-hadj-mamadou-sylla-apres-la-demission-de-vingt-cadres-de-son-parti\/\" \/>\n<meta property=\"og:locale\" content=\"fr_FR\" \/>\n<meta property=\"og:type\" content=\"article\" \/>\n<meta property=\"og:title\" content=\"R\u00e9action d\u2019El hadj Mamadou Sylla apr\u00e8s la d\u00e9mission de vingt cadres de son parti | Guin\u00e9e Diversit\u00e9\" \/>\n<meta property=\"og:description\" content=\"Le pr\u00e9sident de l\u2019UDG qualifie de non \u00e9v\u00e8nement la d\u00e9mission de 20 cadres de son parti dont son Secr\u00e9taire g\u00e9n\u00e9ral Soriba Sorel Camara. El hadj Mamadou Sylla s\u2019est exprim\u00e9 ce samedi, lors d\u2019un entretien qu\u2019il a accord\u00e9 \u00e0 la presse guin\u00e9enne. \u00ab Un secr\u00e9taire g\u00e9n\u00e9ral qui a fait trois ans \u00e0 la t\u00eate d\u2019un parti, [&hellip;]\" \/>\n<meta property=\"og:url\" content=\"https:\/\/guineediversite.com\/index.php\/2013\/12\/31\/reaction-del-hadj-mamadou-sylla-apres-la-demission-de-vingt-cadres-de-son-parti\/\" \/>\n<meta property=\"og:site_name\" content=\"Guin\u00e9e Diversit\u00e9\" \/>\n<meta property=\"article:publisher\" content=\"https:\/\/www.facebook.com\/guineediversite\/\" \/>\n<meta property=\"article:published_time\" content=\"2013-12-30T23:00:00+00:00\" \/>\n<meta name=\"author\" content=\"Guin\u00e9e Diversit\u00e9\" \/>\n<meta name=\"twitter:card\" content=\"summary_large_image\" \/>\n<meta name=\"twitter:creator\" content=\"@GuineeDiversite\" \/>\n<meta name=\"twitter:site\" content=\"@GuineeDiversite\" \/>\n<meta name=\"twitter:label1\" content=\"\u00c9crit par\" \/>\n\t<meta name=\"twitter:data1\" content=\"Guin\u00e9e Diversit\u00e9\" \/>\n\t<meta name=\"twitter:label2\" content=\"Dur\u00e9e de lecture estim\u00e9e\" \/>\n\t<meta name=\"twitter:data2\" content=\"1 minute\" \/>\n<script type=\"application\/ld+json\" class=\"yoast-schema-graph\">{\"@context\":\"https:\/\/schema.org\",\"@graph\":[{\"@type\":\"Article\",\"@id\":\"https:\/\/guineediversite.com\/index.php\/2013\/12\/31\/reaction-del-hadj-mamadou-sylla-apres-la-demission-de-vingt-cadres-de-son-parti\/#article\",\"isPartOf\":{\"@id\":\"https:\/\/guineediversite.com\/index.php\/2013\/12\/31\/reaction-del-hadj-mamadou-sylla-apres-la-demission-de-vingt-cadres-de-son-parti\/\"},\"author\":{\"name\":\"Guin\u00e9e Diversit\u00e9\",\"@id\":\"https:\/\/guineediversite.com\/#\/schema\/person\/afa08fb34e7fc6e1feafc892612bc836\"},\"headline\":\"R\u00e9action d\u2019El hadj Mamadou Sylla apr\u00e8s la d\u00e9mission de vingt cadres de son parti\",\"datePublished\":\"2013-12-30T23:00:00+00:00\",\"dateModified\":\"2013-12-30T23:00:00+00:00\",\"mainEntityOfPage\":{\"@id\":\"https:\/\/guineediversite.com\/index.php\/2013\/12\/31\/reaction-del-hadj-mamadou-sylla-apres-la-demission-de-vingt-cadres-de-son-parti\/\"},\"wordCount\":209,\"commentCount\":0,\"publisher\":{\"@id\":\"https:\/\/guineediversite.com\/#organization\"},\"articleSection\":[\"Archives\"],\"inLanguage\":\"fr-FR\",\"potentialAction\":[{\"@type\":\"CommentAction\",\"name\":\"Comment\",\"target\":[\"https:\/\/guineediversite.com\/index.php\/2013\/12\/31\/reaction-del-hadj-mamadou-sylla-apres-la-demission-de-vingt-cadres-de-son-parti\/#respond\"]}]},{\"@type\":\"WebPage\",\"@id\":\"https:\/\/guineediversite.com\/index.php\/2013\/12\/31\/reaction-del-hadj-mamadou-sylla-apres-la-demission-de-vingt-cadres-de-son-parti\/\",\"url\":\"https:\/\/guineediversite.com\/index.php\/2013\/12\/31\/reaction-del-hadj-mamadou-sylla-apres-la-demission-de-vingt-cadres-de-son-parti\/\",\"name\":\"R\u00e9action d\u2019El hadj Mamadou Sylla apr\u00e8s la d\u00e9mission de vingt cadres de son parti | Guin\u00e9e Diversit\u00e9\",\"isPartOf\":{\"@id\":\"https:\/\/guineediversite.com\/#website\"},\"datePublished\":\"2013-12-30T23:00:00+00:00\",\"dateModified\":\"2013-12-30T23:00:00+00:00\",\"breadcrumb\":{\"@id\":\"https:\/\/guineediversite.com\/index.php\/2013\/12\/31\/reaction-del-hadj-mamadou-sylla-apres-la-demission-de-vingt-cadres-de-son-parti\/#breadcrumb\"},\"inLanguage\":\"fr-FR\",\"potentialAction\":[{\"@type\":\"ReadAction\",\"target\":[\"https:\/\/guineediversite.com\/index.php\/2013\/12\/31\/reaction-del-hadj-mamadou-sylla-apres-la-demission-de-vingt-cadres-de-son-parti\/\"]}]},{\"@type\":\"BreadcrumbList\",\"@id\":\"https:\/\/guineediversite.com\/index.php\/2013\/12\/31\/reaction-del-hadj-mamadou-sylla-apres-la-demission-de-vingt-cadres-de-son-parti\/#breadcrumb\",\"itemListElement\":[{\"@type\":\"ListItem\",\"position\":1,\"name\":\"Accueil\",\"item\":\"https:\/\/guineediversite.com\/\"},{\"@type\":\"ListItem\",\"position\":2,\"name\":\"R\u00e9action d\u2019El hadj Mamadou Sylla apr\u00e8s la d\u00e9mission de vingt cadres de son parti\"}]},{\"@type\":\"WebSite\",\"@id\":\"https:\/\/guineediversite.com\/#website\",\"url\":\"https:\/\/guineediversite.com\/\",\"name\":\"Guin\u00e9e Diversit\u00e9\",\"description\":\"L&#039;Info dans toute sa diversit\u00e9\",\"publisher\":{\"@id\":\"https:\/\/guineediversite.com\/#organization\"},\"potentialAction\":[{\"@type\":\"SearchAction\",\"target\":{\"@type\":\"EntryPoint\",\"urlTemplate\":\"https:\/\/guineediversite.com\/?s={search_term_string}\"},\"query-input\":{\"@type\":\"PropertyValueSpecification\",\"valueRequired\":true,\"valueName\":\"search_term_string\"}}],\"inLanguage\":\"fr-FR\"},{\"@type\":\"Organization\",\"@id\":\"https:\/\/guineediversite.com\/#organization\",\"name\":\"Guin\u00e9e Diversit\u00e9\",\"url\":\"https:\/\/guineediversite.com\/\",\"logo\":{\"@type\":\"ImageObject\",\"inLanguage\":\"fr-FR\",\"@id\":\"https:\/\/guineediversite.com\/#\/schema\/logo\/image\/\",\"url\":\"https:\/\/guineediversite.com\/wp-content\/uploads\/2017\/04\/cropped-1jojlxEOMkX9Wyqfhe43D6kjPOGqBBKmx3EwWJqZ0cMrFF54yM49.png\",\"contentUrl\":\"https:\/\/guineediversite.com\/wp-content\/uploads\/2017\/04\/cropped-1jojlxEOMkX9Wyqfhe43D6kjPOGqBBKmx3EwWJqZ0cMrFF54yM49.png\",\"width\":186,\"height\":112,\"caption\":\"Guin\u00e9e Diversit\u00e9\"},\"image\":{\"@id\":\"https:\/\/guineediversite.com\/#\/schema\/logo\/image\/\"},\"sameAs\":[\"https:\/\/www.facebook.com\/guineediversite\/\",\"https:\/\/x.com\/GuineeDiversite\",\"https:\/\/www.youtube.com\/channel\/UC8sUY16qelG5ge6_D5SB83g\"]},{\"@type\":\"Person\",\"@id\":\"https:\/\/guineediversite.com\/#\/schema\/person\/afa08fb34e7fc6e1feafc892612bc836\",\"name\":\"Guin\u00e9e Diversit\u00e9\",\"image\":{\"@type\":\"ImageObject\",\"inLanguage\":\"fr-FR\",\"@id\":\"https:\/\/guineediversite.com\/#\/schema\/person\/image\/\",\"url\":\"https:\/\/secure.gravatar.com\/avatar\/50d5eb5b390f8b65ac30ac6f898eb83a?s=96&d=mm&r=g\",\"contentUrl\":\"https:\/\/secure.gravatar.com\/avatar\/50d5eb5b390f8b65ac30ac6f898eb83a?s=96&d=mm&r=g\",\"caption\":\"Guin\u00e9e Diversit\u00e9\"},\"url\":\"https:\/\/guineediversite.com\/index.php\/author\/guineediversite\/\"}]}<\/script>\n<!-- \/ Yoast SEO plugin. -->","yoast_head_json":{"title":"R\u00e9action d\u2019El hadj Mamadou Sylla apr\u00e8s la d\u00e9mission de vingt cadres de son parti | Guin\u00e9e Diversit\u00e9","robots":{"index":"index","follow":"follow","max-snippet":"max-snippet:-1","max-image-preview":"max-image-preview:large","max-video-preview":"max-video-preview:-1"},"canonical":"https:\/\/guineediversite.com\/index.php\/2013\/12\/31\/reaction-del-hadj-mamadou-sylla-apres-la-demission-de-vingt-cadres-de-son-parti\/","og_locale":"fr_FR","og_type":"article","og_title":"R\u00e9action d\u2019El hadj Mamadou Sylla apr\u00e8s la d\u00e9mission de vingt cadres de son parti | Guin\u00e9e Diversit\u00e9","og_description":"Le pr\u00e9sident de l\u2019UDG qualifie de non \u00e9v\u00e8nement la d\u00e9mission de 20 cadres de son parti dont son Secr\u00e9taire g\u00e9n\u00e9ral Soriba Sorel Camara. El hadj Mamadou Sylla s\u2019est exprim\u00e9 ce samedi, lors d\u2019un entretien qu\u2019il a accord\u00e9 \u00e0 la presse guin\u00e9enne. \u00ab Un secr\u00e9taire g\u00e9n\u00e9ral qui a fait trois ans \u00e0 la t\u00eate d\u2019un parti, [&hellip;]","og_url":"https:\/\/guineediversite.com\/index.php\/2013\/12\/31\/reaction-del-hadj-mamadou-sylla-apres-la-demission-de-vingt-cadres-de-son-parti\/","og_site_name":"Guin\u00e9e Diversit\u00e9","article_publisher":"https:\/\/www.facebook.com\/guineediversite\/","article_published_time":"2013-12-30T23:00:00+00:00","author":"Guin\u00e9e Diversit\u00e9","twitter_card":"summary_large_image","twitter_creator":"@GuineeDiversite","twitter_site":"@GuineeDiversite","twitter_misc":{"\u00c9crit par":"Guin\u00e9e Diversit\u00e9","Dur\u00e9e de lecture estim\u00e9e":"1 minute"},"schema":{"@context":"https:\/\/schema.org","@graph":[{"@type":"Article","@id":"https:\/\/guineediversite.com\/index.php\/2013\/12\/31\/reaction-del-hadj-mamadou-sylla-apres-la-demission-de-vingt-cadres-de-son-parti\/#article","isPartOf":{"@id":"https:\/\/guineediversite.com\/index.php\/2013\/12\/31\/reaction-del-hadj-mamadou-sylla-apres-la-demission-de-vingt-cadres-de-son-parti\/"},"author":{"name":"Guin\u00e9e Diversit\u00e9","@id":"https:\/\/guineediversite.com\/#\/schema\/person\/afa08fb34e7fc6e1feafc892612bc836"},"headline":"R\u00e9action d\u2019El hadj Mamadou Sylla apr\u00e8s la d\u00e9mission de vingt cadres de son parti","datePublished":"2013-12-30T23:00:00+00:00","dateModified":"2013-12-30T23:00:00+00:00","mainEntityOfPage":{"@id":"https:\/\/guineediversite.com\/index.php\/2013\/12\/31\/reaction-del-hadj-mamadou-sylla-apres-la-demission-de-vingt-cadres-de-son-parti\/"},"wordCount":209,"commentCount":0,"publisher":{"@id":"https:\/\/guineediversite.com\/#organization"},"articleSection":["Archives"],"inLanguage":"fr-FR","potentialAction":[{"@type":"CommentAction","name":"Comment","target":["https:\/\/guineediversite.com\/index.php\/2013\/12\/31\/reaction-del-hadj-mamadou-sylla-apres-la-demission-de-vingt-cadres-de-son-parti\/#respond"]}]},{"@type":"WebPage","@id":"https:\/\/guineediversite.com\/index.php\/2013\/12\/31\/reaction-del-hadj-mamadou-sylla-apres-la-demission-de-vingt-cadres-de-son-parti\/","url":"https:\/\/guineediversite.com\/index.php\/2013\/12\/31\/reaction-del-hadj-mamadou-sylla-apres-la-demission-de-vingt-cadres-de-son-parti\/","name":"R\u00e9action d\u2019El hadj Mamadou Sylla apr\u00e8s la d\u00e9mission de vingt cadres de son parti | Guin\u00e9e Diversit\u00e9","isPartOf":{"@id":"https:\/\/guineediversite.com\/#website"},"datePublished":"2013-12-30T23:00:00+00:00","dateModified":"2013-12-30T23:00:00+00:00","breadcrumb":{"@id":"https:\/\/guineediversite.com\/index.php\/2013\/12\/31\/reaction-del-hadj-mamadou-sylla-apres-la-demission-de-vingt-cadres-de-son-parti\/#breadcrumb"},"inLanguage":"fr-FR","potentialAction":[{"@type":"ReadAction","target":["https:\/\/guineediversite.com\/index.php\/2013\/12\/31\/reaction-del-hadj-mamadou-sylla-apres-la-demission-de-vingt-cadres-de-son-parti\/"]}]},{"@type":"BreadcrumbList","@id":"https:\/\/guineediversite.com\/index.php\/2013\/12\/31\/reaction-del-hadj-mamadou-sylla-apres-la-demission-de-vingt-cadres-de-son-parti\/#breadcrumb","itemListElement":[{"@type":"ListItem","position":1,"name":"Accueil","item":"https:\/\/guineediversite.com\/"},{"@type":"ListItem","position":2,"name":"R\u00e9action d\u2019El hadj Mamadou Sylla apr\u00e8s la d\u00e9mission de vingt cadres de son parti"}]},{"@type":"WebSite","@id":"https:\/\/guineediversite.com\/#website","url":"https:\/\/guineediversite.com\/","name":"Guin\u00e9e Diversit\u00e9","description":"L&#039;Info dans toute sa diversit\u00e9","publisher":{"@id":"https:\/\/guineediversite.com\/#organization"},"potentialAction":[{"@type":"SearchAction","target":{"@type":"EntryPoint","urlTemplate":"https:\/\/guineediversite.com\/?s={search_term_string}"},"query-input":{"@type":"PropertyValueSpecification","valueRequired":true,"valueName":"search_term_string"}}],"inLanguage":"fr-FR"},{"@type":"Organization","@id":"https:\/\/guineediversite.com\/#organization","name":"Guin\u00e9e Diversit\u00e9","url":"https:\/\/guineediversite.com\/","logo":{"@type":"ImageObject","inLanguage":"fr-FR","@id":"https:\/\/guineediversite.com\/#\/schema\/logo\/image\/","url":"https:\/\/guineediversite.com\/wp-content\/uploads\/2017\/04\/cropped-1jojlxEOMkX9Wyqfhe43D6kjPOGqBBKmx3EwWJqZ0cMrFF54yM49.png","contentUrl":"https:\/\/guineediversite.com\/wp-content\/uploads\/2017\/04\/cropped-1jojlxEOMkX9Wyqfhe43D6kjPOGqBBKmx3EwWJqZ0cMrFF54yM49.png","width":186,"height":112,"caption":"Guin\u00e9e Diversit\u00e9"},"image":{"@id":"https:\/\/guineediversite.com\/#\/schema\/logo\/image\/"},"sameAs":["https:\/\/www.facebook.com\/guineediversite\/","https:\/\/x.com\/GuineeDiversite","https:\/\/www.youtube.com\/channel\/UC8sUY16qelG5ge6_D5SB83g"]},{"@type":"Person","@id":"https:\/\/guineediversite.com\/#\/schema\/person\/afa08fb34e7fc6e1feafc892612bc836","name":"Guin\u00e9e Diversit\u00e9","image":{"@type":"ImageObject","inLanguage":"fr-FR","@id":"https:\/\/guineediversite.com\/#\/schema\/person\/image\/","url":"https:\/\/secure.gravatar.com\/avatar\/50d5eb5b390f8b65ac30ac6f898eb83a?s=96&d=mm&r=g","contentUrl":"https:\/\/secure.gravatar.com\/avatar\/50d5eb5b390f8b65ac30ac6f898eb83a?s=96&d=mm&r=g","caption":"Guin\u00e9e Diversit\u00e9"},"url":"https:\/\/guineediversite.com\/index.php\/author\/guineediversite\/"}]}},"_links":{"self":[{"href":"https:\/\/guineediversite.com\/index.php\/wp-json\/wp\/v2\/posts\/19672"}],"collection":[{"href":"https:\/\/guineediversite.com\/index.php\/wp-json\/wp\/v2\/posts"}],"about":[{"href":"https:\/\/guineediversite.com\/index.php\/wp-json\/wp\/v2\/types\/post"}],"author":[{"embeddable":true,"href":"https:\/\/guineediversite.com\/index.php\/wp-json\/wp\/v2\/users\/12"}],"replies":[{"embeddable":true,"href":"https:\/\/guineediversite.com\/index.php\/wp-json\/wp\/v2\/comments?post=19672"}],"version-history":[{"count":0,"href":"https:\/\/guineediversite.com\/index.php\/wp-json\/wp\/v2\/posts\/19672\/revisions"}],"wp:attachment":[{"href":"https:\/\/guineediversite.com\/index.php\/wp-json\/wp\/v2\/media?parent=19672"}],"wp:term":[{"taxonomy":"category","embeddable":true,"href":"https:\/\/guineediversite.com\/index.php\/wp-json\/wp\/v2\/categories?post=19672"},{"taxonomy":"post_tag","embeddable":true,"href":"https:\/\/guineediversite.com\/index.php\/wp-json\/wp\/v2\/tags?post=19672"}],"curies":[{"name":"wp","href":"https:\/\/api.w.org\/{rel}","templated":true}]}}