{"id":19669,"date":"2013-12-31T00:00:00","date_gmt":"2013-12-30T23:00:00","guid":{"rendered":"https:\/\/www.guineediversite.com\/index.php\/2013\/12\/31\/entre-la-demission-et-le-limogeage-quelle-option-va-choisir-le-gouvernement-de-mohamed-said-fofana\/"},"modified":"2013-12-31T00:00:00","modified_gmt":"2013-12-30T23:00:00","slug":"entre-la-demission-et-le-limogeage-quelle-option-va-choisir-le-gouvernement-de-mohamed-said-fofana","status":"publish","type":"post","link":"https:\/\/guineediversite.com\/index.php\/2013\/12\/31\/entre-la-demission-et-le-limogeage-quelle-option-va-choisir-le-gouvernement-de-mohamed-said-fofana\/","title":{"rendered":"Entre la d\u00e9mission et le limogeage, quelle option va choisir le gouvernement de Mohamed Sa\u00efd Fofana ?"},"content":{"rendered":"<p>De toutes les fa\u00e7ons, c\u2019est officiel le gouvernement de Mohamed Said Fofana doit partir dans les heures qui suivent. La v\u00e9ritable question que les guin\u00e9ens se posent en ce moment, c\u2019est comment ce gouvernement  veut partir.  Mohamed Said Fofana et ses ministres attendent \u2013ils un d\u00e9cret du Pr\u00e9sident Alpha Cond\u00e9 pour plier bagage ou bien ils vont sauver la face en pr\u00e9sentant une lettre de d\u00e9mission au Chef de l\u2019Etat et \u00e9viter ainsi la honte comme il se murmure dans les quartiers de Conakry.<br \/>\nSelon une source proche de Sekoutour\u00e9ya, ce jeudi, lors du Conseil des ministres, le Professeur Alpha Cond\u00e9 a ouvertement demand\u00e9 au Premier ministre et \u00e0 son \u00e9quipe de d\u00e9missionner avant le 13 janvier 2014.<br \/>\nLors de son adresse \u00e0 la nation le 31 d\u00e9cembre 2013, Alpha Cond\u00e9 avait annonc\u00e9 l\u2019arriv\u00e9e d\u2019un nouveau gouvernement qu\u2019il qualifie de mission.<br \/>\nLe gouvernement de Mohamed Said Fofana qui accompagne le Professeur Alpha Cond\u00e9 depuis son \u00e9lection il y a trois ans se caract\u00e9rise par son pl\u00e9thore (pr\u00e9s de 40 ministres), mais aussi, aux yeux de plusieurs observateurs, c\u2019est un gouvernement de r\u00e9compense pour ceux qui  ont permis en 2010, au \u00ab Vieux Professeur \u00bb d\u2019acc\u00e9der au pouvoir. Ces ministres de la r\u00e9publique, au lieu de s\u2019attaquer aux v\u00e9ritables probl\u00e8mes que les guin\u00e9ens sont confront\u00e9s se sont  illustr\u00e9 encore ces derniers mois, dans des campagnes \u00e9lectorales pour pr\u00e9parer une majorit\u00e9 au Professeur Alpha Cond\u00e9 pendant les \u00e9lections l\u00e9gislatives.<br \/>\nM\u00eame si certains ministre ont des fortes chances de se retrouver dans le nouveau gouvernement, ils ne sont pas nombreux nous indique une source sure. D\u2019ailleurs, le Pr\u00e9sident Cond\u00e9 avait d\u00e9clar\u00e9 r\u00e9cemment que ce nouveau gouvernement sera tr\u00e8s restreint.<br \/>\nComme le disent les anglais, wait and see !<\/p>\n<p>Thierno Moussa Bah<br \/>\n+224 664 373 398<\/p>\n","protected":false},"excerpt":{"rendered":"<p>De toutes les fa\u00e7ons, c\u2019est officiel le gouvernement de Mohamed Said Fofana doit partir dans les heures qui suivent. La v\u00e9ritable question que les guin\u00e9ens se posent en ce moment, c\u2019est comment ce gouvernement veut partir. Mohamed Said Fofana et ses ministres attendent \u2013ils un d\u00e9cret du Pr\u00e9sident Alpha Cond\u00e9 pour plier bagage ou bien [&hellip;]<\/p>\n","protected":false},"author":12,"featured_media":0,"comment_status":"open","ping_status":"open","sticky":false,"template":"","format":"standard","meta":{"_exactmetrics_skip_tracking":false,"_exactmetrics_sitenote_active":false,"_exactmetrics_sitenote_note":"","_exactmetrics_sitenote_category":0,"tdm_status":"","tdm_grid_status":"","footnotes":""},"categories":[28],"tags":[],"class_list":{"0":"post-19669","1":"post","2":"type-post","3":"status-publish","4":"format-standard","6":"category-archives"},"yoast_head":"<!-- This site is optimized with the Yoast SEO plugin v24.2 - https:\/\/yoast.com\/wordpress\/plugins\/seo\/ -->\n<title>Entre la d\u00e9mission et le limogeage, quelle option va choisir le gouvernement de Mohamed Sa\u00efd Fofana ? | Guin\u00e9e Diversit\u00e9<\/title>\n<meta name=\"robots\" content=\"index, follow, max-snippet:-1, max-image-preview:large, max-video-preview:-1\" \/>\n<link rel=\"canonical\" href=\"https:\/\/guineediversite.com\/index.php\/2013\/12\/31\/entre-la-demission-et-le-limogeage-quelle-option-va-choisir-le-gouvernement-de-mohamed-said-fofana\/\" \/>\n<meta property=\"og:locale\" content=\"fr_FR\" \/>\n<meta property=\"og:type\" content=\"article\" \/>\n<meta property=\"og:title\" content=\"Entre la d\u00e9mission et le limogeage, quelle option va choisir le gouvernement de Mohamed Sa\u00efd Fofana ? | Guin\u00e9e Diversit\u00e9\" \/>\n<meta property=\"og:description\" content=\"De toutes les fa\u00e7ons, c\u2019est officiel le gouvernement de Mohamed Said Fofana doit partir dans les heures qui suivent. La v\u00e9ritable question que les guin\u00e9ens se posent en ce moment, c\u2019est comment ce gouvernement veut partir. Mohamed Said Fofana et ses ministres attendent \u2013ils un d\u00e9cret du Pr\u00e9sident Alpha Cond\u00e9 pour plier bagage ou bien [&hellip;]\" \/>\n<meta property=\"og:url\" content=\"https:\/\/guineediversite.com\/index.php\/2013\/12\/31\/entre-la-demission-et-le-limogeage-quelle-option-va-choisir-le-gouvernement-de-mohamed-said-fofana\/\" \/>\n<meta property=\"og:site_name\" content=\"Guin\u00e9e Diversit\u00e9\" \/>\n<meta property=\"article:publisher\" content=\"https:\/\/www.facebook.com\/guineediversite\/\" \/>\n<meta property=\"article:published_time\" content=\"2013-12-30T23:00:00+00:00\" \/>\n<meta name=\"author\" content=\"Guin\u00e9e Diversit\u00e9\" \/>\n<meta name=\"twitter:card\" content=\"summary_large_image\" \/>\n<meta name=\"twitter:creator\" content=\"@GuineeDiversite\" \/>\n<meta name=\"twitter:site\" content=\"@GuineeDiversite\" \/>\n<meta name=\"twitter:label1\" content=\"\u00c9crit par\" \/>\n\t<meta name=\"twitter:data1\" content=\"Guin\u00e9e Diversit\u00e9\" \/>\n\t<meta name=\"twitter:label2\" content=\"Dur\u00e9e de lecture estim\u00e9e\" \/>\n\t<meta name=\"twitter:data2\" content=\"2 minutes\" \/>\n<script type=\"application\/ld+json\" class=\"yoast-schema-graph\">{\"@context\":\"https:\/\/schema.org\",\"@graph\":[{\"@type\":\"Article\",\"@id\":\"https:\/\/guineediversite.com\/index.php\/2013\/12\/31\/entre-la-demission-et-le-limogeage-quelle-option-va-choisir-le-gouvernement-de-mohamed-said-fofana\/#article\",\"isPartOf\":{\"@id\":\"https:\/\/guineediversite.com\/index.php\/2013\/12\/31\/entre-la-demission-et-le-limogeage-quelle-option-va-choisir-le-gouvernement-de-mohamed-said-fofana\/\"},\"author\":{\"name\":\"Guin\u00e9e Diversit\u00e9\",\"@id\":\"https:\/\/guineediversite.com\/#\/schema\/person\/afa08fb34e7fc6e1feafc892612bc836\"},\"headline\":\"Entre la d\u00e9mission et le limogeage, quelle option va choisir le gouvernement de Mohamed Sa\u00efd Fofana ?\",\"datePublished\":\"2013-12-30T23:00:00+00:00\",\"dateModified\":\"2013-12-30T23:00:00+00:00\",\"mainEntityOfPage\":{\"@id\":\"https:\/\/guineediversite.com\/index.php\/2013\/12\/31\/entre-la-demission-et-le-limogeage-quelle-option-va-choisir-le-gouvernement-de-mohamed-said-fofana\/\"},\"wordCount\":333,\"commentCount\":0,\"publisher\":{\"@id\":\"https:\/\/guineediversite.com\/#organization\"},\"articleSection\":[\"Archives\"],\"inLanguage\":\"fr-FR\",\"potentialAction\":[{\"@type\":\"CommentAction\",\"name\":\"Comment\",\"target\":[\"https:\/\/guineediversite.com\/index.php\/2013\/12\/31\/entre-la-demission-et-le-limogeage-quelle-option-va-choisir-le-gouvernement-de-mohamed-said-fofana\/#respond\"]}]},{\"@type\":\"WebPage\",\"@id\":\"https:\/\/guineediversite.com\/index.php\/2013\/12\/31\/entre-la-demission-et-le-limogeage-quelle-option-va-choisir-le-gouvernement-de-mohamed-said-fofana\/\",\"url\":\"https:\/\/guineediversite.com\/index.php\/2013\/12\/31\/entre-la-demission-et-le-limogeage-quelle-option-va-choisir-le-gouvernement-de-mohamed-said-fofana\/\",\"name\":\"Entre la d\u00e9mission et le limogeage, quelle option va choisir le gouvernement de Mohamed Sa\u00efd Fofana ? | Guin\u00e9e Diversit\u00e9\",\"isPartOf\":{\"@id\":\"https:\/\/guineediversite.com\/#website\"},\"datePublished\":\"2013-12-30T23:00:00+00:00\",\"dateModified\":\"2013-12-30T23:00:00+00:00\",\"breadcrumb\":{\"@id\":\"https:\/\/guineediversite.com\/index.php\/2013\/12\/31\/entre-la-demission-et-le-limogeage-quelle-option-va-choisir-le-gouvernement-de-mohamed-said-fofana\/#breadcrumb\"},\"inLanguage\":\"fr-FR\",\"potentialAction\":[{\"@type\":\"ReadAction\",\"target\":[\"https:\/\/guineediversite.com\/index.php\/2013\/12\/31\/entre-la-demission-et-le-limogeage-quelle-option-va-choisir-le-gouvernement-de-mohamed-said-fofana\/\"]}]},{\"@type\":\"BreadcrumbList\",\"@id\":\"https:\/\/guineediversite.com\/index.php\/2013\/12\/31\/entre-la-demission-et-le-limogeage-quelle-option-va-choisir-le-gouvernement-de-mohamed-said-fofana\/#breadcrumb\",\"itemListElement\":[{\"@type\":\"ListItem\",\"position\":1,\"name\":\"Accueil\",\"item\":\"https:\/\/guineediversite.com\/\"},{\"@type\":\"ListItem\",\"position\":2,\"name\":\"Entre la d\u00e9mission et le limogeage, quelle option va choisir le gouvernement de Mohamed Sa\u00efd Fofana ?\"}]},{\"@type\":\"WebSite\",\"@id\":\"https:\/\/guineediversite.com\/#website\",\"url\":\"https:\/\/guineediversite.com\/\",\"name\":\"Guin\u00e9e Diversit\u00e9\",\"description\":\"L&#039;Info dans toute sa diversit\u00e9\",\"publisher\":{\"@id\":\"https:\/\/guineediversite.com\/#organization\"},\"potentialAction\":[{\"@type\":\"SearchAction\",\"target\":{\"@type\":\"EntryPoint\",\"urlTemplate\":\"https:\/\/guineediversite.com\/?s={search_term_string}\"},\"query-input\":{\"@type\":\"PropertyValueSpecification\",\"valueRequired\":true,\"valueName\":\"search_term_string\"}}],\"inLanguage\":\"fr-FR\"},{\"@type\":\"Organization\",\"@id\":\"https:\/\/guineediversite.com\/#organization\",\"name\":\"Guin\u00e9e Diversit\u00e9\",\"url\":\"https:\/\/guineediversite.com\/\",\"logo\":{\"@type\":\"ImageObject\",\"inLanguage\":\"fr-FR\",\"@id\":\"https:\/\/guineediversite.com\/#\/schema\/logo\/image\/\",\"url\":\"https:\/\/guineediversite.com\/wp-content\/uploads\/2017\/04\/cropped-1jojlxEOMkX9Wyqfhe43D6kjPOGqBBKmx3EwWJqZ0cMrFF54yM49.png\",\"contentUrl\":\"https:\/\/guineediversite.com\/wp-content\/uploads\/2017\/04\/cropped-1jojlxEOMkX9Wyqfhe43D6kjPOGqBBKmx3EwWJqZ0cMrFF54yM49.png\",\"width\":186,\"height\":112,\"caption\":\"Guin\u00e9e Diversit\u00e9\"},\"image\":{\"@id\":\"https:\/\/guineediversite.com\/#\/schema\/logo\/image\/\"},\"sameAs\":[\"https:\/\/www.facebook.com\/guineediversite\/\",\"https:\/\/x.com\/GuineeDiversite\",\"https:\/\/www.youtube.com\/channel\/UC8sUY16qelG5ge6_D5SB83g\"]},{\"@type\":\"Person\",\"@id\":\"https:\/\/guineediversite.com\/#\/schema\/person\/afa08fb34e7fc6e1feafc892612bc836\",\"name\":\"Guin\u00e9e Diversit\u00e9\",\"image\":{\"@type\":\"ImageObject\",\"inLanguage\":\"fr-FR\",\"@id\":\"https:\/\/guineediversite.com\/#\/schema\/person\/image\/\",\"url\":\"https:\/\/secure.gravatar.com\/avatar\/50d5eb5b390f8b65ac30ac6f898eb83a?s=96&d=mm&r=g\",\"contentUrl\":\"https:\/\/secure.gravatar.com\/avatar\/50d5eb5b390f8b65ac30ac6f898eb83a?s=96&d=mm&r=g\",\"caption\":\"Guin\u00e9e Diversit\u00e9\"},\"url\":\"https:\/\/guineediversite.com\/index.php\/author\/guineediversite\/\"}]}<\/script>\n<!-- \/ Yoast SEO plugin. -->","yoast_head_json":{"title":"Entre la d\u00e9mission et le limogeage, quelle option va choisir le gouvernement de Mohamed Sa\u00efd Fofana ? | Guin\u00e9e Diversit\u00e9","robots":{"index":"index","follow":"follow","max-snippet":"max-snippet:-1","max-image-preview":"max-image-preview:large","max-video-preview":"max-video-preview:-1"},"canonical":"https:\/\/guineediversite.com\/index.php\/2013\/12\/31\/entre-la-demission-et-le-limogeage-quelle-option-va-choisir-le-gouvernement-de-mohamed-said-fofana\/","og_locale":"fr_FR","og_type":"article","og_title":"Entre la d\u00e9mission et le limogeage, quelle option va choisir le gouvernement de Mohamed Sa\u00efd Fofana ? | Guin\u00e9e Diversit\u00e9","og_description":"De toutes les fa\u00e7ons, c\u2019est officiel le gouvernement de Mohamed Said Fofana doit partir dans les heures qui suivent. La v\u00e9ritable question que les guin\u00e9ens se posent en ce moment, c\u2019est comment ce gouvernement veut partir. Mohamed Said Fofana et ses ministres attendent \u2013ils un d\u00e9cret du Pr\u00e9sident Alpha Cond\u00e9 pour plier bagage ou bien [&hellip;]","og_url":"https:\/\/guineediversite.com\/index.php\/2013\/12\/31\/entre-la-demission-et-le-limogeage-quelle-option-va-choisir-le-gouvernement-de-mohamed-said-fofana\/","og_site_name":"Guin\u00e9e Diversit\u00e9","article_publisher":"https:\/\/www.facebook.com\/guineediversite\/","article_published_time":"2013-12-30T23:00:00+00:00","author":"Guin\u00e9e Diversit\u00e9","twitter_card":"summary_large_image","twitter_creator":"@GuineeDiversite","twitter_site":"@GuineeDiversite","twitter_misc":{"\u00c9crit par":"Guin\u00e9e Diversit\u00e9","Dur\u00e9e de lecture estim\u00e9e":"2 minutes"},"schema":{"@context":"https:\/\/schema.org","@graph":[{"@type":"Article","@id":"https:\/\/guineediversite.com\/index.php\/2013\/12\/31\/entre-la-demission-et-le-limogeage-quelle-option-va-choisir-le-gouvernement-de-mohamed-said-fofana\/#article","isPartOf":{"@id":"https:\/\/guineediversite.com\/index.php\/2013\/12\/31\/entre-la-demission-et-le-limogeage-quelle-option-va-choisir-le-gouvernement-de-mohamed-said-fofana\/"},"author":{"name":"Guin\u00e9e Diversit\u00e9","@id":"https:\/\/guineediversite.com\/#\/schema\/person\/afa08fb34e7fc6e1feafc892612bc836"},"headline":"Entre la d\u00e9mission et le limogeage, quelle option va choisir le gouvernement de Mohamed Sa\u00efd Fofana ?","datePublished":"2013-12-30T23:00:00+00:00","dateModified":"2013-12-30T23:00:00+00:00","mainEntityOfPage":{"@id":"https:\/\/guineediversite.com\/index.php\/2013\/12\/31\/entre-la-demission-et-le-limogeage-quelle-option-va-choisir-le-gouvernement-de-mohamed-said-fofana\/"},"wordCount":333,"commentCount":0,"publisher":{"@id":"https:\/\/guineediversite.com\/#organization"},"articleSection":["Archives"],"inLanguage":"fr-FR","potentialAction":[{"@type":"CommentAction","name":"Comment","target":["https:\/\/guineediversite.com\/index.php\/2013\/12\/31\/entre-la-demission-et-le-limogeage-quelle-option-va-choisir-le-gouvernement-de-mohamed-said-fofana\/#respond"]}]},{"@type":"WebPage","@id":"https:\/\/guineediversite.com\/index.php\/2013\/12\/31\/entre-la-demission-et-le-limogeage-quelle-option-va-choisir-le-gouvernement-de-mohamed-said-fofana\/","url":"https:\/\/guineediversite.com\/index.php\/2013\/12\/31\/entre-la-demission-et-le-limogeage-quelle-option-va-choisir-le-gouvernement-de-mohamed-said-fofana\/","name":"Entre la d\u00e9mission et le limogeage, quelle option va choisir le gouvernement de Mohamed Sa\u00efd Fofana ? | Guin\u00e9e Diversit\u00e9","isPartOf":{"@id":"https:\/\/guineediversite.com\/#website"},"datePublished":"2013-12-30T23:00:00+00:00","dateModified":"2013-12-30T23:00:00+00:00","breadcrumb":{"@id":"https:\/\/guineediversite.com\/index.php\/2013\/12\/31\/entre-la-demission-et-le-limogeage-quelle-option-va-choisir-le-gouvernement-de-mohamed-said-fofana\/#breadcrumb"},"inLanguage":"fr-FR","potentialAction":[{"@type":"ReadAction","target":["https:\/\/guineediversite.com\/index.php\/2013\/12\/31\/entre-la-demission-et-le-limogeage-quelle-option-va-choisir-le-gouvernement-de-mohamed-said-fofana\/"]}]},{"@type":"BreadcrumbList","@id":"https:\/\/guineediversite.com\/index.php\/2013\/12\/31\/entre-la-demission-et-le-limogeage-quelle-option-va-choisir-le-gouvernement-de-mohamed-said-fofana\/#breadcrumb","itemListElement":[{"@type":"ListItem","position":1,"name":"Accueil","item":"https:\/\/guineediversite.com\/"},{"@type":"ListItem","position":2,"name":"Entre la d\u00e9mission et le limogeage, quelle option va choisir le gouvernement de Mohamed Sa\u00efd Fofana ?"}]},{"@type":"WebSite","@id":"https:\/\/guineediversite.com\/#website","url":"https:\/\/guineediversite.com\/","name":"Guin\u00e9e Diversit\u00e9","description":"L&#039;Info dans toute sa diversit\u00e9","publisher":{"@id":"https:\/\/guineediversite.com\/#organization"},"potentialAction":[{"@type":"SearchAction","target":{"@type":"EntryPoint","urlTemplate":"https:\/\/guineediversite.com\/?s={search_term_string}"},"query-input":{"@type":"PropertyValueSpecification","valueRequired":true,"valueName":"search_term_string"}}],"inLanguage":"fr-FR"},{"@type":"Organization","@id":"https:\/\/guineediversite.com\/#organization","name":"Guin\u00e9e Diversit\u00e9","url":"https:\/\/guineediversite.com\/","logo":{"@type":"ImageObject","inLanguage":"fr-FR","@id":"https:\/\/guineediversite.com\/#\/schema\/logo\/image\/","url":"https:\/\/guineediversite.com\/wp-content\/uploads\/2017\/04\/cropped-1jojlxEOMkX9Wyqfhe43D6kjPOGqBBKmx3EwWJqZ0cMrFF54yM49.png","contentUrl":"https:\/\/guineediversite.com\/wp-content\/uploads\/2017\/04\/cropped-1jojlxEOMkX9Wyqfhe43D6kjPOGqBBKmx3EwWJqZ0cMrFF54yM49.png","width":186,"height":112,"caption":"Guin\u00e9e Diversit\u00e9"},"image":{"@id":"https:\/\/guineediversite.com\/#\/schema\/logo\/image\/"},"sameAs":["https:\/\/www.facebook.com\/guineediversite\/","https:\/\/x.com\/GuineeDiversite","https:\/\/www.youtube.com\/channel\/UC8sUY16qelG5ge6_D5SB83g"]},{"@type":"Person","@id":"https:\/\/guineediversite.com\/#\/schema\/person\/afa08fb34e7fc6e1feafc892612bc836","name":"Guin\u00e9e Diversit\u00e9","image":{"@type":"ImageObject","inLanguage":"fr-FR","@id":"https:\/\/guineediversite.com\/#\/schema\/person\/image\/","url":"https:\/\/secure.gravatar.com\/avatar\/50d5eb5b390f8b65ac30ac6f898eb83a?s=96&d=mm&r=g","contentUrl":"https:\/\/secure.gravatar.com\/avatar\/50d5eb5b390f8b65ac30ac6f898eb83a?s=96&d=mm&r=g","caption":"Guin\u00e9e Diversit\u00e9"},"url":"https:\/\/guineediversite.com\/index.php\/author\/guineediversite\/"}]}},"_links":{"self":[{"href":"https:\/\/guineediversite.com\/index.php\/wp-json\/wp\/v2\/posts\/19669"}],"collection":[{"href":"https:\/\/guineediversite.com\/index.php\/wp-json\/wp\/v2\/posts"}],"about":[{"href":"https:\/\/guineediversite.com\/index.php\/wp-json\/wp\/v2\/types\/post"}],"author":[{"embeddable":true,"href":"https:\/\/guineediversite.com\/index.php\/wp-json\/wp\/v2\/users\/12"}],"replies":[{"embeddable":true,"href":"https:\/\/guineediversite.com\/index.php\/wp-json\/wp\/v2\/comments?post=19669"}],"version-history":[{"count":0,"href":"https:\/\/guineediversite.com\/index.php\/wp-json\/wp\/v2\/posts\/19669\/revisions"}],"wp:attachment":[{"href":"https:\/\/guineediversite.com\/index.php\/wp-json\/wp\/v2\/media?parent=19669"}],"wp:term":[{"taxonomy":"category","embeddable":true,"href":"https:\/\/guineediversite.com\/index.php\/wp-json\/wp\/v2\/categories?post=19669"},{"taxonomy":"post_tag","embeddable":true,"href":"https:\/\/guineediversite.com\/index.php\/wp-json\/wp\/v2\/tags?post=19669"}],"curies":[{"name":"wp","href":"https:\/\/api.w.org\/{rel}","templated":true}]}}