{"id":19666,"date":"2013-12-31T00:00:00","date_gmt":"2013-12-30T23:00:00","guid":{"rendered":"https:\/\/www.guineediversite.com\/index.php\/2013\/12\/31\/el-hadj-mamadou-sylla-et-des-cadres-de-son-parti-en-rang-disperse\/"},"modified":"2013-12-31T00:00:00","modified_gmt":"2013-12-30T23:00:00","slug":"el-hadj-mamadou-sylla-et-des-cadres-de-son-parti-en-rang-disperse","status":"publish","type":"post","link":"https:\/\/guineediversite.com\/index.php\/2013\/12\/31\/el-hadj-mamadou-sylla-et-des-cadres-de-son-parti-en-rang-disperse\/","title":{"rendered":"El hadj Mamadou Sylla et des cadres de son Parti en rang dispers\u00e9"},"content":{"rendered":"<p>Une dizaine de cadre de l\u2019UDG ont annonc\u00e9 leur d\u00e9mission au sein du parti d\u2019El hadj Mamadou Sylla dans une d\u00e9claration publi\u00e9 ce jeudi. Ce groupe qui se retrouve dans le collectif des cadres et militants de l\u2019Union D\u00e9mocratique de Guin\u00e9e pour le Changement, n\u2019appr\u00e9cie pas le choix du pr\u00e9sident du parti UGD de rejoindre l\u2019opposition \u00e0 l\u2019Assembl\u00e9e Nationale. Ce collectif qualifie cette d\u00e9cision de Mamadou Sylla de \u00ab manquement graves aux principes g\u00e9n\u00e9raux de l\u2019Alliance qui lie le parti au RPG arc-en-ciel depuis le 2\u00e8me tour des \u00e9lections pr\u00e9sidentielles de 2010 et des \u00e9lections l\u00e9gislatives de 2013 \u00bb.<br \/>\nDans cette d\u00e9claration, le collectif des cadres et militants de l\u2019Union D\u00e9mocratique de Guin\u00e9e a d\u00e9nonc\u00e9 la position d\u2019El hadj Mamadou Sylla, qu\u2019il qualifie de \u00abd\u00e9viationniste \u00bb au sein du groupe parlementaire RPG arc-en ciel au profit du groupe de l\u2019opposition avec lequel, selon le collectif, des n\u00e9gociations sont en vue pour l\u2019acquisition du poste de 1er Vice Pr\u00e9sident de l\u2019Assembl\u00e9e Nationale.<br \/>\n \u00ab Le collectif s\u2019engage \u00e0 poursuivre son combat pour le changement derri\u00e8re le Professeur Alpha Cond\u00e9 \u00bb a d\u00e9clar\u00e9 Soriba Sorel Camara porte-parole du collectif.<br \/>\nA noter que pendant les \u00e9lections l\u00e9gislatives trois repr\u00e9sentants de l\u2019UDG dont El hadj Mamadou Sylla, ont \u00e9t\u00e9 \u00e9lu d\u00e9put\u00e9 sur la liste du RPG Arc-en-ciel.<br \/>\nCette d\u00e9cision de l\u2019ancien ami du G\u00e9n\u00e9ral Lansana Cont\u00e9 pourrait donc co\u00fbter tr\u00e8s cher au RPG Arc-en-ciel qui veut \u00e0 tout prix avoir le perchoir.<\/p>\n<p>Thierno Moussa Bah<br \/>\n+224 664 373 398<\/p>\n","protected":false},"excerpt":{"rendered":"<p>Une dizaine de cadre de l\u2019UDG ont annonc\u00e9 leur d\u00e9mission au sein du parti d\u2019El hadj Mamadou Sylla dans une d\u00e9claration publi\u00e9 ce jeudi. Ce groupe qui se retrouve dans le collectif des cadres et militants de l\u2019Union D\u00e9mocratique de Guin\u00e9e pour le Changement, n\u2019appr\u00e9cie pas le choix du pr\u00e9sident du parti UGD de rejoindre [&hellip;]<\/p>\n","protected":false},"author":12,"featured_media":0,"comment_status":"open","ping_status":"open","sticky":false,"template":"","format":"standard","meta":{"_exactmetrics_skip_tracking":false,"_exactmetrics_sitenote_active":false,"_exactmetrics_sitenote_note":"","_exactmetrics_sitenote_category":0,"tdm_status":"","tdm_grid_status":"","footnotes":""},"categories":[28],"tags":[],"class_list":{"0":"post-19666","1":"post","2":"type-post","3":"status-publish","4":"format-standard","6":"category-archives"},"yoast_head":"<!-- This site is optimized with the Yoast SEO plugin v24.2 - https:\/\/yoast.com\/wordpress\/plugins\/seo\/ -->\n<title>El hadj Mamadou Sylla et des cadres de son Parti en rang dispers\u00e9 | Guin\u00e9e Diversit\u00e9<\/title>\n<meta name=\"robots\" content=\"index, follow, max-snippet:-1, max-image-preview:large, max-video-preview:-1\" \/>\n<link rel=\"canonical\" href=\"https:\/\/guineediversite.com\/index.php\/2013\/12\/31\/el-hadj-mamadou-sylla-et-des-cadres-de-son-parti-en-rang-disperse\/\" \/>\n<meta property=\"og:locale\" content=\"fr_FR\" \/>\n<meta property=\"og:type\" content=\"article\" \/>\n<meta property=\"og:title\" content=\"El hadj Mamadou Sylla et des cadres de son Parti en rang dispers\u00e9 | Guin\u00e9e Diversit\u00e9\" \/>\n<meta property=\"og:description\" content=\"Une dizaine de cadre de l\u2019UDG ont annonc\u00e9 leur d\u00e9mission au sein du parti d\u2019El hadj Mamadou Sylla dans une d\u00e9claration publi\u00e9 ce jeudi. Ce groupe qui se retrouve dans le collectif des cadres et militants de l\u2019Union D\u00e9mocratique de Guin\u00e9e pour le Changement, n\u2019appr\u00e9cie pas le choix du pr\u00e9sident du parti UGD de rejoindre [&hellip;]\" \/>\n<meta property=\"og:url\" content=\"https:\/\/guineediversite.com\/index.php\/2013\/12\/31\/el-hadj-mamadou-sylla-et-des-cadres-de-son-parti-en-rang-disperse\/\" \/>\n<meta property=\"og:site_name\" content=\"Guin\u00e9e Diversit\u00e9\" \/>\n<meta property=\"article:publisher\" content=\"https:\/\/www.facebook.com\/guineediversite\/\" \/>\n<meta property=\"article:published_time\" content=\"2013-12-30T23:00:00+00:00\" \/>\n<meta name=\"author\" content=\"Guin\u00e9e Diversit\u00e9\" \/>\n<meta name=\"twitter:card\" content=\"summary_large_image\" \/>\n<meta name=\"twitter:creator\" content=\"@GuineeDiversite\" \/>\n<meta name=\"twitter:site\" content=\"@GuineeDiversite\" \/>\n<meta name=\"twitter:label1\" content=\"\u00c9crit par\" \/>\n\t<meta name=\"twitter:data1\" content=\"Guin\u00e9e Diversit\u00e9\" \/>\n\t<meta name=\"twitter:label2\" content=\"Dur\u00e9e de lecture estim\u00e9e\" \/>\n\t<meta name=\"twitter:data2\" content=\"1 minute\" \/>\n<script type=\"application\/ld+json\" class=\"yoast-schema-graph\">{\"@context\":\"https:\/\/schema.org\",\"@graph\":[{\"@type\":\"Article\",\"@id\":\"https:\/\/guineediversite.com\/index.php\/2013\/12\/31\/el-hadj-mamadou-sylla-et-des-cadres-de-son-parti-en-rang-disperse\/#article\",\"isPartOf\":{\"@id\":\"https:\/\/guineediversite.com\/index.php\/2013\/12\/31\/el-hadj-mamadou-sylla-et-des-cadres-de-son-parti-en-rang-disperse\/\"},\"author\":{\"name\":\"Guin\u00e9e Diversit\u00e9\",\"@id\":\"https:\/\/guineediversite.com\/#\/schema\/person\/afa08fb34e7fc6e1feafc892612bc836\"},\"headline\":\"El hadj Mamadou Sylla et des cadres de son Parti en rang dispers\u00e9\",\"datePublished\":\"2013-12-30T23:00:00+00:00\",\"dateModified\":\"2013-12-30T23:00:00+00:00\",\"mainEntityOfPage\":{\"@id\":\"https:\/\/guineediversite.com\/index.php\/2013\/12\/31\/el-hadj-mamadou-sylla-et-des-cadres-de-son-parti-en-rang-disperse\/\"},\"wordCount\":289,\"commentCount\":0,\"publisher\":{\"@id\":\"https:\/\/guineediversite.com\/#organization\"},\"articleSection\":[\"Archives\"],\"inLanguage\":\"fr-FR\",\"potentialAction\":[{\"@type\":\"CommentAction\",\"name\":\"Comment\",\"target\":[\"https:\/\/guineediversite.com\/index.php\/2013\/12\/31\/el-hadj-mamadou-sylla-et-des-cadres-de-son-parti-en-rang-disperse\/#respond\"]}]},{\"@type\":\"WebPage\",\"@id\":\"https:\/\/guineediversite.com\/index.php\/2013\/12\/31\/el-hadj-mamadou-sylla-et-des-cadres-de-son-parti-en-rang-disperse\/\",\"url\":\"https:\/\/guineediversite.com\/index.php\/2013\/12\/31\/el-hadj-mamadou-sylla-et-des-cadres-de-son-parti-en-rang-disperse\/\",\"name\":\"El hadj Mamadou Sylla et des cadres de son Parti en rang dispers\u00e9 | Guin\u00e9e Diversit\u00e9\",\"isPartOf\":{\"@id\":\"https:\/\/guineediversite.com\/#website\"},\"datePublished\":\"2013-12-30T23:00:00+00:00\",\"dateModified\":\"2013-12-30T23:00:00+00:00\",\"breadcrumb\":{\"@id\":\"https:\/\/guineediversite.com\/index.php\/2013\/12\/31\/el-hadj-mamadou-sylla-et-des-cadres-de-son-parti-en-rang-disperse\/#breadcrumb\"},\"inLanguage\":\"fr-FR\",\"potentialAction\":[{\"@type\":\"ReadAction\",\"target\":[\"https:\/\/guineediversite.com\/index.php\/2013\/12\/31\/el-hadj-mamadou-sylla-et-des-cadres-de-son-parti-en-rang-disperse\/\"]}]},{\"@type\":\"BreadcrumbList\",\"@id\":\"https:\/\/guineediversite.com\/index.php\/2013\/12\/31\/el-hadj-mamadou-sylla-et-des-cadres-de-son-parti-en-rang-disperse\/#breadcrumb\",\"itemListElement\":[{\"@type\":\"ListItem\",\"position\":1,\"name\":\"Accueil\",\"item\":\"https:\/\/guineediversite.com\/\"},{\"@type\":\"ListItem\",\"position\":2,\"name\":\"El hadj Mamadou Sylla et des cadres de son Parti en rang dispers\u00e9\"}]},{\"@type\":\"WebSite\",\"@id\":\"https:\/\/guineediversite.com\/#website\",\"url\":\"https:\/\/guineediversite.com\/\",\"name\":\"Guin\u00e9e Diversit\u00e9\",\"description\":\"L&#039;Info dans toute sa diversit\u00e9\",\"publisher\":{\"@id\":\"https:\/\/guineediversite.com\/#organization\"},\"potentialAction\":[{\"@type\":\"SearchAction\",\"target\":{\"@type\":\"EntryPoint\",\"urlTemplate\":\"https:\/\/guineediversite.com\/?s={search_term_string}\"},\"query-input\":{\"@type\":\"PropertyValueSpecification\",\"valueRequired\":true,\"valueName\":\"search_term_string\"}}],\"inLanguage\":\"fr-FR\"},{\"@type\":\"Organization\",\"@id\":\"https:\/\/guineediversite.com\/#organization\",\"name\":\"Guin\u00e9e Diversit\u00e9\",\"url\":\"https:\/\/guineediversite.com\/\",\"logo\":{\"@type\":\"ImageObject\",\"inLanguage\":\"fr-FR\",\"@id\":\"https:\/\/guineediversite.com\/#\/schema\/logo\/image\/\",\"url\":\"https:\/\/guineediversite.com\/wp-content\/uploads\/2017\/04\/cropped-1jojlxEOMkX9Wyqfhe43D6kjPOGqBBKmx3EwWJqZ0cMrFF54yM49.png\",\"contentUrl\":\"https:\/\/guineediversite.com\/wp-content\/uploads\/2017\/04\/cropped-1jojlxEOMkX9Wyqfhe43D6kjPOGqBBKmx3EwWJqZ0cMrFF54yM49.png\",\"width\":186,\"height\":112,\"caption\":\"Guin\u00e9e Diversit\u00e9\"},\"image\":{\"@id\":\"https:\/\/guineediversite.com\/#\/schema\/logo\/image\/\"},\"sameAs\":[\"https:\/\/www.facebook.com\/guineediversite\/\",\"https:\/\/x.com\/GuineeDiversite\",\"https:\/\/www.youtube.com\/channel\/UC8sUY16qelG5ge6_D5SB83g\"]},{\"@type\":\"Person\",\"@id\":\"https:\/\/guineediversite.com\/#\/schema\/person\/afa08fb34e7fc6e1feafc892612bc836\",\"name\":\"Guin\u00e9e Diversit\u00e9\",\"image\":{\"@type\":\"ImageObject\",\"inLanguage\":\"fr-FR\",\"@id\":\"https:\/\/guineediversite.com\/#\/schema\/person\/image\/\",\"url\":\"https:\/\/secure.gravatar.com\/avatar\/50d5eb5b390f8b65ac30ac6f898eb83a?s=96&d=mm&r=g\",\"contentUrl\":\"https:\/\/secure.gravatar.com\/avatar\/50d5eb5b390f8b65ac30ac6f898eb83a?s=96&d=mm&r=g\",\"caption\":\"Guin\u00e9e Diversit\u00e9\"},\"url\":\"https:\/\/guineediversite.com\/index.php\/author\/guineediversite\/\"}]}<\/script>\n<!-- \/ Yoast SEO plugin. -->","yoast_head_json":{"title":"El hadj Mamadou Sylla et des cadres de son Parti en rang dispers\u00e9 | Guin\u00e9e Diversit\u00e9","robots":{"index":"index","follow":"follow","max-snippet":"max-snippet:-1","max-image-preview":"max-image-preview:large","max-video-preview":"max-video-preview:-1"},"canonical":"https:\/\/guineediversite.com\/index.php\/2013\/12\/31\/el-hadj-mamadou-sylla-et-des-cadres-de-son-parti-en-rang-disperse\/","og_locale":"fr_FR","og_type":"article","og_title":"El hadj Mamadou Sylla et des cadres de son Parti en rang dispers\u00e9 | Guin\u00e9e Diversit\u00e9","og_description":"Une dizaine de cadre de l\u2019UDG ont annonc\u00e9 leur d\u00e9mission au sein du parti d\u2019El hadj Mamadou Sylla dans une d\u00e9claration publi\u00e9 ce jeudi. Ce groupe qui se retrouve dans le collectif des cadres et militants de l\u2019Union D\u00e9mocratique de Guin\u00e9e pour le Changement, n\u2019appr\u00e9cie pas le choix du pr\u00e9sident du parti UGD de rejoindre [&hellip;]","og_url":"https:\/\/guineediversite.com\/index.php\/2013\/12\/31\/el-hadj-mamadou-sylla-et-des-cadres-de-son-parti-en-rang-disperse\/","og_site_name":"Guin\u00e9e Diversit\u00e9","article_publisher":"https:\/\/www.facebook.com\/guineediversite\/","article_published_time":"2013-12-30T23:00:00+00:00","author":"Guin\u00e9e Diversit\u00e9","twitter_card":"summary_large_image","twitter_creator":"@GuineeDiversite","twitter_site":"@GuineeDiversite","twitter_misc":{"\u00c9crit par":"Guin\u00e9e Diversit\u00e9","Dur\u00e9e de lecture estim\u00e9e":"1 minute"},"schema":{"@context":"https:\/\/schema.org","@graph":[{"@type":"Article","@id":"https:\/\/guineediversite.com\/index.php\/2013\/12\/31\/el-hadj-mamadou-sylla-et-des-cadres-de-son-parti-en-rang-disperse\/#article","isPartOf":{"@id":"https:\/\/guineediversite.com\/index.php\/2013\/12\/31\/el-hadj-mamadou-sylla-et-des-cadres-de-son-parti-en-rang-disperse\/"},"author":{"name":"Guin\u00e9e Diversit\u00e9","@id":"https:\/\/guineediversite.com\/#\/schema\/person\/afa08fb34e7fc6e1feafc892612bc836"},"headline":"El hadj Mamadou Sylla et des cadres de son Parti en rang dispers\u00e9","datePublished":"2013-12-30T23:00:00+00:00","dateModified":"2013-12-30T23:00:00+00:00","mainEntityOfPage":{"@id":"https:\/\/guineediversite.com\/index.php\/2013\/12\/31\/el-hadj-mamadou-sylla-et-des-cadres-de-son-parti-en-rang-disperse\/"},"wordCount":289,"commentCount":0,"publisher":{"@id":"https:\/\/guineediversite.com\/#organization"},"articleSection":["Archives"],"inLanguage":"fr-FR","potentialAction":[{"@type":"CommentAction","name":"Comment","target":["https:\/\/guineediversite.com\/index.php\/2013\/12\/31\/el-hadj-mamadou-sylla-et-des-cadres-de-son-parti-en-rang-disperse\/#respond"]}]},{"@type":"WebPage","@id":"https:\/\/guineediversite.com\/index.php\/2013\/12\/31\/el-hadj-mamadou-sylla-et-des-cadres-de-son-parti-en-rang-disperse\/","url":"https:\/\/guineediversite.com\/index.php\/2013\/12\/31\/el-hadj-mamadou-sylla-et-des-cadres-de-son-parti-en-rang-disperse\/","name":"El hadj Mamadou Sylla et des cadres de son Parti en rang dispers\u00e9 | Guin\u00e9e Diversit\u00e9","isPartOf":{"@id":"https:\/\/guineediversite.com\/#website"},"datePublished":"2013-12-30T23:00:00+00:00","dateModified":"2013-12-30T23:00:00+00:00","breadcrumb":{"@id":"https:\/\/guineediversite.com\/index.php\/2013\/12\/31\/el-hadj-mamadou-sylla-et-des-cadres-de-son-parti-en-rang-disperse\/#breadcrumb"},"inLanguage":"fr-FR","potentialAction":[{"@type":"ReadAction","target":["https:\/\/guineediversite.com\/index.php\/2013\/12\/31\/el-hadj-mamadou-sylla-et-des-cadres-de-son-parti-en-rang-disperse\/"]}]},{"@type":"BreadcrumbList","@id":"https:\/\/guineediversite.com\/index.php\/2013\/12\/31\/el-hadj-mamadou-sylla-et-des-cadres-de-son-parti-en-rang-disperse\/#breadcrumb","itemListElement":[{"@type":"ListItem","position":1,"name":"Accueil","item":"https:\/\/guineediversite.com\/"},{"@type":"ListItem","position":2,"name":"El hadj Mamadou Sylla et des cadres de son Parti en rang dispers\u00e9"}]},{"@type":"WebSite","@id":"https:\/\/guineediversite.com\/#website","url":"https:\/\/guineediversite.com\/","name":"Guin\u00e9e Diversit\u00e9","description":"L&#039;Info dans toute sa diversit\u00e9","publisher":{"@id":"https:\/\/guineediversite.com\/#organization"},"potentialAction":[{"@type":"SearchAction","target":{"@type":"EntryPoint","urlTemplate":"https:\/\/guineediversite.com\/?s={search_term_string}"},"query-input":{"@type":"PropertyValueSpecification","valueRequired":true,"valueName":"search_term_string"}}],"inLanguage":"fr-FR"},{"@type":"Organization","@id":"https:\/\/guineediversite.com\/#organization","name":"Guin\u00e9e Diversit\u00e9","url":"https:\/\/guineediversite.com\/","logo":{"@type":"ImageObject","inLanguage":"fr-FR","@id":"https:\/\/guineediversite.com\/#\/schema\/logo\/image\/","url":"https:\/\/guineediversite.com\/wp-content\/uploads\/2017\/04\/cropped-1jojlxEOMkX9Wyqfhe43D6kjPOGqBBKmx3EwWJqZ0cMrFF54yM49.png","contentUrl":"https:\/\/guineediversite.com\/wp-content\/uploads\/2017\/04\/cropped-1jojlxEOMkX9Wyqfhe43D6kjPOGqBBKmx3EwWJqZ0cMrFF54yM49.png","width":186,"height":112,"caption":"Guin\u00e9e Diversit\u00e9"},"image":{"@id":"https:\/\/guineediversite.com\/#\/schema\/logo\/image\/"},"sameAs":["https:\/\/www.facebook.com\/guineediversite\/","https:\/\/x.com\/GuineeDiversite","https:\/\/www.youtube.com\/channel\/UC8sUY16qelG5ge6_D5SB83g"]},{"@type":"Person","@id":"https:\/\/guineediversite.com\/#\/schema\/person\/afa08fb34e7fc6e1feafc892612bc836","name":"Guin\u00e9e Diversit\u00e9","image":{"@type":"ImageObject","inLanguage":"fr-FR","@id":"https:\/\/guineediversite.com\/#\/schema\/person\/image\/","url":"https:\/\/secure.gravatar.com\/avatar\/50d5eb5b390f8b65ac30ac6f898eb83a?s=96&d=mm&r=g","contentUrl":"https:\/\/secure.gravatar.com\/avatar\/50d5eb5b390f8b65ac30ac6f898eb83a?s=96&d=mm&r=g","caption":"Guin\u00e9e Diversit\u00e9"},"url":"https:\/\/guineediversite.com\/index.php\/author\/guineediversite\/"}]}},"_links":{"self":[{"href":"https:\/\/guineediversite.com\/index.php\/wp-json\/wp\/v2\/posts\/19666"}],"collection":[{"href":"https:\/\/guineediversite.com\/index.php\/wp-json\/wp\/v2\/posts"}],"about":[{"href":"https:\/\/guineediversite.com\/index.php\/wp-json\/wp\/v2\/types\/post"}],"author":[{"embeddable":true,"href":"https:\/\/guineediversite.com\/index.php\/wp-json\/wp\/v2\/users\/12"}],"replies":[{"embeddable":true,"href":"https:\/\/guineediversite.com\/index.php\/wp-json\/wp\/v2\/comments?post=19666"}],"version-history":[{"count":0,"href":"https:\/\/guineediversite.com\/index.php\/wp-json\/wp\/v2\/posts\/19666\/revisions"}],"wp:attachment":[{"href":"https:\/\/guineediversite.com\/index.php\/wp-json\/wp\/v2\/media?parent=19666"}],"wp:term":[{"taxonomy":"category","embeddable":true,"href":"https:\/\/guineediversite.com\/index.php\/wp-json\/wp\/v2\/categories?post=19666"},{"taxonomy":"post_tag","embeddable":true,"href":"https:\/\/guineediversite.com\/index.php\/wp-json\/wp\/v2\/tags?post=19666"}],"curies":[{"name":"wp","href":"https:\/\/api.w.org\/{rel}","templated":true}]}}