{"id":19661,"date":"2013-12-31T00:00:00","date_gmt":"2013-12-30T23:00:00","guid":{"rendered":"https:\/\/www.guineediversite.com\/index.php\/2013\/12\/31\/31122013-les-ouvriers-du-chantier-plaza-diama-international-de-kipe-projettent-une-manifestions-le-2-janvier-14-pour-mauvaise-condition-de-vie\/"},"modified":"2013-12-31T00:00:00","modified_gmt":"2013-12-30T23:00:00","slug":"31122013-les-ouvriers-du-chantier-plaza-diama-international-de-kipe-projettent-une-manifestions-le-2-janvier-14-pour-mauvaise-condition-de-vie","status":"publish","type":"post","link":"https:\/\/guineediversite.com\/index.php\/2013\/12\/31\/31122013-les-ouvriers-du-chantier-plaza-diama-international-de-kipe-projettent-une-manifestions-le-2-janvier-14-pour-mauvaise-condition-de-vie\/","title":{"rendered":"31\/12\/2013 Les ouvriers du chantier Plaza Diama International  de Kip\u00e9 projettent une manifestions le 2 janvier 14 pour mauvaise condition de vie"},"content":{"rendered":"<p>Pour un premier temps  les travaux s\u2019\u00e9tendent  sur quatre des Dix sept hectares que l\u2019Etat a c\u00e9der \u00e0 la soci\u00e9t\u00e9 chinoise  Plaza Diama International  pour la construction. Sur ces quatre hectares  seront b\u00e2tis  dix villas et un immeuble \u00e0 usage de bureau et de commerce.<br \/>\nSelon  Fei yiming directeur  technique adjoint  de Guinea margrandiose  apr\u00e8s la pause de la premi\u00e8re pierre  par  la soci\u00e9t\u00e9 plaza diama  international le 18 octobre  2013,  toutes les fondations sont en cours d\u2019ach\u00e8vement  et \u00e7a constitue une grande avanc\u00e9e dans l\u2019ex\u00e9cution des travaux .<br \/>\nSelon lui, si tout ce passe bien  ces b\u00e2timents seront op\u00e9rationnels \u00e0 partir de juin 2014.<br \/>\nLe secr\u00e9taire g\u00e9n\u00e9ral du minist\u00e8re de l\u2019urbanisme et de l\u2019Habitat en visite de terrain, a d\u00e9clar\u00e9  que ce  d\u00e9placement  est le premier   d\u2019une s\u00e9rie  de visite  que  le d\u00e9partement  compte effectuer pour s\u2019assurer  du niveau d\u2019avancement  et de la qualit\u00e9 des travaux. Sory Kouyat\u00e9  a demand\u00e9 aux responsables de la soci\u00e9t\u00e9 chinoise charg\u00e9e d\u2019ex\u00e9cuter les travaux  de mettre en place  une soci\u00e9t\u00e9  de contr\u00f4le  ind\u00e9pendante  avant la fin des travaux.<br \/>\nPour lui ce chantier doit \u00eatre le d\u00e9part de  la plus grande op\u00e9ration immobili\u00e8re  de la guin\u00e9e nouvelle.<br \/>\nLes travailleurs  eux se plaignent des mauvaises conditions de travail  auxquelles ils sont confront\u00e9s. Selon  BABARA Yattara  ing\u00e9nieur, les ouvriers travaillent de 7 h 30 mn \u00e0 17 h 30 mn  avec un salaire  journalier de  25 mille Francs Guin\u00e9ens y compris le mang\u00e9 et le transport.<br \/>\nLes travailleurs d\u00e9cident d\u2019aller en gr\u00e8ve, ou tout au moins d\u2019arr\u00eater tout travail sur le chantier   le 02 janvier 2014 si toute fois rien n\u2019est fait dans le cadre de l\u2019am\u00e9lioration de leur condition de vie.<br \/>\nGuineediversite.com suit le dossier pour vous.<\/p>\n<p>L\u00e9b\u00e9hoye  SOUARE<br \/>\n00224664858638<\/p>\n","protected":false},"excerpt":{"rendered":"<p>Pour un premier temps les travaux s\u2019\u00e9tendent sur quatre des Dix sept hectares que l\u2019Etat a c\u00e9der \u00e0 la soci\u00e9t\u00e9 chinoise Plaza Diama International pour la construction. Sur ces quatre hectares seront b\u00e2tis dix villas et un immeuble \u00e0 usage de bureau et de commerce. Selon Fei yiming directeur technique adjoint de Guinea margrandiose apr\u00e8s [&hellip;]<\/p>\n","protected":false},"author":12,"featured_media":0,"comment_status":"open","ping_status":"open","sticky":false,"template":"","format":"standard","meta":{"_exactmetrics_skip_tracking":false,"_exactmetrics_sitenote_active":false,"_exactmetrics_sitenote_note":"","_exactmetrics_sitenote_category":0,"tdm_status":"","tdm_grid_status":"","footnotes":""},"categories":[28],"tags":[],"class_list":{"0":"post-19661","1":"post","2":"type-post","3":"status-publish","4":"format-standard","6":"category-archives"},"yoast_head":"<!-- This site is optimized with the Yoast SEO plugin v24.2 - https:\/\/yoast.com\/wordpress\/plugins\/seo\/ -->\n<title>31\/12\/2013 Les ouvriers du chantier Plaza Diama International de Kip\u00e9 projettent une manifestions le 2 janvier 14 pour mauvaise condition de vie | Guin\u00e9e Diversit\u00e9<\/title>\n<meta name=\"robots\" content=\"index, follow, max-snippet:-1, max-image-preview:large, max-video-preview:-1\" \/>\n<link rel=\"canonical\" href=\"https:\/\/guineediversite.com\/index.php\/2013\/12\/31\/31122013-les-ouvriers-du-chantier-plaza-diama-international-de-kipe-projettent-une-manifestions-le-2-janvier-14-pour-mauvaise-condition-de-vie\/\" \/>\n<meta property=\"og:locale\" content=\"fr_FR\" \/>\n<meta property=\"og:type\" content=\"article\" \/>\n<meta property=\"og:title\" content=\"31\/12\/2013 Les ouvriers du chantier Plaza Diama International de Kip\u00e9 projettent une manifestions le 2 janvier 14 pour mauvaise condition de vie | Guin\u00e9e Diversit\u00e9\" \/>\n<meta property=\"og:description\" content=\"Pour un premier temps les travaux s\u2019\u00e9tendent sur quatre des Dix sept hectares que l\u2019Etat a c\u00e9der \u00e0 la soci\u00e9t\u00e9 chinoise Plaza Diama International pour la construction. Sur ces quatre hectares seront b\u00e2tis dix villas et un immeuble \u00e0 usage de bureau et de commerce. Selon Fei yiming directeur technique adjoint de Guinea margrandiose apr\u00e8s [&hellip;]\" \/>\n<meta property=\"og:url\" content=\"https:\/\/guineediversite.com\/index.php\/2013\/12\/31\/31122013-les-ouvriers-du-chantier-plaza-diama-international-de-kipe-projettent-une-manifestions-le-2-janvier-14-pour-mauvaise-condition-de-vie\/\" \/>\n<meta property=\"og:site_name\" content=\"Guin\u00e9e Diversit\u00e9\" \/>\n<meta property=\"article:publisher\" content=\"https:\/\/www.facebook.com\/guineediversite\/\" \/>\n<meta property=\"article:published_time\" content=\"2013-12-30T23:00:00+00:00\" \/>\n<meta name=\"author\" content=\"Guin\u00e9e Diversit\u00e9\" \/>\n<meta name=\"twitter:card\" content=\"summary_large_image\" \/>\n<meta name=\"twitter:creator\" content=\"@GuineeDiversite\" \/>\n<meta name=\"twitter:site\" content=\"@GuineeDiversite\" \/>\n<meta name=\"twitter:label1\" content=\"\u00c9crit par\" \/>\n\t<meta name=\"twitter:data1\" content=\"Guin\u00e9e Diversit\u00e9\" \/>\n\t<meta name=\"twitter:label2\" content=\"Dur\u00e9e de lecture estim\u00e9e\" \/>\n\t<meta name=\"twitter:data2\" content=\"2 minutes\" \/>\n<script type=\"application\/ld+json\" class=\"yoast-schema-graph\">{\"@context\":\"https:\/\/schema.org\",\"@graph\":[{\"@type\":\"Article\",\"@id\":\"https:\/\/guineediversite.com\/index.php\/2013\/12\/31\/31122013-les-ouvriers-du-chantier-plaza-diama-international-de-kipe-projettent-une-manifestions-le-2-janvier-14-pour-mauvaise-condition-de-vie\/#article\",\"isPartOf\":{\"@id\":\"https:\/\/guineediversite.com\/index.php\/2013\/12\/31\/31122013-les-ouvriers-du-chantier-plaza-diama-international-de-kipe-projettent-une-manifestions-le-2-janvier-14-pour-mauvaise-condition-de-vie\/\"},\"author\":{\"name\":\"Guin\u00e9e Diversit\u00e9\",\"@id\":\"https:\/\/guineediversite.com\/#\/schema\/person\/afa08fb34e7fc6e1feafc892612bc836\"},\"headline\":\"31\/12\/2013 Les ouvriers du chantier Plaza Diama International de Kip\u00e9 projettent une manifestions le 2 janvier 14 pour mauvaise condition de vie\",\"datePublished\":\"2013-12-30T23:00:00+00:00\",\"dateModified\":\"2013-12-30T23:00:00+00:00\",\"mainEntityOfPage\":{\"@id\":\"https:\/\/guineediversite.com\/index.php\/2013\/12\/31\/31122013-les-ouvriers-du-chantier-plaza-diama-international-de-kipe-projettent-une-manifestions-le-2-janvier-14-pour-mauvaise-condition-de-vie\/\"},\"wordCount\":341,\"commentCount\":0,\"publisher\":{\"@id\":\"https:\/\/guineediversite.com\/#organization\"},\"articleSection\":[\"Archives\"],\"inLanguage\":\"fr-FR\",\"potentialAction\":[{\"@type\":\"CommentAction\",\"name\":\"Comment\",\"target\":[\"https:\/\/guineediversite.com\/index.php\/2013\/12\/31\/31122013-les-ouvriers-du-chantier-plaza-diama-international-de-kipe-projettent-une-manifestions-le-2-janvier-14-pour-mauvaise-condition-de-vie\/#respond\"]}]},{\"@type\":\"WebPage\",\"@id\":\"https:\/\/guineediversite.com\/index.php\/2013\/12\/31\/31122013-les-ouvriers-du-chantier-plaza-diama-international-de-kipe-projettent-une-manifestions-le-2-janvier-14-pour-mauvaise-condition-de-vie\/\",\"url\":\"https:\/\/guineediversite.com\/index.php\/2013\/12\/31\/31122013-les-ouvriers-du-chantier-plaza-diama-international-de-kipe-projettent-une-manifestions-le-2-janvier-14-pour-mauvaise-condition-de-vie\/\",\"name\":\"31\/12\/2013 Les ouvriers du chantier Plaza Diama International de Kip\u00e9 projettent une manifestions le 2 janvier 14 pour mauvaise condition de vie | Guin\u00e9e Diversit\u00e9\",\"isPartOf\":{\"@id\":\"https:\/\/guineediversite.com\/#website\"},\"datePublished\":\"2013-12-30T23:00:00+00:00\",\"dateModified\":\"2013-12-30T23:00:00+00:00\",\"breadcrumb\":{\"@id\":\"https:\/\/guineediversite.com\/index.php\/2013\/12\/31\/31122013-les-ouvriers-du-chantier-plaza-diama-international-de-kipe-projettent-une-manifestions-le-2-janvier-14-pour-mauvaise-condition-de-vie\/#breadcrumb\"},\"inLanguage\":\"fr-FR\",\"potentialAction\":[{\"@type\":\"ReadAction\",\"target\":[\"https:\/\/guineediversite.com\/index.php\/2013\/12\/31\/31122013-les-ouvriers-du-chantier-plaza-diama-international-de-kipe-projettent-une-manifestions-le-2-janvier-14-pour-mauvaise-condition-de-vie\/\"]}]},{\"@type\":\"BreadcrumbList\",\"@id\":\"https:\/\/guineediversite.com\/index.php\/2013\/12\/31\/31122013-les-ouvriers-du-chantier-plaza-diama-international-de-kipe-projettent-une-manifestions-le-2-janvier-14-pour-mauvaise-condition-de-vie\/#breadcrumb\",\"itemListElement\":[{\"@type\":\"ListItem\",\"position\":1,\"name\":\"Accueil\",\"item\":\"https:\/\/guineediversite.com\/\"},{\"@type\":\"ListItem\",\"position\":2,\"name\":\"31\/12\/2013 Les ouvriers du chantier Plaza Diama International de Kip\u00e9 projettent une manifestions le 2 janvier 14 pour mauvaise condition de vie\"}]},{\"@type\":\"WebSite\",\"@id\":\"https:\/\/guineediversite.com\/#website\",\"url\":\"https:\/\/guineediversite.com\/\",\"name\":\"Guin\u00e9e Diversit\u00e9\",\"description\":\"L&#039;Info dans toute sa diversit\u00e9\",\"publisher\":{\"@id\":\"https:\/\/guineediversite.com\/#organization\"},\"potentialAction\":[{\"@type\":\"SearchAction\",\"target\":{\"@type\":\"EntryPoint\",\"urlTemplate\":\"https:\/\/guineediversite.com\/?s={search_term_string}\"},\"query-input\":{\"@type\":\"PropertyValueSpecification\",\"valueRequired\":true,\"valueName\":\"search_term_string\"}}],\"inLanguage\":\"fr-FR\"},{\"@type\":\"Organization\",\"@id\":\"https:\/\/guineediversite.com\/#organization\",\"name\":\"Guin\u00e9e Diversit\u00e9\",\"url\":\"https:\/\/guineediversite.com\/\",\"logo\":{\"@type\":\"ImageObject\",\"inLanguage\":\"fr-FR\",\"@id\":\"https:\/\/guineediversite.com\/#\/schema\/logo\/image\/\",\"url\":\"https:\/\/guineediversite.com\/wp-content\/uploads\/2017\/04\/cropped-1jojlxEOMkX9Wyqfhe43D6kjPOGqBBKmx3EwWJqZ0cMrFF54yM49.png\",\"contentUrl\":\"https:\/\/guineediversite.com\/wp-content\/uploads\/2017\/04\/cropped-1jojlxEOMkX9Wyqfhe43D6kjPOGqBBKmx3EwWJqZ0cMrFF54yM49.png\",\"width\":186,\"height\":112,\"caption\":\"Guin\u00e9e Diversit\u00e9\"},\"image\":{\"@id\":\"https:\/\/guineediversite.com\/#\/schema\/logo\/image\/\"},\"sameAs\":[\"https:\/\/www.facebook.com\/guineediversite\/\",\"https:\/\/x.com\/GuineeDiversite\",\"https:\/\/www.youtube.com\/channel\/UC8sUY16qelG5ge6_D5SB83g\"]},{\"@type\":\"Person\",\"@id\":\"https:\/\/guineediversite.com\/#\/schema\/person\/afa08fb34e7fc6e1feafc892612bc836\",\"name\":\"Guin\u00e9e Diversit\u00e9\",\"image\":{\"@type\":\"ImageObject\",\"inLanguage\":\"fr-FR\",\"@id\":\"https:\/\/guineediversite.com\/#\/schema\/person\/image\/\",\"url\":\"https:\/\/secure.gravatar.com\/avatar\/50d5eb5b390f8b65ac30ac6f898eb83a?s=96&d=mm&r=g\",\"contentUrl\":\"https:\/\/secure.gravatar.com\/avatar\/50d5eb5b390f8b65ac30ac6f898eb83a?s=96&d=mm&r=g\",\"caption\":\"Guin\u00e9e Diversit\u00e9\"},\"url\":\"https:\/\/guineediversite.com\/index.php\/author\/guineediversite\/\"}]}<\/script>\n<!-- \/ Yoast SEO plugin. -->","yoast_head_json":{"title":"31\/12\/2013 Les ouvriers du chantier Plaza Diama International de Kip\u00e9 projettent une manifestions le 2 janvier 14 pour mauvaise condition de vie | Guin\u00e9e Diversit\u00e9","robots":{"index":"index","follow":"follow","max-snippet":"max-snippet:-1","max-image-preview":"max-image-preview:large","max-video-preview":"max-video-preview:-1"},"canonical":"https:\/\/guineediversite.com\/index.php\/2013\/12\/31\/31122013-les-ouvriers-du-chantier-plaza-diama-international-de-kipe-projettent-une-manifestions-le-2-janvier-14-pour-mauvaise-condition-de-vie\/","og_locale":"fr_FR","og_type":"article","og_title":"31\/12\/2013 Les ouvriers du chantier Plaza Diama International de Kip\u00e9 projettent une manifestions le 2 janvier 14 pour mauvaise condition de vie | Guin\u00e9e Diversit\u00e9","og_description":"Pour un premier temps les travaux s\u2019\u00e9tendent sur quatre des Dix sept hectares que l\u2019Etat a c\u00e9der \u00e0 la soci\u00e9t\u00e9 chinoise Plaza Diama International pour la construction. Sur ces quatre hectares seront b\u00e2tis dix villas et un immeuble \u00e0 usage de bureau et de commerce. Selon Fei yiming directeur technique adjoint de Guinea margrandiose apr\u00e8s [&hellip;]","og_url":"https:\/\/guineediversite.com\/index.php\/2013\/12\/31\/31122013-les-ouvriers-du-chantier-plaza-diama-international-de-kipe-projettent-une-manifestions-le-2-janvier-14-pour-mauvaise-condition-de-vie\/","og_site_name":"Guin\u00e9e Diversit\u00e9","article_publisher":"https:\/\/www.facebook.com\/guineediversite\/","article_published_time":"2013-12-30T23:00:00+00:00","author":"Guin\u00e9e Diversit\u00e9","twitter_card":"summary_large_image","twitter_creator":"@GuineeDiversite","twitter_site":"@GuineeDiversite","twitter_misc":{"\u00c9crit par":"Guin\u00e9e Diversit\u00e9","Dur\u00e9e de lecture estim\u00e9e":"2 minutes"},"schema":{"@context":"https:\/\/schema.org","@graph":[{"@type":"Article","@id":"https:\/\/guineediversite.com\/index.php\/2013\/12\/31\/31122013-les-ouvriers-du-chantier-plaza-diama-international-de-kipe-projettent-une-manifestions-le-2-janvier-14-pour-mauvaise-condition-de-vie\/#article","isPartOf":{"@id":"https:\/\/guineediversite.com\/index.php\/2013\/12\/31\/31122013-les-ouvriers-du-chantier-plaza-diama-international-de-kipe-projettent-une-manifestions-le-2-janvier-14-pour-mauvaise-condition-de-vie\/"},"author":{"name":"Guin\u00e9e Diversit\u00e9","@id":"https:\/\/guineediversite.com\/#\/schema\/person\/afa08fb34e7fc6e1feafc892612bc836"},"headline":"31\/12\/2013 Les ouvriers du chantier Plaza Diama International de Kip\u00e9 projettent une manifestions le 2 janvier 14 pour mauvaise condition de vie","datePublished":"2013-12-30T23:00:00+00:00","dateModified":"2013-12-30T23:00:00+00:00","mainEntityOfPage":{"@id":"https:\/\/guineediversite.com\/index.php\/2013\/12\/31\/31122013-les-ouvriers-du-chantier-plaza-diama-international-de-kipe-projettent-une-manifestions-le-2-janvier-14-pour-mauvaise-condition-de-vie\/"},"wordCount":341,"commentCount":0,"publisher":{"@id":"https:\/\/guineediversite.com\/#organization"},"articleSection":["Archives"],"inLanguage":"fr-FR","potentialAction":[{"@type":"CommentAction","name":"Comment","target":["https:\/\/guineediversite.com\/index.php\/2013\/12\/31\/31122013-les-ouvriers-du-chantier-plaza-diama-international-de-kipe-projettent-une-manifestions-le-2-janvier-14-pour-mauvaise-condition-de-vie\/#respond"]}]},{"@type":"WebPage","@id":"https:\/\/guineediversite.com\/index.php\/2013\/12\/31\/31122013-les-ouvriers-du-chantier-plaza-diama-international-de-kipe-projettent-une-manifestions-le-2-janvier-14-pour-mauvaise-condition-de-vie\/","url":"https:\/\/guineediversite.com\/index.php\/2013\/12\/31\/31122013-les-ouvriers-du-chantier-plaza-diama-international-de-kipe-projettent-une-manifestions-le-2-janvier-14-pour-mauvaise-condition-de-vie\/","name":"31\/12\/2013 Les ouvriers du chantier Plaza Diama International de Kip\u00e9 projettent une manifestions le 2 janvier 14 pour mauvaise condition de vie | Guin\u00e9e Diversit\u00e9","isPartOf":{"@id":"https:\/\/guineediversite.com\/#website"},"datePublished":"2013-12-30T23:00:00+00:00","dateModified":"2013-12-30T23:00:00+00:00","breadcrumb":{"@id":"https:\/\/guineediversite.com\/index.php\/2013\/12\/31\/31122013-les-ouvriers-du-chantier-plaza-diama-international-de-kipe-projettent-une-manifestions-le-2-janvier-14-pour-mauvaise-condition-de-vie\/#breadcrumb"},"inLanguage":"fr-FR","potentialAction":[{"@type":"ReadAction","target":["https:\/\/guineediversite.com\/index.php\/2013\/12\/31\/31122013-les-ouvriers-du-chantier-plaza-diama-international-de-kipe-projettent-une-manifestions-le-2-janvier-14-pour-mauvaise-condition-de-vie\/"]}]},{"@type":"BreadcrumbList","@id":"https:\/\/guineediversite.com\/index.php\/2013\/12\/31\/31122013-les-ouvriers-du-chantier-plaza-diama-international-de-kipe-projettent-une-manifestions-le-2-janvier-14-pour-mauvaise-condition-de-vie\/#breadcrumb","itemListElement":[{"@type":"ListItem","position":1,"name":"Accueil","item":"https:\/\/guineediversite.com\/"},{"@type":"ListItem","position":2,"name":"31\/12\/2013 Les ouvriers du chantier Plaza Diama International de Kip\u00e9 projettent une manifestions le 2 janvier 14 pour mauvaise condition de vie"}]},{"@type":"WebSite","@id":"https:\/\/guineediversite.com\/#website","url":"https:\/\/guineediversite.com\/","name":"Guin\u00e9e Diversit\u00e9","description":"L&#039;Info dans toute sa diversit\u00e9","publisher":{"@id":"https:\/\/guineediversite.com\/#organization"},"potentialAction":[{"@type":"SearchAction","target":{"@type":"EntryPoint","urlTemplate":"https:\/\/guineediversite.com\/?s={search_term_string}"},"query-input":{"@type":"PropertyValueSpecification","valueRequired":true,"valueName":"search_term_string"}}],"inLanguage":"fr-FR"},{"@type":"Organization","@id":"https:\/\/guineediversite.com\/#organization","name":"Guin\u00e9e Diversit\u00e9","url":"https:\/\/guineediversite.com\/","logo":{"@type":"ImageObject","inLanguage":"fr-FR","@id":"https:\/\/guineediversite.com\/#\/schema\/logo\/image\/","url":"https:\/\/guineediversite.com\/wp-content\/uploads\/2017\/04\/cropped-1jojlxEOMkX9Wyqfhe43D6kjPOGqBBKmx3EwWJqZ0cMrFF54yM49.png","contentUrl":"https:\/\/guineediversite.com\/wp-content\/uploads\/2017\/04\/cropped-1jojlxEOMkX9Wyqfhe43D6kjPOGqBBKmx3EwWJqZ0cMrFF54yM49.png","width":186,"height":112,"caption":"Guin\u00e9e Diversit\u00e9"},"image":{"@id":"https:\/\/guineediversite.com\/#\/schema\/logo\/image\/"},"sameAs":["https:\/\/www.facebook.com\/guineediversite\/","https:\/\/x.com\/GuineeDiversite","https:\/\/www.youtube.com\/channel\/UC8sUY16qelG5ge6_D5SB83g"]},{"@type":"Person","@id":"https:\/\/guineediversite.com\/#\/schema\/person\/afa08fb34e7fc6e1feafc892612bc836","name":"Guin\u00e9e Diversit\u00e9","image":{"@type":"ImageObject","inLanguage":"fr-FR","@id":"https:\/\/guineediversite.com\/#\/schema\/person\/image\/","url":"https:\/\/secure.gravatar.com\/avatar\/50d5eb5b390f8b65ac30ac6f898eb83a?s=96&d=mm&r=g","contentUrl":"https:\/\/secure.gravatar.com\/avatar\/50d5eb5b390f8b65ac30ac6f898eb83a?s=96&d=mm&r=g","caption":"Guin\u00e9e Diversit\u00e9"},"url":"https:\/\/guineediversite.com\/index.php\/author\/guineediversite\/"}]}},"_links":{"self":[{"href":"https:\/\/guineediversite.com\/index.php\/wp-json\/wp\/v2\/posts\/19661"}],"collection":[{"href":"https:\/\/guineediversite.com\/index.php\/wp-json\/wp\/v2\/posts"}],"about":[{"href":"https:\/\/guineediversite.com\/index.php\/wp-json\/wp\/v2\/types\/post"}],"author":[{"embeddable":true,"href":"https:\/\/guineediversite.com\/index.php\/wp-json\/wp\/v2\/users\/12"}],"replies":[{"embeddable":true,"href":"https:\/\/guineediversite.com\/index.php\/wp-json\/wp\/v2\/comments?post=19661"}],"version-history":[{"count":0,"href":"https:\/\/guineediversite.com\/index.php\/wp-json\/wp\/v2\/posts\/19661\/revisions"}],"wp:attachment":[{"href":"https:\/\/guineediversite.com\/index.php\/wp-json\/wp\/v2\/media?parent=19661"}],"wp:term":[{"taxonomy":"category","embeddable":true,"href":"https:\/\/guineediversite.com\/index.php\/wp-json\/wp\/v2\/categories?post=19661"},{"taxonomy":"post_tag","embeddable":true,"href":"https:\/\/guineediversite.com\/index.php\/wp-json\/wp\/v2\/tags?post=19661"}],"curies":[{"name":"wp","href":"https:\/\/api.w.org\/{rel}","templated":true}]}}