{"id":19647,"date":"2013-12-31T00:00:00","date_gmt":"2013-12-30T23:00:00","guid":{"rendered":"https:\/\/www.guineediversite.com\/index.php\/2013\/12\/31\/27122013-le-representant-de-la-guinee-au-8e-forum-des-jeunes-de-lunesco-face-a-la-presse\/"},"modified":"2013-12-31T00:00:00","modified_gmt":"2013-12-30T23:00:00","slug":"27122013-le-representant-de-la-guinee-au-8e-forum-des-jeunes-de-lunesco-face-a-la-presse","status":"publish","type":"post","link":"https:\/\/guineediversite.com\/index.php\/2013\/12\/31\/27122013-le-representant-de-la-guinee-au-8e-forum-des-jeunes-de-lunesco-face-a-la-presse\/","title":{"rendered":"27\/12\/2013 le repr\u00e9sentant de la guin\u00e9e au 8e forum des jeunes de l\u2019UNESCO face \u00e0 la presse"},"content":{"rendered":"<p>Lors d\u2019une conf\u00e9rence de presse anim\u00e9e ce vendredi \u00e0 la maison de la presse, le coordinateur National de l\u2019Association des Jeunes pour l\u2019Education et la Culture, est revenu sur sa participation au 8e forum des jeunes de l\u2019UNESCO, qui s\u2019est tenu \u00e0 Paris du 29 au 31 octobre 2013.<br \/>\nCe 8e forum de l\u2019UNESCO qui s\u2019est tenu sous le th\u00e8me  \u00ab  inclusion sociale et jeunesse : engagement civique, dialogue et d\u00e9veloppement des comp\u00e9tences \u00bb, a permis \u00e0 plus de 400 jeunes d\u2019avoir l\u2019opportunit\u00e9 d\u2019\u00e9changer leurs opinions, de partager leurs exp\u00e9rience et surtout, d\u2019identifier des pr\u00e9occupations et des probl\u00e8mes communs.<br \/>\nSelon Alpha Oumar Tour\u00e9, la participation de la Guin\u00e9e \u00e0 ce forum, a permis \u00e0 notre pays d\u2019avoir quelques acquis. C\u2019est entre autres, une coop\u00e9ration de la jeunesse de la Guin\u00e9e et de la Russie \u00e0 travers le jumelage d\u2019universit\u00e9 guin\u00e9o-Russe, le projet de cr\u00e9ation d\u2019un cadre permanent d\u2019\u00e9change via les r\u00e9seaux sociaux entre les jeunes leaders d\u2019associations de jeunes guin\u00e9ens et russes, la conception d\u2019un site web \u00ab jeunes solidaire \u00bb et  un projet de voyage d\u2019\u00e9tude, de d\u00e9couverte et de partage d\u2019exp\u00e9rience en 2014.<br \/>\n\u00ab En ma qualit\u00e9 de d\u00e9l\u00e9gu\u00e9 officiel pour la 8e \u00e9dition du forum des jeunes de l\u2019UNESCO donc responsable du suivi des recommandations jusqu\u2019au prochain forum en 2015, je compte mettre en place des m\u00e9canismes et des strat\u00e9gies avec l\u2019appui de la commission nationale de l\u2019UNESCO et le minist\u00e8re de la jeunesse, des sports et de l\u2019emploi \u00bb \u00e0 indiqu\u00e9 Alpha Oumar Tour\u00e9<br \/>\nPour  la mise en \u0153uvre  des recommandations formul\u00e9es lors de cette rencontre internationale, Alpha Oumar Tour\u00e9 compte faire des plaidoyers aupr\u00e8s du gouvernement et des partenaires au d\u00e9veloppement.<br \/>\nIl souhaite \u00e9galement pour l\u2019ann\u00e9e 2014, la mise en place d\u2019une commission jeunesse et partenaire au niveau de la commission nationale de l\u2019UNESCO et plaider pour la d\u00e9signation d\u2019un jeune devant repr\u00e9senter ses pairs au sein de la dite commission nationale conform\u00e9ment aux recommandations du forum.<br \/>\nPour ce jeune leader, se pr\u00e9senter au nom de son pays, hisser haut le drapeau guin\u00e9en sur la tribune de l\u2019Unesco est pour lui un honneur, un  privil\u00e8ge mais aussi le couronnement de plusieurs ann\u00e9es de combat pour une jeunesse responsable.<br \/>\nDe son cot\u00e9, le Directeur National de la jeunesse a au nom de son d\u00e9partement, promis  de soutenir l\u2019Association des jeunes pour l\u2019\u00e9ducation et la Culture  pour l\u2019atteinte de ses objectif. Moussa Cond\u00e9 a aussi regrett\u00e9 l\u2019absence en guin\u00e9e de cadre de concertation des jeunes  comme le parlement des jeunes.<br \/>\nThierno Moussa Bah<br \/>\n+224 664 373 398<\/p>\n","protected":false},"excerpt":{"rendered":"<p>Lors d\u2019une conf\u00e9rence de presse anim\u00e9e ce vendredi \u00e0 la maison de la presse, le coordinateur National de l\u2019Association des Jeunes pour l\u2019Education et la Culture, est revenu sur sa participation au 8e forum des jeunes de l\u2019UNESCO, qui s\u2019est tenu \u00e0 Paris du 29 au 31 octobre 2013. Ce 8e forum de l\u2019UNESCO qui [&hellip;]<\/p>\n","protected":false},"author":12,"featured_media":0,"comment_status":"open","ping_status":"open","sticky":false,"template":"","format":"standard","meta":{"_exactmetrics_skip_tracking":false,"_exactmetrics_sitenote_active":false,"_exactmetrics_sitenote_note":"","_exactmetrics_sitenote_category":0,"tdm_status":"","tdm_grid_status":"","footnotes":""},"categories":[28],"tags":[],"class_list":{"0":"post-19647","1":"post","2":"type-post","3":"status-publish","4":"format-standard","6":"category-archives"},"yoast_head":"<!-- This site is optimized with the Yoast SEO plugin v24.2 - https:\/\/yoast.com\/wordpress\/plugins\/seo\/ -->\n<title>27\/12\/2013 le repr\u00e9sentant de la guin\u00e9e au 8e forum des jeunes de l\u2019UNESCO face \u00e0 la presse | Guin\u00e9e Diversit\u00e9<\/title>\n<meta name=\"robots\" content=\"index, follow, max-snippet:-1, max-image-preview:large, max-video-preview:-1\" \/>\n<link rel=\"canonical\" href=\"https:\/\/guineediversite.com\/index.php\/2013\/12\/31\/27122013-le-representant-de-la-guinee-au-8e-forum-des-jeunes-de-lunesco-face-a-la-presse\/\" \/>\n<meta property=\"og:locale\" content=\"fr_FR\" \/>\n<meta property=\"og:type\" content=\"article\" \/>\n<meta property=\"og:title\" content=\"27\/12\/2013 le repr\u00e9sentant de la guin\u00e9e au 8e forum des jeunes de l\u2019UNESCO face \u00e0 la presse | Guin\u00e9e Diversit\u00e9\" \/>\n<meta property=\"og:description\" content=\"Lors d\u2019une conf\u00e9rence de presse anim\u00e9e ce vendredi \u00e0 la maison de la presse, le coordinateur National de l\u2019Association des Jeunes pour l\u2019Education et la Culture, est revenu sur sa participation au 8e forum des jeunes de l\u2019UNESCO, qui s\u2019est tenu \u00e0 Paris du 29 au 31 octobre 2013. Ce 8e forum de l\u2019UNESCO qui [&hellip;]\" \/>\n<meta property=\"og:url\" content=\"https:\/\/guineediversite.com\/index.php\/2013\/12\/31\/27122013-le-representant-de-la-guinee-au-8e-forum-des-jeunes-de-lunesco-face-a-la-presse\/\" \/>\n<meta property=\"og:site_name\" content=\"Guin\u00e9e Diversit\u00e9\" \/>\n<meta property=\"article:publisher\" content=\"https:\/\/www.facebook.com\/guineediversite\/\" \/>\n<meta property=\"article:published_time\" content=\"2013-12-30T23:00:00+00:00\" \/>\n<meta name=\"author\" content=\"Guin\u00e9e Diversit\u00e9\" \/>\n<meta name=\"twitter:card\" content=\"summary_large_image\" \/>\n<meta name=\"twitter:creator\" content=\"@GuineeDiversite\" \/>\n<meta name=\"twitter:site\" content=\"@GuineeDiversite\" \/>\n<meta name=\"twitter:label1\" content=\"\u00c9crit par\" \/>\n\t<meta name=\"twitter:data1\" content=\"Guin\u00e9e Diversit\u00e9\" \/>\n\t<meta name=\"twitter:label2\" content=\"Dur\u00e9e de lecture estim\u00e9e\" \/>\n\t<meta name=\"twitter:data2\" content=\"2 minutes\" \/>\n<script type=\"application\/ld+json\" class=\"yoast-schema-graph\">{\"@context\":\"https:\/\/schema.org\",\"@graph\":[{\"@type\":\"Article\",\"@id\":\"https:\/\/guineediversite.com\/index.php\/2013\/12\/31\/27122013-le-representant-de-la-guinee-au-8e-forum-des-jeunes-de-lunesco-face-a-la-presse\/#article\",\"isPartOf\":{\"@id\":\"https:\/\/guineediversite.com\/index.php\/2013\/12\/31\/27122013-le-representant-de-la-guinee-au-8e-forum-des-jeunes-de-lunesco-face-a-la-presse\/\"},\"author\":{\"name\":\"Guin\u00e9e Diversit\u00e9\",\"@id\":\"https:\/\/guineediversite.com\/#\/schema\/person\/afa08fb34e7fc6e1feafc892612bc836\"},\"headline\":\"27\/12\/2013 le repr\u00e9sentant de la guin\u00e9e au 8e forum des jeunes de l\u2019UNESCO face \u00e0 la presse\",\"datePublished\":\"2013-12-30T23:00:00+00:00\",\"dateModified\":\"2013-12-30T23:00:00+00:00\",\"mainEntityOfPage\":{\"@id\":\"https:\/\/guineediversite.com\/index.php\/2013\/12\/31\/27122013-le-representant-de-la-guinee-au-8e-forum-des-jeunes-de-lunesco-face-a-la-presse\/\"},\"wordCount\":482,\"commentCount\":0,\"publisher\":{\"@id\":\"https:\/\/guineediversite.com\/#organization\"},\"articleSection\":[\"Archives\"],\"inLanguage\":\"fr-FR\",\"potentialAction\":[{\"@type\":\"CommentAction\",\"name\":\"Comment\",\"target\":[\"https:\/\/guineediversite.com\/index.php\/2013\/12\/31\/27122013-le-representant-de-la-guinee-au-8e-forum-des-jeunes-de-lunesco-face-a-la-presse\/#respond\"]}]},{\"@type\":\"WebPage\",\"@id\":\"https:\/\/guineediversite.com\/index.php\/2013\/12\/31\/27122013-le-representant-de-la-guinee-au-8e-forum-des-jeunes-de-lunesco-face-a-la-presse\/\",\"url\":\"https:\/\/guineediversite.com\/index.php\/2013\/12\/31\/27122013-le-representant-de-la-guinee-au-8e-forum-des-jeunes-de-lunesco-face-a-la-presse\/\",\"name\":\"27\/12\/2013 le repr\u00e9sentant de la guin\u00e9e au 8e forum des jeunes de l\u2019UNESCO face \u00e0 la presse | Guin\u00e9e Diversit\u00e9\",\"isPartOf\":{\"@id\":\"https:\/\/guineediversite.com\/#website\"},\"datePublished\":\"2013-12-30T23:00:00+00:00\",\"dateModified\":\"2013-12-30T23:00:00+00:00\",\"breadcrumb\":{\"@id\":\"https:\/\/guineediversite.com\/index.php\/2013\/12\/31\/27122013-le-representant-de-la-guinee-au-8e-forum-des-jeunes-de-lunesco-face-a-la-presse\/#breadcrumb\"},\"inLanguage\":\"fr-FR\",\"potentialAction\":[{\"@type\":\"ReadAction\",\"target\":[\"https:\/\/guineediversite.com\/index.php\/2013\/12\/31\/27122013-le-representant-de-la-guinee-au-8e-forum-des-jeunes-de-lunesco-face-a-la-presse\/\"]}]},{\"@type\":\"BreadcrumbList\",\"@id\":\"https:\/\/guineediversite.com\/index.php\/2013\/12\/31\/27122013-le-representant-de-la-guinee-au-8e-forum-des-jeunes-de-lunesco-face-a-la-presse\/#breadcrumb\",\"itemListElement\":[{\"@type\":\"ListItem\",\"position\":1,\"name\":\"Accueil\",\"item\":\"https:\/\/guineediversite.com\/\"},{\"@type\":\"ListItem\",\"position\":2,\"name\":\"27\/12\/2013 le repr\u00e9sentant de la guin\u00e9e au 8e forum des jeunes de l\u2019UNESCO face \u00e0 la presse\"}]},{\"@type\":\"WebSite\",\"@id\":\"https:\/\/guineediversite.com\/#website\",\"url\":\"https:\/\/guineediversite.com\/\",\"name\":\"Guin\u00e9e Diversit\u00e9\",\"description\":\"L&#039;Info dans toute sa diversit\u00e9\",\"publisher\":{\"@id\":\"https:\/\/guineediversite.com\/#organization\"},\"potentialAction\":[{\"@type\":\"SearchAction\",\"target\":{\"@type\":\"EntryPoint\",\"urlTemplate\":\"https:\/\/guineediversite.com\/?s={search_term_string}\"},\"query-input\":{\"@type\":\"PropertyValueSpecification\",\"valueRequired\":true,\"valueName\":\"search_term_string\"}}],\"inLanguage\":\"fr-FR\"},{\"@type\":\"Organization\",\"@id\":\"https:\/\/guineediversite.com\/#organization\",\"name\":\"Guin\u00e9e Diversit\u00e9\",\"url\":\"https:\/\/guineediversite.com\/\",\"logo\":{\"@type\":\"ImageObject\",\"inLanguage\":\"fr-FR\",\"@id\":\"https:\/\/guineediversite.com\/#\/schema\/logo\/image\/\",\"url\":\"https:\/\/guineediversite.com\/wp-content\/uploads\/2017\/04\/cropped-1jojlxEOMkX9Wyqfhe43D6kjPOGqBBKmx3EwWJqZ0cMrFF54yM49.png\",\"contentUrl\":\"https:\/\/guineediversite.com\/wp-content\/uploads\/2017\/04\/cropped-1jojlxEOMkX9Wyqfhe43D6kjPOGqBBKmx3EwWJqZ0cMrFF54yM49.png\",\"width\":186,\"height\":112,\"caption\":\"Guin\u00e9e Diversit\u00e9\"},\"image\":{\"@id\":\"https:\/\/guineediversite.com\/#\/schema\/logo\/image\/\"},\"sameAs\":[\"https:\/\/www.facebook.com\/guineediversite\/\",\"https:\/\/x.com\/GuineeDiversite\",\"https:\/\/www.youtube.com\/channel\/UC8sUY16qelG5ge6_D5SB83g\"]},{\"@type\":\"Person\",\"@id\":\"https:\/\/guineediversite.com\/#\/schema\/person\/afa08fb34e7fc6e1feafc892612bc836\",\"name\":\"Guin\u00e9e Diversit\u00e9\",\"image\":{\"@type\":\"ImageObject\",\"inLanguage\":\"fr-FR\",\"@id\":\"https:\/\/guineediversite.com\/#\/schema\/person\/image\/\",\"url\":\"https:\/\/secure.gravatar.com\/avatar\/50d5eb5b390f8b65ac30ac6f898eb83a?s=96&d=mm&r=g\",\"contentUrl\":\"https:\/\/secure.gravatar.com\/avatar\/50d5eb5b390f8b65ac30ac6f898eb83a?s=96&d=mm&r=g\",\"caption\":\"Guin\u00e9e Diversit\u00e9\"},\"url\":\"https:\/\/guineediversite.com\/index.php\/author\/guineediversite\/\"}]}<\/script>\n<!-- \/ Yoast SEO plugin. -->","yoast_head_json":{"title":"27\/12\/2013 le repr\u00e9sentant de la guin\u00e9e au 8e forum des jeunes de l\u2019UNESCO face \u00e0 la presse | Guin\u00e9e Diversit\u00e9","robots":{"index":"index","follow":"follow","max-snippet":"max-snippet:-1","max-image-preview":"max-image-preview:large","max-video-preview":"max-video-preview:-1"},"canonical":"https:\/\/guineediversite.com\/index.php\/2013\/12\/31\/27122013-le-representant-de-la-guinee-au-8e-forum-des-jeunes-de-lunesco-face-a-la-presse\/","og_locale":"fr_FR","og_type":"article","og_title":"27\/12\/2013 le repr\u00e9sentant de la guin\u00e9e au 8e forum des jeunes de l\u2019UNESCO face \u00e0 la presse | Guin\u00e9e Diversit\u00e9","og_description":"Lors d\u2019une conf\u00e9rence de presse anim\u00e9e ce vendredi \u00e0 la maison de la presse, le coordinateur National de l\u2019Association des Jeunes pour l\u2019Education et la Culture, est revenu sur sa participation au 8e forum des jeunes de l\u2019UNESCO, qui s\u2019est tenu \u00e0 Paris du 29 au 31 octobre 2013. Ce 8e forum de l\u2019UNESCO qui [&hellip;]","og_url":"https:\/\/guineediversite.com\/index.php\/2013\/12\/31\/27122013-le-representant-de-la-guinee-au-8e-forum-des-jeunes-de-lunesco-face-a-la-presse\/","og_site_name":"Guin\u00e9e Diversit\u00e9","article_publisher":"https:\/\/www.facebook.com\/guineediversite\/","article_published_time":"2013-12-30T23:00:00+00:00","author":"Guin\u00e9e Diversit\u00e9","twitter_card":"summary_large_image","twitter_creator":"@GuineeDiversite","twitter_site":"@GuineeDiversite","twitter_misc":{"\u00c9crit par":"Guin\u00e9e Diversit\u00e9","Dur\u00e9e de lecture estim\u00e9e":"2 minutes"},"schema":{"@context":"https:\/\/schema.org","@graph":[{"@type":"Article","@id":"https:\/\/guineediversite.com\/index.php\/2013\/12\/31\/27122013-le-representant-de-la-guinee-au-8e-forum-des-jeunes-de-lunesco-face-a-la-presse\/#article","isPartOf":{"@id":"https:\/\/guineediversite.com\/index.php\/2013\/12\/31\/27122013-le-representant-de-la-guinee-au-8e-forum-des-jeunes-de-lunesco-face-a-la-presse\/"},"author":{"name":"Guin\u00e9e Diversit\u00e9","@id":"https:\/\/guineediversite.com\/#\/schema\/person\/afa08fb34e7fc6e1feafc892612bc836"},"headline":"27\/12\/2013 le repr\u00e9sentant de la guin\u00e9e au 8e forum des jeunes de l\u2019UNESCO face \u00e0 la presse","datePublished":"2013-12-30T23:00:00+00:00","dateModified":"2013-12-30T23:00:00+00:00","mainEntityOfPage":{"@id":"https:\/\/guineediversite.com\/index.php\/2013\/12\/31\/27122013-le-representant-de-la-guinee-au-8e-forum-des-jeunes-de-lunesco-face-a-la-presse\/"},"wordCount":482,"commentCount":0,"publisher":{"@id":"https:\/\/guineediversite.com\/#organization"},"articleSection":["Archives"],"inLanguage":"fr-FR","potentialAction":[{"@type":"CommentAction","name":"Comment","target":["https:\/\/guineediversite.com\/index.php\/2013\/12\/31\/27122013-le-representant-de-la-guinee-au-8e-forum-des-jeunes-de-lunesco-face-a-la-presse\/#respond"]}]},{"@type":"WebPage","@id":"https:\/\/guineediversite.com\/index.php\/2013\/12\/31\/27122013-le-representant-de-la-guinee-au-8e-forum-des-jeunes-de-lunesco-face-a-la-presse\/","url":"https:\/\/guineediversite.com\/index.php\/2013\/12\/31\/27122013-le-representant-de-la-guinee-au-8e-forum-des-jeunes-de-lunesco-face-a-la-presse\/","name":"27\/12\/2013 le repr\u00e9sentant de la guin\u00e9e au 8e forum des jeunes de l\u2019UNESCO face \u00e0 la presse | Guin\u00e9e Diversit\u00e9","isPartOf":{"@id":"https:\/\/guineediversite.com\/#website"},"datePublished":"2013-12-30T23:00:00+00:00","dateModified":"2013-12-30T23:00:00+00:00","breadcrumb":{"@id":"https:\/\/guineediversite.com\/index.php\/2013\/12\/31\/27122013-le-representant-de-la-guinee-au-8e-forum-des-jeunes-de-lunesco-face-a-la-presse\/#breadcrumb"},"inLanguage":"fr-FR","potentialAction":[{"@type":"ReadAction","target":["https:\/\/guineediversite.com\/index.php\/2013\/12\/31\/27122013-le-representant-de-la-guinee-au-8e-forum-des-jeunes-de-lunesco-face-a-la-presse\/"]}]},{"@type":"BreadcrumbList","@id":"https:\/\/guineediversite.com\/index.php\/2013\/12\/31\/27122013-le-representant-de-la-guinee-au-8e-forum-des-jeunes-de-lunesco-face-a-la-presse\/#breadcrumb","itemListElement":[{"@type":"ListItem","position":1,"name":"Accueil","item":"https:\/\/guineediversite.com\/"},{"@type":"ListItem","position":2,"name":"27\/12\/2013 le repr\u00e9sentant de la guin\u00e9e au 8e forum des jeunes de l\u2019UNESCO face \u00e0 la presse"}]},{"@type":"WebSite","@id":"https:\/\/guineediversite.com\/#website","url":"https:\/\/guineediversite.com\/","name":"Guin\u00e9e Diversit\u00e9","description":"L&#039;Info dans toute sa diversit\u00e9","publisher":{"@id":"https:\/\/guineediversite.com\/#organization"},"potentialAction":[{"@type":"SearchAction","target":{"@type":"EntryPoint","urlTemplate":"https:\/\/guineediversite.com\/?s={search_term_string}"},"query-input":{"@type":"PropertyValueSpecification","valueRequired":true,"valueName":"search_term_string"}}],"inLanguage":"fr-FR"},{"@type":"Organization","@id":"https:\/\/guineediversite.com\/#organization","name":"Guin\u00e9e Diversit\u00e9","url":"https:\/\/guineediversite.com\/","logo":{"@type":"ImageObject","inLanguage":"fr-FR","@id":"https:\/\/guineediversite.com\/#\/schema\/logo\/image\/","url":"https:\/\/guineediversite.com\/wp-content\/uploads\/2017\/04\/cropped-1jojlxEOMkX9Wyqfhe43D6kjPOGqBBKmx3EwWJqZ0cMrFF54yM49.png","contentUrl":"https:\/\/guineediversite.com\/wp-content\/uploads\/2017\/04\/cropped-1jojlxEOMkX9Wyqfhe43D6kjPOGqBBKmx3EwWJqZ0cMrFF54yM49.png","width":186,"height":112,"caption":"Guin\u00e9e Diversit\u00e9"},"image":{"@id":"https:\/\/guineediversite.com\/#\/schema\/logo\/image\/"},"sameAs":["https:\/\/www.facebook.com\/guineediversite\/","https:\/\/x.com\/GuineeDiversite","https:\/\/www.youtube.com\/channel\/UC8sUY16qelG5ge6_D5SB83g"]},{"@type":"Person","@id":"https:\/\/guineediversite.com\/#\/schema\/person\/afa08fb34e7fc6e1feafc892612bc836","name":"Guin\u00e9e Diversit\u00e9","image":{"@type":"ImageObject","inLanguage":"fr-FR","@id":"https:\/\/guineediversite.com\/#\/schema\/person\/image\/","url":"https:\/\/secure.gravatar.com\/avatar\/50d5eb5b390f8b65ac30ac6f898eb83a?s=96&d=mm&r=g","contentUrl":"https:\/\/secure.gravatar.com\/avatar\/50d5eb5b390f8b65ac30ac6f898eb83a?s=96&d=mm&r=g","caption":"Guin\u00e9e Diversit\u00e9"},"url":"https:\/\/guineediversite.com\/index.php\/author\/guineediversite\/"}]}},"_links":{"self":[{"href":"https:\/\/guineediversite.com\/index.php\/wp-json\/wp\/v2\/posts\/19647"}],"collection":[{"href":"https:\/\/guineediversite.com\/index.php\/wp-json\/wp\/v2\/posts"}],"about":[{"href":"https:\/\/guineediversite.com\/index.php\/wp-json\/wp\/v2\/types\/post"}],"author":[{"embeddable":true,"href":"https:\/\/guineediversite.com\/index.php\/wp-json\/wp\/v2\/users\/12"}],"replies":[{"embeddable":true,"href":"https:\/\/guineediversite.com\/index.php\/wp-json\/wp\/v2\/comments?post=19647"}],"version-history":[{"count":0,"href":"https:\/\/guineediversite.com\/index.php\/wp-json\/wp\/v2\/posts\/19647\/revisions"}],"wp:attachment":[{"href":"https:\/\/guineediversite.com\/index.php\/wp-json\/wp\/v2\/media?parent=19647"}],"wp:term":[{"taxonomy":"category","embeddable":true,"href":"https:\/\/guineediversite.com\/index.php\/wp-json\/wp\/v2\/categories?post=19647"},{"taxonomy":"post_tag","embeddable":true,"href":"https:\/\/guineediversite.com\/index.php\/wp-json\/wp\/v2\/tags?post=19647"}],"curies":[{"name":"wp","href":"https:\/\/api.w.org\/{rel}","templated":true}]}}