{"id":19646,"date":"2013-12-31T00:00:00","date_gmt":"2013-12-30T23:00:00","guid":{"rendered":"https:\/\/www.guineediversite.com\/index.php\/2013\/12\/31\/lassociation-des-professionnelles-africaines-de-la-communication-apac-guinee-dresse-son-bilan-de-lannee-2013\/"},"modified":"2013-12-31T00:00:00","modified_gmt":"2013-12-30T23:00:00","slug":"lassociation-des-professionnelles-africaines-de-la-communication-apac-guinee-dresse-son-bilan-de-lannee-2013","status":"publish","type":"post","link":"https:\/\/guineediversite.com\/index.php\/2013\/12\/31\/lassociation-des-professionnelles-africaines-de-la-communication-apac-guinee-dresse-son-bilan-de-lannee-2013\/","title":{"rendered":"L\u2019Association des Professionnelles Africaines de la Communication (APAC-GUINEE) dresse son bilan de l\u2019ann\u00e9e 2013"},"content":{"rendered":"<p>Pour  Hawa Kamille Camara, pr\u00e9sidente de cette organisation, APAC-GUINEE a largement contribu\u00e9 courant 2013, au d\u00e9veloppement socio professionnel de notre pays. Cela s\u2019explique par la r\u00e9alisation de plusieurs projets. Parmi ces projets, la Pr\u00e9sidente d\u2019APAC-Guin\u00e9e cite entre autres, la lutte contre la corruption dans les centres de sant\u00e9s, le d\u00e9ploiement de dix femmes journalistes pour l\u2019observation du d\u00e9roulement des \u00e9lections l\u00e9gislatives , la formation  de trente journalistes guin\u00e9ens venant des radios publiques et priv\u00e9es de Conakry et de l\u2019int\u00e9rieur du pays sur l\u2019animation des \u00e9missions interactives et tout derni\u00e8rement, l\u2019organisation du premier concours national pour la promotion d\u2019une meilleure pratique du journalisme en Guin\u00e9e.<br \/>\nEn d\u00e9pit de ce bilan, la pr\u00e9sidente d\u2019APAC-GUINEE n\u2019a pas cach\u00e9 ses ambitions pour l\u2019ann\u00e9e 2014. Elle d\u00e9clare que son ONG va poursuivre ses projets gr\u00e2ce \u00e0 ses partenaires. Parmi les projets qui tienent  APAC-Guin\u00e9e \u00e0 c\u0153ur, il y a la formation des femmes journalistes pour une meilleure implication dans les prochains scrutins, l\u2019organisation d\u2019une assembl\u00e9e g\u00e9n\u00e9rale d\u2019ici mi-juillet qui va mener l\u2019ONG \u00e0 un congr\u00e8s, mais aussi et surtout, l\u2019organisation de la deuxi\u00e8me \u00e9dition du concours national pour la promotion d\u2019une meilleure pratique du journalisme en Guin\u00e9e<\/p>\n<p>Ciss\u00e9 Abdoulaye<\/p>\n","protected":false},"excerpt":{"rendered":"<p>Pour Hawa Kamille Camara, pr\u00e9sidente de cette organisation, APAC-GUINEE a largement contribu\u00e9 courant 2013, au d\u00e9veloppement socio professionnel de notre pays. Cela s\u2019explique par la r\u00e9alisation de plusieurs projets. Parmi ces projets, la Pr\u00e9sidente d\u2019APAC-Guin\u00e9e cite entre autres, la lutte contre la corruption dans les centres de sant\u00e9s, le d\u00e9ploiement de dix femmes journalistes pour [&hellip;]<\/p>\n","protected":false},"author":12,"featured_media":0,"comment_status":"open","ping_status":"open","sticky":false,"template":"","format":"standard","meta":{"_exactmetrics_skip_tracking":false,"_exactmetrics_sitenote_active":false,"_exactmetrics_sitenote_note":"","_exactmetrics_sitenote_category":0,"tdm_status":"","tdm_grid_status":"","footnotes":""},"categories":[28],"tags":[],"class_list":{"0":"post-19646","1":"post","2":"type-post","3":"status-publish","4":"format-standard","6":"category-archives"},"yoast_head":"<!-- This site is optimized with the Yoast SEO plugin v24.2 - https:\/\/yoast.com\/wordpress\/plugins\/seo\/ -->\n<title>L\u2019Association des Professionnelles Africaines de la Communication (APAC-GUINEE) dresse son bilan de l\u2019ann\u00e9e 2013 | Guin\u00e9e Diversit\u00e9<\/title>\n<meta name=\"robots\" content=\"index, follow, max-snippet:-1, max-image-preview:large, max-video-preview:-1\" \/>\n<link rel=\"canonical\" href=\"https:\/\/guineediversite.com\/index.php\/2013\/12\/31\/lassociation-des-professionnelles-africaines-de-la-communication-apac-guinee-dresse-son-bilan-de-lannee-2013\/\" \/>\n<meta property=\"og:locale\" content=\"fr_FR\" \/>\n<meta property=\"og:type\" content=\"article\" \/>\n<meta property=\"og:title\" content=\"L\u2019Association des Professionnelles Africaines de la Communication (APAC-GUINEE) dresse son bilan de l\u2019ann\u00e9e 2013 | Guin\u00e9e Diversit\u00e9\" \/>\n<meta property=\"og:description\" content=\"Pour Hawa Kamille Camara, pr\u00e9sidente de cette organisation, APAC-GUINEE a largement contribu\u00e9 courant 2013, au d\u00e9veloppement socio professionnel de notre pays. Cela s\u2019explique par la r\u00e9alisation de plusieurs projets. Parmi ces projets, la Pr\u00e9sidente d\u2019APAC-Guin\u00e9e cite entre autres, la lutte contre la corruption dans les centres de sant\u00e9s, le d\u00e9ploiement de dix femmes journalistes pour [&hellip;]\" \/>\n<meta property=\"og:url\" content=\"https:\/\/guineediversite.com\/index.php\/2013\/12\/31\/lassociation-des-professionnelles-africaines-de-la-communication-apac-guinee-dresse-son-bilan-de-lannee-2013\/\" \/>\n<meta property=\"og:site_name\" content=\"Guin\u00e9e Diversit\u00e9\" \/>\n<meta property=\"article:publisher\" content=\"https:\/\/www.facebook.com\/guineediversite\/\" \/>\n<meta property=\"article:published_time\" content=\"2013-12-30T23:00:00+00:00\" \/>\n<meta name=\"author\" content=\"Guin\u00e9e Diversit\u00e9\" \/>\n<meta name=\"twitter:card\" content=\"summary_large_image\" \/>\n<meta name=\"twitter:creator\" content=\"@GuineeDiversite\" \/>\n<meta name=\"twitter:site\" content=\"@GuineeDiversite\" \/>\n<meta name=\"twitter:label1\" content=\"\u00c9crit par\" \/>\n\t<meta name=\"twitter:data1\" content=\"Guin\u00e9e Diversit\u00e9\" \/>\n\t<meta name=\"twitter:label2\" content=\"Dur\u00e9e de lecture estim\u00e9e\" \/>\n\t<meta name=\"twitter:data2\" content=\"1 minute\" \/>\n<script type=\"application\/ld+json\" class=\"yoast-schema-graph\">{\"@context\":\"https:\/\/schema.org\",\"@graph\":[{\"@type\":\"Article\",\"@id\":\"https:\/\/guineediversite.com\/index.php\/2013\/12\/31\/lassociation-des-professionnelles-africaines-de-la-communication-apac-guinee-dresse-son-bilan-de-lannee-2013\/#article\",\"isPartOf\":{\"@id\":\"https:\/\/guineediversite.com\/index.php\/2013\/12\/31\/lassociation-des-professionnelles-africaines-de-la-communication-apac-guinee-dresse-son-bilan-de-lannee-2013\/\"},\"author\":{\"name\":\"Guin\u00e9e Diversit\u00e9\",\"@id\":\"https:\/\/guineediversite.com\/#\/schema\/person\/afa08fb34e7fc6e1feafc892612bc836\"},\"headline\":\"L\u2019Association des Professionnelles Africaines de la Communication (APAC-GUINEE) dresse son bilan de l\u2019ann\u00e9e 2013\",\"datePublished\":\"2013-12-30T23:00:00+00:00\",\"dateModified\":\"2013-12-30T23:00:00+00:00\",\"mainEntityOfPage\":{\"@id\":\"https:\/\/guineediversite.com\/index.php\/2013\/12\/31\/lassociation-des-professionnelles-africaines-de-la-communication-apac-guinee-dresse-son-bilan-de-lannee-2013\/\"},\"wordCount\":247,\"commentCount\":0,\"publisher\":{\"@id\":\"https:\/\/guineediversite.com\/#organization\"},\"articleSection\":[\"Archives\"],\"inLanguage\":\"fr-FR\",\"potentialAction\":[{\"@type\":\"CommentAction\",\"name\":\"Comment\",\"target\":[\"https:\/\/guineediversite.com\/index.php\/2013\/12\/31\/lassociation-des-professionnelles-africaines-de-la-communication-apac-guinee-dresse-son-bilan-de-lannee-2013\/#respond\"]}]},{\"@type\":\"WebPage\",\"@id\":\"https:\/\/guineediversite.com\/index.php\/2013\/12\/31\/lassociation-des-professionnelles-africaines-de-la-communication-apac-guinee-dresse-son-bilan-de-lannee-2013\/\",\"url\":\"https:\/\/guineediversite.com\/index.php\/2013\/12\/31\/lassociation-des-professionnelles-africaines-de-la-communication-apac-guinee-dresse-son-bilan-de-lannee-2013\/\",\"name\":\"L\u2019Association des Professionnelles Africaines de la Communication (APAC-GUINEE) dresse son bilan de l\u2019ann\u00e9e 2013 | Guin\u00e9e Diversit\u00e9\",\"isPartOf\":{\"@id\":\"https:\/\/guineediversite.com\/#website\"},\"datePublished\":\"2013-12-30T23:00:00+00:00\",\"dateModified\":\"2013-12-30T23:00:00+00:00\",\"breadcrumb\":{\"@id\":\"https:\/\/guineediversite.com\/index.php\/2013\/12\/31\/lassociation-des-professionnelles-africaines-de-la-communication-apac-guinee-dresse-son-bilan-de-lannee-2013\/#breadcrumb\"},\"inLanguage\":\"fr-FR\",\"potentialAction\":[{\"@type\":\"ReadAction\",\"target\":[\"https:\/\/guineediversite.com\/index.php\/2013\/12\/31\/lassociation-des-professionnelles-africaines-de-la-communication-apac-guinee-dresse-son-bilan-de-lannee-2013\/\"]}]},{\"@type\":\"BreadcrumbList\",\"@id\":\"https:\/\/guineediversite.com\/index.php\/2013\/12\/31\/lassociation-des-professionnelles-africaines-de-la-communication-apac-guinee-dresse-son-bilan-de-lannee-2013\/#breadcrumb\",\"itemListElement\":[{\"@type\":\"ListItem\",\"position\":1,\"name\":\"Accueil\",\"item\":\"https:\/\/guineediversite.com\/\"},{\"@type\":\"ListItem\",\"position\":2,\"name\":\"L\u2019Association des Professionnelles Africaines de la Communication (APAC-GUINEE) dresse son bilan de l\u2019ann\u00e9e 2013\"}]},{\"@type\":\"WebSite\",\"@id\":\"https:\/\/guineediversite.com\/#website\",\"url\":\"https:\/\/guineediversite.com\/\",\"name\":\"Guin\u00e9e Diversit\u00e9\",\"description\":\"L&#039;Info dans toute sa diversit\u00e9\",\"publisher\":{\"@id\":\"https:\/\/guineediversite.com\/#organization\"},\"potentialAction\":[{\"@type\":\"SearchAction\",\"target\":{\"@type\":\"EntryPoint\",\"urlTemplate\":\"https:\/\/guineediversite.com\/?s={search_term_string}\"},\"query-input\":{\"@type\":\"PropertyValueSpecification\",\"valueRequired\":true,\"valueName\":\"search_term_string\"}}],\"inLanguage\":\"fr-FR\"},{\"@type\":\"Organization\",\"@id\":\"https:\/\/guineediversite.com\/#organization\",\"name\":\"Guin\u00e9e Diversit\u00e9\",\"url\":\"https:\/\/guineediversite.com\/\",\"logo\":{\"@type\":\"ImageObject\",\"inLanguage\":\"fr-FR\",\"@id\":\"https:\/\/guineediversite.com\/#\/schema\/logo\/image\/\",\"url\":\"https:\/\/guineediversite.com\/wp-content\/uploads\/2017\/04\/cropped-1jojlxEOMkX9Wyqfhe43D6kjPOGqBBKmx3EwWJqZ0cMrFF54yM49.png\",\"contentUrl\":\"https:\/\/guineediversite.com\/wp-content\/uploads\/2017\/04\/cropped-1jojlxEOMkX9Wyqfhe43D6kjPOGqBBKmx3EwWJqZ0cMrFF54yM49.png\",\"width\":186,\"height\":112,\"caption\":\"Guin\u00e9e Diversit\u00e9\"},\"image\":{\"@id\":\"https:\/\/guineediversite.com\/#\/schema\/logo\/image\/\"},\"sameAs\":[\"https:\/\/www.facebook.com\/guineediversite\/\",\"https:\/\/x.com\/GuineeDiversite\",\"https:\/\/www.youtube.com\/channel\/UC8sUY16qelG5ge6_D5SB83g\"]},{\"@type\":\"Person\",\"@id\":\"https:\/\/guineediversite.com\/#\/schema\/person\/afa08fb34e7fc6e1feafc892612bc836\",\"name\":\"Guin\u00e9e Diversit\u00e9\",\"image\":{\"@type\":\"ImageObject\",\"inLanguage\":\"fr-FR\",\"@id\":\"https:\/\/guineediversite.com\/#\/schema\/person\/image\/\",\"url\":\"https:\/\/secure.gravatar.com\/avatar\/50d5eb5b390f8b65ac30ac6f898eb83a?s=96&d=mm&r=g\",\"contentUrl\":\"https:\/\/secure.gravatar.com\/avatar\/50d5eb5b390f8b65ac30ac6f898eb83a?s=96&d=mm&r=g\",\"caption\":\"Guin\u00e9e Diversit\u00e9\"},\"url\":\"https:\/\/guineediversite.com\/index.php\/author\/guineediversite\/\"}]}<\/script>\n<!-- \/ Yoast SEO plugin. -->","yoast_head_json":{"title":"L\u2019Association des Professionnelles Africaines de la Communication (APAC-GUINEE) dresse son bilan de l\u2019ann\u00e9e 2013 | Guin\u00e9e Diversit\u00e9","robots":{"index":"index","follow":"follow","max-snippet":"max-snippet:-1","max-image-preview":"max-image-preview:large","max-video-preview":"max-video-preview:-1"},"canonical":"https:\/\/guineediversite.com\/index.php\/2013\/12\/31\/lassociation-des-professionnelles-africaines-de-la-communication-apac-guinee-dresse-son-bilan-de-lannee-2013\/","og_locale":"fr_FR","og_type":"article","og_title":"L\u2019Association des Professionnelles Africaines de la Communication (APAC-GUINEE) dresse son bilan de l\u2019ann\u00e9e 2013 | Guin\u00e9e Diversit\u00e9","og_description":"Pour Hawa Kamille Camara, pr\u00e9sidente de cette organisation, APAC-GUINEE a largement contribu\u00e9 courant 2013, au d\u00e9veloppement socio professionnel de notre pays. Cela s\u2019explique par la r\u00e9alisation de plusieurs projets. Parmi ces projets, la Pr\u00e9sidente d\u2019APAC-Guin\u00e9e cite entre autres, la lutte contre la corruption dans les centres de sant\u00e9s, le d\u00e9ploiement de dix femmes journalistes pour [&hellip;]","og_url":"https:\/\/guineediversite.com\/index.php\/2013\/12\/31\/lassociation-des-professionnelles-africaines-de-la-communication-apac-guinee-dresse-son-bilan-de-lannee-2013\/","og_site_name":"Guin\u00e9e Diversit\u00e9","article_publisher":"https:\/\/www.facebook.com\/guineediversite\/","article_published_time":"2013-12-30T23:00:00+00:00","author":"Guin\u00e9e Diversit\u00e9","twitter_card":"summary_large_image","twitter_creator":"@GuineeDiversite","twitter_site":"@GuineeDiversite","twitter_misc":{"\u00c9crit par":"Guin\u00e9e Diversit\u00e9","Dur\u00e9e de lecture estim\u00e9e":"1 minute"},"schema":{"@context":"https:\/\/schema.org","@graph":[{"@type":"Article","@id":"https:\/\/guineediversite.com\/index.php\/2013\/12\/31\/lassociation-des-professionnelles-africaines-de-la-communication-apac-guinee-dresse-son-bilan-de-lannee-2013\/#article","isPartOf":{"@id":"https:\/\/guineediversite.com\/index.php\/2013\/12\/31\/lassociation-des-professionnelles-africaines-de-la-communication-apac-guinee-dresse-son-bilan-de-lannee-2013\/"},"author":{"name":"Guin\u00e9e Diversit\u00e9","@id":"https:\/\/guineediversite.com\/#\/schema\/person\/afa08fb34e7fc6e1feafc892612bc836"},"headline":"L\u2019Association des Professionnelles Africaines de la Communication (APAC-GUINEE) dresse son bilan de l\u2019ann\u00e9e 2013","datePublished":"2013-12-30T23:00:00+00:00","dateModified":"2013-12-30T23:00:00+00:00","mainEntityOfPage":{"@id":"https:\/\/guineediversite.com\/index.php\/2013\/12\/31\/lassociation-des-professionnelles-africaines-de-la-communication-apac-guinee-dresse-son-bilan-de-lannee-2013\/"},"wordCount":247,"commentCount":0,"publisher":{"@id":"https:\/\/guineediversite.com\/#organization"},"articleSection":["Archives"],"inLanguage":"fr-FR","potentialAction":[{"@type":"CommentAction","name":"Comment","target":["https:\/\/guineediversite.com\/index.php\/2013\/12\/31\/lassociation-des-professionnelles-africaines-de-la-communication-apac-guinee-dresse-son-bilan-de-lannee-2013\/#respond"]}]},{"@type":"WebPage","@id":"https:\/\/guineediversite.com\/index.php\/2013\/12\/31\/lassociation-des-professionnelles-africaines-de-la-communication-apac-guinee-dresse-son-bilan-de-lannee-2013\/","url":"https:\/\/guineediversite.com\/index.php\/2013\/12\/31\/lassociation-des-professionnelles-africaines-de-la-communication-apac-guinee-dresse-son-bilan-de-lannee-2013\/","name":"L\u2019Association des Professionnelles Africaines de la Communication (APAC-GUINEE) dresse son bilan de l\u2019ann\u00e9e 2013 | Guin\u00e9e Diversit\u00e9","isPartOf":{"@id":"https:\/\/guineediversite.com\/#website"},"datePublished":"2013-12-30T23:00:00+00:00","dateModified":"2013-12-30T23:00:00+00:00","breadcrumb":{"@id":"https:\/\/guineediversite.com\/index.php\/2013\/12\/31\/lassociation-des-professionnelles-africaines-de-la-communication-apac-guinee-dresse-son-bilan-de-lannee-2013\/#breadcrumb"},"inLanguage":"fr-FR","potentialAction":[{"@type":"ReadAction","target":["https:\/\/guineediversite.com\/index.php\/2013\/12\/31\/lassociation-des-professionnelles-africaines-de-la-communication-apac-guinee-dresse-son-bilan-de-lannee-2013\/"]}]},{"@type":"BreadcrumbList","@id":"https:\/\/guineediversite.com\/index.php\/2013\/12\/31\/lassociation-des-professionnelles-africaines-de-la-communication-apac-guinee-dresse-son-bilan-de-lannee-2013\/#breadcrumb","itemListElement":[{"@type":"ListItem","position":1,"name":"Accueil","item":"https:\/\/guineediversite.com\/"},{"@type":"ListItem","position":2,"name":"L\u2019Association des Professionnelles Africaines de la Communication (APAC-GUINEE) dresse son bilan de l\u2019ann\u00e9e 2013"}]},{"@type":"WebSite","@id":"https:\/\/guineediversite.com\/#website","url":"https:\/\/guineediversite.com\/","name":"Guin\u00e9e Diversit\u00e9","description":"L&#039;Info dans toute sa diversit\u00e9","publisher":{"@id":"https:\/\/guineediversite.com\/#organization"},"potentialAction":[{"@type":"SearchAction","target":{"@type":"EntryPoint","urlTemplate":"https:\/\/guineediversite.com\/?s={search_term_string}"},"query-input":{"@type":"PropertyValueSpecification","valueRequired":true,"valueName":"search_term_string"}}],"inLanguage":"fr-FR"},{"@type":"Organization","@id":"https:\/\/guineediversite.com\/#organization","name":"Guin\u00e9e Diversit\u00e9","url":"https:\/\/guineediversite.com\/","logo":{"@type":"ImageObject","inLanguage":"fr-FR","@id":"https:\/\/guineediversite.com\/#\/schema\/logo\/image\/","url":"https:\/\/guineediversite.com\/wp-content\/uploads\/2017\/04\/cropped-1jojlxEOMkX9Wyqfhe43D6kjPOGqBBKmx3EwWJqZ0cMrFF54yM49.png","contentUrl":"https:\/\/guineediversite.com\/wp-content\/uploads\/2017\/04\/cropped-1jojlxEOMkX9Wyqfhe43D6kjPOGqBBKmx3EwWJqZ0cMrFF54yM49.png","width":186,"height":112,"caption":"Guin\u00e9e Diversit\u00e9"},"image":{"@id":"https:\/\/guineediversite.com\/#\/schema\/logo\/image\/"},"sameAs":["https:\/\/www.facebook.com\/guineediversite\/","https:\/\/x.com\/GuineeDiversite","https:\/\/www.youtube.com\/channel\/UC8sUY16qelG5ge6_D5SB83g"]},{"@type":"Person","@id":"https:\/\/guineediversite.com\/#\/schema\/person\/afa08fb34e7fc6e1feafc892612bc836","name":"Guin\u00e9e Diversit\u00e9","image":{"@type":"ImageObject","inLanguage":"fr-FR","@id":"https:\/\/guineediversite.com\/#\/schema\/person\/image\/","url":"https:\/\/secure.gravatar.com\/avatar\/50d5eb5b390f8b65ac30ac6f898eb83a?s=96&d=mm&r=g","contentUrl":"https:\/\/secure.gravatar.com\/avatar\/50d5eb5b390f8b65ac30ac6f898eb83a?s=96&d=mm&r=g","caption":"Guin\u00e9e Diversit\u00e9"},"url":"https:\/\/guineediversite.com\/index.php\/author\/guineediversite\/"}]}},"_links":{"self":[{"href":"https:\/\/guineediversite.com\/index.php\/wp-json\/wp\/v2\/posts\/19646"}],"collection":[{"href":"https:\/\/guineediversite.com\/index.php\/wp-json\/wp\/v2\/posts"}],"about":[{"href":"https:\/\/guineediversite.com\/index.php\/wp-json\/wp\/v2\/types\/post"}],"author":[{"embeddable":true,"href":"https:\/\/guineediversite.com\/index.php\/wp-json\/wp\/v2\/users\/12"}],"replies":[{"embeddable":true,"href":"https:\/\/guineediversite.com\/index.php\/wp-json\/wp\/v2\/comments?post=19646"}],"version-history":[{"count":0,"href":"https:\/\/guineediversite.com\/index.php\/wp-json\/wp\/v2\/posts\/19646\/revisions"}],"wp:attachment":[{"href":"https:\/\/guineediversite.com\/index.php\/wp-json\/wp\/v2\/media?parent=19646"}],"wp:term":[{"taxonomy":"category","embeddable":true,"href":"https:\/\/guineediversite.com\/index.php\/wp-json\/wp\/v2\/categories?post=19646"},{"taxonomy":"post_tag","embeddable":true,"href":"https:\/\/guineediversite.com\/index.php\/wp-json\/wp\/v2\/tags?post=19646"}],"curies":[{"name":"wp","href":"https:\/\/api.w.org\/{rel}","templated":true}]}}