{"id":19643,"date":"2013-12-31T00:00:00","date_gmt":"2013-12-30T23:00:00","guid":{"rendered":"https:\/\/www.guineediversite.com\/index.php\/2013\/12\/31\/apres-kankan-la-prefecture-de-mandiana-plongee-dans-des-violences\/"},"modified":"2013-12-31T00:00:00","modified_gmt":"2013-12-30T23:00:00","slug":"apres-kankan-la-prefecture-de-mandiana-plongee-dans-des-violences","status":"publish","type":"post","link":"https:\/\/guineediversite.com\/index.php\/2013\/12\/31\/apres-kankan-la-prefecture-de-mandiana-plongee-dans-des-violences\/","title":{"rendered":"Apr\u00e8s Kankan, la pr\u00e9fecture de Mandiana plong\u00e9e dans des violences"},"content":{"rendered":"<p>La pr\u00e9fecture de Mandiana retrouve petit \u00e0 petit l\u2019accalmie  apr\u00e8s les incidents survenus le dimanche  22 D\u00e9cembre 2013 dans la sous pr\u00e9fecture de  Fralako.<br \/>\nDans cette partie de Mandiana  deux districts diarrakourou et Mali\u00e9la r\u00e9clament la paternit\u00e9 d\u2019un domaine minier.<br \/>\nCette mine d\u2019or  opposait les deux districts depuis plusieurs d\u00e9cennies. En 2001  les autorit\u00e9s d\u2019alors ont essay\u00e9 de trouver un terrain d\u2019entente entre les deux localit\u00e9s par le biais des sages, sans succ\u00e8s, le dossier a \u00e9t\u00e9 transport\u00e9  \u00e0 la justice de paix de Mandiana  qui s\u2019est prononc\u00e9 en faveur  des habitants du district de  Diarakourou. Les habitants de Mali\u00e9la n\u2019\u00e9tant pas satisfaits   de  la sentence  ont saisit la cour d\u2019appel de Kankan   et qui, de tractation en tractation  a abond\u00e9 dans le m\u00eame sens  c&rsquo;est-\u00e0-dire en faveur  des citoyens de  Diarakourou.<br \/>\nConfiant  du verdict de la cour de Kankan  les citoyens de Diarrakourou  voulaient se rendre  le dimanche  22 d\u00e9cembre 2013 pour commencer  l\u2019exploitation du domaine  mais c\u2019\u00e9tait sans connaitre  l\u2019intention des  adversaires.<br \/>\nLes habitants de  maliela se sont arm\u00e9s des fusils de chasse  des machettes et autres armes blanches  pour s\u2019attaquer aux habitants de diarrakourou  innocents.<br \/>\nBilan 12 bless\u00e9s selon  les autorit\u00e9s pr\u00e9fectorales dont 3 en situation critique \u00e0 cause des plombs des fusils de chasses utilis\u00e9s par les gens de Maliela durant l\u2019attaque. Mais aux derni\u00e8res nouvelles la  vie des victimes  est hors danger au dire du pr\u00e9fet de Mandiana  qui s\u2019exprimait sur les ondes de la Radio nationale.<br \/>\nLe pr\u00e9fet  Barboza soumah ajoute que toutes les victimes sont de  diarakourou  surpris par le camp adverse.<br \/>\nPour ramener le calme  les autorit\u00e9s  ont  pris des dispositions   en d\u00e9ployant les forces de d\u00e9fense, l\u2019installation de P A  sur le site et ont interdit l\u2019exploitation du site jusqu&rsquo;\u00e0 nouvel ordre.<br \/>\nPar ailleurs des activit\u00e9s  de la soci\u00e9t\u00e9 aurif\u00e8re de siguiri ont \u00e9t\u00e9 paralys\u00e9es hier lundi par un groupe de protestataires.<br \/>\nCes jeunes s\u2019\u00e9levaient contre  l\u2019arr\u00eat des activit\u00e9s   de leur soci\u00e9t\u00e9 de sous traitance. Des n\u00e9gociations sont en cours  pour ramener le calme dans la cit\u00e9 de Bourr\u00e9 dans la sous pr\u00e9fecture de kintinian  dans la pr\u00e9fecture de siguiri <\/p>\n<p>L\u00e9b\u00e9hoye<br \/>\n664858638<\/p>\n","protected":false},"excerpt":{"rendered":"<p>La pr\u00e9fecture de Mandiana retrouve petit \u00e0 petit l\u2019accalmie apr\u00e8s les incidents survenus le dimanche 22 D\u00e9cembre 2013 dans la sous pr\u00e9fecture de Fralako. Dans cette partie de Mandiana deux districts diarrakourou et Mali\u00e9la r\u00e9clament la paternit\u00e9 d\u2019un domaine minier. Cette mine d\u2019or opposait les deux districts depuis plusieurs d\u00e9cennies. En 2001 les autorit\u00e9s d\u2019alors [&hellip;]<\/p>\n","protected":false},"author":12,"featured_media":0,"comment_status":"open","ping_status":"open","sticky":false,"template":"","format":"standard","meta":{"_exactmetrics_skip_tracking":false,"_exactmetrics_sitenote_active":false,"_exactmetrics_sitenote_note":"","_exactmetrics_sitenote_category":0,"tdm_status":"","tdm_grid_status":"","footnotes":""},"categories":[28],"tags":[],"class_list":{"0":"post-19643","1":"post","2":"type-post","3":"status-publish","4":"format-standard","6":"category-archives"},"yoast_head":"<!-- This site is optimized with the Yoast SEO plugin v24.2 - https:\/\/yoast.com\/wordpress\/plugins\/seo\/ -->\n<title>Apr\u00e8s Kankan, la pr\u00e9fecture de Mandiana plong\u00e9e dans des violences | Guin\u00e9e Diversit\u00e9<\/title>\n<meta name=\"robots\" content=\"index, follow, max-snippet:-1, max-image-preview:large, max-video-preview:-1\" \/>\n<link rel=\"canonical\" href=\"https:\/\/guineediversite.com\/index.php\/2013\/12\/31\/apres-kankan-la-prefecture-de-mandiana-plongee-dans-des-violences\/\" \/>\n<meta property=\"og:locale\" content=\"fr_FR\" \/>\n<meta property=\"og:type\" content=\"article\" \/>\n<meta property=\"og:title\" content=\"Apr\u00e8s Kankan, la pr\u00e9fecture de Mandiana plong\u00e9e dans des violences | Guin\u00e9e Diversit\u00e9\" \/>\n<meta property=\"og:description\" content=\"La pr\u00e9fecture de Mandiana retrouve petit \u00e0 petit l\u2019accalmie apr\u00e8s les incidents survenus le dimanche 22 D\u00e9cembre 2013 dans la sous pr\u00e9fecture de Fralako. Dans cette partie de Mandiana deux districts diarrakourou et Mali\u00e9la r\u00e9clament la paternit\u00e9 d\u2019un domaine minier. Cette mine d\u2019or opposait les deux districts depuis plusieurs d\u00e9cennies. En 2001 les autorit\u00e9s d\u2019alors [&hellip;]\" \/>\n<meta property=\"og:url\" content=\"https:\/\/guineediversite.com\/index.php\/2013\/12\/31\/apres-kankan-la-prefecture-de-mandiana-plongee-dans-des-violences\/\" \/>\n<meta property=\"og:site_name\" content=\"Guin\u00e9e Diversit\u00e9\" \/>\n<meta property=\"article:publisher\" content=\"https:\/\/www.facebook.com\/guineediversite\/\" \/>\n<meta property=\"article:published_time\" content=\"2013-12-30T23:00:00+00:00\" \/>\n<meta name=\"author\" content=\"Guin\u00e9e Diversit\u00e9\" \/>\n<meta name=\"twitter:card\" content=\"summary_large_image\" \/>\n<meta name=\"twitter:creator\" content=\"@GuineeDiversite\" \/>\n<meta name=\"twitter:site\" content=\"@GuineeDiversite\" \/>\n<meta name=\"twitter:label1\" content=\"\u00c9crit par\" \/>\n\t<meta name=\"twitter:data1\" content=\"Guin\u00e9e Diversit\u00e9\" \/>\n\t<meta name=\"twitter:label2\" content=\"Dur\u00e9e de lecture estim\u00e9e\" \/>\n\t<meta name=\"twitter:data2\" content=\"2 minutes\" \/>\n<script type=\"application\/ld+json\" class=\"yoast-schema-graph\">{\"@context\":\"https:\/\/schema.org\",\"@graph\":[{\"@type\":\"Article\",\"@id\":\"https:\/\/guineediversite.com\/index.php\/2013\/12\/31\/apres-kankan-la-prefecture-de-mandiana-plongee-dans-des-violences\/#article\",\"isPartOf\":{\"@id\":\"https:\/\/guineediversite.com\/index.php\/2013\/12\/31\/apres-kankan-la-prefecture-de-mandiana-plongee-dans-des-violences\/\"},\"author\":{\"name\":\"Guin\u00e9e Diversit\u00e9\",\"@id\":\"https:\/\/guineediversite.com\/#\/schema\/person\/afa08fb34e7fc6e1feafc892612bc836\"},\"headline\":\"Apr\u00e8s Kankan, la pr\u00e9fecture de Mandiana plong\u00e9e dans des violences\",\"datePublished\":\"2013-12-30T23:00:00+00:00\",\"dateModified\":\"2013-12-30T23:00:00+00:00\",\"mainEntityOfPage\":{\"@id\":\"https:\/\/guineediversite.com\/index.php\/2013\/12\/31\/apres-kankan-la-prefecture-de-mandiana-plongee-dans-des-violences\/\"},\"wordCount\":409,\"commentCount\":0,\"publisher\":{\"@id\":\"https:\/\/guineediversite.com\/#organization\"},\"articleSection\":[\"Archives\"],\"inLanguage\":\"fr-FR\",\"potentialAction\":[{\"@type\":\"CommentAction\",\"name\":\"Comment\",\"target\":[\"https:\/\/guineediversite.com\/index.php\/2013\/12\/31\/apres-kankan-la-prefecture-de-mandiana-plongee-dans-des-violences\/#respond\"]}]},{\"@type\":\"WebPage\",\"@id\":\"https:\/\/guineediversite.com\/index.php\/2013\/12\/31\/apres-kankan-la-prefecture-de-mandiana-plongee-dans-des-violences\/\",\"url\":\"https:\/\/guineediversite.com\/index.php\/2013\/12\/31\/apres-kankan-la-prefecture-de-mandiana-plongee-dans-des-violences\/\",\"name\":\"Apr\u00e8s Kankan, la pr\u00e9fecture de Mandiana plong\u00e9e dans des violences | Guin\u00e9e Diversit\u00e9\",\"isPartOf\":{\"@id\":\"https:\/\/guineediversite.com\/#website\"},\"datePublished\":\"2013-12-30T23:00:00+00:00\",\"dateModified\":\"2013-12-30T23:00:00+00:00\",\"breadcrumb\":{\"@id\":\"https:\/\/guineediversite.com\/index.php\/2013\/12\/31\/apres-kankan-la-prefecture-de-mandiana-plongee-dans-des-violences\/#breadcrumb\"},\"inLanguage\":\"fr-FR\",\"potentialAction\":[{\"@type\":\"ReadAction\",\"target\":[\"https:\/\/guineediversite.com\/index.php\/2013\/12\/31\/apres-kankan-la-prefecture-de-mandiana-plongee-dans-des-violences\/\"]}]},{\"@type\":\"BreadcrumbList\",\"@id\":\"https:\/\/guineediversite.com\/index.php\/2013\/12\/31\/apres-kankan-la-prefecture-de-mandiana-plongee-dans-des-violences\/#breadcrumb\",\"itemListElement\":[{\"@type\":\"ListItem\",\"position\":1,\"name\":\"Accueil\",\"item\":\"https:\/\/guineediversite.com\/\"},{\"@type\":\"ListItem\",\"position\":2,\"name\":\"Apr\u00e8s Kankan, la pr\u00e9fecture de Mandiana plong\u00e9e dans des violences\"}]},{\"@type\":\"WebSite\",\"@id\":\"https:\/\/guineediversite.com\/#website\",\"url\":\"https:\/\/guineediversite.com\/\",\"name\":\"Guin\u00e9e Diversit\u00e9\",\"description\":\"L&#039;Info dans toute sa diversit\u00e9\",\"publisher\":{\"@id\":\"https:\/\/guineediversite.com\/#organization\"},\"potentialAction\":[{\"@type\":\"SearchAction\",\"target\":{\"@type\":\"EntryPoint\",\"urlTemplate\":\"https:\/\/guineediversite.com\/?s={search_term_string}\"},\"query-input\":{\"@type\":\"PropertyValueSpecification\",\"valueRequired\":true,\"valueName\":\"search_term_string\"}}],\"inLanguage\":\"fr-FR\"},{\"@type\":\"Organization\",\"@id\":\"https:\/\/guineediversite.com\/#organization\",\"name\":\"Guin\u00e9e Diversit\u00e9\",\"url\":\"https:\/\/guineediversite.com\/\",\"logo\":{\"@type\":\"ImageObject\",\"inLanguage\":\"fr-FR\",\"@id\":\"https:\/\/guineediversite.com\/#\/schema\/logo\/image\/\",\"url\":\"https:\/\/guineediversite.com\/wp-content\/uploads\/2017\/04\/cropped-1jojlxEOMkX9Wyqfhe43D6kjPOGqBBKmx3EwWJqZ0cMrFF54yM49.png\",\"contentUrl\":\"https:\/\/guineediversite.com\/wp-content\/uploads\/2017\/04\/cropped-1jojlxEOMkX9Wyqfhe43D6kjPOGqBBKmx3EwWJqZ0cMrFF54yM49.png\",\"width\":186,\"height\":112,\"caption\":\"Guin\u00e9e Diversit\u00e9\"},\"image\":{\"@id\":\"https:\/\/guineediversite.com\/#\/schema\/logo\/image\/\"},\"sameAs\":[\"https:\/\/www.facebook.com\/guineediversite\/\",\"https:\/\/x.com\/GuineeDiversite\",\"https:\/\/www.youtube.com\/channel\/UC8sUY16qelG5ge6_D5SB83g\"]},{\"@type\":\"Person\",\"@id\":\"https:\/\/guineediversite.com\/#\/schema\/person\/afa08fb34e7fc6e1feafc892612bc836\",\"name\":\"Guin\u00e9e Diversit\u00e9\",\"image\":{\"@type\":\"ImageObject\",\"inLanguage\":\"fr-FR\",\"@id\":\"https:\/\/guineediversite.com\/#\/schema\/person\/image\/\",\"url\":\"https:\/\/secure.gravatar.com\/avatar\/50d5eb5b390f8b65ac30ac6f898eb83a?s=96&d=mm&r=g\",\"contentUrl\":\"https:\/\/secure.gravatar.com\/avatar\/50d5eb5b390f8b65ac30ac6f898eb83a?s=96&d=mm&r=g\",\"caption\":\"Guin\u00e9e Diversit\u00e9\"},\"url\":\"https:\/\/guineediversite.com\/index.php\/author\/guineediversite\/\"}]}<\/script>\n<!-- \/ Yoast SEO plugin. -->","yoast_head_json":{"title":"Apr\u00e8s Kankan, la pr\u00e9fecture de Mandiana plong\u00e9e dans des violences | Guin\u00e9e Diversit\u00e9","robots":{"index":"index","follow":"follow","max-snippet":"max-snippet:-1","max-image-preview":"max-image-preview:large","max-video-preview":"max-video-preview:-1"},"canonical":"https:\/\/guineediversite.com\/index.php\/2013\/12\/31\/apres-kankan-la-prefecture-de-mandiana-plongee-dans-des-violences\/","og_locale":"fr_FR","og_type":"article","og_title":"Apr\u00e8s Kankan, la pr\u00e9fecture de Mandiana plong\u00e9e dans des violences | Guin\u00e9e Diversit\u00e9","og_description":"La pr\u00e9fecture de Mandiana retrouve petit \u00e0 petit l\u2019accalmie apr\u00e8s les incidents survenus le dimanche 22 D\u00e9cembre 2013 dans la sous pr\u00e9fecture de Fralako. Dans cette partie de Mandiana deux districts diarrakourou et Mali\u00e9la r\u00e9clament la paternit\u00e9 d\u2019un domaine minier. Cette mine d\u2019or opposait les deux districts depuis plusieurs d\u00e9cennies. En 2001 les autorit\u00e9s d\u2019alors [&hellip;]","og_url":"https:\/\/guineediversite.com\/index.php\/2013\/12\/31\/apres-kankan-la-prefecture-de-mandiana-plongee-dans-des-violences\/","og_site_name":"Guin\u00e9e Diversit\u00e9","article_publisher":"https:\/\/www.facebook.com\/guineediversite\/","article_published_time":"2013-12-30T23:00:00+00:00","author":"Guin\u00e9e Diversit\u00e9","twitter_card":"summary_large_image","twitter_creator":"@GuineeDiversite","twitter_site":"@GuineeDiversite","twitter_misc":{"\u00c9crit par":"Guin\u00e9e Diversit\u00e9","Dur\u00e9e de lecture estim\u00e9e":"2 minutes"},"schema":{"@context":"https:\/\/schema.org","@graph":[{"@type":"Article","@id":"https:\/\/guineediversite.com\/index.php\/2013\/12\/31\/apres-kankan-la-prefecture-de-mandiana-plongee-dans-des-violences\/#article","isPartOf":{"@id":"https:\/\/guineediversite.com\/index.php\/2013\/12\/31\/apres-kankan-la-prefecture-de-mandiana-plongee-dans-des-violences\/"},"author":{"name":"Guin\u00e9e Diversit\u00e9","@id":"https:\/\/guineediversite.com\/#\/schema\/person\/afa08fb34e7fc6e1feafc892612bc836"},"headline":"Apr\u00e8s Kankan, la pr\u00e9fecture de Mandiana plong\u00e9e dans des violences","datePublished":"2013-12-30T23:00:00+00:00","dateModified":"2013-12-30T23:00:00+00:00","mainEntityOfPage":{"@id":"https:\/\/guineediversite.com\/index.php\/2013\/12\/31\/apres-kankan-la-prefecture-de-mandiana-plongee-dans-des-violences\/"},"wordCount":409,"commentCount":0,"publisher":{"@id":"https:\/\/guineediversite.com\/#organization"},"articleSection":["Archives"],"inLanguage":"fr-FR","potentialAction":[{"@type":"CommentAction","name":"Comment","target":["https:\/\/guineediversite.com\/index.php\/2013\/12\/31\/apres-kankan-la-prefecture-de-mandiana-plongee-dans-des-violences\/#respond"]}]},{"@type":"WebPage","@id":"https:\/\/guineediversite.com\/index.php\/2013\/12\/31\/apres-kankan-la-prefecture-de-mandiana-plongee-dans-des-violences\/","url":"https:\/\/guineediversite.com\/index.php\/2013\/12\/31\/apres-kankan-la-prefecture-de-mandiana-plongee-dans-des-violences\/","name":"Apr\u00e8s Kankan, la pr\u00e9fecture de Mandiana plong\u00e9e dans des violences | Guin\u00e9e Diversit\u00e9","isPartOf":{"@id":"https:\/\/guineediversite.com\/#website"},"datePublished":"2013-12-30T23:00:00+00:00","dateModified":"2013-12-30T23:00:00+00:00","breadcrumb":{"@id":"https:\/\/guineediversite.com\/index.php\/2013\/12\/31\/apres-kankan-la-prefecture-de-mandiana-plongee-dans-des-violences\/#breadcrumb"},"inLanguage":"fr-FR","potentialAction":[{"@type":"ReadAction","target":["https:\/\/guineediversite.com\/index.php\/2013\/12\/31\/apres-kankan-la-prefecture-de-mandiana-plongee-dans-des-violences\/"]}]},{"@type":"BreadcrumbList","@id":"https:\/\/guineediversite.com\/index.php\/2013\/12\/31\/apres-kankan-la-prefecture-de-mandiana-plongee-dans-des-violences\/#breadcrumb","itemListElement":[{"@type":"ListItem","position":1,"name":"Accueil","item":"https:\/\/guineediversite.com\/"},{"@type":"ListItem","position":2,"name":"Apr\u00e8s Kankan, la pr\u00e9fecture de Mandiana plong\u00e9e dans des violences"}]},{"@type":"WebSite","@id":"https:\/\/guineediversite.com\/#website","url":"https:\/\/guineediversite.com\/","name":"Guin\u00e9e Diversit\u00e9","description":"L&#039;Info dans toute sa diversit\u00e9","publisher":{"@id":"https:\/\/guineediversite.com\/#organization"},"potentialAction":[{"@type":"SearchAction","target":{"@type":"EntryPoint","urlTemplate":"https:\/\/guineediversite.com\/?s={search_term_string}"},"query-input":{"@type":"PropertyValueSpecification","valueRequired":true,"valueName":"search_term_string"}}],"inLanguage":"fr-FR"},{"@type":"Organization","@id":"https:\/\/guineediversite.com\/#organization","name":"Guin\u00e9e Diversit\u00e9","url":"https:\/\/guineediversite.com\/","logo":{"@type":"ImageObject","inLanguage":"fr-FR","@id":"https:\/\/guineediversite.com\/#\/schema\/logo\/image\/","url":"https:\/\/guineediversite.com\/wp-content\/uploads\/2017\/04\/cropped-1jojlxEOMkX9Wyqfhe43D6kjPOGqBBKmx3EwWJqZ0cMrFF54yM49.png","contentUrl":"https:\/\/guineediversite.com\/wp-content\/uploads\/2017\/04\/cropped-1jojlxEOMkX9Wyqfhe43D6kjPOGqBBKmx3EwWJqZ0cMrFF54yM49.png","width":186,"height":112,"caption":"Guin\u00e9e Diversit\u00e9"},"image":{"@id":"https:\/\/guineediversite.com\/#\/schema\/logo\/image\/"},"sameAs":["https:\/\/www.facebook.com\/guineediversite\/","https:\/\/x.com\/GuineeDiversite","https:\/\/www.youtube.com\/channel\/UC8sUY16qelG5ge6_D5SB83g"]},{"@type":"Person","@id":"https:\/\/guineediversite.com\/#\/schema\/person\/afa08fb34e7fc6e1feafc892612bc836","name":"Guin\u00e9e Diversit\u00e9","image":{"@type":"ImageObject","inLanguage":"fr-FR","@id":"https:\/\/guineediversite.com\/#\/schema\/person\/image\/","url":"https:\/\/secure.gravatar.com\/avatar\/50d5eb5b390f8b65ac30ac6f898eb83a?s=96&d=mm&r=g","contentUrl":"https:\/\/secure.gravatar.com\/avatar\/50d5eb5b390f8b65ac30ac6f898eb83a?s=96&d=mm&r=g","caption":"Guin\u00e9e Diversit\u00e9"},"url":"https:\/\/guineediversite.com\/index.php\/author\/guineediversite\/"}]}},"_links":{"self":[{"href":"https:\/\/guineediversite.com\/index.php\/wp-json\/wp\/v2\/posts\/19643"}],"collection":[{"href":"https:\/\/guineediversite.com\/index.php\/wp-json\/wp\/v2\/posts"}],"about":[{"href":"https:\/\/guineediversite.com\/index.php\/wp-json\/wp\/v2\/types\/post"}],"author":[{"embeddable":true,"href":"https:\/\/guineediversite.com\/index.php\/wp-json\/wp\/v2\/users\/12"}],"replies":[{"embeddable":true,"href":"https:\/\/guineediversite.com\/index.php\/wp-json\/wp\/v2\/comments?post=19643"}],"version-history":[{"count":0,"href":"https:\/\/guineediversite.com\/index.php\/wp-json\/wp\/v2\/posts\/19643\/revisions"}],"wp:attachment":[{"href":"https:\/\/guineediversite.com\/index.php\/wp-json\/wp\/v2\/media?parent=19643"}],"wp:term":[{"taxonomy":"category","embeddable":true,"href":"https:\/\/guineediversite.com\/index.php\/wp-json\/wp\/v2\/categories?post=19643"},{"taxonomy":"post_tag","embeddable":true,"href":"https:\/\/guineediversite.com\/index.php\/wp-json\/wp\/v2\/tags?post=19643"}],"curies":[{"name":"wp","href":"https:\/\/api.w.org\/{rel}","templated":true}]}}