{"id":19640,"date":"2013-12-31T00:00:00","date_gmt":"2013-12-30T23:00:00","guid":{"rendered":"https:\/\/www.guineediversite.com\/index.php\/2013\/12\/31\/ministere-des-guineens-de-letranger-rougui-barry-revient-sur-son-bilan\/"},"modified":"2013-12-31T00:00:00","modified_gmt":"2013-12-30T23:00:00","slug":"ministere-des-guineens-de-letranger-rougui-barry-revient-sur-son-bilan","status":"publish","type":"post","link":"https:\/\/guineediversite.com\/index.php\/2013\/12\/31\/ministere-des-guineens-de-letranger-rougui-barry-revient-sur-son-bilan\/","title":{"rendered":"Minist\u00e8re des guin\u00e9ens de l\u2019\u00e9tranger : Rougui Barry revient sur son bilan"},"content":{"rendered":"<p>A l\u2019occasion de la fin d\u2019ann\u00e9e, nombreux sont des d\u00e9partements minist\u00e9riels qui dressent leurs bilans en Guin\u00e9e. C\u2019est le cas du minist\u00e8re  de guin\u00e9ens de l\u2019\u00e9tranger qui a pr\u00e9sent\u00e9 aux m\u00e9dias lundi, son bilan pour l\u2019exercice 2013.Un bilan que Rougui Barry juge positif sous les yeux des observateurs nationaux et internationaux.<br \/>\nAu cours de cette rencontre avec la presse, dame Rougui Barry est revenue sur les projets phares de son d\u00e9partement .C\u2019est  notamment la formation des agents de son d\u00e9partement pour  le recensement de la diaspora. La mise en place d\u2019un syst\u00e8me d\u2019\u00e9pargne de fonds \u00e0 moindre co\u00fbt avec une banque de la place. L\u2019instauration de la confiance entre la diaspora et l\u2019administration guin\u00e9enne. L\u2019obtention d\u2019un financement pour la construction des logements sociaux, ou encore, la construction d\u2019une usine de centrale thermique de 30 MW.<br \/>\nCe  pendent, certains r\u00eaves de Rougui Barry n\u2019ont pas vues encore le jour. C\u2019est le cas de la signature des deux d\u00e9crets portants sur  le fonctionnement et l\u2019existence du dit minist\u00e8re. Des d\u00e9crets qui vont permettre au minist\u00e8re de faire le recensement biom\u00e9trique de nos compatriotes vivants \u00e0 l\u2019\u00e9tranger et le d\u00e9caissement du budget.<br \/>\nEn effet, depuis sa nomination, Dame Rougui cours apr\u00e8s ces d\u00e9crets qui tardent \u00e0 venir. Selon elle, ses projets sont bloqu\u00e9s parfois lors des conseils de ministres ou interminist\u00e9riels. Un lobbie serai constitu\u00e9 pour emp\u00eacher la r\u00e9alisation des ses projets. Ces derniers estiment que, le recensement de la diaspora est en faveur  de l\u2019opposition, vu les derniers r\u00e9sultats des \u00e9lections en Guin\u00e9e. Pire, nous avons appris m\u00eame depuis un bout de temps qu\u2019elle ne prenne pas la parole lors des conseils de ministre.<br \/>\nDans son intervention sur notre site, Rougui Barry est septique d\u2019appartenir au future gouvernement  qui est en phase d\u2019\u00eatre constitu\u00e9  par le pr\u00e9sident Alpha Cond\u00e9.<br \/>\n \u00ab Je ne suis pas dans le secret de Dieu ou du pr\u00e9sident, mais le ministre qui viendra apr\u00e8s moi, aura pour charge de faire signer les deux d\u00e9crets pour le fonctionnement du minist\u00e8re, d\u00e9clare t- elle\u00bb.<br \/>\nDe toute \u00e9vidence, le recensement de la diaspora  favorise la cr\u00e9ation  d\u2019une banque des donn\u00e9es sur les Guin\u00e9es de l\u2019\u00e9tranger, leurs obtentions des cartes consulaires afin de participer aux diff\u00e9rents votes des prochaines \u00e9lections en Guin\u00e9e.<br \/>\nPar ailleurs dame Rougui Barry, n\u2019a pas voulu se prononcer sur le budget du recensement de la diaspora dans l\u2019espoir que les cadres de son minist\u00e8re vont d\u00e9fil\u00e9 ce mardi devant les membres du Conseil National de la Transition pour d\u00e9fendre le budget.<br \/>\nAbdoul Matlaby Bald\u00e9<br \/>\n+224 664 295 032<\/p>\n","protected":false},"excerpt":{"rendered":"<p>A l\u2019occasion de la fin d\u2019ann\u00e9e, nombreux sont des d\u00e9partements minist\u00e9riels qui dressent leurs bilans en Guin\u00e9e. C\u2019est le cas du minist\u00e8re de guin\u00e9ens de l\u2019\u00e9tranger qui a pr\u00e9sent\u00e9 aux m\u00e9dias lundi, son bilan pour l\u2019exercice 2013.Un bilan que Rougui Barry juge positif sous les yeux des observateurs nationaux et internationaux. Au cours de cette [&hellip;]<\/p>\n","protected":false},"author":12,"featured_media":0,"comment_status":"open","ping_status":"open","sticky":false,"template":"","format":"standard","meta":{"_exactmetrics_skip_tracking":false,"_exactmetrics_sitenote_active":false,"_exactmetrics_sitenote_note":"","_exactmetrics_sitenote_category":0,"tdm_status":"","tdm_grid_status":"","footnotes":""},"categories":[28],"tags":[],"class_list":{"0":"post-19640","1":"post","2":"type-post","3":"status-publish","4":"format-standard","6":"category-archives"},"yoast_head":"<!-- This site is optimized with the Yoast SEO plugin v24.2 - https:\/\/yoast.com\/wordpress\/plugins\/seo\/ -->\n<title>Minist\u00e8re des guin\u00e9ens de l\u2019\u00e9tranger : Rougui Barry revient sur son bilan | Guin\u00e9e Diversit\u00e9<\/title>\n<meta name=\"robots\" content=\"index, follow, max-snippet:-1, max-image-preview:large, max-video-preview:-1\" \/>\n<link rel=\"canonical\" href=\"https:\/\/guineediversite.com\/index.php\/2013\/12\/31\/ministere-des-guineens-de-letranger-rougui-barry-revient-sur-son-bilan\/\" \/>\n<meta property=\"og:locale\" content=\"fr_FR\" \/>\n<meta property=\"og:type\" content=\"article\" \/>\n<meta property=\"og:title\" content=\"Minist\u00e8re des guin\u00e9ens de l\u2019\u00e9tranger : Rougui Barry revient sur son bilan | Guin\u00e9e Diversit\u00e9\" \/>\n<meta property=\"og:description\" content=\"A l\u2019occasion de la fin d\u2019ann\u00e9e, nombreux sont des d\u00e9partements minist\u00e9riels qui dressent leurs bilans en Guin\u00e9e. C\u2019est le cas du minist\u00e8re de guin\u00e9ens de l\u2019\u00e9tranger qui a pr\u00e9sent\u00e9 aux m\u00e9dias lundi, son bilan pour l\u2019exercice 2013.Un bilan que Rougui Barry juge positif sous les yeux des observateurs nationaux et internationaux. Au cours de cette [&hellip;]\" \/>\n<meta property=\"og:url\" content=\"https:\/\/guineediversite.com\/index.php\/2013\/12\/31\/ministere-des-guineens-de-letranger-rougui-barry-revient-sur-son-bilan\/\" \/>\n<meta property=\"og:site_name\" content=\"Guin\u00e9e Diversit\u00e9\" \/>\n<meta property=\"article:publisher\" content=\"https:\/\/www.facebook.com\/guineediversite\/\" \/>\n<meta property=\"article:published_time\" content=\"2013-12-30T23:00:00+00:00\" \/>\n<meta name=\"author\" content=\"Guin\u00e9e Diversit\u00e9\" \/>\n<meta name=\"twitter:card\" content=\"summary_large_image\" \/>\n<meta name=\"twitter:creator\" content=\"@GuineeDiversite\" \/>\n<meta name=\"twitter:site\" content=\"@GuineeDiversite\" \/>\n<meta name=\"twitter:label1\" content=\"\u00c9crit par\" \/>\n\t<meta name=\"twitter:data1\" content=\"Guin\u00e9e Diversit\u00e9\" \/>\n\t<meta name=\"twitter:label2\" content=\"Dur\u00e9e de lecture estim\u00e9e\" \/>\n\t<meta name=\"twitter:data2\" content=\"2 minutes\" \/>\n<script type=\"application\/ld+json\" class=\"yoast-schema-graph\">{\"@context\":\"https:\/\/schema.org\",\"@graph\":[{\"@type\":\"Article\",\"@id\":\"https:\/\/guineediversite.com\/index.php\/2013\/12\/31\/ministere-des-guineens-de-letranger-rougui-barry-revient-sur-son-bilan\/#article\",\"isPartOf\":{\"@id\":\"https:\/\/guineediversite.com\/index.php\/2013\/12\/31\/ministere-des-guineens-de-letranger-rougui-barry-revient-sur-son-bilan\/\"},\"author\":{\"name\":\"Guin\u00e9e Diversit\u00e9\",\"@id\":\"https:\/\/guineediversite.com\/#\/schema\/person\/afa08fb34e7fc6e1feafc892612bc836\"},\"headline\":\"Minist\u00e8re des guin\u00e9ens de l\u2019\u00e9tranger : Rougui Barry revient sur son bilan\",\"datePublished\":\"2013-12-30T23:00:00+00:00\",\"dateModified\":\"2013-12-30T23:00:00+00:00\",\"mainEntityOfPage\":{\"@id\":\"https:\/\/guineediversite.com\/index.php\/2013\/12\/31\/ministere-des-guineens-de-letranger-rougui-barry-revient-sur-son-bilan\/\"},\"wordCount\":493,\"commentCount\":0,\"publisher\":{\"@id\":\"https:\/\/guineediversite.com\/#organization\"},\"articleSection\":[\"Archives\"],\"inLanguage\":\"fr-FR\",\"potentialAction\":[{\"@type\":\"CommentAction\",\"name\":\"Comment\",\"target\":[\"https:\/\/guineediversite.com\/index.php\/2013\/12\/31\/ministere-des-guineens-de-letranger-rougui-barry-revient-sur-son-bilan\/#respond\"]}]},{\"@type\":\"WebPage\",\"@id\":\"https:\/\/guineediversite.com\/index.php\/2013\/12\/31\/ministere-des-guineens-de-letranger-rougui-barry-revient-sur-son-bilan\/\",\"url\":\"https:\/\/guineediversite.com\/index.php\/2013\/12\/31\/ministere-des-guineens-de-letranger-rougui-barry-revient-sur-son-bilan\/\",\"name\":\"Minist\u00e8re des guin\u00e9ens de l\u2019\u00e9tranger : Rougui Barry revient sur son bilan | Guin\u00e9e Diversit\u00e9\",\"isPartOf\":{\"@id\":\"https:\/\/guineediversite.com\/#website\"},\"datePublished\":\"2013-12-30T23:00:00+00:00\",\"dateModified\":\"2013-12-30T23:00:00+00:00\",\"breadcrumb\":{\"@id\":\"https:\/\/guineediversite.com\/index.php\/2013\/12\/31\/ministere-des-guineens-de-letranger-rougui-barry-revient-sur-son-bilan\/#breadcrumb\"},\"inLanguage\":\"fr-FR\",\"potentialAction\":[{\"@type\":\"ReadAction\",\"target\":[\"https:\/\/guineediversite.com\/index.php\/2013\/12\/31\/ministere-des-guineens-de-letranger-rougui-barry-revient-sur-son-bilan\/\"]}]},{\"@type\":\"BreadcrumbList\",\"@id\":\"https:\/\/guineediversite.com\/index.php\/2013\/12\/31\/ministere-des-guineens-de-letranger-rougui-barry-revient-sur-son-bilan\/#breadcrumb\",\"itemListElement\":[{\"@type\":\"ListItem\",\"position\":1,\"name\":\"Accueil\",\"item\":\"https:\/\/guineediversite.com\/\"},{\"@type\":\"ListItem\",\"position\":2,\"name\":\"Minist\u00e8re des guin\u00e9ens de l\u2019\u00e9tranger : Rougui Barry revient sur son bilan\"}]},{\"@type\":\"WebSite\",\"@id\":\"https:\/\/guineediversite.com\/#website\",\"url\":\"https:\/\/guineediversite.com\/\",\"name\":\"Guin\u00e9e Diversit\u00e9\",\"description\":\"L&#039;Info dans toute sa diversit\u00e9\",\"publisher\":{\"@id\":\"https:\/\/guineediversite.com\/#organization\"},\"potentialAction\":[{\"@type\":\"SearchAction\",\"target\":{\"@type\":\"EntryPoint\",\"urlTemplate\":\"https:\/\/guineediversite.com\/?s={search_term_string}\"},\"query-input\":{\"@type\":\"PropertyValueSpecification\",\"valueRequired\":true,\"valueName\":\"search_term_string\"}}],\"inLanguage\":\"fr-FR\"},{\"@type\":\"Organization\",\"@id\":\"https:\/\/guineediversite.com\/#organization\",\"name\":\"Guin\u00e9e Diversit\u00e9\",\"url\":\"https:\/\/guineediversite.com\/\",\"logo\":{\"@type\":\"ImageObject\",\"inLanguage\":\"fr-FR\",\"@id\":\"https:\/\/guineediversite.com\/#\/schema\/logo\/image\/\",\"url\":\"https:\/\/guineediversite.com\/wp-content\/uploads\/2017\/04\/cropped-1jojlxEOMkX9Wyqfhe43D6kjPOGqBBKmx3EwWJqZ0cMrFF54yM49.png\",\"contentUrl\":\"https:\/\/guineediversite.com\/wp-content\/uploads\/2017\/04\/cropped-1jojlxEOMkX9Wyqfhe43D6kjPOGqBBKmx3EwWJqZ0cMrFF54yM49.png\",\"width\":186,\"height\":112,\"caption\":\"Guin\u00e9e Diversit\u00e9\"},\"image\":{\"@id\":\"https:\/\/guineediversite.com\/#\/schema\/logo\/image\/\"},\"sameAs\":[\"https:\/\/www.facebook.com\/guineediversite\/\",\"https:\/\/x.com\/GuineeDiversite\",\"https:\/\/www.youtube.com\/channel\/UC8sUY16qelG5ge6_D5SB83g\"]},{\"@type\":\"Person\",\"@id\":\"https:\/\/guineediversite.com\/#\/schema\/person\/afa08fb34e7fc6e1feafc892612bc836\",\"name\":\"Guin\u00e9e Diversit\u00e9\",\"image\":{\"@type\":\"ImageObject\",\"inLanguage\":\"fr-FR\",\"@id\":\"https:\/\/guineediversite.com\/#\/schema\/person\/image\/\",\"url\":\"https:\/\/secure.gravatar.com\/avatar\/50d5eb5b390f8b65ac30ac6f898eb83a?s=96&d=mm&r=g\",\"contentUrl\":\"https:\/\/secure.gravatar.com\/avatar\/50d5eb5b390f8b65ac30ac6f898eb83a?s=96&d=mm&r=g\",\"caption\":\"Guin\u00e9e Diversit\u00e9\"},\"url\":\"https:\/\/guineediversite.com\/index.php\/author\/guineediversite\/\"}]}<\/script>\n<!-- \/ Yoast SEO plugin. -->","yoast_head_json":{"title":"Minist\u00e8re des guin\u00e9ens de l\u2019\u00e9tranger : Rougui Barry revient sur son bilan | Guin\u00e9e Diversit\u00e9","robots":{"index":"index","follow":"follow","max-snippet":"max-snippet:-1","max-image-preview":"max-image-preview:large","max-video-preview":"max-video-preview:-1"},"canonical":"https:\/\/guineediversite.com\/index.php\/2013\/12\/31\/ministere-des-guineens-de-letranger-rougui-barry-revient-sur-son-bilan\/","og_locale":"fr_FR","og_type":"article","og_title":"Minist\u00e8re des guin\u00e9ens de l\u2019\u00e9tranger : Rougui Barry revient sur son bilan | Guin\u00e9e Diversit\u00e9","og_description":"A l\u2019occasion de la fin d\u2019ann\u00e9e, nombreux sont des d\u00e9partements minist\u00e9riels qui dressent leurs bilans en Guin\u00e9e. C\u2019est le cas du minist\u00e8re de guin\u00e9ens de l\u2019\u00e9tranger qui a pr\u00e9sent\u00e9 aux m\u00e9dias lundi, son bilan pour l\u2019exercice 2013.Un bilan que Rougui Barry juge positif sous les yeux des observateurs nationaux et internationaux. Au cours de cette [&hellip;]","og_url":"https:\/\/guineediversite.com\/index.php\/2013\/12\/31\/ministere-des-guineens-de-letranger-rougui-barry-revient-sur-son-bilan\/","og_site_name":"Guin\u00e9e Diversit\u00e9","article_publisher":"https:\/\/www.facebook.com\/guineediversite\/","article_published_time":"2013-12-30T23:00:00+00:00","author":"Guin\u00e9e Diversit\u00e9","twitter_card":"summary_large_image","twitter_creator":"@GuineeDiversite","twitter_site":"@GuineeDiversite","twitter_misc":{"\u00c9crit par":"Guin\u00e9e Diversit\u00e9","Dur\u00e9e de lecture estim\u00e9e":"2 minutes"},"schema":{"@context":"https:\/\/schema.org","@graph":[{"@type":"Article","@id":"https:\/\/guineediversite.com\/index.php\/2013\/12\/31\/ministere-des-guineens-de-letranger-rougui-barry-revient-sur-son-bilan\/#article","isPartOf":{"@id":"https:\/\/guineediversite.com\/index.php\/2013\/12\/31\/ministere-des-guineens-de-letranger-rougui-barry-revient-sur-son-bilan\/"},"author":{"name":"Guin\u00e9e Diversit\u00e9","@id":"https:\/\/guineediversite.com\/#\/schema\/person\/afa08fb34e7fc6e1feafc892612bc836"},"headline":"Minist\u00e8re des guin\u00e9ens de l\u2019\u00e9tranger : Rougui Barry revient sur son bilan","datePublished":"2013-12-30T23:00:00+00:00","dateModified":"2013-12-30T23:00:00+00:00","mainEntityOfPage":{"@id":"https:\/\/guineediversite.com\/index.php\/2013\/12\/31\/ministere-des-guineens-de-letranger-rougui-barry-revient-sur-son-bilan\/"},"wordCount":493,"commentCount":0,"publisher":{"@id":"https:\/\/guineediversite.com\/#organization"},"articleSection":["Archives"],"inLanguage":"fr-FR","potentialAction":[{"@type":"CommentAction","name":"Comment","target":["https:\/\/guineediversite.com\/index.php\/2013\/12\/31\/ministere-des-guineens-de-letranger-rougui-barry-revient-sur-son-bilan\/#respond"]}]},{"@type":"WebPage","@id":"https:\/\/guineediversite.com\/index.php\/2013\/12\/31\/ministere-des-guineens-de-letranger-rougui-barry-revient-sur-son-bilan\/","url":"https:\/\/guineediversite.com\/index.php\/2013\/12\/31\/ministere-des-guineens-de-letranger-rougui-barry-revient-sur-son-bilan\/","name":"Minist\u00e8re des guin\u00e9ens de l\u2019\u00e9tranger : Rougui Barry revient sur son bilan | Guin\u00e9e Diversit\u00e9","isPartOf":{"@id":"https:\/\/guineediversite.com\/#website"},"datePublished":"2013-12-30T23:00:00+00:00","dateModified":"2013-12-30T23:00:00+00:00","breadcrumb":{"@id":"https:\/\/guineediversite.com\/index.php\/2013\/12\/31\/ministere-des-guineens-de-letranger-rougui-barry-revient-sur-son-bilan\/#breadcrumb"},"inLanguage":"fr-FR","potentialAction":[{"@type":"ReadAction","target":["https:\/\/guineediversite.com\/index.php\/2013\/12\/31\/ministere-des-guineens-de-letranger-rougui-barry-revient-sur-son-bilan\/"]}]},{"@type":"BreadcrumbList","@id":"https:\/\/guineediversite.com\/index.php\/2013\/12\/31\/ministere-des-guineens-de-letranger-rougui-barry-revient-sur-son-bilan\/#breadcrumb","itemListElement":[{"@type":"ListItem","position":1,"name":"Accueil","item":"https:\/\/guineediversite.com\/"},{"@type":"ListItem","position":2,"name":"Minist\u00e8re des guin\u00e9ens de l\u2019\u00e9tranger : Rougui Barry revient sur son bilan"}]},{"@type":"WebSite","@id":"https:\/\/guineediversite.com\/#website","url":"https:\/\/guineediversite.com\/","name":"Guin\u00e9e Diversit\u00e9","description":"L&#039;Info dans toute sa diversit\u00e9","publisher":{"@id":"https:\/\/guineediversite.com\/#organization"},"potentialAction":[{"@type":"SearchAction","target":{"@type":"EntryPoint","urlTemplate":"https:\/\/guineediversite.com\/?s={search_term_string}"},"query-input":{"@type":"PropertyValueSpecification","valueRequired":true,"valueName":"search_term_string"}}],"inLanguage":"fr-FR"},{"@type":"Organization","@id":"https:\/\/guineediversite.com\/#organization","name":"Guin\u00e9e Diversit\u00e9","url":"https:\/\/guineediversite.com\/","logo":{"@type":"ImageObject","inLanguage":"fr-FR","@id":"https:\/\/guineediversite.com\/#\/schema\/logo\/image\/","url":"https:\/\/guineediversite.com\/wp-content\/uploads\/2017\/04\/cropped-1jojlxEOMkX9Wyqfhe43D6kjPOGqBBKmx3EwWJqZ0cMrFF54yM49.png","contentUrl":"https:\/\/guineediversite.com\/wp-content\/uploads\/2017\/04\/cropped-1jojlxEOMkX9Wyqfhe43D6kjPOGqBBKmx3EwWJqZ0cMrFF54yM49.png","width":186,"height":112,"caption":"Guin\u00e9e Diversit\u00e9"},"image":{"@id":"https:\/\/guineediversite.com\/#\/schema\/logo\/image\/"},"sameAs":["https:\/\/www.facebook.com\/guineediversite\/","https:\/\/x.com\/GuineeDiversite","https:\/\/www.youtube.com\/channel\/UC8sUY16qelG5ge6_D5SB83g"]},{"@type":"Person","@id":"https:\/\/guineediversite.com\/#\/schema\/person\/afa08fb34e7fc6e1feafc892612bc836","name":"Guin\u00e9e Diversit\u00e9","image":{"@type":"ImageObject","inLanguage":"fr-FR","@id":"https:\/\/guineediversite.com\/#\/schema\/person\/image\/","url":"https:\/\/secure.gravatar.com\/avatar\/50d5eb5b390f8b65ac30ac6f898eb83a?s=96&d=mm&r=g","contentUrl":"https:\/\/secure.gravatar.com\/avatar\/50d5eb5b390f8b65ac30ac6f898eb83a?s=96&d=mm&r=g","caption":"Guin\u00e9e Diversit\u00e9"},"url":"https:\/\/guineediversite.com\/index.php\/author\/guineediversite\/"}]}},"_links":{"self":[{"href":"https:\/\/guineediversite.com\/index.php\/wp-json\/wp\/v2\/posts\/19640"}],"collection":[{"href":"https:\/\/guineediversite.com\/index.php\/wp-json\/wp\/v2\/posts"}],"about":[{"href":"https:\/\/guineediversite.com\/index.php\/wp-json\/wp\/v2\/types\/post"}],"author":[{"embeddable":true,"href":"https:\/\/guineediversite.com\/index.php\/wp-json\/wp\/v2\/users\/12"}],"replies":[{"embeddable":true,"href":"https:\/\/guineediversite.com\/index.php\/wp-json\/wp\/v2\/comments?post=19640"}],"version-history":[{"count":0,"href":"https:\/\/guineediversite.com\/index.php\/wp-json\/wp\/v2\/posts\/19640\/revisions"}],"wp:attachment":[{"href":"https:\/\/guineediversite.com\/index.php\/wp-json\/wp\/v2\/media?parent=19640"}],"wp:term":[{"taxonomy":"category","embeddable":true,"href":"https:\/\/guineediversite.com\/index.php\/wp-json\/wp\/v2\/categories?post=19640"},{"taxonomy":"post_tag","embeddable":true,"href":"https:\/\/guineediversite.com\/index.php\/wp-json\/wp\/v2\/tags?post=19640"}],"curies":[{"name":"wp","href":"https:\/\/api.w.org\/{rel}","templated":true}]}}