{"id":19596,"date":"2013-12-31T00:00:00","date_gmt":"2013-12-30T23:00:00","guid":{"rendered":"https:\/\/www.guineediversite.com\/index.php\/2013\/12\/31\/le-kenya-terre-dasile-pour-lex-president-centrafricain-francois-bozize\/"},"modified":"2013-12-31T00:00:00","modified_gmt":"2013-12-30T23:00:00","slug":"le-kenya-terre-dasile-pour-lex-president-centrafricain-francois-bozize","status":"publish","type":"post","link":"https:\/\/guineediversite.com\/index.php\/2013\/12\/31\/le-kenya-terre-dasile-pour-lex-president-centrafricain-francois-bozize\/","title":{"rendered":"Le Kenya terre d\u2019asile pour l\u2019ex-pr\u00e9sident centrafricain Fran\u00e7ois Boziz\u00e9"},"content":{"rendered":"<p>Le pr\u00e9sident d\u00e9chu de la R\u00e9publique centrafricaine, Fran\u00e7ois Boziz\u00e9, a quitt\u00e9 le Cameroun lundi 3 juin dans la soir\u00e9e pour rejoindre Nairobi, la capitale k\u00e9nyane. Ses proches \u00e9voquent un voyage d\u2019agr\u00e9ment. Le mandat d\u2019arr\u00eat international lanc\u00e9 contre lui par la justice centrafricaine a cependant jou\u00e9 un r\u00f4le dans sa d\u00e9cision, devenu encombrant au Cameroun, de quitter son pays d\u2019accueil.<br \/>\nLes proches du pr\u00e9sident Boziz\u00e9 ne cachent pas une certaine irritation, quand on assure qu&rsquo;il \u00e9tait devenu ind\u00e9sirable au Cameroun. Ils parlent plut\u00f4t d&rsquo;un voyage pr\u00e9vu de longue date par le pr\u00e9sident Boziz\u00e9, qui a toujours voulu s&rsquo;offrir un safari. En tout cas, ce voyage de Fran\u00e7ois Boziz\u00e9 ressemble \u00e0 un d\u00e9part quelque peu forc\u00e9.<br \/>\nDepuis son d\u00e9m\u00e9nagement de l&rsquo;h\u00f4tel et son installation au quartier Golf, \u00e0 Yaound\u00e9, les autorit\u00e9s camerounaises n&rsquo;avaient plus vraiment de prise sur leur h\u00f4te, cens\u00e9 \u00eatre \u00ab en transit \u00bb. Au point que ce dernier est all\u00e9 rendre visite \u00e0 ses sympathisants il y a quelques jours, \u00e0 la fronti\u00e8re entre les deux pays.<br \/>\nConscientes que l&rsquo;ex-pr\u00e9sident n&rsquo;avait pas \u00e9puis\u00e9 toutes ses cartes, les nouvelles autorit\u00e9s de Bangui ont trouv\u00e9 la parade : un mandat d&rsquo;arr\u00eat international contre lui. Mandat d&rsquo;arr\u00eat qui constitue \u00e9galement une \u00e9p\u00e9e de Damocl\u00e8s sur le Cameroun.<br \/>\nFran\u00e7ois Boziz\u00e9 ne se g\u00eanait pas pour briser le silence impos\u00e9 comme r\u00e8gle \u00e0 tout r\u00e9fugi\u00e9 dans un pays d&rsquo;accueil, d\u00e9non\u00e7ant le chaos install\u00e9 dans son pays, et accusant au passage le pr\u00e9sident Idriss D\u00e9by, qu&rsquo;il d\u00e9signe comme son tombeur.<br \/>\nOn peut ais\u00e9ment supposer que Yaound\u00e9 n&rsquo;a pas voulu s&rsquo;encombrer de la mauvaise humeur de Ndjamena, qui exer\u00e7ait une \u00ab pression amicale \u00bb pour que le pr\u00e9sident d\u00e9chu soit tenu le plus loin possible de son pays, la Centrafrique.<\/p>\n","protected":false},"excerpt":{"rendered":"<p>Le pr\u00e9sident d\u00e9chu de la R\u00e9publique centrafricaine, Fran\u00e7ois Boziz\u00e9, a quitt\u00e9 le Cameroun lundi 3 juin dans la soir\u00e9e pour rejoindre Nairobi, la capitale k\u00e9nyane. Ses proches \u00e9voquent un voyage d\u2019agr\u00e9ment. Le mandat d\u2019arr\u00eat international lanc\u00e9 contre lui par la justice centrafricaine a cependant jou\u00e9 un r\u00f4le dans sa d\u00e9cision, devenu encombrant au Cameroun, de [&hellip;]<\/p>\n","protected":false},"author":12,"featured_media":0,"comment_status":"open","ping_status":"open","sticky":false,"template":"","format":"standard","meta":{"_exactmetrics_skip_tracking":false,"_exactmetrics_sitenote_active":false,"_exactmetrics_sitenote_note":"","_exactmetrics_sitenote_category":0,"tdm_status":"","tdm_grid_status":"","footnotes":""},"categories":[28],"tags":[],"class_list":{"0":"post-19596","1":"post","2":"type-post","3":"status-publish","4":"format-standard","6":"category-archives"},"yoast_head":"<!-- This site is optimized with the Yoast SEO plugin v24.2 - https:\/\/yoast.com\/wordpress\/plugins\/seo\/ -->\n<title>Le Kenya terre d\u2019asile pour l\u2019ex-pr\u00e9sident centrafricain Fran\u00e7ois Boziz\u00e9 | Guin\u00e9e Diversit\u00e9<\/title>\n<meta name=\"robots\" content=\"index, follow, max-snippet:-1, max-image-preview:large, max-video-preview:-1\" \/>\n<link rel=\"canonical\" href=\"https:\/\/guineediversite.com\/index.php\/2013\/12\/31\/le-kenya-terre-dasile-pour-lex-president-centrafricain-francois-bozize\/\" \/>\n<meta property=\"og:locale\" content=\"fr_FR\" \/>\n<meta property=\"og:type\" content=\"article\" \/>\n<meta property=\"og:title\" content=\"Le Kenya terre d\u2019asile pour l\u2019ex-pr\u00e9sident centrafricain Fran\u00e7ois Boziz\u00e9 | Guin\u00e9e Diversit\u00e9\" \/>\n<meta property=\"og:description\" content=\"Le pr\u00e9sident d\u00e9chu de la R\u00e9publique centrafricaine, Fran\u00e7ois Boziz\u00e9, a quitt\u00e9 le Cameroun lundi 3 juin dans la soir\u00e9e pour rejoindre Nairobi, la capitale k\u00e9nyane. Ses proches \u00e9voquent un voyage d\u2019agr\u00e9ment. Le mandat d\u2019arr\u00eat international lanc\u00e9 contre lui par la justice centrafricaine a cependant jou\u00e9 un r\u00f4le dans sa d\u00e9cision, devenu encombrant au Cameroun, de [&hellip;]\" \/>\n<meta property=\"og:url\" content=\"https:\/\/guineediversite.com\/index.php\/2013\/12\/31\/le-kenya-terre-dasile-pour-lex-president-centrafricain-francois-bozize\/\" \/>\n<meta property=\"og:site_name\" content=\"Guin\u00e9e Diversit\u00e9\" \/>\n<meta property=\"article:publisher\" content=\"https:\/\/www.facebook.com\/guineediversite\/\" \/>\n<meta property=\"article:published_time\" content=\"2013-12-30T23:00:00+00:00\" \/>\n<meta name=\"author\" content=\"Guin\u00e9e Diversit\u00e9\" \/>\n<meta name=\"twitter:card\" content=\"summary_large_image\" \/>\n<meta name=\"twitter:creator\" content=\"@GuineeDiversite\" \/>\n<meta name=\"twitter:site\" content=\"@GuineeDiversite\" \/>\n<meta name=\"twitter:label1\" content=\"\u00c9crit par\" \/>\n\t<meta name=\"twitter:data1\" content=\"Guin\u00e9e Diversit\u00e9\" \/>\n\t<meta name=\"twitter:label2\" content=\"Dur\u00e9e de lecture estim\u00e9e\" \/>\n\t<meta name=\"twitter:data2\" content=\"2 minutes\" \/>\n<script type=\"application\/ld+json\" class=\"yoast-schema-graph\">{\"@context\":\"https:\/\/schema.org\",\"@graph\":[{\"@type\":\"Article\",\"@id\":\"https:\/\/guineediversite.com\/index.php\/2013\/12\/31\/le-kenya-terre-dasile-pour-lex-president-centrafricain-francois-bozize\/#article\",\"isPartOf\":{\"@id\":\"https:\/\/guineediversite.com\/index.php\/2013\/12\/31\/le-kenya-terre-dasile-pour-lex-president-centrafricain-francois-bozize\/\"},\"author\":{\"name\":\"Guin\u00e9e Diversit\u00e9\",\"@id\":\"https:\/\/guineediversite.com\/#\/schema\/person\/afa08fb34e7fc6e1feafc892612bc836\"},\"headline\":\"Le Kenya terre d\u2019asile pour l\u2019ex-pr\u00e9sident centrafricain Fran\u00e7ois Boziz\u00e9\",\"datePublished\":\"2013-12-30T23:00:00+00:00\",\"dateModified\":\"2013-12-30T23:00:00+00:00\",\"mainEntityOfPage\":{\"@id\":\"https:\/\/guineediversite.com\/index.php\/2013\/12\/31\/le-kenya-terre-dasile-pour-lex-president-centrafricain-francois-bozize\/\"},\"wordCount\":344,\"commentCount\":0,\"publisher\":{\"@id\":\"https:\/\/guineediversite.com\/#organization\"},\"articleSection\":[\"Archives\"],\"inLanguage\":\"fr-FR\",\"potentialAction\":[{\"@type\":\"CommentAction\",\"name\":\"Comment\",\"target\":[\"https:\/\/guineediversite.com\/index.php\/2013\/12\/31\/le-kenya-terre-dasile-pour-lex-president-centrafricain-francois-bozize\/#respond\"]}]},{\"@type\":\"WebPage\",\"@id\":\"https:\/\/guineediversite.com\/index.php\/2013\/12\/31\/le-kenya-terre-dasile-pour-lex-president-centrafricain-francois-bozize\/\",\"url\":\"https:\/\/guineediversite.com\/index.php\/2013\/12\/31\/le-kenya-terre-dasile-pour-lex-president-centrafricain-francois-bozize\/\",\"name\":\"Le Kenya terre d\u2019asile pour l\u2019ex-pr\u00e9sident centrafricain Fran\u00e7ois Boziz\u00e9 | Guin\u00e9e Diversit\u00e9\",\"isPartOf\":{\"@id\":\"https:\/\/guineediversite.com\/#website\"},\"datePublished\":\"2013-12-30T23:00:00+00:00\",\"dateModified\":\"2013-12-30T23:00:00+00:00\",\"breadcrumb\":{\"@id\":\"https:\/\/guineediversite.com\/index.php\/2013\/12\/31\/le-kenya-terre-dasile-pour-lex-president-centrafricain-francois-bozize\/#breadcrumb\"},\"inLanguage\":\"fr-FR\",\"potentialAction\":[{\"@type\":\"ReadAction\",\"target\":[\"https:\/\/guineediversite.com\/index.php\/2013\/12\/31\/le-kenya-terre-dasile-pour-lex-president-centrafricain-francois-bozize\/\"]}]},{\"@type\":\"BreadcrumbList\",\"@id\":\"https:\/\/guineediversite.com\/index.php\/2013\/12\/31\/le-kenya-terre-dasile-pour-lex-president-centrafricain-francois-bozize\/#breadcrumb\",\"itemListElement\":[{\"@type\":\"ListItem\",\"position\":1,\"name\":\"Accueil\",\"item\":\"https:\/\/guineediversite.com\/\"},{\"@type\":\"ListItem\",\"position\":2,\"name\":\"Le Kenya terre d\u2019asile pour l\u2019ex-pr\u00e9sident centrafricain Fran\u00e7ois Boziz\u00e9\"}]},{\"@type\":\"WebSite\",\"@id\":\"https:\/\/guineediversite.com\/#website\",\"url\":\"https:\/\/guineediversite.com\/\",\"name\":\"Guin\u00e9e Diversit\u00e9\",\"description\":\"L&#039;Info dans toute sa diversit\u00e9\",\"publisher\":{\"@id\":\"https:\/\/guineediversite.com\/#organization\"},\"potentialAction\":[{\"@type\":\"SearchAction\",\"target\":{\"@type\":\"EntryPoint\",\"urlTemplate\":\"https:\/\/guineediversite.com\/?s={search_term_string}\"},\"query-input\":{\"@type\":\"PropertyValueSpecification\",\"valueRequired\":true,\"valueName\":\"search_term_string\"}}],\"inLanguage\":\"fr-FR\"},{\"@type\":\"Organization\",\"@id\":\"https:\/\/guineediversite.com\/#organization\",\"name\":\"Guin\u00e9e Diversit\u00e9\",\"url\":\"https:\/\/guineediversite.com\/\",\"logo\":{\"@type\":\"ImageObject\",\"inLanguage\":\"fr-FR\",\"@id\":\"https:\/\/guineediversite.com\/#\/schema\/logo\/image\/\",\"url\":\"https:\/\/guineediversite.com\/wp-content\/uploads\/2017\/04\/cropped-1jojlxEOMkX9Wyqfhe43D6kjPOGqBBKmx3EwWJqZ0cMrFF54yM49.png\",\"contentUrl\":\"https:\/\/guineediversite.com\/wp-content\/uploads\/2017\/04\/cropped-1jojlxEOMkX9Wyqfhe43D6kjPOGqBBKmx3EwWJqZ0cMrFF54yM49.png\",\"width\":186,\"height\":112,\"caption\":\"Guin\u00e9e Diversit\u00e9\"},\"image\":{\"@id\":\"https:\/\/guineediversite.com\/#\/schema\/logo\/image\/\"},\"sameAs\":[\"https:\/\/www.facebook.com\/guineediversite\/\",\"https:\/\/x.com\/GuineeDiversite\",\"https:\/\/www.youtube.com\/channel\/UC8sUY16qelG5ge6_D5SB83g\"]},{\"@type\":\"Person\",\"@id\":\"https:\/\/guineediversite.com\/#\/schema\/person\/afa08fb34e7fc6e1feafc892612bc836\",\"name\":\"Guin\u00e9e Diversit\u00e9\",\"image\":{\"@type\":\"ImageObject\",\"inLanguage\":\"fr-FR\",\"@id\":\"https:\/\/guineediversite.com\/#\/schema\/person\/image\/\",\"url\":\"https:\/\/secure.gravatar.com\/avatar\/50d5eb5b390f8b65ac30ac6f898eb83a?s=96&d=mm&r=g\",\"contentUrl\":\"https:\/\/secure.gravatar.com\/avatar\/50d5eb5b390f8b65ac30ac6f898eb83a?s=96&d=mm&r=g\",\"caption\":\"Guin\u00e9e Diversit\u00e9\"},\"url\":\"https:\/\/guineediversite.com\/index.php\/author\/guineediversite\/\"}]}<\/script>\n<!-- \/ Yoast SEO plugin. -->","yoast_head_json":{"title":"Le Kenya terre d\u2019asile pour l\u2019ex-pr\u00e9sident centrafricain Fran\u00e7ois Boziz\u00e9 | Guin\u00e9e Diversit\u00e9","robots":{"index":"index","follow":"follow","max-snippet":"max-snippet:-1","max-image-preview":"max-image-preview:large","max-video-preview":"max-video-preview:-1"},"canonical":"https:\/\/guineediversite.com\/index.php\/2013\/12\/31\/le-kenya-terre-dasile-pour-lex-president-centrafricain-francois-bozize\/","og_locale":"fr_FR","og_type":"article","og_title":"Le Kenya terre d\u2019asile pour l\u2019ex-pr\u00e9sident centrafricain Fran\u00e7ois Boziz\u00e9 | Guin\u00e9e Diversit\u00e9","og_description":"Le pr\u00e9sident d\u00e9chu de la R\u00e9publique centrafricaine, Fran\u00e7ois Boziz\u00e9, a quitt\u00e9 le Cameroun lundi 3 juin dans la soir\u00e9e pour rejoindre Nairobi, la capitale k\u00e9nyane. Ses proches \u00e9voquent un voyage d\u2019agr\u00e9ment. Le mandat d\u2019arr\u00eat international lanc\u00e9 contre lui par la justice centrafricaine a cependant jou\u00e9 un r\u00f4le dans sa d\u00e9cision, devenu encombrant au Cameroun, de [&hellip;]","og_url":"https:\/\/guineediversite.com\/index.php\/2013\/12\/31\/le-kenya-terre-dasile-pour-lex-president-centrafricain-francois-bozize\/","og_site_name":"Guin\u00e9e Diversit\u00e9","article_publisher":"https:\/\/www.facebook.com\/guineediversite\/","article_published_time":"2013-12-30T23:00:00+00:00","author":"Guin\u00e9e Diversit\u00e9","twitter_card":"summary_large_image","twitter_creator":"@GuineeDiversite","twitter_site":"@GuineeDiversite","twitter_misc":{"\u00c9crit par":"Guin\u00e9e Diversit\u00e9","Dur\u00e9e de lecture estim\u00e9e":"2 minutes"},"schema":{"@context":"https:\/\/schema.org","@graph":[{"@type":"Article","@id":"https:\/\/guineediversite.com\/index.php\/2013\/12\/31\/le-kenya-terre-dasile-pour-lex-president-centrafricain-francois-bozize\/#article","isPartOf":{"@id":"https:\/\/guineediversite.com\/index.php\/2013\/12\/31\/le-kenya-terre-dasile-pour-lex-president-centrafricain-francois-bozize\/"},"author":{"name":"Guin\u00e9e Diversit\u00e9","@id":"https:\/\/guineediversite.com\/#\/schema\/person\/afa08fb34e7fc6e1feafc892612bc836"},"headline":"Le Kenya terre d\u2019asile pour l\u2019ex-pr\u00e9sident centrafricain Fran\u00e7ois Boziz\u00e9","datePublished":"2013-12-30T23:00:00+00:00","dateModified":"2013-12-30T23:00:00+00:00","mainEntityOfPage":{"@id":"https:\/\/guineediversite.com\/index.php\/2013\/12\/31\/le-kenya-terre-dasile-pour-lex-president-centrafricain-francois-bozize\/"},"wordCount":344,"commentCount":0,"publisher":{"@id":"https:\/\/guineediversite.com\/#organization"},"articleSection":["Archives"],"inLanguage":"fr-FR","potentialAction":[{"@type":"CommentAction","name":"Comment","target":["https:\/\/guineediversite.com\/index.php\/2013\/12\/31\/le-kenya-terre-dasile-pour-lex-president-centrafricain-francois-bozize\/#respond"]}]},{"@type":"WebPage","@id":"https:\/\/guineediversite.com\/index.php\/2013\/12\/31\/le-kenya-terre-dasile-pour-lex-president-centrafricain-francois-bozize\/","url":"https:\/\/guineediversite.com\/index.php\/2013\/12\/31\/le-kenya-terre-dasile-pour-lex-president-centrafricain-francois-bozize\/","name":"Le Kenya terre d\u2019asile pour l\u2019ex-pr\u00e9sident centrafricain Fran\u00e7ois Boziz\u00e9 | Guin\u00e9e Diversit\u00e9","isPartOf":{"@id":"https:\/\/guineediversite.com\/#website"},"datePublished":"2013-12-30T23:00:00+00:00","dateModified":"2013-12-30T23:00:00+00:00","breadcrumb":{"@id":"https:\/\/guineediversite.com\/index.php\/2013\/12\/31\/le-kenya-terre-dasile-pour-lex-president-centrafricain-francois-bozize\/#breadcrumb"},"inLanguage":"fr-FR","potentialAction":[{"@type":"ReadAction","target":["https:\/\/guineediversite.com\/index.php\/2013\/12\/31\/le-kenya-terre-dasile-pour-lex-president-centrafricain-francois-bozize\/"]}]},{"@type":"BreadcrumbList","@id":"https:\/\/guineediversite.com\/index.php\/2013\/12\/31\/le-kenya-terre-dasile-pour-lex-president-centrafricain-francois-bozize\/#breadcrumb","itemListElement":[{"@type":"ListItem","position":1,"name":"Accueil","item":"https:\/\/guineediversite.com\/"},{"@type":"ListItem","position":2,"name":"Le Kenya terre d\u2019asile pour l\u2019ex-pr\u00e9sident centrafricain Fran\u00e7ois Boziz\u00e9"}]},{"@type":"WebSite","@id":"https:\/\/guineediversite.com\/#website","url":"https:\/\/guineediversite.com\/","name":"Guin\u00e9e Diversit\u00e9","description":"L&#039;Info dans toute sa diversit\u00e9","publisher":{"@id":"https:\/\/guineediversite.com\/#organization"},"potentialAction":[{"@type":"SearchAction","target":{"@type":"EntryPoint","urlTemplate":"https:\/\/guineediversite.com\/?s={search_term_string}"},"query-input":{"@type":"PropertyValueSpecification","valueRequired":true,"valueName":"search_term_string"}}],"inLanguage":"fr-FR"},{"@type":"Organization","@id":"https:\/\/guineediversite.com\/#organization","name":"Guin\u00e9e Diversit\u00e9","url":"https:\/\/guineediversite.com\/","logo":{"@type":"ImageObject","inLanguage":"fr-FR","@id":"https:\/\/guineediversite.com\/#\/schema\/logo\/image\/","url":"https:\/\/guineediversite.com\/wp-content\/uploads\/2017\/04\/cropped-1jojlxEOMkX9Wyqfhe43D6kjPOGqBBKmx3EwWJqZ0cMrFF54yM49.png","contentUrl":"https:\/\/guineediversite.com\/wp-content\/uploads\/2017\/04\/cropped-1jojlxEOMkX9Wyqfhe43D6kjPOGqBBKmx3EwWJqZ0cMrFF54yM49.png","width":186,"height":112,"caption":"Guin\u00e9e Diversit\u00e9"},"image":{"@id":"https:\/\/guineediversite.com\/#\/schema\/logo\/image\/"},"sameAs":["https:\/\/www.facebook.com\/guineediversite\/","https:\/\/x.com\/GuineeDiversite","https:\/\/www.youtube.com\/channel\/UC8sUY16qelG5ge6_D5SB83g"]},{"@type":"Person","@id":"https:\/\/guineediversite.com\/#\/schema\/person\/afa08fb34e7fc6e1feafc892612bc836","name":"Guin\u00e9e Diversit\u00e9","image":{"@type":"ImageObject","inLanguage":"fr-FR","@id":"https:\/\/guineediversite.com\/#\/schema\/person\/image\/","url":"https:\/\/secure.gravatar.com\/avatar\/50d5eb5b390f8b65ac30ac6f898eb83a?s=96&d=mm&r=g","contentUrl":"https:\/\/secure.gravatar.com\/avatar\/50d5eb5b390f8b65ac30ac6f898eb83a?s=96&d=mm&r=g","caption":"Guin\u00e9e Diversit\u00e9"},"url":"https:\/\/guineediversite.com\/index.php\/author\/guineediversite\/"}]}},"_links":{"self":[{"href":"https:\/\/guineediversite.com\/index.php\/wp-json\/wp\/v2\/posts\/19596"}],"collection":[{"href":"https:\/\/guineediversite.com\/index.php\/wp-json\/wp\/v2\/posts"}],"about":[{"href":"https:\/\/guineediversite.com\/index.php\/wp-json\/wp\/v2\/types\/post"}],"author":[{"embeddable":true,"href":"https:\/\/guineediversite.com\/index.php\/wp-json\/wp\/v2\/users\/12"}],"replies":[{"embeddable":true,"href":"https:\/\/guineediversite.com\/index.php\/wp-json\/wp\/v2\/comments?post=19596"}],"version-history":[{"count":0,"href":"https:\/\/guineediversite.com\/index.php\/wp-json\/wp\/v2\/posts\/19596\/revisions"}],"wp:attachment":[{"href":"https:\/\/guineediversite.com\/index.php\/wp-json\/wp\/v2\/media?parent=19596"}],"wp:term":[{"taxonomy":"category","embeddable":true,"href":"https:\/\/guineediversite.com\/index.php\/wp-json\/wp\/v2\/categories?post=19596"},{"taxonomy":"post_tag","embeddable":true,"href":"https:\/\/guineediversite.com\/index.php\/wp-json\/wp\/v2\/tags?post=19596"}],"curies":[{"name":"wp","href":"https:\/\/api.w.org\/{rel}","templated":true}]}}