{"id":19512,"date":"2013-12-31T00:00:00","date_gmt":"2013-12-30T23:00:00","guid":{"rendered":"https:\/\/www.guineediversite.com\/index.php\/2013\/12\/31\/nouakchott-sommet-des-chefs-detat-de-lomvsle-guineen-kabinet-komara-elu-au-poste-de-haut-commissaire-de-lomvs\/"},"modified":"2013-12-31T00:00:00","modified_gmt":"2013-12-30T23:00:00","slug":"nouakchott-sommet-des-chefs-detat-de-lomvsle-guineen-kabinet-komara-elu-au-poste-de-haut-commissaire-de-lomvs","status":"publish","type":"post","link":"https:\/\/guineediversite.com\/index.php\/2013\/12\/31\/nouakchott-sommet-des-chefs-detat-de-lomvsle-guineen-kabinet-komara-elu-au-poste-de-haut-commissaire-de-lomvs\/","title":{"rendered":"Nouakchott : Sommet des chefs d\u2019Etat de l\u2019OMVS\nLe guin\u00e9en Kabinet Komara \u00e9lu au poste de Haut Commissaire de l&rsquo;OMVS"},"content":{"rendered":"<p>Le 15\u00e8me sommet des chefs d\u2019Etat de l\u2019Organisation pour la Mise en Valeur du Fleuve S\u00e9n\u00e9gal (OMVS) a \u00e9t\u00e9 sanctionn\u00e9 par un communiqu\u00e9 indiquant que l&rsquo;ancien premier ministre guin\u00e9en, Kabinet Komara, a \u00e9t\u00e9 \u00e9lu Haut Commissaire de l&rsquo;Organisation en remplacement de Mohamed Salem Ould Merzoug.<br \/>\nLe communiqu\u00e9 indique que la conf\u00e9rence a \u00e9galement \u00e9lu le pr\u00e9sident de la R\u00e9publique, Mohamed Ould Abdel Aziz, \u00e0 la pr\u00e9sidence de la Conf\u00e9rence des chefs d\u2019\u00c9tat et de Gouvernement de l&rsquo;OMVS et Makan Aliou Tounkara, ministre malien de l&rsquo;Energie et de l&rsquo;Eau, \u00e0 la pr\u00e9sidence en exercice du Conseil des Ministres de l&rsquo;Organisation. Elle a en outre approuv\u00e9 des r\u00e9solutions relatives \u00e0 la prise en charge de l&rsquo;am\u00e9nagement de la route Lab\u00e9-Tougu\u00e9-Dinguiraye-Siguiri du SITRAM, \u00e0 l&rsquo;\u00e9lectrification de la partie guin\u00e9enne du bassin du Fleuve S\u00e9n\u00e9gal. La r\u00e9union a donn\u00e9 son feu vert \u00e0 la transposition du code et de ses r\u00e8glements d&rsquo;application dans le droit interne des \u00c9tats, \u00e0 la recherche de financements pour la r\u00e9alisation des am\u00e9nagements structurants et \u00e0 la prise en charge des travaux compl\u00e9mentaires du Projet Hydro\u00e9lectrique de Koukoutamba. Ces r\u00e9solutions portent \u00e9galement sur la d\u00e9finition des crit\u00e8res d&rsquo;\u00e9valuation des b\u00e9n\u00e9fices, co\u00fbts et charges des Ouvrages Communs, la d\u00e9limitation et la mise \u00e0 disposition de l&rsquo;OMVS des domaines portuaires du Fleuve S\u00e9n\u00e9gal. Elles ont trait aussi au financement du programme de r\u00e9habilitation et de r\u00e9novation du Barrage de Diama et de ses ouvrages annexes et accessoires, l&rsquo;\u00e9lectrification des villages d\u00e9plac\u00e9s ou affect\u00e9s lors de la construction d&rsquo;ouvrages hydro\u00e9lectriques. Elles concernent \u00e9galement la premi\u00e8re phase du Syst\u00e8me Int\u00e9gr\u00e9 de Transport Multimodal, le d\u00e9veloppement hydro-agricole dans le Bassin du Fleuve S\u00e9n\u00e9gal et la mise en place du Chantier Naval de Rosso. La Conf\u00e9rence a d\u00e9cid\u00e9 de tenir sa prochaine r\u00e9union \u00e0 Conakry. Toutefois la date exacte n\u2019a pas \u00e9t\u00e9 fix\u00e9e.<\/p>\n","protected":false},"excerpt":{"rendered":"<p>Le 15\u00e8me sommet des chefs d\u2019Etat de l\u2019Organisation pour la Mise en Valeur du Fleuve S\u00e9n\u00e9gal (OMVS) a \u00e9t\u00e9 sanctionn\u00e9 par un communiqu\u00e9 indiquant que l&rsquo;ancien premier ministre guin\u00e9en, Kabinet Komara, a \u00e9t\u00e9 \u00e9lu Haut Commissaire de l&rsquo;Organisation en remplacement de Mohamed Salem Ould Merzoug. Le communiqu\u00e9 indique que la conf\u00e9rence a \u00e9galement \u00e9lu le [&hellip;]<\/p>\n","protected":false},"author":12,"featured_media":0,"comment_status":"open","ping_status":"open","sticky":false,"template":"","format":"standard","meta":{"_exactmetrics_skip_tracking":false,"_exactmetrics_sitenote_active":false,"_exactmetrics_sitenote_note":"","_exactmetrics_sitenote_category":0,"tdm_status":"","tdm_grid_status":"","footnotes":""},"categories":[28],"tags":[],"class_list":{"0":"post-19512","1":"post","2":"type-post","3":"status-publish","4":"format-standard","6":"category-archives"},"yoast_head":"<!-- This site is optimized with the Yoast SEO plugin v24.2 - https:\/\/yoast.com\/wordpress\/plugins\/seo\/ -->\n<title>Nouakchott : Sommet des chefs d\u2019Etat de l\u2019OMVS Le guin\u00e9en Kabinet Komara \u00e9lu au poste de Haut Commissaire de l&#039;OMVS | Guin\u00e9e Diversit\u00e9<\/title>\n<meta name=\"robots\" content=\"index, follow, max-snippet:-1, max-image-preview:large, max-video-preview:-1\" \/>\n<link rel=\"canonical\" href=\"https:\/\/guineediversite.com\/index.php\/2013\/12\/31\/nouakchott-sommet-des-chefs-detat-de-lomvsle-guineen-kabinet-komara-elu-au-poste-de-haut-commissaire-de-lomvs\/\" \/>\n<meta property=\"og:locale\" content=\"fr_FR\" \/>\n<meta property=\"og:type\" content=\"article\" \/>\n<meta property=\"og:title\" content=\"Nouakchott : Sommet des chefs d\u2019Etat de l\u2019OMVS Le guin\u00e9en Kabinet Komara \u00e9lu au poste de Haut Commissaire de l&#039;OMVS | Guin\u00e9e Diversit\u00e9\" \/>\n<meta property=\"og:description\" content=\"Le 15\u00e8me sommet des chefs d\u2019Etat de l\u2019Organisation pour la Mise en Valeur du Fleuve S\u00e9n\u00e9gal (OMVS) a \u00e9t\u00e9 sanctionn\u00e9 par un communiqu\u00e9 indiquant que l&rsquo;ancien premier ministre guin\u00e9en, Kabinet Komara, a \u00e9t\u00e9 \u00e9lu Haut Commissaire de l&rsquo;Organisation en remplacement de Mohamed Salem Ould Merzoug. Le communiqu\u00e9 indique que la conf\u00e9rence a \u00e9galement \u00e9lu le [&hellip;]\" \/>\n<meta property=\"og:url\" content=\"https:\/\/guineediversite.com\/index.php\/2013\/12\/31\/nouakchott-sommet-des-chefs-detat-de-lomvsle-guineen-kabinet-komara-elu-au-poste-de-haut-commissaire-de-lomvs\/\" \/>\n<meta property=\"og:site_name\" content=\"Guin\u00e9e Diversit\u00e9\" \/>\n<meta property=\"article:publisher\" content=\"https:\/\/www.facebook.com\/guineediversite\/\" \/>\n<meta property=\"article:published_time\" content=\"2013-12-30T23:00:00+00:00\" \/>\n<meta name=\"author\" content=\"Guin\u00e9e Diversit\u00e9\" \/>\n<meta name=\"twitter:card\" content=\"summary_large_image\" \/>\n<meta name=\"twitter:creator\" content=\"@GuineeDiversite\" \/>\n<meta name=\"twitter:site\" content=\"@GuineeDiversite\" \/>\n<meta name=\"twitter:label1\" content=\"\u00c9crit par\" \/>\n\t<meta name=\"twitter:data1\" content=\"Guin\u00e9e Diversit\u00e9\" \/>\n\t<meta name=\"twitter:label2\" content=\"Dur\u00e9e de lecture estim\u00e9e\" \/>\n\t<meta name=\"twitter:data2\" content=\"2 minutes\" \/>\n<script type=\"application\/ld+json\" class=\"yoast-schema-graph\">{\"@context\":\"https:\/\/schema.org\",\"@graph\":[{\"@type\":\"Article\",\"@id\":\"https:\/\/guineediversite.com\/index.php\/2013\/12\/31\/nouakchott-sommet-des-chefs-detat-de-lomvsle-guineen-kabinet-komara-elu-au-poste-de-haut-commissaire-de-lomvs\/#article\",\"isPartOf\":{\"@id\":\"https:\/\/guineediversite.com\/index.php\/2013\/12\/31\/nouakchott-sommet-des-chefs-detat-de-lomvsle-guineen-kabinet-komara-elu-au-poste-de-haut-commissaire-de-lomvs\/\"},\"author\":{\"name\":\"Guin\u00e9e Diversit\u00e9\",\"@id\":\"https:\/\/guineediversite.com\/#\/schema\/person\/afa08fb34e7fc6e1feafc892612bc836\"},\"headline\":\"Nouakchott : Sommet des chefs d\u2019Etat de l\u2019OMVS Le guin\u00e9en Kabinet Komara \u00e9lu au poste de Haut Commissaire de l&rsquo;OMVS\",\"datePublished\":\"2013-12-30T23:00:00+00:00\",\"dateModified\":\"2013-12-30T23:00:00+00:00\",\"mainEntityOfPage\":{\"@id\":\"https:\/\/guineediversite.com\/index.php\/2013\/12\/31\/nouakchott-sommet-des-chefs-detat-de-lomvsle-guineen-kabinet-komara-elu-au-poste-de-haut-commissaire-de-lomvs\/\"},\"wordCount\":376,\"commentCount\":0,\"publisher\":{\"@id\":\"https:\/\/guineediversite.com\/#organization\"},\"articleSection\":[\"Archives\"],\"inLanguage\":\"fr-FR\",\"potentialAction\":[{\"@type\":\"CommentAction\",\"name\":\"Comment\",\"target\":[\"https:\/\/guineediversite.com\/index.php\/2013\/12\/31\/nouakchott-sommet-des-chefs-detat-de-lomvsle-guineen-kabinet-komara-elu-au-poste-de-haut-commissaire-de-lomvs\/#respond\"]}]},{\"@type\":\"WebPage\",\"@id\":\"https:\/\/guineediversite.com\/index.php\/2013\/12\/31\/nouakchott-sommet-des-chefs-detat-de-lomvsle-guineen-kabinet-komara-elu-au-poste-de-haut-commissaire-de-lomvs\/\",\"url\":\"https:\/\/guineediversite.com\/index.php\/2013\/12\/31\/nouakchott-sommet-des-chefs-detat-de-lomvsle-guineen-kabinet-komara-elu-au-poste-de-haut-commissaire-de-lomvs\/\",\"name\":\"Nouakchott : Sommet des chefs d\u2019Etat de l\u2019OMVS Le guin\u00e9en Kabinet Komara \u00e9lu au poste de Haut Commissaire de l'OMVS | Guin\u00e9e Diversit\u00e9\",\"isPartOf\":{\"@id\":\"https:\/\/guineediversite.com\/#website\"},\"datePublished\":\"2013-12-30T23:00:00+00:00\",\"dateModified\":\"2013-12-30T23:00:00+00:00\",\"breadcrumb\":{\"@id\":\"https:\/\/guineediversite.com\/index.php\/2013\/12\/31\/nouakchott-sommet-des-chefs-detat-de-lomvsle-guineen-kabinet-komara-elu-au-poste-de-haut-commissaire-de-lomvs\/#breadcrumb\"},\"inLanguage\":\"fr-FR\",\"potentialAction\":[{\"@type\":\"ReadAction\",\"target\":[\"https:\/\/guineediversite.com\/index.php\/2013\/12\/31\/nouakchott-sommet-des-chefs-detat-de-lomvsle-guineen-kabinet-komara-elu-au-poste-de-haut-commissaire-de-lomvs\/\"]}]},{\"@type\":\"BreadcrumbList\",\"@id\":\"https:\/\/guineediversite.com\/index.php\/2013\/12\/31\/nouakchott-sommet-des-chefs-detat-de-lomvsle-guineen-kabinet-komara-elu-au-poste-de-haut-commissaire-de-lomvs\/#breadcrumb\",\"itemListElement\":[{\"@type\":\"ListItem\",\"position\":1,\"name\":\"Accueil\",\"item\":\"https:\/\/guineediversite.com\/\"},{\"@type\":\"ListItem\",\"position\":2,\"name\":\"Nouakchott : Sommet des chefs d\u2019Etat de l\u2019OMVS Le guin\u00e9en Kabinet Komara \u00e9lu au poste de Haut Commissaire de l&rsquo;OMVS\"}]},{\"@type\":\"WebSite\",\"@id\":\"https:\/\/guineediversite.com\/#website\",\"url\":\"https:\/\/guineediversite.com\/\",\"name\":\"Guin\u00e9e Diversit\u00e9\",\"description\":\"L&#039;Info dans toute sa diversit\u00e9\",\"publisher\":{\"@id\":\"https:\/\/guineediversite.com\/#organization\"},\"potentialAction\":[{\"@type\":\"SearchAction\",\"target\":{\"@type\":\"EntryPoint\",\"urlTemplate\":\"https:\/\/guineediversite.com\/?s={search_term_string}\"},\"query-input\":{\"@type\":\"PropertyValueSpecification\",\"valueRequired\":true,\"valueName\":\"search_term_string\"}}],\"inLanguage\":\"fr-FR\"},{\"@type\":\"Organization\",\"@id\":\"https:\/\/guineediversite.com\/#organization\",\"name\":\"Guin\u00e9e Diversit\u00e9\",\"url\":\"https:\/\/guineediversite.com\/\",\"logo\":{\"@type\":\"ImageObject\",\"inLanguage\":\"fr-FR\",\"@id\":\"https:\/\/guineediversite.com\/#\/schema\/logo\/image\/\",\"url\":\"https:\/\/guineediversite.com\/wp-content\/uploads\/2017\/04\/cropped-1jojlxEOMkX9Wyqfhe43D6kjPOGqBBKmx3EwWJqZ0cMrFF54yM49.png\",\"contentUrl\":\"https:\/\/guineediversite.com\/wp-content\/uploads\/2017\/04\/cropped-1jojlxEOMkX9Wyqfhe43D6kjPOGqBBKmx3EwWJqZ0cMrFF54yM49.png\",\"width\":186,\"height\":112,\"caption\":\"Guin\u00e9e Diversit\u00e9\"},\"image\":{\"@id\":\"https:\/\/guineediversite.com\/#\/schema\/logo\/image\/\"},\"sameAs\":[\"https:\/\/www.facebook.com\/guineediversite\/\",\"https:\/\/x.com\/GuineeDiversite\",\"https:\/\/www.youtube.com\/channel\/UC8sUY16qelG5ge6_D5SB83g\"]},{\"@type\":\"Person\",\"@id\":\"https:\/\/guineediversite.com\/#\/schema\/person\/afa08fb34e7fc6e1feafc892612bc836\",\"name\":\"Guin\u00e9e Diversit\u00e9\",\"image\":{\"@type\":\"ImageObject\",\"inLanguage\":\"fr-FR\",\"@id\":\"https:\/\/guineediversite.com\/#\/schema\/person\/image\/\",\"url\":\"https:\/\/secure.gravatar.com\/avatar\/50d5eb5b390f8b65ac30ac6f898eb83a?s=96&d=mm&r=g\",\"contentUrl\":\"https:\/\/secure.gravatar.com\/avatar\/50d5eb5b390f8b65ac30ac6f898eb83a?s=96&d=mm&r=g\",\"caption\":\"Guin\u00e9e Diversit\u00e9\"},\"url\":\"https:\/\/guineediversite.com\/index.php\/author\/guineediversite\/\"}]}<\/script>\n<!-- \/ Yoast SEO plugin. -->","yoast_head_json":{"title":"Nouakchott : Sommet des chefs d\u2019Etat de l\u2019OMVS Le guin\u00e9en Kabinet Komara \u00e9lu au poste de Haut Commissaire de l'OMVS | Guin\u00e9e Diversit\u00e9","robots":{"index":"index","follow":"follow","max-snippet":"max-snippet:-1","max-image-preview":"max-image-preview:large","max-video-preview":"max-video-preview:-1"},"canonical":"https:\/\/guineediversite.com\/index.php\/2013\/12\/31\/nouakchott-sommet-des-chefs-detat-de-lomvsle-guineen-kabinet-komara-elu-au-poste-de-haut-commissaire-de-lomvs\/","og_locale":"fr_FR","og_type":"article","og_title":"Nouakchott : Sommet des chefs d\u2019Etat de l\u2019OMVS Le guin\u00e9en Kabinet Komara \u00e9lu au poste de Haut Commissaire de l'OMVS | Guin\u00e9e Diversit\u00e9","og_description":"Le 15\u00e8me sommet des chefs d\u2019Etat de l\u2019Organisation pour la Mise en Valeur du Fleuve S\u00e9n\u00e9gal (OMVS) a \u00e9t\u00e9 sanctionn\u00e9 par un communiqu\u00e9 indiquant que l&rsquo;ancien premier ministre guin\u00e9en, Kabinet Komara, a \u00e9t\u00e9 \u00e9lu Haut Commissaire de l&rsquo;Organisation en remplacement de Mohamed Salem Ould Merzoug. Le communiqu\u00e9 indique que la conf\u00e9rence a \u00e9galement \u00e9lu le [&hellip;]","og_url":"https:\/\/guineediversite.com\/index.php\/2013\/12\/31\/nouakchott-sommet-des-chefs-detat-de-lomvsle-guineen-kabinet-komara-elu-au-poste-de-haut-commissaire-de-lomvs\/","og_site_name":"Guin\u00e9e Diversit\u00e9","article_publisher":"https:\/\/www.facebook.com\/guineediversite\/","article_published_time":"2013-12-30T23:00:00+00:00","author":"Guin\u00e9e Diversit\u00e9","twitter_card":"summary_large_image","twitter_creator":"@GuineeDiversite","twitter_site":"@GuineeDiversite","twitter_misc":{"\u00c9crit par":"Guin\u00e9e Diversit\u00e9","Dur\u00e9e de lecture estim\u00e9e":"2 minutes"},"schema":{"@context":"https:\/\/schema.org","@graph":[{"@type":"Article","@id":"https:\/\/guineediversite.com\/index.php\/2013\/12\/31\/nouakchott-sommet-des-chefs-detat-de-lomvsle-guineen-kabinet-komara-elu-au-poste-de-haut-commissaire-de-lomvs\/#article","isPartOf":{"@id":"https:\/\/guineediversite.com\/index.php\/2013\/12\/31\/nouakchott-sommet-des-chefs-detat-de-lomvsle-guineen-kabinet-komara-elu-au-poste-de-haut-commissaire-de-lomvs\/"},"author":{"name":"Guin\u00e9e Diversit\u00e9","@id":"https:\/\/guineediversite.com\/#\/schema\/person\/afa08fb34e7fc6e1feafc892612bc836"},"headline":"Nouakchott : Sommet des chefs d\u2019Etat de l\u2019OMVS Le guin\u00e9en Kabinet Komara \u00e9lu au poste de Haut Commissaire de l&rsquo;OMVS","datePublished":"2013-12-30T23:00:00+00:00","dateModified":"2013-12-30T23:00:00+00:00","mainEntityOfPage":{"@id":"https:\/\/guineediversite.com\/index.php\/2013\/12\/31\/nouakchott-sommet-des-chefs-detat-de-lomvsle-guineen-kabinet-komara-elu-au-poste-de-haut-commissaire-de-lomvs\/"},"wordCount":376,"commentCount":0,"publisher":{"@id":"https:\/\/guineediversite.com\/#organization"},"articleSection":["Archives"],"inLanguage":"fr-FR","potentialAction":[{"@type":"CommentAction","name":"Comment","target":["https:\/\/guineediversite.com\/index.php\/2013\/12\/31\/nouakchott-sommet-des-chefs-detat-de-lomvsle-guineen-kabinet-komara-elu-au-poste-de-haut-commissaire-de-lomvs\/#respond"]}]},{"@type":"WebPage","@id":"https:\/\/guineediversite.com\/index.php\/2013\/12\/31\/nouakchott-sommet-des-chefs-detat-de-lomvsle-guineen-kabinet-komara-elu-au-poste-de-haut-commissaire-de-lomvs\/","url":"https:\/\/guineediversite.com\/index.php\/2013\/12\/31\/nouakchott-sommet-des-chefs-detat-de-lomvsle-guineen-kabinet-komara-elu-au-poste-de-haut-commissaire-de-lomvs\/","name":"Nouakchott : Sommet des chefs d\u2019Etat de l\u2019OMVS Le guin\u00e9en Kabinet Komara \u00e9lu au poste de Haut Commissaire de l'OMVS | Guin\u00e9e Diversit\u00e9","isPartOf":{"@id":"https:\/\/guineediversite.com\/#website"},"datePublished":"2013-12-30T23:00:00+00:00","dateModified":"2013-12-30T23:00:00+00:00","breadcrumb":{"@id":"https:\/\/guineediversite.com\/index.php\/2013\/12\/31\/nouakchott-sommet-des-chefs-detat-de-lomvsle-guineen-kabinet-komara-elu-au-poste-de-haut-commissaire-de-lomvs\/#breadcrumb"},"inLanguage":"fr-FR","potentialAction":[{"@type":"ReadAction","target":["https:\/\/guineediversite.com\/index.php\/2013\/12\/31\/nouakchott-sommet-des-chefs-detat-de-lomvsle-guineen-kabinet-komara-elu-au-poste-de-haut-commissaire-de-lomvs\/"]}]},{"@type":"BreadcrumbList","@id":"https:\/\/guineediversite.com\/index.php\/2013\/12\/31\/nouakchott-sommet-des-chefs-detat-de-lomvsle-guineen-kabinet-komara-elu-au-poste-de-haut-commissaire-de-lomvs\/#breadcrumb","itemListElement":[{"@type":"ListItem","position":1,"name":"Accueil","item":"https:\/\/guineediversite.com\/"},{"@type":"ListItem","position":2,"name":"Nouakchott : Sommet des chefs d\u2019Etat de l\u2019OMVS Le guin\u00e9en Kabinet Komara \u00e9lu au poste de Haut Commissaire de l&rsquo;OMVS"}]},{"@type":"WebSite","@id":"https:\/\/guineediversite.com\/#website","url":"https:\/\/guineediversite.com\/","name":"Guin\u00e9e Diversit\u00e9","description":"L&#039;Info dans toute sa diversit\u00e9","publisher":{"@id":"https:\/\/guineediversite.com\/#organization"},"potentialAction":[{"@type":"SearchAction","target":{"@type":"EntryPoint","urlTemplate":"https:\/\/guineediversite.com\/?s={search_term_string}"},"query-input":{"@type":"PropertyValueSpecification","valueRequired":true,"valueName":"search_term_string"}}],"inLanguage":"fr-FR"},{"@type":"Organization","@id":"https:\/\/guineediversite.com\/#organization","name":"Guin\u00e9e Diversit\u00e9","url":"https:\/\/guineediversite.com\/","logo":{"@type":"ImageObject","inLanguage":"fr-FR","@id":"https:\/\/guineediversite.com\/#\/schema\/logo\/image\/","url":"https:\/\/guineediversite.com\/wp-content\/uploads\/2017\/04\/cropped-1jojlxEOMkX9Wyqfhe43D6kjPOGqBBKmx3EwWJqZ0cMrFF54yM49.png","contentUrl":"https:\/\/guineediversite.com\/wp-content\/uploads\/2017\/04\/cropped-1jojlxEOMkX9Wyqfhe43D6kjPOGqBBKmx3EwWJqZ0cMrFF54yM49.png","width":186,"height":112,"caption":"Guin\u00e9e Diversit\u00e9"},"image":{"@id":"https:\/\/guineediversite.com\/#\/schema\/logo\/image\/"},"sameAs":["https:\/\/www.facebook.com\/guineediversite\/","https:\/\/x.com\/GuineeDiversite","https:\/\/www.youtube.com\/channel\/UC8sUY16qelG5ge6_D5SB83g"]},{"@type":"Person","@id":"https:\/\/guineediversite.com\/#\/schema\/person\/afa08fb34e7fc6e1feafc892612bc836","name":"Guin\u00e9e Diversit\u00e9","image":{"@type":"ImageObject","inLanguage":"fr-FR","@id":"https:\/\/guineediversite.com\/#\/schema\/person\/image\/","url":"https:\/\/secure.gravatar.com\/avatar\/50d5eb5b390f8b65ac30ac6f898eb83a?s=96&d=mm&r=g","contentUrl":"https:\/\/secure.gravatar.com\/avatar\/50d5eb5b390f8b65ac30ac6f898eb83a?s=96&d=mm&r=g","caption":"Guin\u00e9e Diversit\u00e9"},"url":"https:\/\/guineediversite.com\/index.php\/author\/guineediversite\/"}]}},"_links":{"self":[{"href":"https:\/\/guineediversite.com\/index.php\/wp-json\/wp\/v2\/posts\/19512"}],"collection":[{"href":"https:\/\/guineediversite.com\/index.php\/wp-json\/wp\/v2\/posts"}],"about":[{"href":"https:\/\/guineediversite.com\/index.php\/wp-json\/wp\/v2\/types\/post"}],"author":[{"embeddable":true,"href":"https:\/\/guineediversite.com\/index.php\/wp-json\/wp\/v2\/users\/12"}],"replies":[{"embeddable":true,"href":"https:\/\/guineediversite.com\/index.php\/wp-json\/wp\/v2\/comments?post=19512"}],"version-history":[{"count":0,"href":"https:\/\/guineediversite.com\/index.php\/wp-json\/wp\/v2\/posts\/19512\/revisions"}],"wp:attachment":[{"href":"https:\/\/guineediversite.com\/index.php\/wp-json\/wp\/v2\/media?parent=19512"}],"wp:term":[{"taxonomy":"category","embeddable":true,"href":"https:\/\/guineediversite.com\/index.php\/wp-json\/wp\/v2\/categories?post=19512"},{"taxonomy":"post_tag","embeddable":true,"href":"https:\/\/guineediversite.com\/index.php\/wp-json\/wp\/v2\/tags?post=19512"}],"curies":[{"name":"wp","href":"https:\/\/api.w.org\/{rel}","templated":true}]}}