{"id":19491,"date":"2017-05-17T00:00:00","date_gmt":"2017-05-16T22:00:00","guid":{"rendered":"https:\/\/www.guineediversite.com\/index.php\/2017\/05\/17\/declaration-du-ministre-moustapha-mamy-diaby-a-loccasion-de-la-journee-mondiale-des-telecommunications-et-de-la-societe-de-linformation\/"},"modified":"2017-06-02T18:22:31","modified_gmt":"2017-06-02T16:22:31","slug":"declaration-du-ministre-moustapha-mamy-diaby-a-loccasion-de-la-journee-mondiale-des-telecommunications-et-de-la-societe-de-linformation","status":"publish","type":"post","link":"https:\/\/guineediversite.com\/index.php\/2017\/05\/17\/declaration-du-ministre-moustapha-mamy-diaby-a-loccasion-de-la-journee-mondiale-des-telecommunications-et-de-la-societe-de-linformation\/","title":{"rendered":"D\u00e9claration du Ministre Moustapha Mamy Diaby \u00e0 l\u2019occasion de la Journ\u00e9e Mondiale des T\u00e9l\u00e9communications et de la Soci\u00e9t\u00e9 de l\u2019Information"},"content":{"rendered":"<p><strong>Guin&eacute;ennes et Guin&eacute;ens,<\/strong><\/p>\n<p><strong>Chers acteurs de l&#39;&eacute;cosyst&egrave;me des Technologies de l&#39;Information et de la Communication,<\/strong><\/p>\n<p><strong>Chers compatriotes,<\/strong><\/p>\n<p>&nbsp;<\/p>\n<p>La&nbsp;r&eacute;publique de Guin&eacute;e, &agrave; l&rsquo;instar des 193 Etats Membres de l&rsquo;Union Internationale des T&eacute;l&eacute;communications (UIT), c&eacute;l&egrave;bre ce 17 Mai 2017, la Journ&eacute;e Mondiale des T&eacute;l&eacute;communications et de la Soci&eacute;t&eacute; de l&rsquo;Information.<\/p>\n<p>&nbsp;<\/p>\n<p>La c&eacute;l&eacute;bration de cette journ&eacute;e marque le 152&egrave;meanniversaire de&nbsp;<strong>l&#39;<\/strong><strong><em>Union Internationale<\/em><\/strong><strong>&nbsp;<em>des T&eacute;l&eacute;communications (UIT), cr&eacute;&eacute;e le 17 mai 1865<\/em><\/strong>.<\/p>\n<p>&nbsp;<\/p>\n<p>Le th&egrave;me retenu pour cette ann&eacute;e par le conseil de l&#39;union (UIT), lors de sa session de 2016&nbsp;est &laquo;<strong>Big Data<\/strong><strong>pour un Mega-impact&nbsp;&raquo;.<\/strong><\/p>\n<p>&nbsp;<\/p>\n<p>Les&nbsp;<strong>Big-<\/strong><strong>Data<\/strong>&nbsp;d&eacute;signent un ensemble tr&egrave;s volumineux&nbsp; de donn&eacute;es provenant de tous les secteurs de l&rsquo;Administration Publique et du secteur priv&eacute;, notamment les informations de gestions administratives et financi&egrave;res, les messages vid&eacute;o, les informations climatiques, les enregistrements de transactions&nbsp; en ligne et bien d&rsquo;autre encore.<\/p>\n<p>&nbsp;<\/p>\n<p>Ce th&egrave;me est conforme aux travaux de l&#39;UIT et met en &eacute;vidence les d&eacute;veloppements technologiques qui ont facilit&eacute;&nbsp;l&#39;&eacute;mergence des donn&eacute;es massives et&nbsp; l&#39;&eacute;laboration de normes li&eacute;es &agrave; ces donn&eacute;es.<\/p>\n<p>&nbsp;<\/p>\n<p><strong><em>Chers compatriotes<\/em><\/strong>,<\/p>\n<p>&nbsp;<\/p>\n<p>Le Gouvernement Guin&eacute;en veut faire du d&eacute;veloppement des syst&egrave;mes d&rsquo;information int&eacute;gr&eacute;s des instruments d&#39;aide &agrave; la d&eacute;cision dans la formulation des politiques et programmes de d&eacute;veloppement.<\/p>\n<p>&nbsp;<\/p>\n<p>La question de Big-Data englobe un ensemble de technologies et des processus permettant de stocker&nbsp; des donn&eacute;es,&nbsp; les analyser&nbsp; et les restituer, en vue d&#39;offrir une aide &agrave; la prise de d&eacute;cision.<\/p>\n<p>&nbsp;<\/p>\n<p>C&rsquo;est pourquoi, en marge du th&egrave;me principal, en R&eacute;publique de Guin&eacute;e, nous avons retenu le sous-th&egrave;me portant sur &laquo;<strong>L&rsquo;impact des Big-Data sur le<a name=\"m_-8913524968574557031_OLE_LINK1\">d&eacute;veloppement National<\/a><\/strong>&raquo;.<\/p>\n<p>&nbsp;<\/p>\n<p>Il est utile de rappeler que la mise en place des Big-Data s&rsquo;accompagne d&rsquo;une nouvelle forme de d&eacute;linquance&nbsp;qui m&eacute;rite un traitement sp&eacute;cial. Les d&eacute;fis qui s&#39;imposent en la mati&egrave;re sont li&eacute;s particuli&egrave;rement &agrave;l&#39;&eacute;tablissement de la preuve des cyber-infractions.<\/p>\n<p>&nbsp;<\/p>\n<p>La lutte contre la cybercriminalit&eacute; est d&eacute;sormais commun&eacute;ment consid&eacute;r&eacute;e comme un d&eacute;fi mondial. Le processus d&#39;adaptation de la justice p&eacute;nale aux exigences et sp&eacute;cificit&eacute;s de la criminalit&eacute; li&eacute;e aux TIC a commenc&eacute; depuis quelques ann&eacute;es.<\/p>\n<p>&nbsp;<\/p>\n<p><strong><em>Chers compatriotes,<\/em><\/strong><\/p>\n<p>&nbsp;<\/p>\n<p>L&rsquo;&eacute;cosyst&egrave;me Guin&eacute;en a connu de grandes r&eacute;formes par l&rsquo;adoption de certaines lois pour mieux se pr&eacute;munir et favoriser le d&eacute;veloppement des TIC et prot&eacute;ger les consommateurs.<\/p>\n<p>Un effort qui demeure toutefois insuffisant au regard de l&#39;essor que conna&icirc;t l&#39;utilisation des TIC en Guin&eacute;e. S&rsquo;ajoute &agrave; cela l&#39;absence d&#39;une culture de s&eacute;curit&eacute; informatique dans un pays qui s&#39;ouvre depuis peu &agrave; ces nouvelles technologies.<\/p>\n<p>&nbsp;<\/p>\n<p>La lutte contre les attaques informatiques constitue un enjeu majeur pour les administrations, les entreprises, les industriels et les organisations. Cette probl&eacute;matique est l&rsquo;arme la plus redoutable de nos jours en ce sens que les infractions, d&eacute;lits et crimes sont commis dans un espace virtuel.<\/p>\n<p>&nbsp;<\/p>\n<p>Le d&eacute;ploiement, en univers professionnel, des terminaux mobiles (t&eacute;l&eacute;phones, tablettes, etc.) amplifie les risques auxquels nous sommes confront&eacute;s, la question de la confidentialit&eacute; des informations &eacute;tant pos&eacute;e non seulement &agrave; travers le mat&eacute;riel dont sont propri&eacute;taires les entreprises, mais &eacute;galement les &eacute;quipements personnels des individus, qui souhaitent de plus en plus utiliser leurs propres appareils sur leur lieu de travail.<\/p>\n<p>&nbsp;<\/p>\n<p><strong><em>Chers compatriotes<\/em><\/strong><\/p>\n<p>&nbsp;<\/p>\n<p>L&rsquo;engagement du gouvernement pour faire de l&rsquo;&eacute;cosyst&egrave;me des Technologies de l&rsquo;Information et de la Communication un levier de croissance des autres secteurs socio-&eacute;conomiques et l&rsquo;acc&eacute;l&eacute;ration de l&rsquo;am&eacute;lioration du bien-&ecirc;tre des populations a permis d&rsquo;enregistrer les r&eacute;sultats suivants&nbsp;:<\/p>\n<p>&nbsp;<\/p>\n<p>&uuml;&nbsp;Taux de p&eacute;n&eacute;tration de la t&eacute;l&eacute;phonie mobile de pr&egrave;s de 100%,<\/p>\n<p>&uuml;&nbsp;Taux de p&eacute;n&eacute;tration de l&rsquo;Internet de pr&egrave;s de 40%,<\/p>\n<p>&uuml;&nbsp;Couverture de l&rsquo;ensemble des chefs-lieux de sous-pr&eacute;fectures par la t&eacute;l&eacute;phonie mobile de type 2G et 3G,<\/p>\n<p>&uuml;&nbsp;Un cadre l&eacute;gal et r&egrave;glementaire attrayant,<\/p>\n<p>&uuml;&nbsp;La suppression progressive des couts li&eacute;s au roaming entre les pays de l&rsquo;Afrique de l&rsquo;ouest,<\/p>\n<p>&uuml;&nbsp;La construction tr&egrave;s avanc&eacute;e du backbone national,<\/p>\n<ul>\n<li>L&rsquo;&eacute;laboration de&nbsp; la strat&eacute;gie Nationale de d&eacute;veloppement des TIC et de l&#39;Economie&nbsp;Num&eacute;rique,<\/li>\n<\/ul>\n<p>&nbsp;<\/p>\n<p><strong>Chers Compatriotes,<\/strong><\/p>\n<p>&nbsp;<\/p>\n<p>Tous ces r&eacute;sultats ont &eacute;t&eacute; possibles gr&acirc;ce, d&rsquo;une part, &agrave; un climat de paix et de confiance, et d&rsquo;autre part &agrave; l&rsquo;engagement du chef de l&rsquo;Etat, Pr Alpha CONDE, et de son gouvernement &agrave; am&eacute;liorer les conditions de vie et de travail des populations.<\/p>\n<p>&nbsp;<\/p>\n<p>Je voudrais saisir cette occasion pour remercie les partenaires, surtout l&rsquo;Union internationale des T&eacute;l&eacute;communications, pour leur appui inestimable et leur rassurer de notre volont&eacute; &agrave; intensifier la coop&eacute;ration r&eacute;gionale et internationale.<\/p>\n<p>&nbsp;<\/p>\n<p>Vive la Journ&eacute;e Mondiale des T&eacute;l&eacute;communications!<\/p>\n<p>Vive la&nbsp;coop&eacute;ration&nbsp;internationale!<\/p>\n<p>Dieu b&eacute;nisse la Guin&eacute;e et les Guin&eacute;ens!<\/p>\n<p>Je vous remercie&nbsp;!<\/p>\n<p>&nbsp;<\/p>\n<p><strong><em>Moustapha Mamy Diaby<\/em><\/strong><\/p>\n<p><strong><em>Ministre des Postes, T&eacute;l&eacute;communications et de l&rsquo;Economie Num&eacute;rique<\/em><\/strong><\/p>\n<p><strong>Transmis par la<\/strong><strong>&nbsp;Cellule de Communication du Gouvernement<\/strong><\/p>\n<p>&nbsp;<\/p>\n<p>&#8212;&nbsp;<\/p>\n","protected":false},"excerpt":{"rendered":"<p>Guin&eacute;ennes et Guin&eacute;ens, Chers acteurs de l&#39;&eacute;cosyst&egrave;me des Technologies de l&#39;Information et de la Communication, Chers compatriotes, &nbsp; La&nbsp;r&eacute;publique de Guin&eacute;e, &agrave; l&rsquo;instar des 193 Etats Membres de l&rsquo;Union Internationale des T&eacute;l&eacute;communications (UIT), c&eacute;l&egrave;bre ce 17 Mai 2017, la Journ&eacute;e Mondiale des T&eacute;l&eacute;communications et de la Soci&eacute;t&eacute; de l&rsquo;Information. &nbsp; La c&eacute;l&eacute;bration de cette journ&eacute;e [&hellip;]<\/p>\n","protected":false},"author":12,"featured_media":0,"comment_status":"open","ping_status":"open","sticky":false,"template":"","format":"standard","meta":{"_exactmetrics_skip_tracking":false,"_exactmetrics_sitenote_active":false,"_exactmetrics_sitenote_note":"","_exactmetrics_sitenote_category":0,"tdm_status":"","tdm_grid_status":"","footnotes":""},"categories":[16],"tags":[],"class_list":{"0":"post-19491","1":"post","2":"type-post","3":"status-publish","4":"format-standard","6":"category-societe"},"yoast_head":"<!-- This site is optimized with the Yoast SEO plugin v24.2 - https:\/\/yoast.com\/wordpress\/plugins\/seo\/ -->\n<title>D\u00e9claration du Ministre Moustapha Mamy Diaby \u00e0 l\u2019occasion de la Journ\u00e9e Mondiale des T\u00e9l\u00e9communications et de la Soci\u00e9t\u00e9 de l\u2019Information | Guin\u00e9e Diversit\u00e9<\/title>\n<meta name=\"robots\" content=\"index, follow, max-snippet:-1, max-image-preview:large, max-video-preview:-1\" \/>\n<link rel=\"canonical\" href=\"https:\/\/guineediversite.com\/index.php\/2017\/05\/17\/declaration-du-ministre-moustapha-mamy-diaby-a-loccasion-de-la-journee-mondiale-des-telecommunications-et-de-la-societe-de-linformation\/\" \/>\n<meta property=\"og:locale\" content=\"fr_FR\" \/>\n<meta property=\"og:type\" content=\"article\" \/>\n<meta property=\"og:title\" content=\"D\u00e9claration du Ministre Moustapha Mamy Diaby \u00e0 l\u2019occasion de la Journ\u00e9e Mondiale des T\u00e9l\u00e9communications et de la Soci\u00e9t\u00e9 de l\u2019Information | Guin\u00e9e Diversit\u00e9\" \/>\n<meta property=\"og:description\" content=\"Guin&eacute;ennes et Guin&eacute;ens, Chers acteurs de l&#039;&eacute;cosyst&egrave;me des Technologies de l&#039;Information et de la Communication, Chers compatriotes, &nbsp; La&nbsp;r&eacute;publique de Guin&eacute;e, &agrave; l&rsquo;instar des 193 Etats Membres de l&rsquo;Union Internationale des T&eacute;l&eacute;communications (UIT), c&eacute;l&egrave;bre ce 17 Mai 2017, la Journ&eacute;e Mondiale des T&eacute;l&eacute;communications et de la Soci&eacute;t&eacute; de l&rsquo;Information. &nbsp; La c&eacute;l&eacute;bration de cette journ&eacute;e [&hellip;]\" \/>\n<meta property=\"og:url\" content=\"https:\/\/guineediversite.com\/index.php\/2017\/05\/17\/declaration-du-ministre-moustapha-mamy-diaby-a-loccasion-de-la-journee-mondiale-des-telecommunications-et-de-la-societe-de-linformation\/\" \/>\n<meta property=\"og:site_name\" content=\"Guin\u00e9e Diversit\u00e9\" \/>\n<meta property=\"article:publisher\" content=\"https:\/\/www.facebook.com\/guineediversite\/\" \/>\n<meta property=\"article:published_time\" content=\"2017-05-16T22:00:00+00:00\" \/>\n<meta property=\"article:modified_time\" content=\"2017-06-02T16:22:31+00:00\" \/>\n<meta name=\"author\" content=\"Guin\u00e9e Diversit\u00e9\" \/>\n<meta name=\"twitter:card\" content=\"summary_large_image\" \/>\n<meta name=\"twitter:creator\" content=\"@GuineeDiversite\" \/>\n<meta name=\"twitter:site\" content=\"@GuineeDiversite\" \/>\n<meta name=\"twitter:label1\" content=\"\u00c9crit par\" \/>\n\t<meta name=\"twitter:data1\" content=\"Guin\u00e9e Diversit\u00e9\" \/>\n\t<meta name=\"twitter:label2\" content=\"Dur\u00e9e de lecture estim\u00e9e\" \/>\n\t<meta name=\"twitter:data2\" content=\"6 minutes\" \/>\n<script type=\"application\/ld+json\" class=\"yoast-schema-graph\">{\"@context\":\"https:\/\/schema.org\",\"@graph\":[{\"@type\":\"Article\",\"@id\":\"https:\/\/guineediversite.com\/index.php\/2017\/05\/17\/declaration-du-ministre-moustapha-mamy-diaby-a-loccasion-de-la-journee-mondiale-des-telecommunications-et-de-la-societe-de-linformation\/#article\",\"isPartOf\":{\"@id\":\"https:\/\/guineediversite.com\/index.php\/2017\/05\/17\/declaration-du-ministre-moustapha-mamy-diaby-a-loccasion-de-la-journee-mondiale-des-telecommunications-et-de-la-societe-de-linformation\/\"},\"author\":{\"name\":\"Guin\u00e9e Diversit\u00e9\",\"@id\":\"https:\/\/guineediversite.com\/#\/schema\/person\/afa08fb34e7fc6e1feafc892612bc836\"},\"headline\":\"D\u00e9claration du Ministre Moustapha Mamy Diaby \u00e0 l\u2019occasion de la Journ\u00e9e Mondiale des T\u00e9l\u00e9communications et de la Soci\u00e9t\u00e9 de l\u2019Information\",\"datePublished\":\"2017-05-16T22:00:00+00:00\",\"dateModified\":\"2017-06-02T16:22:31+00:00\",\"mainEntityOfPage\":{\"@id\":\"https:\/\/guineediversite.com\/index.php\/2017\/05\/17\/declaration-du-ministre-moustapha-mamy-diaby-a-loccasion-de-la-journee-mondiale-des-telecommunications-et-de-la-societe-de-linformation\/\"},\"wordCount\":1161,\"commentCount\":0,\"publisher\":{\"@id\":\"https:\/\/guineediversite.com\/#organization\"},\"articleSection\":[\"Soci\u00e9t\u00e9\"],\"inLanguage\":\"fr-FR\",\"potentialAction\":[{\"@type\":\"CommentAction\",\"name\":\"Comment\",\"target\":[\"https:\/\/guineediversite.com\/index.php\/2017\/05\/17\/declaration-du-ministre-moustapha-mamy-diaby-a-loccasion-de-la-journee-mondiale-des-telecommunications-et-de-la-societe-de-linformation\/#respond\"]}]},{\"@type\":\"WebPage\",\"@id\":\"https:\/\/guineediversite.com\/index.php\/2017\/05\/17\/declaration-du-ministre-moustapha-mamy-diaby-a-loccasion-de-la-journee-mondiale-des-telecommunications-et-de-la-societe-de-linformation\/\",\"url\":\"https:\/\/guineediversite.com\/index.php\/2017\/05\/17\/declaration-du-ministre-moustapha-mamy-diaby-a-loccasion-de-la-journee-mondiale-des-telecommunications-et-de-la-societe-de-linformation\/\",\"name\":\"D\u00e9claration du Ministre Moustapha Mamy Diaby \u00e0 l\u2019occasion de la Journ\u00e9e Mondiale des T\u00e9l\u00e9communications et de la Soci\u00e9t\u00e9 de l\u2019Information | Guin\u00e9e Diversit\u00e9\",\"isPartOf\":{\"@id\":\"https:\/\/guineediversite.com\/#website\"},\"datePublished\":\"2017-05-16T22:00:00+00:00\",\"dateModified\":\"2017-06-02T16:22:31+00:00\",\"breadcrumb\":{\"@id\":\"https:\/\/guineediversite.com\/index.php\/2017\/05\/17\/declaration-du-ministre-moustapha-mamy-diaby-a-loccasion-de-la-journee-mondiale-des-telecommunications-et-de-la-societe-de-linformation\/#breadcrumb\"},\"inLanguage\":\"fr-FR\",\"potentialAction\":[{\"@type\":\"ReadAction\",\"target\":[\"https:\/\/guineediversite.com\/index.php\/2017\/05\/17\/declaration-du-ministre-moustapha-mamy-diaby-a-loccasion-de-la-journee-mondiale-des-telecommunications-et-de-la-societe-de-linformation\/\"]}]},{\"@type\":\"BreadcrumbList\",\"@id\":\"https:\/\/guineediversite.com\/index.php\/2017\/05\/17\/declaration-du-ministre-moustapha-mamy-diaby-a-loccasion-de-la-journee-mondiale-des-telecommunications-et-de-la-societe-de-linformation\/#breadcrumb\",\"itemListElement\":[{\"@type\":\"ListItem\",\"position\":1,\"name\":\"Accueil\",\"item\":\"https:\/\/guineediversite.com\/\"},{\"@type\":\"ListItem\",\"position\":2,\"name\":\"D\u00e9claration du Ministre Moustapha Mamy Diaby \u00e0 l\u2019occasion de la Journ\u00e9e Mondiale des T\u00e9l\u00e9communications et de la Soci\u00e9t\u00e9 de l\u2019Information\"}]},{\"@type\":\"WebSite\",\"@id\":\"https:\/\/guineediversite.com\/#website\",\"url\":\"https:\/\/guineediversite.com\/\",\"name\":\"Guin\u00e9e Diversit\u00e9\",\"description\":\"L&#039;Info dans toute sa diversit\u00e9\",\"publisher\":{\"@id\":\"https:\/\/guineediversite.com\/#organization\"},\"potentialAction\":[{\"@type\":\"SearchAction\",\"target\":{\"@type\":\"EntryPoint\",\"urlTemplate\":\"https:\/\/guineediversite.com\/?s={search_term_string}\"},\"query-input\":{\"@type\":\"PropertyValueSpecification\",\"valueRequired\":true,\"valueName\":\"search_term_string\"}}],\"inLanguage\":\"fr-FR\"},{\"@type\":\"Organization\",\"@id\":\"https:\/\/guineediversite.com\/#organization\",\"name\":\"Guin\u00e9e Diversit\u00e9\",\"url\":\"https:\/\/guineediversite.com\/\",\"logo\":{\"@type\":\"ImageObject\",\"inLanguage\":\"fr-FR\",\"@id\":\"https:\/\/guineediversite.com\/#\/schema\/logo\/image\/\",\"url\":\"https:\/\/guineediversite.com\/wp-content\/uploads\/2017\/04\/cropped-1jojlxEOMkX9Wyqfhe43D6kjPOGqBBKmx3EwWJqZ0cMrFF54yM49.png\",\"contentUrl\":\"https:\/\/guineediversite.com\/wp-content\/uploads\/2017\/04\/cropped-1jojlxEOMkX9Wyqfhe43D6kjPOGqBBKmx3EwWJqZ0cMrFF54yM49.png\",\"width\":186,\"height\":112,\"caption\":\"Guin\u00e9e Diversit\u00e9\"},\"image\":{\"@id\":\"https:\/\/guineediversite.com\/#\/schema\/logo\/image\/\"},\"sameAs\":[\"https:\/\/www.facebook.com\/guineediversite\/\",\"https:\/\/x.com\/GuineeDiversite\",\"https:\/\/www.youtube.com\/channel\/UC8sUY16qelG5ge6_D5SB83g\"]},{\"@type\":\"Person\",\"@id\":\"https:\/\/guineediversite.com\/#\/schema\/person\/afa08fb34e7fc6e1feafc892612bc836\",\"name\":\"Guin\u00e9e Diversit\u00e9\",\"image\":{\"@type\":\"ImageObject\",\"inLanguage\":\"fr-FR\",\"@id\":\"https:\/\/guineediversite.com\/#\/schema\/person\/image\/\",\"url\":\"https:\/\/secure.gravatar.com\/avatar\/50d5eb5b390f8b65ac30ac6f898eb83a?s=96&d=mm&r=g\",\"contentUrl\":\"https:\/\/secure.gravatar.com\/avatar\/50d5eb5b390f8b65ac30ac6f898eb83a?s=96&d=mm&r=g\",\"caption\":\"Guin\u00e9e Diversit\u00e9\"},\"url\":\"https:\/\/guineediversite.com\/index.php\/author\/guineediversite\/\"}]}<\/script>\n<!-- \/ Yoast SEO plugin. -->","yoast_head_json":{"title":"D\u00e9claration du Ministre Moustapha Mamy Diaby \u00e0 l\u2019occasion de la Journ\u00e9e Mondiale des T\u00e9l\u00e9communications et de la Soci\u00e9t\u00e9 de l\u2019Information | Guin\u00e9e Diversit\u00e9","robots":{"index":"index","follow":"follow","max-snippet":"max-snippet:-1","max-image-preview":"max-image-preview:large","max-video-preview":"max-video-preview:-1"},"canonical":"https:\/\/guineediversite.com\/index.php\/2017\/05\/17\/declaration-du-ministre-moustapha-mamy-diaby-a-loccasion-de-la-journee-mondiale-des-telecommunications-et-de-la-societe-de-linformation\/","og_locale":"fr_FR","og_type":"article","og_title":"D\u00e9claration du Ministre Moustapha Mamy Diaby \u00e0 l\u2019occasion de la Journ\u00e9e Mondiale des T\u00e9l\u00e9communications et de la Soci\u00e9t\u00e9 de l\u2019Information | Guin\u00e9e Diversit\u00e9","og_description":"Guin&eacute;ennes et Guin&eacute;ens, Chers acteurs de l&#39;&eacute;cosyst&egrave;me des Technologies de l&#39;Information et de la Communication, Chers compatriotes, &nbsp; La&nbsp;r&eacute;publique de Guin&eacute;e, &agrave; l&rsquo;instar des 193 Etats Membres de l&rsquo;Union Internationale des T&eacute;l&eacute;communications (UIT), c&eacute;l&egrave;bre ce 17 Mai 2017, la Journ&eacute;e Mondiale des T&eacute;l&eacute;communications et de la Soci&eacute;t&eacute; de l&rsquo;Information. &nbsp; La c&eacute;l&eacute;bration de cette journ&eacute;e [&hellip;]","og_url":"https:\/\/guineediversite.com\/index.php\/2017\/05\/17\/declaration-du-ministre-moustapha-mamy-diaby-a-loccasion-de-la-journee-mondiale-des-telecommunications-et-de-la-societe-de-linformation\/","og_site_name":"Guin\u00e9e Diversit\u00e9","article_publisher":"https:\/\/www.facebook.com\/guineediversite\/","article_published_time":"2017-05-16T22:00:00+00:00","article_modified_time":"2017-06-02T16:22:31+00:00","author":"Guin\u00e9e Diversit\u00e9","twitter_card":"summary_large_image","twitter_creator":"@GuineeDiversite","twitter_site":"@GuineeDiversite","twitter_misc":{"\u00c9crit par":"Guin\u00e9e Diversit\u00e9","Dur\u00e9e de lecture estim\u00e9e":"6 minutes"},"schema":{"@context":"https:\/\/schema.org","@graph":[{"@type":"Article","@id":"https:\/\/guineediversite.com\/index.php\/2017\/05\/17\/declaration-du-ministre-moustapha-mamy-diaby-a-loccasion-de-la-journee-mondiale-des-telecommunications-et-de-la-societe-de-linformation\/#article","isPartOf":{"@id":"https:\/\/guineediversite.com\/index.php\/2017\/05\/17\/declaration-du-ministre-moustapha-mamy-diaby-a-loccasion-de-la-journee-mondiale-des-telecommunications-et-de-la-societe-de-linformation\/"},"author":{"name":"Guin\u00e9e Diversit\u00e9","@id":"https:\/\/guineediversite.com\/#\/schema\/person\/afa08fb34e7fc6e1feafc892612bc836"},"headline":"D\u00e9claration du Ministre Moustapha Mamy Diaby \u00e0 l\u2019occasion de la Journ\u00e9e Mondiale des T\u00e9l\u00e9communications et de la Soci\u00e9t\u00e9 de l\u2019Information","datePublished":"2017-05-16T22:00:00+00:00","dateModified":"2017-06-02T16:22:31+00:00","mainEntityOfPage":{"@id":"https:\/\/guineediversite.com\/index.php\/2017\/05\/17\/declaration-du-ministre-moustapha-mamy-diaby-a-loccasion-de-la-journee-mondiale-des-telecommunications-et-de-la-societe-de-linformation\/"},"wordCount":1161,"commentCount":0,"publisher":{"@id":"https:\/\/guineediversite.com\/#organization"},"articleSection":["Soci\u00e9t\u00e9"],"inLanguage":"fr-FR","potentialAction":[{"@type":"CommentAction","name":"Comment","target":["https:\/\/guineediversite.com\/index.php\/2017\/05\/17\/declaration-du-ministre-moustapha-mamy-diaby-a-loccasion-de-la-journee-mondiale-des-telecommunications-et-de-la-societe-de-linformation\/#respond"]}]},{"@type":"WebPage","@id":"https:\/\/guineediversite.com\/index.php\/2017\/05\/17\/declaration-du-ministre-moustapha-mamy-diaby-a-loccasion-de-la-journee-mondiale-des-telecommunications-et-de-la-societe-de-linformation\/","url":"https:\/\/guineediversite.com\/index.php\/2017\/05\/17\/declaration-du-ministre-moustapha-mamy-diaby-a-loccasion-de-la-journee-mondiale-des-telecommunications-et-de-la-societe-de-linformation\/","name":"D\u00e9claration du Ministre Moustapha Mamy Diaby \u00e0 l\u2019occasion de la Journ\u00e9e Mondiale des T\u00e9l\u00e9communications et de la Soci\u00e9t\u00e9 de l\u2019Information | Guin\u00e9e Diversit\u00e9","isPartOf":{"@id":"https:\/\/guineediversite.com\/#website"},"datePublished":"2017-05-16T22:00:00+00:00","dateModified":"2017-06-02T16:22:31+00:00","breadcrumb":{"@id":"https:\/\/guineediversite.com\/index.php\/2017\/05\/17\/declaration-du-ministre-moustapha-mamy-diaby-a-loccasion-de-la-journee-mondiale-des-telecommunications-et-de-la-societe-de-linformation\/#breadcrumb"},"inLanguage":"fr-FR","potentialAction":[{"@type":"ReadAction","target":["https:\/\/guineediversite.com\/index.php\/2017\/05\/17\/declaration-du-ministre-moustapha-mamy-diaby-a-loccasion-de-la-journee-mondiale-des-telecommunications-et-de-la-societe-de-linformation\/"]}]},{"@type":"BreadcrumbList","@id":"https:\/\/guineediversite.com\/index.php\/2017\/05\/17\/declaration-du-ministre-moustapha-mamy-diaby-a-loccasion-de-la-journee-mondiale-des-telecommunications-et-de-la-societe-de-linformation\/#breadcrumb","itemListElement":[{"@type":"ListItem","position":1,"name":"Accueil","item":"https:\/\/guineediversite.com\/"},{"@type":"ListItem","position":2,"name":"D\u00e9claration du Ministre Moustapha Mamy Diaby \u00e0 l\u2019occasion de la Journ\u00e9e Mondiale des T\u00e9l\u00e9communications et de la Soci\u00e9t\u00e9 de l\u2019Information"}]},{"@type":"WebSite","@id":"https:\/\/guineediversite.com\/#website","url":"https:\/\/guineediversite.com\/","name":"Guin\u00e9e Diversit\u00e9","description":"L&#039;Info dans toute sa diversit\u00e9","publisher":{"@id":"https:\/\/guineediversite.com\/#organization"},"potentialAction":[{"@type":"SearchAction","target":{"@type":"EntryPoint","urlTemplate":"https:\/\/guineediversite.com\/?s={search_term_string}"},"query-input":{"@type":"PropertyValueSpecification","valueRequired":true,"valueName":"search_term_string"}}],"inLanguage":"fr-FR"},{"@type":"Organization","@id":"https:\/\/guineediversite.com\/#organization","name":"Guin\u00e9e Diversit\u00e9","url":"https:\/\/guineediversite.com\/","logo":{"@type":"ImageObject","inLanguage":"fr-FR","@id":"https:\/\/guineediversite.com\/#\/schema\/logo\/image\/","url":"https:\/\/guineediversite.com\/wp-content\/uploads\/2017\/04\/cropped-1jojlxEOMkX9Wyqfhe43D6kjPOGqBBKmx3EwWJqZ0cMrFF54yM49.png","contentUrl":"https:\/\/guineediversite.com\/wp-content\/uploads\/2017\/04\/cropped-1jojlxEOMkX9Wyqfhe43D6kjPOGqBBKmx3EwWJqZ0cMrFF54yM49.png","width":186,"height":112,"caption":"Guin\u00e9e Diversit\u00e9"},"image":{"@id":"https:\/\/guineediversite.com\/#\/schema\/logo\/image\/"},"sameAs":["https:\/\/www.facebook.com\/guineediversite\/","https:\/\/x.com\/GuineeDiversite","https:\/\/www.youtube.com\/channel\/UC8sUY16qelG5ge6_D5SB83g"]},{"@type":"Person","@id":"https:\/\/guineediversite.com\/#\/schema\/person\/afa08fb34e7fc6e1feafc892612bc836","name":"Guin\u00e9e Diversit\u00e9","image":{"@type":"ImageObject","inLanguage":"fr-FR","@id":"https:\/\/guineediversite.com\/#\/schema\/person\/image\/","url":"https:\/\/secure.gravatar.com\/avatar\/50d5eb5b390f8b65ac30ac6f898eb83a?s=96&d=mm&r=g","contentUrl":"https:\/\/secure.gravatar.com\/avatar\/50d5eb5b390f8b65ac30ac6f898eb83a?s=96&d=mm&r=g","caption":"Guin\u00e9e Diversit\u00e9"},"url":"https:\/\/guineediversite.com\/index.php\/author\/guineediversite\/"}]}},"_links":{"self":[{"href":"https:\/\/guineediversite.com\/index.php\/wp-json\/wp\/v2\/posts\/19491"}],"collection":[{"href":"https:\/\/guineediversite.com\/index.php\/wp-json\/wp\/v2\/posts"}],"about":[{"href":"https:\/\/guineediversite.com\/index.php\/wp-json\/wp\/v2\/types\/post"}],"author":[{"embeddable":true,"href":"https:\/\/guineediversite.com\/index.php\/wp-json\/wp\/v2\/users\/12"}],"replies":[{"embeddable":true,"href":"https:\/\/guineediversite.com\/index.php\/wp-json\/wp\/v2\/comments?post=19491"}],"version-history":[{"count":0,"href":"https:\/\/guineediversite.com\/index.php\/wp-json\/wp\/v2\/posts\/19491\/revisions"}],"wp:attachment":[{"href":"https:\/\/guineediversite.com\/index.php\/wp-json\/wp\/v2\/media?parent=19491"}],"wp:term":[{"taxonomy":"category","embeddable":true,"href":"https:\/\/guineediversite.com\/index.php\/wp-json\/wp\/v2\/categories?post=19491"},{"taxonomy":"post_tag","embeddable":true,"href":"https:\/\/guineediversite.com\/index.php\/wp-json\/wp\/v2\/tags?post=19491"}],"curies":[{"name":"wp","href":"https:\/\/api.w.org\/{rel}","templated":true}]}}